{"id":5646,"date":"2021-05-18T08:54:15","date_gmt":"2021-05-18T05:54:15","guid":{"rendered":"https:\/\/suomenkuvalehti.fi\/kuvien-takaa\/?p=5646"},"modified":"2021-05-18T09:12:08","modified_gmt":"2021-05-18T06:12:08","slug":"tama-on-suomalaisten-katsojien-arvo-tapaus-amazon-prime-video","status":"publish","type":"post","link":"https:\/\/suomenkuvalehti.fi\/kuvien-takaa\/tama-on-suomalaisten-katsojien-arvo-tapaus-amazon-prime-video\/","title":{"rendered":"T\u00e4m\u00e4 on suomalaisten katsojien arvo \u2013 tapaus Amazon Prime Video"},"content":{"rendered":"\n<p>Kielialueena ja siksi my\u00f6s maana Suomi on teknologiaj\u00e4teille hankalan pieni periferia, jossa esimerkiksi striimausyhti\u00f6iden on pakko olla, vaikka ei bisnesmieless\u00e4 yht\u00e4\u00e4n kiinnosta.<\/p>\n\n\n\n<p>Joskus Pohjoismaissa on tehty urauurtavia kokeiluja, kuten HBO Nordicin lanseeraus. Siin\u00e4 pilotoitiin yht\u00e4 maailman ensimm\u00e4isist\u00e4 suunnilleen globaaliksi t\u00e4hd\u00e4nneist\u00e4 striimauspalveluista. Ei tuollaisia siksi tehd\u00e4, ett\u00e4 meill\u00e4 olisi erityisarvoa, vaan koska t\u00e4\u00e4ll\u00e4 sattuu vaan olemaan hyv\u00e4 datainfra.<\/p>\n\n\n\n<p>Disneyn Star-striimauspalvelussa oli sen aloittaessa kolmisen kuukautta sitten <a href=\"https:\/\/suomenkuvalehti.fi\/kuvien-takaa\/disneyn-striimipalvelun-raikeat-virheet-selittaa-vain-valinpitamattomyys-suomalaisia-kohtaan\/?shared=5589-459af66b-999\">r\u00e4ikeit\u00e4 sek\u00e4 hassuja virheit\u00e4<\/a>, joiden korjaamiseksi olisi riitt\u00e4nyt edes auttava oikolukeminen. Ne sent\u00e4\u00e4n siistittiin nopeasti.<\/p>\n\n\n\n<p>Netflix puolestaan perusti juuri <a href=\"https:\/\/yle.fi\/uutiset\/3-11907175\" target=\"_blank\" rel=\"noopener\">Ruotsiin sis\u00e4lt\u00f6toimiston. <\/a>Useita alkuper\u00e4issarjatilauksia on tehty kaikista muista Pohjoismaista, mutta viel\u00e4 ei meilt\u00e4. <em>Sorjonen<\/em>-elokuva on v\u00e4h\u00e4n sinnep\u00e4in, mutta se kiinnittyy Ylen alkuper\u00e4issarjaan. Esimerkiksi Norjasta Netflix on ehtinyt tilata jo useita elokuvia, puhumattakaan sarjoista. Suomalaisen alkuper\u00e4istuotannon l\u00e4pimurto Netflixiin on kuitenkin ainoastaan ajan kysymys.<\/p>\n\n\n\n<p>Amazon Prime Video on maailmalla yksi markkinajohtajista. Suomi kiinnostaa sit\u00e4 kuitenkin vain niin v\u00e4h\u00e4n, ett\u00e4 ihan naurattaa. Palvelulla on kyll\u00e4 valjastettuna &#8221;tiedotukseen&#8221; suomalainen markkinointifirma.<\/p>\n\n\n\n<p>J\u00e4lki on \u00e4llistytt\u00e4v\u00e4\u00e4. Tiedotteet vilisev\u00e4t kirjoitusvirheit\u00e4 ja joskus niit\u00e4 pit\u00e4\u00e4 oikein tavata, ett\u00e4 tajuaisi mit\u00e4\u00e4n. Taisin nauraa \u00e4\u00e4neen, kun sain maaliskuussa tiedotteen Sormusten herra -sarjasta. Konek\u00e4\u00e4nnetylt\u00e4 vaikuttavan runoilun oli allekirjoittanut suomalainen tiedottaja.<\/p>\n\n\n<figure class=\"wp-block-image size-large is-resized alignnone\">\n  <div class=\"wp-block-image__inner-container\">\n    <a href=\"https:\/\/suomenkuvalehti.fi\/kuvien-takaa\/wp-content\/uploads\/sites\/11\/2021\/05\/nayttokuva-2021-5-18-kello-8.27.15.png\"><img loading=\"lazy\" decoding=\"async\" src=\"https:\/\/suomenkuvalehti.fi\/kuvien-takaa\/wp-content\/uploads\/sites\/11\/2021\/05\/nayttokuva-2021-5-18-kello-8.27.15-1024x286.png\" alt=\"\" class=\"wp-image-5647\" width=\"1024\" height=\"286\" style=\"--aspect-ratio: 3.58\" srcset=\"https:\/\/suomenkuvalehti.fi\/kuvien-takaa\/wp-content\/uploads\/sites\/11\/2021\/05\/nayttokuva-2021-5-18-kello-8.27.15-1024x286.png 1024w, https:\/\/suomenkuvalehti.fi\/kuvien-takaa\/wp-content\/uploads\/sites\/11\/2021\/05\/nayttokuva-2021-5-18-kello-8.27.15-300x84.png 300w, https:\/\/suomenkuvalehti.fi\/kuvien-takaa\/wp-content\/uploads\/sites\/11\/2021\/05\/nayttokuva-2021-5-18-kello-8.27.15-768x214.png 768w, https:\/\/suomenkuvalehti.fi\/kuvien-takaa\/wp-content\/uploads\/sites\/11\/2021\/05\/nayttokuva-2021-5-18-kello-8.27.15-1536x429.png 1536w, https:\/\/suomenkuvalehti.fi\/kuvien-takaa\/wp-content\/uploads\/sites\/11\/2021\/05\/nayttokuva-2021-5-18-kello-8.27.15.png 1748w\" sizes=\"auto, (max-width: 1024px) 100vw, 1024px\" \/><\/a>  <\/div>\n<\/figure>\n\n\n\n<p>Kysyin tuolloin, mit\u00e4 &#8221;toinen johtaja&#8221; tarkoittaa. (Onhan hobiteilla my\u00f6s esimerkiksi &#8221;toinen aamiainen&#8221;.) En saanut koskaan vastausta.<\/p>\n\n\n\n<p>Kun sama taho l\u00e4hetti tiedotteen sarjan <em>Underground Railroad<\/em> trailerista, kysyin haastattelumahdollisuuksista (koska se nyt on sit\u00e4 sektoria, mit\u00e4 ty\u00f6ss\u00e4ni teen ja miksi minulle on mit\u00e4\u00e4n j\u00e4rke\u00e4 l\u00e4hett\u00e4\u00e4 suunnilleen yht\u00e4k\u00e4\u00e4n ulkomaista teosta koskevaa etuk\u00e4teistiedotetta). Vastaukseksi olisi riitt\u00e4nyt ei, emme j\u00e4rjest\u00e4 suomalaisille haastatteluita. Mit\u00e4\u00e4n vastausta ei koskaan tullut. En tied\u00e4, miksi tiedottaja pit\u00e4\u00e4 olla, jos tiedottaja ei kykene tai ei voi tai ei saa vastata s\u00e4hk\u00f6posteihin.<\/p>\n\n\n\n<p>Perjantaina Amazon Primess\u00e4 julkaistiin er\u00e4s vuoden kiinnostavimmista sarjoista, monille varmaan kiinnostavin \u2013 siis tuo <em>Moonlight<\/em>-ohjaaja <strong>Barry Jenkinsin<\/strong> luotsaama, maailmalla loistavan vastaanoton saanut suurtuotanto Underground Railroad.<\/p>\n\n\n\n<p>Sarjalla olisi ajankohtaista poikkitaiteellista ajankohtaisuutta my\u00f6s sik\u00e4li, ett\u00e4 <strong>Colson Whiteheadin<\/strong> romaani <em>Maanalainen rautatie<\/em> on reilu kuukausi sitten julkaistu suomeksi ja senkin arviot ovat p\u00e4\u00e4asiassa ylist\u00e4vi\u00e4.<\/p>\n\n\n\n<p>T\u00e4st\u00e4 sarjasta ei Amazon Prime tai sen Suomen tiedotus ole kuitenkaan jaksanut viesti\u00e4 medialle en\u00e4\u00e4 lainkaan. Ainoa tiedoksianto on maaliskuussa p\u00e4tk\u00e4ht\u00e4nyt meili siit\u00e4, ett\u00e4 traileria pukkaa.<\/p>\n\n\n<p><iframe loading=\"lazy\" title=\"The Underground Railroad - Official Trailer | Prime Video\" width=\"630\" height=\"354\" src=\"https:\/\/www.youtube.com\/embed\/_Pq5Usc_JDA?feature=oembed\" frameborder=\"0\" allow=\"accelerometer; autoplay; clipboard-write; encrypted-media; gyroscope; picture-in-picture\" allowfullscreen><\/iframe><\/p>\n\n<p>Tekisi mieli kertoa Amazonin suuntaan, ett\u00e4 Suomeen maksamanne tiedotusrahat voisitte yht\u00e4 hyvin polttaa. Mutta ei kai siin\u00e4 mit\u00e4\u00e4n, jos p\u00e4t\u00e4kk\u00e4\u00e4 riitt\u00e4\u00e4 ja Suomi n\u00e4hd\u00e4\u00e4n joka tapauksessa jonkinlaisena per\u00e4pukamana, joka vain kulkee mukana.<\/p>\n\n\n\n<p>Onneksi huomasin sosiaalisesta mediasta, ett\u00e4 nyt sarja on vihdoin siell\u00e4. T\u00e4ytyisi katsoa!<\/p>\n\n\n\n<p>Ai niin, Amazon Prime Video ei tarjoa suomalaisille medioille ennakkokatselumahdollisuuksia eli ns. skriinereit\u00e4, vaan arvostelua varten palvelu pit\u00e4isi itse tilata. Mik\u00e4s siin\u00e4 \u2013 mik\u00e4\u00e4n muu striimauspalvelu ei kuitenkaan, tietenk\u00e4\u00e4n, toimi n\u00e4in.<\/p>\n\n\n","protected":false},"excerpt":{"rendered":"<p>Kielialueena ja siksi my\u00f6s maana Suomi on teknologiaj\u00e4teille hankalan pieni periferia, jossa esimerkiksi striimausyhti\u00f6iden on pakko olla, vaikka ei bisnesmieless\u00e4 yht\u00e4\u00e4n kiinnosta. Joskus Pohjoismaissa on tehty urauurtavia kokeiluja, kuten HBO Nordicin<br \/>\nlanse&hellip;<\/p>\n","protected":false},"author":144,"featured_media":5647,"comment_status":"open","ping_status":"closed","sticky":false,"template":"","format":"standard","meta":{"_acf_changed":false,"asauth_required_access_level":3,"asauth_cansharepaid":"true","om_header_attributes":[],"footnotes":"","om_featured_image_focal_point":[],"om_primary_tag":0,"om_contributors":[],"om_co_authors":[],"beyondwords_generate_audio":"","beyondwords_project_id":"","beyondwords_content_id":"","beyondwords_preview_token":"","beyondwords_player_content":"","beyondwords_player_style":"","beyondwords_language_code":"","beyondwords_language_id":"","beyondwords_title_voice_id":"","beyondwords_body_voice_id":"","beyondwords_summary_voice_id":"","beyondwords_error_message":"","beyondwords_disabled":"","beyondwords_delete_content":"","beyondwords_podcast_id":"","beyondwords_hash":"","publish_post_to_speechkit":"","speechkit_hash":"","speechkit_generate_audio":"","speechkit_project_id":"","speechkit_podcast_id":"","speechkit_error_message":"","speechkit_disabled":"","speechkit_access_key":"","speechkit_error":"","speechkit_info":"","speechkit_response":"","speechkit_retries":"","speechkit_status":"","speechkit_updated_at":"","_speechkit_link":"","_speechkit_text":""},"categories":[1],"tags":[2025,2398],"class_list":["post-5646","post","type-post","status-publish","format-standard","has-post-thumbnail","hentry","category-kuvien-takaa","tag-amazon","tag-amazon-prime"],"om_views":null,"acf":{"tuuma_off":false,"tuuma_kysymys":"","tuuma_vastaus":""},"asauth":{"required_access_level":1,"share_token":"","is_paid":false},"yoast_head":"<!-- This site is optimized with the Yoast SEO plugin v26.4 - https:\/\/yoast.com\/wordpress\/plugins\/seo\/ -->\n<title>T\u00e4m\u00e4 on suomalaisten katsojien arvo \u2013 tapaus Amazon Prime Video - Kuvien takaa<\/title>\n<meta name=\"description\" content=\"Kansainv\u00e4listen striimaustoimijoiden tulo pienelle kielialueelle Suomeen on l\u00e4hinn\u00e4 halveksuntaa osoittavaa pakkopullaa.\" \/>\n<meta name=\"robots\" content=\"index, follow, max-snippet:-1, max-image-preview:large, max-video-preview:-1\" \/>\n<link rel=\"canonical\" href=\"https:\/\/suomenkuvalehti.fi\/kuvien-takaa\/tama-on-suomalaisten-katsojien-arvo-tapaus-amazon-prime-video\/\" \/>\n<meta property=\"og:locale\" content=\"fi_FI\" \/>\n<meta property=\"og:type\" content=\"article\" \/>\n<meta property=\"og:title\" content=\"T\u00e4m\u00e4 on suomalaisten katsojien arvo \u2013 tapaus Amazon Prime Video - Kuvien takaa\" \/>\n<meta property=\"og:description\" content=\"Kansainv\u00e4listen striimaustoimijoiden tulo pienelle kielialueelle Suomeen on l\u00e4hinn\u00e4 halveksuntaa osoittavaa pakkopullaa.\" \/>\n<meta property=\"og:url\" content=\"https:\/\/suomenkuvalehti.fi\/kuvien-takaa\/tama-on-suomalaisten-katsojien-arvo-tapaus-amazon-prime-video\/\" \/>\n<meta property=\"og:site_name\" content=\"Kuvien takaa\" \/>\n<meta property=\"article:author\" content=\"https:\/\/www.facebook.com\/pages\/Kalle-Kinnunen-Kuvien-takaa\/190326157715410?fref=ts\" \/>\n<meta property=\"article:published_time\" content=\"2021-05-18T05:54:15+00:00\" \/>\n<meta property=\"article:modified_time\" content=\"2021-05-18T06:12:08+00:00\" \/>\n<meta property=\"og:image\" content=\"https:\/\/suomenkuvalehti.fi\/kuvien-takaa\/wp-content\/uploads\/sites\/11\/2021\/05\/nayttokuva-2021-5-18-kello-8.27.15.png\" \/>\n\t<meta property=\"og:image:width\" content=\"1748\" \/>\n\t<meta property=\"og:image:height\" content=\"488\" \/>\n\t<meta property=\"og:image:type\" content=\"image\/png\" \/>\n<meta name=\"author\" content=\"Kalle Kinnunen\" \/>\n<meta name=\"twitter:card\" content=\"summary_large_image\" \/>\n<meta name=\"twitter:creator\" content=\"@https:\/\/twitter.com\/kallekinnunen\" \/>\n<meta name=\"twitter:label1\" content=\"Written by\" \/>\n\t<meta name=\"twitter:data1\" content=\"Kalle Kinnunen\" \/>\n\t<meta name=\"twitter:label2\" content=\"Est. reading time\" \/>\n\t<meta name=\"twitter:data2\" content=\"3 minuuttia\" \/>\n<script type=\"application\/ld+json\" class=\"yoast-schema-graph\">{\"@context\":\"https:\/\/schema.org\",\"@graph\":[{\"@type\":\"WebPage\",\"@id\":\"https:\/\/suomenkuvalehti.fi\/kuvien-takaa\/tama-on-suomalaisten-katsojien-arvo-tapaus-amazon-prime-video\/\",\"url\":\"https:\/\/suomenkuvalehti.fi\/kuvien-takaa\/tama-on-suomalaisten-katsojien-arvo-tapaus-amazon-prime-video\/\",\"name\":\"T\u00e4m\u00e4 on suomalaisten katsojien arvo \u2013 tapaus Amazon Prime Video - Kuvien takaa\",\"isPartOf\":{\"@id\":\"https:\/\/suomenkuvalehti.fi\/kuvien-takaa\/#website\"},\"primaryImageOfPage\":{\"@id\":\"https:\/\/suomenkuvalehti.fi\/kuvien-takaa\/tama-on-suomalaisten-katsojien-arvo-tapaus-amazon-prime-video\/#primaryimage\"},\"image\":{\"@id\":\"https:\/\/suomenkuvalehti.fi\/kuvien-takaa\/tama-on-suomalaisten-katsojien-arvo-tapaus-amazon-prime-video\/#primaryimage\"},\"thumbnailUrl\":\"https:\/\/suomenkuvalehti.fi\/kuvien-takaa\/wp-content\/uploads\/sites\/11\/2021\/05\/nayttokuva-2021-5-18-kello-8.27.15.png\",\"datePublished\":\"2021-05-18T05:54:15+00:00\",\"dateModified\":\"2021-05-18T06:12:08+00:00\",\"author\":{\"@id\":\"https:\/\/suomenkuvalehti.fi\/kuvien-takaa\/#\/schema\/person\/f3f657e4ad409e008f12af27bec60a23\"},\"description\":\"Kansainv\u00e4listen striimaustoimijoiden tulo pienelle kielialueelle Suomeen on l\u00e4hinn\u00e4 halveksuntaa osoittavaa pakkopullaa.\",\"breadcrumb\":{\"@id\":\"https:\/\/suomenkuvalehti.fi\/kuvien-takaa\/tama-on-suomalaisten-katsojien-arvo-tapaus-amazon-prime-video\/#breadcrumb\"},\"inLanguage\":\"fi\",\"potentialAction\":[{\"@type\":\"ReadAction\",\"target\":[\"https:\/\/suomenkuvalehti.fi\/kuvien-takaa\/tama-on-suomalaisten-katsojien-arvo-tapaus-amazon-prime-video\/\"]}]},{\"@type\":\"ImageObject\",\"inLanguage\":\"fi\",\"@id\":\"https:\/\/suomenkuvalehti.fi\/kuvien-takaa\/tama-on-suomalaisten-katsojien-arvo-tapaus-amazon-prime-video\/#primaryimage\",\"url\":\"https:\/\/suomenkuvalehti.fi\/kuvien-takaa\/wp-content\/uploads\/sites\/11\/2021\/05\/nayttokuva-2021-5-18-kello-8.27.15.png\",\"contentUrl\":\"https:\/\/suomenkuvalehti.fi\/kuvien-takaa\/wp-content\/uploads\/sites\/11\/2021\/05\/nayttokuva-2021-5-18-kello-8.27.15.png\",\"width\":1748,\"height\":488},{\"@type\":\"BreadcrumbList\",\"@id\":\"https:\/\/suomenkuvalehti.fi\/kuvien-takaa\/tama-on-suomalaisten-katsojien-arvo-tapaus-amazon-prime-video\/#breadcrumb\",\"itemListElement\":[{\"@type\":\"ListItem\",\"position\":1,\"name\":\"Home\",\"item\":\"https:\/\/suomenkuvalehti.fi\/kuvien-takaa\/\"},{\"@type\":\"ListItem\",\"position\":2,\"name\":\"T\u00e4m\u00e4 on suomalaisten katsojien arvo \u2013 tapaus Amazon Prime Video\"}]},{\"@type\":\"WebSite\",\"@id\":\"https:\/\/suomenkuvalehti.fi\/kuvien-takaa\/#website\",\"url\":\"https:\/\/suomenkuvalehti.fi\/kuvien-takaa\/\",\"name\":\"Kuvien takaa\",\"description\":\"Elokuvakriitikko Kalle Kinnusen elokuvablogi.\",\"potentialAction\":[{\"@type\":\"SearchAction\",\"target\":{\"@type\":\"EntryPoint\",\"urlTemplate\":\"https:\/\/suomenkuvalehti.fi\/haku\/?q={search_term_string}\"},\"query-input\":{\"@type\":\"PropertyValueSpecification\",\"valueRequired\":true,\"valueName\":\"search_term_string\"}}],\"inLanguage\":\"fi\"},{\"@type\":\"Person\",\"@id\":\"https:\/\/suomenkuvalehti.fi\/kuvien-takaa\/#\/schema\/person\/f3f657e4ad409e008f12af27bec60a23\",\"name\":\"Kalle Kinnunen\",\"image\":{\"@type\":\"ImageObject\",\"inLanguage\":\"fi\",\"@id\":\"https:\/\/suomenkuvalehti.fi\/kuvien-takaa\/#\/schema\/person\/image\/\",\"url\":\"https:\/\/suomenkuvalehti.fi\/kuvien-takaa\/wp-content\/uploads\/sites\/11\/2022\/04\/kalle_kinnunen_blogi-1-150x150.jpg\",\"contentUrl\":\"https:\/\/suomenkuvalehti.fi\/kuvien-takaa\/wp-content\/uploads\/sites\/11\/2022\/04\/kalle_kinnunen_blogi-1-150x150.jpg\",\"caption\":\"Kalle Kinnunen\"},\"description\":\"Kalle Kinnunen on vapaa toimittaja ja Suomen Kuvalehden avustaja.\",\"sameAs\":[\"https:\/\/www.facebook.com\/pages\/Kalle-Kinnunen-Kuvien-takaa\/190326157715410?fref=ts\",\"https:\/\/x.com\/https:\/\/twitter.com\/kallekinnunen\"]}]}<\/script>\n<!-- \/ Yoast SEO plugin. -->","yoast_head_json":{"title":"T\u00e4m\u00e4 on suomalaisten katsojien arvo \u2013 tapaus Amazon Prime Video - Kuvien takaa","description":"Kansainv\u00e4listen striimaustoimijoiden tulo pienelle kielialueelle Suomeen on l\u00e4hinn\u00e4 halveksuntaa osoittavaa pakkopullaa.","robots":{"index":"index","follow":"follow","max-snippet":"max-snippet:-1","max-image-preview":"max-image-preview:large","max-video-preview":"max-video-preview:-1"},"canonical":"https:\/\/suomenkuvalehti.fi\/kuvien-takaa\/tama-on-suomalaisten-katsojien-arvo-tapaus-amazon-prime-video\/","og_locale":"fi_FI","og_type":"article","og_title":"T\u00e4m\u00e4 on suomalaisten katsojien arvo \u2013 tapaus Amazon Prime Video - Kuvien takaa","og_description":"Kansainv\u00e4listen striimaustoimijoiden tulo pienelle kielialueelle Suomeen on l\u00e4hinn\u00e4 halveksuntaa osoittavaa pakkopullaa.","og_url":"https:\/\/suomenkuvalehti.fi\/kuvien-takaa\/tama-on-suomalaisten-katsojien-arvo-tapaus-amazon-prime-video\/","og_site_name":"Kuvien takaa","article_author":"https:\/\/www.facebook.com\/pages\/Kalle-Kinnunen-Kuvien-takaa\/190326157715410?fref=ts","article_published_time":"2021-05-18T05:54:15+00:00","article_modified_time":"2021-05-18T06:12:08+00:00","og_image":[{"width":1748,"height":488,"url":"https:\/\/suomenkuvalehti.fi\/kuvien-takaa\/wp-content\/uploads\/sites\/11\/2021\/05\/nayttokuva-2021-5-18-kello-8.27.15.png","type":"image\/png"}],"author":"Kalle Kinnunen","twitter_card":"summary_large_image","twitter_creator":"@https:\/\/twitter.com\/kallekinnunen","twitter_misc":{"Written by":"Kalle Kinnunen","Est. reading time":"3 minuuttia"},"schema":{"@context":"https:\/\/schema.org","@graph":[{"@type":"WebPage","@id":"https:\/\/suomenkuvalehti.fi\/kuvien-takaa\/tama-on-suomalaisten-katsojien-arvo-tapaus-amazon-prime-video\/","url":"https:\/\/suomenkuvalehti.fi\/kuvien-takaa\/tama-on-suomalaisten-katsojien-arvo-tapaus-amazon-prime-video\/","name":"T\u00e4m\u00e4 on suomalaisten katsojien arvo \u2013 tapaus Amazon Prime Video - Kuvien takaa","isPartOf":{"@id":"https:\/\/suomenkuvalehti.fi\/kuvien-takaa\/#website"},"primaryImageOfPage":{"@id":"https:\/\/suomenkuvalehti.fi\/kuvien-takaa\/tama-on-suomalaisten-katsojien-arvo-tapaus-amazon-prime-video\/#primaryimage"},"image":{"@id":"https:\/\/suomenkuvalehti.fi\/kuvien-takaa\/tama-on-suomalaisten-katsojien-arvo-tapaus-amazon-prime-video\/#primaryimage"},"thumbnailUrl":"https:\/\/suomenkuvalehti.fi\/kuvien-takaa\/wp-content\/uploads\/sites\/11\/2021\/05\/nayttokuva-2021-5-18-kello-8.27.15.png","datePublished":"2021-05-18T05:54:15+00:00","dateModified":"2021-05-18T06:12:08+00:00","author":{"@id":"https:\/\/suomenkuvalehti.fi\/kuvien-takaa\/#\/schema\/person\/f3f657e4ad409e008f12af27bec60a23"},"description":"Kansainv\u00e4listen striimaustoimijoiden tulo pienelle kielialueelle Suomeen on l\u00e4hinn\u00e4 halveksuntaa osoittavaa pakkopullaa.","breadcrumb":{"@id":"https:\/\/suomenkuvalehti.fi\/kuvien-takaa\/tama-on-suomalaisten-katsojien-arvo-tapaus-amazon-prime-video\/#breadcrumb"},"inLanguage":"fi","potentialAction":[{"@type":"ReadAction","target":["https:\/\/suomenkuvalehti.fi\/kuvien-takaa\/tama-on-suomalaisten-katsojien-arvo-tapaus-amazon-prime-video\/"]}]},{"@type":"ImageObject","inLanguage":"fi","@id":"https:\/\/suomenkuvalehti.fi\/kuvien-takaa\/tama-on-suomalaisten-katsojien-arvo-tapaus-amazon-prime-video\/#primaryimage","url":"https:\/\/suomenkuvalehti.fi\/kuvien-takaa\/wp-content\/uploads\/sites\/11\/2021\/05\/nayttokuva-2021-5-18-kello-8.27.15.png","contentUrl":"https:\/\/suomenkuvalehti.fi\/kuvien-takaa\/wp-content\/uploads\/sites\/11\/2021\/05\/nayttokuva-2021-5-18-kello-8.27.15.png","width":1748,"height":488},{"@type":"BreadcrumbList","@id":"https:\/\/suomenkuvalehti.fi\/kuvien-takaa\/tama-on-suomalaisten-katsojien-arvo-tapaus-amazon-prime-video\/#breadcrumb","itemListElement":[{"@type":"ListItem","position":1,"name":"Home","item":"https:\/\/suomenkuvalehti.fi\/kuvien-takaa\/"},{"@type":"ListItem","position":2,"name":"T\u00e4m\u00e4 on suomalaisten katsojien arvo \u2013 tapaus Amazon Prime Video"}]},{"@type":"WebSite","@id":"https:\/\/suomenkuvalehti.fi\/kuvien-takaa\/#website","url":"https:\/\/suomenkuvalehti.fi\/kuvien-takaa\/","name":"Kuvien takaa","description":"Elokuvakriitikko Kalle Kinnusen elokuvablogi.","potentialAction":[{"@type":"SearchAction","target":{"@type":"EntryPoint","urlTemplate":"https:\/\/suomenkuvalehti.fi\/haku\/?q={search_term_string}"},"query-input":{"@type":"PropertyValueSpecification","valueRequired":true,"valueName":"search_term_string"}}],"inLanguage":"fi"},{"@type":"Person","@id":"https:\/\/suomenkuvalehti.fi\/kuvien-takaa\/#\/schema\/person\/f3f657e4ad409e008f12af27bec60a23","name":"Kalle Kinnunen","image":{"@type":"ImageObject","inLanguage":"fi","@id":"https:\/\/suomenkuvalehti.fi\/kuvien-takaa\/#\/schema\/person\/image\/","url":"https:\/\/suomenkuvalehti.fi\/kuvien-takaa\/wp-content\/uploads\/sites\/11\/2022\/04\/kalle_kinnunen_blogi-1-150x150.jpg","contentUrl":"https:\/\/suomenkuvalehti.fi\/kuvien-takaa\/wp-content\/uploads\/sites\/11\/2022\/04\/kalle_kinnunen_blogi-1-150x150.jpg","caption":"Kalle Kinnunen"},"description":"Kalle Kinnunen on vapaa toimittaja ja Suomen Kuvalehden avustaja.","sameAs":["https:\/\/www.facebook.com\/pages\/Kalle-Kinnunen-Kuvien-takaa\/190326157715410?fref=ts","https:\/\/x.com\/https:\/\/twitter.com\/kallekinnunen"]}]}},"_links":{"self":[{"href":"https:\/\/suomenkuvalehti.fi\/kuvien-takaa\/wp-json\/wp\/v2\/posts\/5646","targetHints":{"allow":["GET"]}}],"collection":[{"href":"https:\/\/suomenkuvalehti.fi\/kuvien-takaa\/wp-json\/wp\/v2\/posts"}],"about":[{"href":"https:\/\/suomenkuvalehti.fi\/kuvien-takaa\/wp-json\/wp\/v2\/types\/post"}],"author":[{"embeddable":true,"href":"https:\/\/suomenkuvalehti.fi\/kuvien-takaa\/wp-json\/wp\/v2\/users\/144"}],"replies":[{"embeddable":true,"href":"https:\/\/suomenkuvalehti.fi\/kuvien-takaa\/wp-json\/wp\/v2\/comments?post=5646"}],"version-history":[{"count":4,"href":"https:\/\/suomenkuvalehti.fi\/kuvien-takaa\/wp-json\/wp\/v2\/posts\/5646\/revisions"}],"predecessor-version":[{"id":5652,"href":"https:\/\/suomenkuvalehti.fi\/kuvien-takaa\/wp-json\/wp\/v2\/posts\/5646\/revisions\/5652"}],"wp:featuredmedia":[{"embeddable":true,"href":"https:\/\/suomenkuvalehti.fi\/kuvien-takaa\/wp-json\/wp\/v2\/media\/5647"}],"wp:attachment":[{"href":"https:\/\/suomenkuvalehti.fi\/kuvien-takaa\/wp-json\/wp\/v2\/media?parent=5646"}],"wp:term":[{"taxonomy":"category","embeddable":true,"href":"https:\/\/suomenkuvalehti.fi\/kuvien-takaa\/wp-json\/wp\/v2\/categories?post=5646"},{"taxonomy":"post_tag","embeddable":true,"href":"https:\/\/suomenkuvalehti.fi\/kuvien-takaa\/wp-json\/wp\/v2\/tags?post=5646"}],"curies":[{"name":"wp","href":"https:\/\/api.w.org\/{rel}","templated":true}]}}