{"id":5581,"date":"2021-02-15T09:55:06","date_gmt":"2021-02-15T07:55:06","guid":{"rendered":"https:\/\/suomenkuvalehti.fi\/kuvien-takaa\/?p=5581"},"modified":"2021-02-15T09:55:06","modified_gmt":"2021-02-15T07:55:06","slug":"tapaus-gina-carano-ja-amerikkalaisen-viihteen-uusi-marginaalinen-jakolinja","status":"publish","type":"post","link":"https:\/\/suomenkuvalehti.fi\/kuvien-takaa\/tapaus-gina-carano-ja-amerikkalaisen-viihteen-uusi-marginaalinen-jakolinja\/","title":{"rendered":"Tapaus Gina Carano ja amerikkalaisen viihteen uusi (marginaalinen) jakolinja"},"content":{"rendered":"\n<p><strong>Gina Carano<\/strong> sai viime viikolla potkut Disneyn Star Wars -maailmasta. Syyn\u00e4 on Caranon somek\u00e4yt\u00f6s. H\u00e4n oli laatinut hyvin linjakkaasti postauksia, jotka her\u00e4ttiv\u00e4t negatiivista huomiota.<\/p>\n\n\n\n<p>Caranon mukaan koronavirus on huijaus ja maskit ovat naurettavia. H\u00e4n on esitt\u00e4nyt n\u00e4kemyksi\u00e4 vaalihuijauksesta, joka vei <strong>Trumpilta<\/strong> toisen kauden. H\u00e4n ajautui sanasotaan v\u00e4h\u00e4telty\u00e4\u00e4n transhenkil\u00f6it\u00e4.<\/p>\n\n\n\n<p>L\u00e4hinn\u00e4 t\u00e4ss\u00e4 aikajanassa ihmetytti Disneyn k\u00e4rsiv\u00e4llisyys. Nyt my\u00f6s Caranoa edustanut <a href=\"https:\/\/deadline.com\/2021\/02\/the-mandalorian-actress-gina-carano-agency-uta-part-ways-in-wake-of-social-media-controversy-1234691964\/\" target=\"_blank\" rel=\"noopener\">agentuuri UTA irtisanoutui<\/a> h\u00e4nest\u00e4, mik\u00e4 on uran kannalta raju juttu. Caranon omaa tiedotusta hoitanut PR-toimisto pisti v\u00e4lit poikki jo viime vuoden puolella.<\/p>\n\n\n\n<p>Carano on entinen vapaaottelija ja American Gladiators -t\u00e4hti, josta tuli kymmenisen vuotta sitten my\u00f6s n\u00e4yttelij\u00e4. L\u00e4pimurto oli <strong>Steven Soderberghin<\/strong> <em>Haywire<\/em>, joka kirjoitettiin nimenomaan Caranolle. <em>The Mandalorian<\/em> -sarjan kahdella ensimm\u00e4isell\u00e4 kaudella h\u00e4nell\u00e4 on uransa n\u00e4kyvin rooli palkkionmets\u00e4st\u00e4j\u00e4 Cara Dunena.<\/p>\n\n\n\n<p>Viel\u00e4 jokin aika sitten Caranoa odotti loistava tulevaisuus Star Wars -universumissa. <a href=\"https:\/\/www.hollywoodreporter.com\/news\/the-mandalorian-star-gina-carano-fired-amid-social-media-controversy\" target=\"_blank\" rel=\"noopener\">Cara Dunea veikkailtiin<\/a> hahmoksi kahteenkin tekeill\u00e4 olevaan erilliseen Disney+ -suoratoistopalvelun suuribudjettiseen sarjaan. Huhun mukaan hahmo olisi ollut saamassa per\u00e4ti kokonaan oman sarjansa, jonka julkistaminen olisi kuitenkin peruttu Disneyn joulukuisesta sijoittajap\u00e4iv\u00e4st\u00e4 Caranon jo tuolloin laukomien n\u00e4kemysten vuoksi.<\/p>\n\n\n\n<p>Caranon potkut ovat Disneyn ja Star Warsin huomioarvon vuoksi ehk\u00e4 viihdemaailman n\u00e4kyvin tapaus, jossa nimenomaan kiistanalaiset tai poskettomat n\u00e4kemykset somessa johtavat ty\u00f6suhteen ja tietyn urasuunnan totaaliseen katkeamiseen. Viimeinen tikki oli TikTok-postaus juutalaisten kohtelusta Euroopassa 1940-luvulla.<\/p>\n\n\n\n<p><em>&#8221;Jews were beaten in the streets, not by Nazi soldiers but by their neighbors\u2026even by children. Because history is edited, most people today don\u2019t realize that to get to the point where Nazi soldiers could easily round up thousands of Jews, the government first made their own neighbors hate them simply for being Jews. How is that any different from hating someone for their political views&#8221;<\/em>, Carano kirjoitti.<\/p>\n\n\n\n<p>Carano siis rinnasti juutalaisvainot tapaan, jolla laitakonservatiiveja (oletettavasti mukaanlukien h\u00e4n itse) h\u00e4nen mukaansa kohdellaan t\u00e4n\u00e4 p\u00e4iv\u00e4n\u00e4 Yhdysvalloissa. N\u00e4in Carano onnistui n\u00e4pp\u00e4r\u00e4sti olemaan samaan aikaan sek\u00e4 narsistinen uhriutuja ett\u00e4 (v\u00e4itetysti) antisemitisti. Antisemitismi on toki tulkinnanvaraista, saattoihan Carano olla ainoastaan tahditon \u00e4\u00e4li\u00f6.<\/p>\n\n\n\n<p>Disneyn omistama Lucasfilm ilmoitti, ettei Caranoa en\u00e4\u00e4 n\u00e4hd\u00e4 The Mandalorianissa. Potkuissa ei ole mit\u00e4\u00e4n kiistanalaista. N\u00e4yttelij\u00f6iden sopimuksissa m\u00e4\u00e4ritet\u00e4\u00e4n, etteiv\u00e4t he saa esiinty\u00e4 julkisuudessa tavoilla, jotka aiheuttavat hallaa ty\u00f6nantajalle ja teokselle. Nuo rajat ovat ylittyneet kirkkaasti, tekisi mieli sanoa tarkoitushakuisestikin, sill\u00e4 yll\u00e4tyksen\u00e4 ei k\u00e4\u00e4nne voinut Caranolle tulla, ellei h\u00e4n ole aivan uskomaton hoopo. Ilmeisesti Caranolla ei edes ollut Disneyn ratkaisun julkistuksen aikaan voimassaolevia sopimuksia tulevista sarjoista.<\/p>\n\n\n<p><iframe loading=\"lazy\" title=\"The Mandalorian | Season 2 Official Trailer | Disney+\" width=\"630\" height=\"354\" src=\"https:\/\/www.youtube.com\/embed\/eW7Twd85m2g?feature=oembed\" frameborder=\"0\" allow=\"accelerometer; autoplay; clipboard-write; encrypted-media; gyroscope; picture-in-picture\" allowfullscreen><\/iframe><\/p>\n\n<p>Kun kyse ei ole miss\u00e4\u00e4n tapauksessa laittomista potkuista, keskustelu siirtyy &#8221;kuka saa sanoa ja mit\u00e4&#8221; -intt\u00e4miseen. Tosiasia on, ett\u00e4 Caranoa ei ole vaiennettu. P\u00e4invastoin. Caranosta ja h\u00e4nen n\u00e4kemyksist\u00e4\u00e4n kirjoitetaan ja puhutaan nyt paljon. Ei ole liioittelua sanoa, ett\u00e4 Caranosta tuli isompi nimi kuin koskaan. Min\u00e4kin kirjoitan h\u00e4neen liittyen t\u00e4m\u00e4n blogimerkinn\u00e4n, mutta oikeastaan inspiraationa on t\u00e4m\u00e4:<\/p>\n\n\n\n<p>Kun googlaan \u2013 Suomessa! \u2013 t\u00e4n\u00e4\u00e4n nimen Gina Carano, aivan ensimm\u00e4isen\u00e4 hakutuloksena n\u00e4kyy amerikkalainen saitti nimelt\u00e4\u00e4n The Daily Wire.<\/p>\n\n\n\n<p>Daily Wire on konservatiiviaktivisti <strong>Ben Shapiron<\/strong> mediatalo, jolla on nyt my\u00f6s elokuvatuotantosiipi. The Daily Wiress\u00e4 ker\u00e4t\u00e4\u00e4n nyt uusia tilaajia.<a href=\"https:\/\/www.cnbc.com\/2021\/02\/12\/gina-carano-to-work-with-ben-shapiros-daily-wire-after-disney-firing.html\" target=\"_blank\" rel=\"noopener\"> Tekeill\u00e4 on yht\u00e4kki\u00e4 Carano-elokuva<\/a>. Shapiro haluaa luoda konservatiivisen suoratoistopalvelun.<\/p>\n\n\n\n<p>Carano-leffahanke julkistettiin perjantaina. Se olisi ik\u00e4\u00e4n kuin syntynyt alle parissa p\u00e4iv\u00e4ss\u00e4 potkujen j\u00e4lkeen.<\/p>\n\n\n\n<p><em>&#8221;Fight cancel culture join now&#8221;<\/em>, lukee Google-hauissa. The Daily Wiren tilaajaksi houkutellaan Caranon kuvalla ja alennuksella kuukausimaksusta.<\/p>\n\n\n\n<p><em>&#8221;I am sending out a direct message of hope to everyone living in fear of cancellation by the totalitarian mob&#8221;<\/em>, <a href=\"https:\/\/www.cinemablend.com\/television\/2562846\/gina-carano-responds-to-being-fired-from-the-mandalorian-announces-new-project\" target=\"_blank\" rel=\"noopener\">avautuu Carano itse<\/a>. Uhriutumisella ei kai ole rajaa.<\/p>\n\n\n\n<p>Aiemmat laitaoikeistolaiset politiikka edell\u00e4 -elokuvafirmat ovat tehneet l\u00e4hinn\u00e4 naurettavia, joskin mataliin budjetteihinsa n\u00e4hden Yhdysvalloissa kaupallisesti ihan hyvinkin menestyneit\u00e4 kristillisi\u00e4 tuotoksia. Shapirolla on yhteisty\u00f6kumppaninaan ammattimainen, hyvi\u00e4 ja arvostettuja elokuvia tehnyt tuottaja <strong>Dallas Sonnier<\/strong> ja h\u00e4nen Bonfire Legend -yhti\u00f6ns\u00e4.<\/p>\n\n\n\n<p>Vaikka en ole salaliittoteorioiden yst\u00e4v\u00e4, Caranon potkujen prosessia katsellessa tulee pikkaisen mieleen, olisiko kaikki suunnitelmallista, siis muutamien viime viikkojen ajalta.<\/p>\n\n\n\n<p>Eih\u00e4n Shapiron ja Sonnierin kaavailema Carano-elokuva olisi voinut saada enemp\u00e4\u00e4 julkisuutta kuin juuri n\u00e4in. Kiire vain tulee. Kun mainitsin, ett\u00e4 kohu teki Caranosta isomman nimen kuin koskaan, kyse ei ole siit\u00e4, ett\u00e4 h\u00e4n olisi kest\u00e4v\u00e4sti suositumpi n\u00e4yttelij\u00e4. Aallon harjalla ei olla pitk\u00e4\u00e4n.<\/p>\n\n\n\n<p>Jakolinja ainakin on olemassa ja yh\u00e4 avoimemmin poliittisen kantansa ilmaiseva Sonnier on tilaisuutensa n\u00e4hnyt. Ehk\u00e4 t\u00e4st\u00e4 syntyy menestyksek\u00e4s uusi bisnes ja uusi kulttuuripolku laitakonservatiiveille. Polarisoituneessa maassa (ja maailmassa) on varmasti tilausta entist\u00e4 suuremman budjetin konservatiivimielisille elokuville. Kyll\u00e4 niihin t\u00e4hti\u00e4kin l\u00f6ytyy, ehk\u00e4 vain v\u00e4h\u00e4n ryvettyneit\u00e4.<\/p>\n\n\n\n<p>Mutta: jakolinja menee edelleen marginaalissa. Alleviivatusti konservatiivimielisen ja silti taiteellis-teknisesti korkealaatuisesti tuotetun viihteen osuus on todella, todella suppea. Ei se siit\u00e4 helposti kasva.<\/p>\n\n\n\n<p>K\u00e4\u00e4nteisesti samasta syyst\u00e4 on vaikea kuvitella, ett\u00e4 &#8221;team Caranoon&#8221; kuuluvien kampanja Disney+ -tilauksien peruuttamiseksi ottaisi tulta alleen. V\u00e4h\u00e4nk\u00e4\u00e4n suuremmalle joukolle ihmisi\u00e4 sis\u00e4lt\u00f6 ratkaisee, ei kohut tai julistava politiikka, ja Star Wars -sarjojen sis\u00e4ll\u00f6st\u00e4h\u00e4n t\u00e4ss\u00e4 keississ\u00e4 ei ole lainkaan kyse.<\/p>\n\n\n\n<p>Toisin sanoen: ne konservatiivimieliset, jotka nyt hermostuivat Caranon puolesta ja ovat n\u00e4yttelij\u00e4\u00e4 yhten\u00e4 hahmona The Mandalorianissa katsoneet, ovat mit\u00e4 ilmeisimmin olleet erinomaisen tyytyv\u00e4isi\u00e4 itse sarjaan. Jos heid\u00e4n pit\u00e4isi valita joko Disney+ tai The Daily Wire, kumpikohan tosiasiassa houkuttelee?<\/p>\n\n\n","protected":false},"excerpt":{"rendered":"<p>Gina Carano sai viime viikolla potkut Disneyn Star Wars -maailmasta. Syyn\u00e4 on Caranon somek\u00e4yt\u00f6s. H\u00e4n oli laatinut hyvin linjakkaasti postauksia, jotka her\u00e4ttiv\u00e4t negatiivista huomiota. Caranon mukaan koronavirus on huijaus ja maskit ovat<br \/>\nnaure&hellip;<\/p>\n","protected":false},"author":144,"featured_media":0,"comment_status":"open","ping_status":"closed","sticky":false,"template":"","format":"standard","meta":{"_acf_changed":false,"asauth_required_access_level":3,"asauth_cansharepaid":"true","om_header_attributes":[],"footnotes":"","om_featured_image_focal_point":[],"om_primary_tag":0,"om_contributors":[],"om_co_authors":[],"beyondwords_generate_audio":"","beyondwords_project_id":"","beyondwords_content_id":"","beyondwords_preview_token":"","beyondwords_player_content":"","beyondwords_player_style":"","beyondwords_language_code":"","beyondwords_language_id":"","beyondwords_title_voice_id":"","beyondwords_body_voice_id":"","beyondwords_summary_voice_id":"","beyondwords_error_message":"","beyondwords_disabled":"","beyondwords_delete_content":"","beyondwords_podcast_id":"","beyondwords_hash":"","publish_post_to_speechkit":"","speechkit_hash":"","speechkit_generate_audio":"","speechkit_project_id":"","speechkit_podcast_id":"","speechkit_error_message":"","speechkit_disabled":"","speechkit_access_key":"","speechkit_error":"","speechkit_info":"","speechkit_response":"","speechkit_retries":"","speechkit_status":"","speechkit_updated_at":"","_speechkit_link":"","_speechkit_text":""},"categories":[1],"tags":[432,754,227,2727],"class_list":["post-5581","post","type-post","status-publish","format-standard","hentry","category-kuvien-takaa","tag-disney","tag-gina-carano","tag-star-wars","tag-the-daily-wire"],"om_views":null,"acf":{"tuuma_off":false,"tuuma_kysymys":"","tuuma_vastaus":""},"asauth":{"required_access_level":1,"share_token":"","is_paid":false},"yoast_head":"<!-- This site is optimized with the Yoast SEO plugin v26.4 - https:\/\/yoast.com\/wordpress\/plugins\/seo\/ -->\n<title>Tapaus Gina Carano ja amerikkalaisen viihteen uusi (marginaalinen) jakolinja - Kuvien takaa<\/title>\n<meta name=\"robots\" content=\"index, follow, max-snippet:-1, max-image-preview:large, max-video-preview:-1\" \/>\n<link rel=\"canonical\" href=\"https:\/\/suomenkuvalehti.fi\/kuvien-takaa\/tapaus-gina-carano-ja-amerikkalaisen-viihteen-uusi-marginaalinen-jakolinja\/\" \/>\n<meta property=\"og:locale\" content=\"fi_FI\" \/>\n<meta property=\"og:type\" content=\"article\" \/>\n<meta property=\"og:title\" content=\"Tapaus Gina Carano ja amerikkalaisen viihteen uusi (marginaalinen) jakolinja - Kuvien takaa\" \/>\n<meta property=\"og:description\" content=\"Gina Carano sai viime viikolla potkut Disneyn Star Wars -maailmasta. Syyn\u00e4 on Caranon somek\u00e4yt\u00f6s. H\u00e4n oli laatinut hyvin linjakkaasti postauksia, jotka her\u00e4ttiv\u00e4t negatiivista huomiota. Caranon mukaan koronavirus on huijaus ja maskit ovat naure&hellip;\" \/>\n<meta property=\"og:url\" content=\"https:\/\/suomenkuvalehti.fi\/kuvien-takaa\/tapaus-gina-carano-ja-amerikkalaisen-viihteen-uusi-marginaalinen-jakolinja\/\" \/>\n<meta property=\"og:site_name\" content=\"Kuvien takaa\" \/>\n<meta property=\"article:author\" content=\"https:\/\/www.facebook.com\/pages\/Kalle-Kinnunen-Kuvien-takaa\/190326157715410?fref=ts\" \/>\n<meta property=\"article:published_time\" content=\"2021-02-15T07:55:06+00:00\" \/>\n<meta property=\"og:image\" content=\"https:\/\/suomenkuvalehti.fi\/kuvien-takaa\/wp-content\/uploads\/sites\/11\/2022\/04\/kalle_kinnunen_blogi-1-scaled.jpg\" \/>\n\t<meta property=\"og:image:width\" content=\"2560\" \/>\n\t<meta property=\"og:image:height\" content=\"1707\" \/>\n\t<meta property=\"og:image:type\" content=\"image\/jpeg\" \/>\n<meta name=\"author\" content=\"Kalle Kinnunen\" \/>\n<meta name=\"twitter:card\" content=\"summary_large_image\" \/>\n<meta name=\"twitter:creator\" content=\"@https:\/\/twitter.com\/kallekinnunen\" \/>\n<meta name=\"twitter:label1\" content=\"Written by\" \/>\n\t<meta name=\"twitter:data1\" content=\"Kalle Kinnunen\" \/>\n\t<meta name=\"twitter:label2\" content=\"Est. reading time\" \/>\n\t<meta name=\"twitter:data2\" content=\"5 minuuttia\" \/>\n<script type=\"application\/ld+json\" class=\"yoast-schema-graph\">{\"@context\":\"https:\/\/schema.org\",\"@graph\":[{\"@type\":\"WebPage\",\"@id\":\"https:\/\/suomenkuvalehti.fi\/kuvien-takaa\/tapaus-gina-carano-ja-amerikkalaisen-viihteen-uusi-marginaalinen-jakolinja\/\",\"url\":\"https:\/\/suomenkuvalehti.fi\/kuvien-takaa\/tapaus-gina-carano-ja-amerikkalaisen-viihteen-uusi-marginaalinen-jakolinja\/\",\"name\":\"Tapaus Gina Carano ja amerikkalaisen viihteen uusi (marginaalinen) jakolinja - Kuvien takaa\",\"isPartOf\":{\"@id\":\"https:\/\/suomenkuvalehti.fi\/kuvien-takaa\/#website\"},\"datePublished\":\"2021-02-15T07:55:06+00:00\",\"author\":{\"@id\":\"https:\/\/suomenkuvalehti.fi\/kuvien-takaa\/#\/schema\/person\/f3f657e4ad409e008f12af27bec60a23\"},\"breadcrumb\":{\"@id\":\"https:\/\/suomenkuvalehti.fi\/kuvien-takaa\/tapaus-gina-carano-ja-amerikkalaisen-viihteen-uusi-marginaalinen-jakolinja\/#breadcrumb\"},\"inLanguage\":\"fi\",\"potentialAction\":[{\"@type\":\"ReadAction\",\"target\":[\"https:\/\/suomenkuvalehti.fi\/kuvien-takaa\/tapaus-gina-carano-ja-amerikkalaisen-viihteen-uusi-marginaalinen-jakolinja\/\"]}]},{\"@type\":\"BreadcrumbList\",\"@id\":\"https:\/\/suomenkuvalehti.fi\/kuvien-takaa\/tapaus-gina-carano-ja-amerikkalaisen-viihteen-uusi-marginaalinen-jakolinja\/#breadcrumb\",\"itemListElement\":[{\"@type\":\"ListItem\",\"position\":1,\"name\":\"Home\",\"item\":\"https:\/\/suomenkuvalehti.fi\/kuvien-takaa\/\"},{\"@type\":\"ListItem\",\"position\":2,\"name\":\"Tapaus Gina Carano ja amerikkalaisen viihteen uusi (marginaalinen) jakolinja\"}]},{\"@type\":\"WebSite\",\"@id\":\"https:\/\/suomenkuvalehti.fi\/kuvien-takaa\/#website\",\"url\":\"https:\/\/suomenkuvalehti.fi\/kuvien-takaa\/\",\"name\":\"Kuvien takaa\",\"description\":\"Elokuvakriitikko Kalle Kinnusen elokuvablogi.\",\"potentialAction\":[{\"@type\":\"SearchAction\",\"target\":{\"@type\":\"EntryPoint\",\"urlTemplate\":\"https:\/\/suomenkuvalehti.fi\/haku\/?q={search_term_string}\"},\"query-input\":{\"@type\":\"PropertyValueSpecification\",\"valueRequired\":true,\"valueName\":\"search_term_string\"}}],\"inLanguage\":\"fi\"},{\"@type\":\"Person\",\"@id\":\"https:\/\/suomenkuvalehti.fi\/kuvien-takaa\/#\/schema\/person\/f3f657e4ad409e008f12af27bec60a23\",\"name\":\"Kalle Kinnunen\",\"image\":{\"@type\":\"ImageObject\",\"inLanguage\":\"fi\",\"@id\":\"https:\/\/suomenkuvalehti.fi\/kuvien-takaa\/#\/schema\/person\/image\/\",\"url\":\"https:\/\/suomenkuvalehti.fi\/kuvien-takaa\/wp-content\/uploads\/sites\/11\/2022\/04\/kalle_kinnunen_blogi-1-150x150.jpg\",\"contentUrl\":\"https:\/\/suomenkuvalehti.fi\/kuvien-takaa\/wp-content\/uploads\/sites\/11\/2022\/04\/kalle_kinnunen_blogi-1-150x150.jpg\",\"caption\":\"Kalle Kinnunen\"},\"description\":\"Kalle Kinnunen on vapaa toimittaja ja Suomen Kuvalehden avustaja.\",\"sameAs\":[\"https:\/\/www.facebook.com\/pages\/Kalle-Kinnunen-Kuvien-takaa\/190326157715410?fref=ts\",\"https:\/\/x.com\/https:\/\/twitter.com\/kallekinnunen\"]}]}<\/script>\n<!-- \/ Yoast SEO plugin. -->","yoast_head_json":{"title":"Tapaus Gina Carano ja amerikkalaisen viihteen uusi (marginaalinen) jakolinja - Kuvien takaa","robots":{"index":"index","follow":"follow","max-snippet":"max-snippet:-1","max-image-preview":"max-image-preview:large","max-video-preview":"max-video-preview:-1"},"canonical":"https:\/\/suomenkuvalehti.fi\/kuvien-takaa\/tapaus-gina-carano-ja-amerikkalaisen-viihteen-uusi-marginaalinen-jakolinja\/","og_locale":"fi_FI","og_type":"article","og_title":"Tapaus Gina Carano ja amerikkalaisen viihteen uusi (marginaalinen) jakolinja - Kuvien takaa","og_description":"Gina Carano sai viime viikolla potkut Disneyn Star Wars -maailmasta. Syyn\u00e4 on Caranon somek\u00e4yt\u00f6s. H\u00e4n oli laatinut hyvin linjakkaasti postauksia, jotka her\u00e4ttiv\u00e4t negatiivista huomiota. Caranon mukaan koronavirus on huijaus ja maskit ovat naure&hellip;","og_url":"https:\/\/suomenkuvalehti.fi\/kuvien-takaa\/tapaus-gina-carano-ja-amerikkalaisen-viihteen-uusi-marginaalinen-jakolinja\/","og_site_name":"Kuvien takaa","article_author":"https:\/\/www.facebook.com\/pages\/Kalle-Kinnunen-Kuvien-takaa\/190326157715410?fref=ts","article_published_time":"2021-02-15T07:55:06+00:00","og_image":[{"width":2560,"height":1707,"url":"https:\/\/suomenkuvalehti.fi\/kuvien-takaa\/wp-content\/uploads\/sites\/11\/2022\/04\/kalle_kinnunen_blogi-1-scaled.jpg","type":"image\/jpeg"}],"author":"Kalle Kinnunen","twitter_card":"summary_large_image","twitter_creator":"@https:\/\/twitter.com\/kallekinnunen","twitter_misc":{"Written by":"Kalle Kinnunen","Est. reading time":"5 minuuttia"},"schema":{"@context":"https:\/\/schema.org","@graph":[{"@type":"WebPage","@id":"https:\/\/suomenkuvalehti.fi\/kuvien-takaa\/tapaus-gina-carano-ja-amerikkalaisen-viihteen-uusi-marginaalinen-jakolinja\/","url":"https:\/\/suomenkuvalehti.fi\/kuvien-takaa\/tapaus-gina-carano-ja-amerikkalaisen-viihteen-uusi-marginaalinen-jakolinja\/","name":"Tapaus Gina Carano ja amerikkalaisen viihteen uusi (marginaalinen) jakolinja - Kuvien takaa","isPartOf":{"@id":"https:\/\/suomenkuvalehti.fi\/kuvien-takaa\/#website"},"datePublished":"2021-02-15T07:55:06+00:00","author":{"@id":"https:\/\/suomenkuvalehti.fi\/kuvien-takaa\/#\/schema\/person\/f3f657e4ad409e008f12af27bec60a23"},"breadcrumb":{"@id":"https:\/\/suomenkuvalehti.fi\/kuvien-takaa\/tapaus-gina-carano-ja-amerikkalaisen-viihteen-uusi-marginaalinen-jakolinja\/#breadcrumb"},"inLanguage":"fi","potentialAction":[{"@type":"ReadAction","target":["https:\/\/suomenkuvalehti.fi\/kuvien-takaa\/tapaus-gina-carano-ja-amerikkalaisen-viihteen-uusi-marginaalinen-jakolinja\/"]}]},{"@type":"BreadcrumbList","@id":"https:\/\/suomenkuvalehti.fi\/kuvien-takaa\/tapaus-gina-carano-ja-amerikkalaisen-viihteen-uusi-marginaalinen-jakolinja\/#breadcrumb","itemListElement":[{"@type":"ListItem","position":1,"name":"Home","item":"https:\/\/suomenkuvalehti.fi\/kuvien-takaa\/"},{"@type":"ListItem","position":2,"name":"Tapaus Gina Carano ja amerikkalaisen viihteen uusi (marginaalinen) jakolinja"}]},{"@type":"WebSite","@id":"https:\/\/suomenkuvalehti.fi\/kuvien-takaa\/#website","url":"https:\/\/suomenkuvalehti.fi\/kuvien-takaa\/","name":"Kuvien takaa","description":"Elokuvakriitikko Kalle Kinnusen elokuvablogi.","potentialAction":[{"@type":"SearchAction","target":{"@type":"EntryPoint","urlTemplate":"https:\/\/suomenkuvalehti.fi\/haku\/?q={search_term_string}"},"query-input":{"@type":"PropertyValueSpecification","valueRequired":true,"valueName":"search_term_string"}}],"inLanguage":"fi"},{"@type":"Person","@id":"https:\/\/suomenkuvalehti.fi\/kuvien-takaa\/#\/schema\/person\/f3f657e4ad409e008f12af27bec60a23","name":"Kalle Kinnunen","image":{"@type":"ImageObject","inLanguage":"fi","@id":"https:\/\/suomenkuvalehti.fi\/kuvien-takaa\/#\/schema\/person\/image\/","url":"https:\/\/suomenkuvalehti.fi\/kuvien-takaa\/wp-content\/uploads\/sites\/11\/2022\/04\/kalle_kinnunen_blogi-1-150x150.jpg","contentUrl":"https:\/\/suomenkuvalehti.fi\/kuvien-takaa\/wp-content\/uploads\/sites\/11\/2022\/04\/kalle_kinnunen_blogi-1-150x150.jpg","caption":"Kalle Kinnunen"},"description":"Kalle Kinnunen on vapaa toimittaja ja Suomen Kuvalehden avustaja.","sameAs":["https:\/\/www.facebook.com\/pages\/Kalle-Kinnunen-Kuvien-takaa\/190326157715410?fref=ts","https:\/\/x.com\/https:\/\/twitter.com\/kallekinnunen"]}]}},"_links":{"self":[{"href":"https:\/\/suomenkuvalehti.fi\/kuvien-takaa\/wp-json\/wp\/v2\/posts\/5581","targetHints":{"allow":["GET"]}}],"collection":[{"href":"https:\/\/suomenkuvalehti.fi\/kuvien-takaa\/wp-json\/wp\/v2\/posts"}],"about":[{"href":"https:\/\/suomenkuvalehti.fi\/kuvien-takaa\/wp-json\/wp\/v2\/types\/post"}],"author":[{"embeddable":true,"href":"https:\/\/suomenkuvalehti.fi\/kuvien-takaa\/wp-json\/wp\/v2\/users\/144"}],"replies":[{"embeddable":true,"href":"https:\/\/suomenkuvalehti.fi\/kuvien-takaa\/wp-json\/wp\/v2\/comments?post=5581"}],"version-history":[{"count":1,"href":"https:\/\/suomenkuvalehti.fi\/kuvien-takaa\/wp-json\/wp\/v2\/posts\/5581\/revisions"}],"predecessor-version":[{"id":5583,"href":"https:\/\/suomenkuvalehti.fi\/kuvien-takaa\/wp-json\/wp\/v2\/posts\/5581\/revisions\/5583"}],"wp:attachment":[{"href":"https:\/\/suomenkuvalehti.fi\/kuvien-takaa\/wp-json\/wp\/v2\/media?parent=5581"}],"wp:term":[{"taxonomy":"category","embeddable":true,"href":"https:\/\/suomenkuvalehti.fi\/kuvien-takaa\/wp-json\/wp\/v2\/categories?post=5581"},{"taxonomy":"post_tag","embeddable":true,"href":"https:\/\/suomenkuvalehti.fi\/kuvien-takaa\/wp-json\/wp\/v2\/tags?post=5581"}],"curies":[{"name":"wp","href":"https:\/\/api.w.org\/{rel}","templated":true}]}}