{"id":558,"date":"2011-09-30T13:31:00","date_gmt":"2011-09-30T10:31:00","guid":{"rendered":"https:\/\/suomenkuvalehti.fi\/kuvientakaa\/2011\/09\/30\/kylman-sodan-patrioottijulistus-punainen-vaara-ja-merkillinen-uusintafilmatisointi\/"},"modified":"2011-09-30T13:31:00","modified_gmt":"2011-09-30T10:31:00","slug":"kylman-sodan-patrioottijulistus-punainen-vaara-ja-merkillinen-uusintafilmatisointi","status":"publish","type":"post","link":"https:\/\/suomenkuvalehti.fi\/kuvien-takaa\/kylman-sodan-patrioottijulistus-punainen-vaara-ja-merkillinen-uusintafilmatisointi\/","title":{"rendered":"Kylm\u00e4n sodan patrioottijulistus Punainen vaara ja merkillinen uusintafilmatisointi"},"content":{"rendered":"\n<p>Red Dawn oli kylm\u00e4n sodan uhkeimpia elokuvallisia tuulahduksia 1980-luvulla. Tavallaan se oli kuuma peruna my\u00f6s Suomessa, vaikkei siit\u00e4 silloin juuri \u00e4\u00e4neen puhuttu. John Miliuksen amerikkalaisittain superpatrioottinen toimintaseikkailu kiellettiin meill\u00e4 kaikessa hiljaisuudessa ulkopoliittisista syist\u00e4.<\/p>\n\n\n\n\n<p>Red Dawn eli Punainen vaara koki J\u00e4\u00e4t\u00e4v\u00e4n poltteen kohtalon, yhdell\u00e4 erotuksella.<\/p>\n\n\n\n<p>Siin\u00e4 miss\u00e4 puoliksi suomalainen Rennyn ja Markus Selinin elokuva toivotettiin helvettiin, amerikkalaisleffalta ev\u00e4ttiin vain valkokangaslevitys &#8211; sen tuloa vhs-markkinoille ei estetty.<\/p>\n\n\n\n<p>Punainen vaara on vet\u00e4v\u00e4, jopa erinomaisen viihdytt\u00e4v\u00e4. Olen n\u00e4hnyt sen monta kertaa. Olen n\u00e4ytt\u00e4nyt sit\u00e4 monille yst\u00e4villenikin, eiv\u00e4tk\u00e4 niinsanotusti vasemmistolaisen ajatusmaailman omaavat ole pit\u00e4neet siit\u00e4 yht\u00e4\u00e4n v\u00e4hemp\u00e4\u00e4.<\/p>\n\n\n\n<p>Kyll\u00e4, 1980-luvun hurmokselliseen jenkkimeininkiin on nyt et\u00e4isyytt\u00e4, mik\u00e4 auttaa tietysti olemaan suuttumatta. Mutta elokuvan vilpit\u00f6n vimma tempaa mukaansa. Mit\u00e4 olisi asiaansa uskovan nuorison sissisota valloitetussa maassa? Ei ehk\u00e4 realistisesti t\u00e4llaista, mutta seikkailuna teinien (mm. Patrick Swayze, Charlie Sheen) uroteot ovat tietyss\u00e4 lapsellisuudessaankin ykk\u00f6sviihdett\u00e4.<\/p>\n\n\n\n<p>Red Dawnista on nyt tehty kummallinen uusintaversio, jossa yht\u00e4 p\u00e4\u00e4osaa esitt\u00e4\u00e4 Tom Cruisen poika Connor.<\/p>\n\n\n\n<p>Elokuvassa kiinalaisten piti olla konnia, mutta kun sen julkaisu venyi, p\u00e4\u00e4tettiin, ett\u00e4 pahikset ovatkin pohjoiskorealaisia.<\/p>\n\n\n\n<p>Juu, me kaikki tied\u00e4mme, ett\u00e4 pohjoiskorealaisille ei ehk\u00e4 olisi ihan kyllin muskelia iske\u00e4 Pohjois-Amerikkaan.<\/p>\n\n\n\n<p>Haluan todella n\u00e4hd\u00e4 t\u00e4m\u00e4n pl\u00e4j\u00e4yksen, vaikken odota silt\u00e4 oikeastaan mit\u00e4\u00e4n. Valitettavasti MGM-studion talousongelmat ovat melkein haudanneet koko elokuvan. Valmista oli tiett\u00e4v\u00e4sti jo yli vuosi sitten, mutta levitykseen sit\u00e4 ei ole viel\u00e4 annettu. Suomessa oikeudet omistaa Scanbox, josta kerrotaan, ettei ensi-illasta ole hajuakaan, eik\u00e4 kukaan firmassa ole tiett\u00e4v\u00e4sti viel\u00e4 edes n\u00e4hnyt elokuvaa.<\/p>\n\n\n","protected":false},"excerpt":{"rendered":"<p>Red Dawn oli kylm\u00e4n sodan uhkeimpia elokuvallisia tuulahduksia 1980-luvulla. Tavallaan se oli kuuma peruna my\u00f6s Suomessa, vaikkei siit\u00e4 silloin juuri \u00e4\u00e4neen puhuttu. John Miliuksen amerikkalaisittain superpatrioottinen toimintaseikkailu<br \/>\nkiel&hellip;<\/p>\n","protected":false},"author":144,"featured_media":0,"comment_status":"open","ping_status":"open","sticky":false,"template":"","format":"standard","meta":{"_acf_changed":false,"asauth_required_access_level":0,"asauth_cansharepaid":"","om_header_attributes":[],"footnotes":"","om_featured_image_focal_point":[],"om_primary_tag":0,"om_contributors":[],"om_co_authors":[],"beyondwords_generate_audio":"","beyondwords_project_id":"","beyondwords_content_id":"","beyondwords_preview_token":"","beyondwords_player_content":"","beyondwords_player_style":"","beyondwords_language_code":"","beyondwords_language_id":"","beyondwords_title_voice_id":"","beyondwords_body_voice_id":"","beyondwords_summary_voice_id":"","beyondwords_error_message":"","beyondwords_disabled":"","beyondwords_delete_content":"","beyondwords_podcast_id":"","beyondwords_hash":"","publish_post_to_speechkit":"","speechkit_hash":"","speechkit_generate_audio":"","speechkit_project_id":"","speechkit_podcast_id":"","speechkit_error_message":"","speechkit_disabled":"","speechkit_access_key":"","speechkit_error":"","speechkit_info":"","speechkit_response":"","speechkit_retries":"","speechkit_status":"","speechkit_updated_at":"","_speechkit_link":"","_speechkit_text":""},"categories":[1],"tags":[947,34,946,693,695,694],"class_list":["post-558","post","type-post","status-publish","format-standard","hentry","category-kuvien-takaa","tag-connor-cruise","tag-elokuvasensuuri","tag-jaatava-polte","tag-john-milius","tag-punainen-vaara","tag-red-dawn"],"om_views":null,"acf":{"tuuma_off":false,"tuuma_kysymys":"","tuuma_vastaus":""},"asauth":{"required_access_level":1,"share_token":"","is_paid":false},"yoast_head":"<!-- This site is optimized with the Yoast SEO plugin v26.4 - https:\/\/yoast.com\/wordpress\/plugins\/seo\/ -->\n<title>Kylm\u00e4n sodan patrioottijulistus Punainen vaara ja merkillinen uusintafilmatisointi - Kuvien takaa<\/title>\n<meta name=\"robots\" content=\"index, follow, max-snippet:-1, max-image-preview:large, max-video-preview:-1\" \/>\n<link rel=\"canonical\" href=\"https:\/\/suomenkuvalehti.fi\/kuvien-takaa\/kylman-sodan-patrioottijulistus-punainen-vaara-ja-merkillinen-uusintafilmatisointi\/\" \/>\n<meta property=\"og:locale\" content=\"fi_FI\" \/>\n<meta property=\"og:type\" content=\"article\" \/>\n<meta property=\"og:title\" content=\"Kylm\u00e4n sodan patrioottijulistus Punainen vaara ja merkillinen uusintafilmatisointi - Kuvien takaa\" \/>\n<meta property=\"og:description\" content=\"Red Dawn oli kylm\u00e4n sodan uhkeimpia elokuvallisia tuulahduksia 1980-luvulla. Tavallaan se oli kuuma peruna my\u00f6s Suomessa, vaikkei siit\u00e4 silloin juuri \u00e4\u00e4neen puhuttu. John Miliuksen amerikkalaisittain superpatrioottinen toimintaseikkailu kiel&hellip;\" \/>\n<meta property=\"og:url\" content=\"https:\/\/suomenkuvalehti.fi\/kuvien-takaa\/kylman-sodan-patrioottijulistus-punainen-vaara-ja-merkillinen-uusintafilmatisointi\/\" \/>\n<meta property=\"og:site_name\" content=\"Kuvien takaa\" \/>\n<meta property=\"article:author\" content=\"https:\/\/www.facebook.com\/pages\/Kalle-Kinnunen-Kuvien-takaa\/190326157715410?fref=ts\" \/>\n<meta property=\"article:published_time\" content=\"2011-09-30T10:31:00+00:00\" \/>\n<meta property=\"og:image\" content=\"https:\/\/suomenkuvalehti.fi\/kuvien-takaa\/wp-content\/uploads\/sites\/11\/2022\/04\/kalle_kinnunen_blogi-1-scaled.jpg\" \/>\n\t<meta property=\"og:image:width\" content=\"2560\" \/>\n\t<meta property=\"og:image:height\" content=\"1707\" \/>\n\t<meta property=\"og:image:type\" content=\"image\/jpeg\" \/>\n<meta name=\"author\" content=\"Kalle Kinnunen\" \/>\n<meta name=\"twitter:card\" content=\"summary_large_image\" \/>\n<meta name=\"twitter:creator\" content=\"@https:\/\/twitter.com\/kallekinnunen\" \/>\n<meta name=\"twitter:label1\" content=\"Written by\" \/>\n\t<meta name=\"twitter:data1\" content=\"Kalle Kinnunen\" \/>\n\t<meta name=\"twitter:label2\" content=\"Est. reading time\" \/>\n\t<meta name=\"twitter:data2\" content=\"1 minuutti\" \/>\n<script type=\"application\/ld+json\" class=\"yoast-schema-graph\">{\"@context\":\"https:\/\/schema.org\",\"@graph\":[{\"@type\":\"WebPage\",\"@id\":\"https:\/\/suomenkuvalehti.fi\/kuvien-takaa\/kylman-sodan-patrioottijulistus-punainen-vaara-ja-merkillinen-uusintafilmatisointi\/\",\"url\":\"https:\/\/suomenkuvalehti.fi\/kuvien-takaa\/kylman-sodan-patrioottijulistus-punainen-vaara-ja-merkillinen-uusintafilmatisointi\/\",\"name\":\"Kylm\u00e4n sodan patrioottijulistus Punainen vaara ja merkillinen uusintafilmatisointi - Kuvien takaa\",\"isPartOf\":{\"@id\":\"https:\/\/suomenkuvalehti.fi\/kuvien-takaa\/#website\"},\"datePublished\":\"2011-09-30T10:31:00+00:00\",\"author\":{\"@id\":\"https:\/\/suomenkuvalehti.fi\/kuvien-takaa\/#\/schema\/person\/f3f657e4ad409e008f12af27bec60a23\"},\"breadcrumb\":{\"@id\":\"https:\/\/suomenkuvalehti.fi\/kuvien-takaa\/kylman-sodan-patrioottijulistus-punainen-vaara-ja-merkillinen-uusintafilmatisointi\/#breadcrumb\"},\"inLanguage\":\"fi\",\"potentialAction\":[{\"@type\":\"ReadAction\",\"target\":[\"https:\/\/suomenkuvalehti.fi\/kuvien-takaa\/kylman-sodan-patrioottijulistus-punainen-vaara-ja-merkillinen-uusintafilmatisointi\/\"]}]},{\"@type\":\"BreadcrumbList\",\"@id\":\"https:\/\/suomenkuvalehti.fi\/kuvien-takaa\/kylman-sodan-patrioottijulistus-punainen-vaara-ja-merkillinen-uusintafilmatisointi\/#breadcrumb\",\"itemListElement\":[{\"@type\":\"ListItem\",\"position\":1,\"name\":\"Home\",\"item\":\"https:\/\/suomenkuvalehti.fi\/kuvien-takaa\/\"},{\"@type\":\"ListItem\",\"position\":2,\"name\":\"Kylm\u00e4n sodan patrioottijulistus Punainen vaara ja merkillinen uusintafilmatisointi\"}]},{\"@type\":\"WebSite\",\"@id\":\"https:\/\/suomenkuvalehti.fi\/kuvien-takaa\/#website\",\"url\":\"https:\/\/suomenkuvalehti.fi\/kuvien-takaa\/\",\"name\":\"Kuvien takaa\",\"description\":\"Elokuvakriitikko Kalle Kinnusen elokuvablogi.\",\"potentialAction\":[{\"@type\":\"SearchAction\",\"target\":{\"@type\":\"EntryPoint\",\"urlTemplate\":\"https:\/\/suomenkuvalehti.fi\/haku\/?q={search_term_string}\"},\"query-input\":{\"@type\":\"PropertyValueSpecification\",\"valueRequired\":true,\"valueName\":\"search_term_string\"}}],\"inLanguage\":\"fi\"},{\"@type\":\"Person\",\"@id\":\"https:\/\/suomenkuvalehti.fi\/kuvien-takaa\/#\/schema\/person\/f3f657e4ad409e008f12af27bec60a23\",\"name\":\"Kalle Kinnunen\",\"image\":{\"@type\":\"ImageObject\",\"inLanguage\":\"fi\",\"@id\":\"https:\/\/suomenkuvalehti.fi\/kuvien-takaa\/#\/schema\/person\/image\/\",\"url\":\"https:\/\/suomenkuvalehti.fi\/kuvien-takaa\/wp-content\/uploads\/sites\/11\/2022\/04\/kalle_kinnunen_blogi-1-150x150.jpg\",\"contentUrl\":\"https:\/\/suomenkuvalehti.fi\/kuvien-takaa\/wp-content\/uploads\/sites\/11\/2022\/04\/kalle_kinnunen_blogi-1-150x150.jpg\",\"caption\":\"Kalle Kinnunen\"},\"description\":\"Kalle Kinnunen on vapaa toimittaja ja Suomen Kuvalehden avustaja.\",\"sameAs\":[\"https:\/\/www.facebook.com\/pages\/Kalle-Kinnunen-Kuvien-takaa\/190326157715410?fref=ts\",\"https:\/\/x.com\/https:\/\/twitter.com\/kallekinnunen\"]}]}<\/script>\n<!-- \/ Yoast SEO plugin. -->","yoast_head_json":{"title":"Kylm\u00e4n sodan patrioottijulistus Punainen vaara ja merkillinen uusintafilmatisointi - Kuvien takaa","robots":{"index":"index","follow":"follow","max-snippet":"max-snippet:-1","max-image-preview":"max-image-preview:large","max-video-preview":"max-video-preview:-1"},"canonical":"https:\/\/suomenkuvalehti.fi\/kuvien-takaa\/kylman-sodan-patrioottijulistus-punainen-vaara-ja-merkillinen-uusintafilmatisointi\/","og_locale":"fi_FI","og_type":"article","og_title":"Kylm\u00e4n sodan patrioottijulistus Punainen vaara ja merkillinen uusintafilmatisointi - Kuvien takaa","og_description":"Red Dawn oli kylm\u00e4n sodan uhkeimpia elokuvallisia tuulahduksia 1980-luvulla. Tavallaan se oli kuuma peruna my\u00f6s Suomessa, vaikkei siit\u00e4 silloin juuri \u00e4\u00e4neen puhuttu. John Miliuksen amerikkalaisittain superpatrioottinen toimintaseikkailu kiel&hellip;","og_url":"https:\/\/suomenkuvalehti.fi\/kuvien-takaa\/kylman-sodan-patrioottijulistus-punainen-vaara-ja-merkillinen-uusintafilmatisointi\/","og_site_name":"Kuvien takaa","article_author":"https:\/\/www.facebook.com\/pages\/Kalle-Kinnunen-Kuvien-takaa\/190326157715410?fref=ts","article_published_time":"2011-09-30T10:31:00+00:00","og_image":[{"width":2560,"height":1707,"url":"https:\/\/suomenkuvalehti.fi\/kuvien-takaa\/wp-content\/uploads\/sites\/11\/2022\/04\/kalle_kinnunen_blogi-1-scaled.jpg","type":"image\/jpeg"}],"author":"Kalle Kinnunen","twitter_card":"summary_large_image","twitter_creator":"@https:\/\/twitter.com\/kallekinnunen","twitter_misc":{"Written by":"Kalle Kinnunen","Est. reading time":"1 minuutti"},"schema":{"@context":"https:\/\/schema.org","@graph":[{"@type":"WebPage","@id":"https:\/\/suomenkuvalehti.fi\/kuvien-takaa\/kylman-sodan-patrioottijulistus-punainen-vaara-ja-merkillinen-uusintafilmatisointi\/","url":"https:\/\/suomenkuvalehti.fi\/kuvien-takaa\/kylman-sodan-patrioottijulistus-punainen-vaara-ja-merkillinen-uusintafilmatisointi\/","name":"Kylm\u00e4n sodan patrioottijulistus Punainen vaara ja merkillinen uusintafilmatisointi - Kuvien takaa","isPartOf":{"@id":"https:\/\/suomenkuvalehti.fi\/kuvien-takaa\/#website"},"datePublished":"2011-09-30T10:31:00+00:00","author":{"@id":"https:\/\/suomenkuvalehti.fi\/kuvien-takaa\/#\/schema\/person\/f3f657e4ad409e008f12af27bec60a23"},"breadcrumb":{"@id":"https:\/\/suomenkuvalehti.fi\/kuvien-takaa\/kylman-sodan-patrioottijulistus-punainen-vaara-ja-merkillinen-uusintafilmatisointi\/#breadcrumb"},"inLanguage":"fi","potentialAction":[{"@type":"ReadAction","target":["https:\/\/suomenkuvalehti.fi\/kuvien-takaa\/kylman-sodan-patrioottijulistus-punainen-vaara-ja-merkillinen-uusintafilmatisointi\/"]}]},{"@type":"BreadcrumbList","@id":"https:\/\/suomenkuvalehti.fi\/kuvien-takaa\/kylman-sodan-patrioottijulistus-punainen-vaara-ja-merkillinen-uusintafilmatisointi\/#breadcrumb","itemListElement":[{"@type":"ListItem","position":1,"name":"Home","item":"https:\/\/suomenkuvalehti.fi\/kuvien-takaa\/"},{"@type":"ListItem","position":2,"name":"Kylm\u00e4n sodan patrioottijulistus Punainen vaara ja merkillinen uusintafilmatisointi"}]},{"@type":"WebSite","@id":"https:\/\/suomenkuvalehti.fi\/kuvien-takaa\/#website","url":"https:\/\/suomenkuvalehti.fi\/kuvien-takaa\/","name":"Kuvien takaa","description":"Elokuvakriitikko Kalle Kinnusen elokuvablogi.","potentialAction":[{"@type":"SearchAction","target":{"@type":"EntryPoint","urlTemplate":"https:\/\/suomenkuvalehti.fi\/haku\/?q={search_term_string}"},"query-input":{"@type":"PropertyValueSpecification","valueRequired":true,"valueName":"search_term_string"}}],"inLanguage":"fi"},{"@type":"Person","@id":"https:\/\/suomenkuvalehti.fi\/kuvien-takaa\/#\/schema\/person\/f3f657e4ad409e008f12af27bec60a23","name":"Kalle Kinnunen","image":{"@type":"ImageObject","inLanguage":"fi","@id":"https:\/\/suomenkuvalehti.fi\/kuvien-takaa\/#\/schema\/person\/image\/","url":"https:\/\/suomenkuvalehti.fi\/kuvien-takaa\/wp-content\/uploads\/sites\/11\/2022\/04\/kalle_kinnunen_blogi-1-150x150.jpg","contentUrl":"https:\/\/suomenkuvalehti.fi\/kuvien-takaa\/wp-content\/uploads\/sites\/11\/2022\/04\/kalle_kinnunen_blogi-1-150x150.jpg","caption":"Kalle Kinnunen"},"description":"Kalle Kinnunen on vapaa toimittaja ja Suomen Kuvalehden avustaja.","sameAs":["https:\/\/www.facebook.com\/pages\/Kalle-Kinnunen-Kuvien-takaa\/190326157715410?fref=ts","https:\/\/x.com\/https:\/\/twitter.com\/kallekinnunen"]}]}},"_links":{"self":[{"href":"https:\/\/suomenkuvalehti.fi\/kuvien-takaa\/wp-json\/wp\/v2\/posts\/558","targetHints":{"allow":["GET"]}}],"collection":[{"href":"https:\/\/suomenkuvalehti.fi\/kuvien-takaa\/wp-json\/wp\/v2\/posts"}],"about":[{"href":"https:\/\/suomenkuvalehti.fi\/kuvien-takaa\/wp-json\/wp\/v2\/types\/post"}],"author":[{"embeddable":true,"href":"https:\/\/suomenkuvalehti.fi\/kuvien-takaa\/wp-json\/wp\/v2\/users\/144"}],"replies":[{"embeddable":true,"href":"https:\/\/suomenkuvalehti.fi\/kuvien-takaa\/wp-json\/wp\/v2\/comments?post=558"}],"version-history":[{"count":0,"href":"https:\/\/suomenkuvalehti.fi\/kuvien-takaa\/wp-json\/wp\/v2\/posts\/558\/revisions"}],"wp:attachment":[{"href":"https:\/\/suomenkuvalehti.fi\/kuvien-takaa\/wp-json\/wp\/v2\/media?parent=558"}],"wp:term":[{"taxonomy":"category","embeddable":true,"href":"https:\/\/suomenkuvalehti.fi\/kuvien-takaa\/wp-json\/wp\/v2\/categories?post=558"},{"taxonomy":"post_tag","embeddable":true,"href":"https:\/\/suomenkuvalehti.fi\/kuvien-takaa\/wp-json\/wp\/v2\/tags?post=558"}],"curies":[{"name":"wp","href":"https:\/\/api.w.org\/{rel}","templated":true}]}}