{"id":5572,"date":"2021-01-20T10:43:45","date_gmt":"2021-01-20T08:43:45","guid":{"rendered":"https:\/\/suomenkuvalehti.fi\/kuvien-takaa\/?p=5572"},"modified":"2021-01-20T10:43:45","modified_gmt":"2021-01-20T08:43:45","slug":"vares-ulos-komisario-palmu-sisaan","status":"publish","type":"post","link":"https:\/\/suomenkuvalehti.fi\/kuvien-takaa\/vares-ulos-komisario-palmu-sisaan\/","title":{"rendered":"Vares ulos, komisario Palmu sis\u00e4\u00e4n"},"content":{"rendered":"\n<p>Eih\u00e4n se ihan vailla ironiaa ole, ett\u00e4 alkuper\u00e4isk\u00e4sikirjoitus on nimelt\u00e4\u00e4n <em>Lep\u00e4isit jo rauhassa, komisario Palmu<\/em>.<\/p>\n\n\n\n<p>Eilen kerrottiin <strong>Renny Harlinin<\/strong> ohjaavan uuden komisario Palmu-elokuvan. Tarkoitus on aloittaa Solar Filmsille elokuvasarja, <em>franchise<\/em>. Harlinin leffan ensi-ilta olisi 2023.<\/p>\n\n\n\n<p>Pohjana on <strong>Mika Waltarin<\/strong> keskener\u00e4inen, vain 61-sivuisena sellaisenaan toteuttamiskelvoton k\u00e4sikirjoitus 1960-luvun alusta. Mit\u00e4p\u00e4 on odotettavissa? <em>&#8221;K\u00e4sikirjoituksen tarinassa komisario Palmu on tutkimassa <strong>Shakespearen<\/strong> Macbethin ensi-illan aikana tapahtunutta murhaa. Veriteon tapahtumapaikka on Vanhan ylioppilastalon n\u00e4ytt\u00e4m\u00f6. <strong>Hannu Salmi<\/strong> vertaa ideaa <strong>George Cukorin<\/strong> film noir -elokuvaan Kaksoisel\u00e4m\u00e4\u00e4, jossa rikos tapahtuu kesken Othellon. Tarinan aiheena on kiinteist\u00f6keinottelu&#8221;<\/em>, tiivistet\u00e4\u00e4n <a href=\"https:\/\/fi.wikipedia.org\/wiki\/Lep%C3%A4isit_jo_rauhassa,_komisario_Palmu\" target=\"_blank\" rel=\"noopener\">Wikipediassa<\/a>.<\/p>\n\n\n\n<p>Voinemme odottaa itse elokuvalta taiteellista vapautta suhteessa Waltarin tekstiin, sill\u00e4 Solar Filmsin tiedotteessa uudesta hankkeesta kerrotaan n\u00e4in:<em> &#8221;<span lang=\"en-FI\">Komisario Palmun apuna <\/span><span lang=\"EN-US\">legendaarisessa <\/span><\/em><span lang=\"en-FI\"><em>Senaatintorin toimistossa ovat tutut etsiv\u00e4t Kokki ja Virta. Toimiston k\u00e4ytt\u00f6 j\u00e4\u00e4 v\u00e4hiin, sill\u00e4 etsiv\u00e4t n\u00e4hd\u00e4\u00e4n kentt\u00e4ty\u00f6ss\u00e4 keskell\u00e4 sodan runtelemaa kaupunkia. Uupumaton aivoty\u00f6 saattaa Palmua kohti p\u00e4\u00e4m\u00e4\u00e4r\u00e4\u00e4ns\u00e4, mutta sit\u00e4 ennen h\u00e4n kohtaa fyysisi\u00e4 haasteita aina k\u00e4sirysyj\u00e4, tulitaisteluita ja autotakaa-ajoja my\u00f6ten.&#8221;<\/em>\n<\/span><\/p>\n\n\n\n<p>Elokuvasta lupaillaan monipuolista.<\/p>\n\n\n\n<p><em><span lang=\"en-FI\">&#8221;Varakkaan, Saksaan kytkeytyv\u00e4n kiinteist\u00f6miljon\u00e4\u00e4rin murha Kaivopuistossa on vasta alkusoittoa tapahtumille, jotka ravisuttavat kaupunkia Neuvostoliiton pommikoneitakin rajummin. Draamaa, j\u00e4nnityst\u00e4, toimintaa ja romantiikkaakin sis\u00e4lt\u00e4v\u00e4 tapahtumien ketju vie Palmun yhteiskunnan eri kerrosten labyrinttiin, josta ulosp\u00e4\u00e4sy ei ole selv\u00e4\u00e4 ennen viimeist\u00e4 k\u00e4\u00e4nnett\u00e4.&#8221;<\/span><\/em><\/p>\n\n\n\n<p>&#8221;Varakas kiinteist\u00f6miljon\u00e4\u00e4ri&#8221; ja &#8221;eri kerrosten labyrintti&#8221; tosin kuulostavat enemm\u00e4n <strong>Mauri Sariolan<\/strong> kuin Waltarin tekstilt\u00e4, mutta mit\u00e4p\u00e4 siit\u00e4.<\/p>\n\n\n\n<p>Aiemmin Palmun perikuntaa edustava <a href=\"https:\/\/seura.fi\/asiat\/ajankohtaista\/komisario-palmu\/\" target=\"_blank\" rel=\"noopener\"><strong>Joel Elstel\u00e4<\/strong> on itse haaveillut<\/a> Lep\u00e4isit jo rauhassa -hahmotelman ohjaamisesta elokuvaksi.<\/p>\n\n\n\n<p>Tiedote tarjoaa aika v\u00e4h\u00e4n konkretiaa. Tarkoitus on kertoa, ett\u00e4 Solarilla on Palmun oikeudet. Mik\u00e4li Renny Harlin ohjaa elokuvan, siit\u00e4 tulee Renny Harlinin ohjaama elokuva, mik\u00e4 tuntuu olevan erityisen t\u00e4rke\u00e4\u00e4. <span lang=\"EN-US\">\u201cSopiva tilaisuus tuli nyt, kun kuulimme, ett\u00e4 Renny ohjaisi ensimm\u00e4isen elokuvan&#8221;, siteerataan tiedotteessa Elstel\u00e4\u00e4, joka on otettu my\u00f6s k\u00e4sikirjoittamaan hanketta.\n<\/span><\/p>\n\n\n\n<p>Solar Filmsill\u00e4 on kokemusta dekkarielokuvasarjoista. Vares-elokuvia on tehty yhdeks\u00e4n kappaletta. Viimeisimm\u00e4st\u00e4 on kuusi vuotta. <a href=\"https:\/\/www.iltalehti.fi\/viihdeuutiset\/a\/74067354-985b-493d-bfe2-3ddcf38474ce\" target=\"_blank\" rel=\"noopener\">Harlin kuitenkin vertaa<\/a> ja sitten ei vertaa Palmua Iltalehden haastattelussa hahmona James Bondiin, eik\u00e4 Jussi Varekseen.<\/p>\n\n\n\n<p>Ainakin uuden Palmun tekeminen kertoo siit\u00e4, miten v\u00e4hiss\u00e4 meill\u00e4 ovat vet\u00e4v\u00e4t elokuvalliset <em>intellectual propertyt<\/em> eli ip:t, siis t\u00e4ss\u00e4 mieless\u00e4 valmiiksi koko kansan tuntemat ja teoksina menestyksen my\u00f6t\u00e4 <em>franchiseiksi<\/em> kuten elokuvasarjoiksi monistettavat aiheet. Niit\u00e4 pit\u00e4\u00e4 kaivaa suht kaukaa historiasta (kas, juuri nyt tulossa ovat my\u00f6s elokuvat 1910-luvun Kiljusen herrasv\u00e4ki -kirjoista sek\u00e4 1950-luvun Vinski- sek\u00e4 Pertsa ja Kilu -kirjoista!). Palmu on toki kova kaappaus: aivan kuten <em>Tuntemattoman sotilaan<\/em> viimeisimm\u00e4n version julkistamisen aikaan, jo nyt medioissa voidaan panna lukijat keskustelemaan ja kinastelemaan t\u00e4m\u00e4n ajan n\u00e4yttelij\u00e4valinnoista.<\/p>\n\n\n\n<p>Harlinin ensimm\u00e4inen suomalaiselokuva yli 35 vuoteen on <em>Luokkakokous 3<\/em>, jonka ensi-ilta on siirtynyt koronapandemian vuoksi helmikuulta hamaan tulevaisuuteen. Kotimaahansa Harlin ei kuitenkaan ole pysyv\u00e4sti palannut. Iltalehdess\u00e4 h\u00e4n pit\u00e4\u00e4 kaikista ep\u00e4todenn\u00e4k\u00f6isimp\u00e4n\u00e4 ajatusta Suomeen muuttamisesta.<\/p>\n\n\n","protected":false},"excerpt":{"rendered":"<p>Eih\u00e4n se ihan vailla ironiaa ole, ett\u00e4 alkuper\u00e4isk\u00e4sikirjoitus on nimelt\u00e4\u00e4n Lep\u00e4isit jo rauhassa, komisario Palmu. Eilen kerrottiin Renny Harlinin ohjaavan uuden komisario Palmu-elokuvan. Tarkoitus on aloittaa Solar Filmsille elokuvasarja, franchise. Harlinin leffan ensi-ilta olisi 2023.<br \/>\nPohjan&hellip;<\/p>\n","protected":false},"author":144,"featured_media":0,"comment_status":"open","ping_status":"closed","sticky":false,"template":"","format":"standard","meta":{"_acf_changed":false,"asauth_required_access_level":3,"asauth_cansharepaid":"true","om_header_attributes":[],"footnotes":"","om_featured_image_focal_point":[],"om_primary_tag":0,"om_contributors":[],"om_co_authors":[],"beyondwords_generate_audio":"","beyondwords_project_id":"","beyondwords_content_id":"","beyondwords_preview_token":"","beyondwords_player_content":"","beyondwords_player_style":"","beyondwords_language_code":"","beyondwords_language_id":"","beyondwords_title_voice_id":"","beyondwords_body_voice_id":"","beyondwords_summary_voice_id":"","beyondwords_error_message":"","beyondwords_disabled":"","beyondwords_delete_content":"","beyondwords_podcast_id":"","beyondwords_hash":"","publish_post_to_speechkit":"","speechkit_hash":"","speechkit_generate_audio":"","speechkit_project_id":"","speechkit_podcast_id":"","speechkit_error_message":"","speechkit_disabled":"","speechkit_access_key":"","speechkit_error":"","speechkit_info":"","speechkit_response":"","speechkit_retries":"","speechkit_status":"","speechkit_updated_at":"","_speechkit_link":"","_speechkit_text":""},"categories":[1],"tags":[2726,345,10],"class_list":["post-5572","post","type-post","status-publish","format-standard","hentry","category-kuvien-takaa","tag-komisario-palmu","tag-renny-harlin","tag-suomalainen-elokuva"],"om_views":null,"acf":{"tuuma_off":false,"tuuma_kysymys":"","tuuma_vastaus":""},"asauth":{"required_access_level":1,"share_token":"","is_paid":false},"yoast_head":"<!-- This site is optimized with the Yoast SEO plugin v26.4 - https:\/\/yoast.com\/wordpress\/plugins\/seo\/ -->\n<title>Vares ulos, komisario Palmu sis\u00e4\u00e4n - Kuvien takaa<\/title>\n<meta name=\"description\" content=\"Mika Waltarin aihe laajenee elokuvasarjaksi, koska suomalaisia yhdist\u00e4vi\u00e4 ja elokuvallisia fiktiosankareita ei ole oikein tullut en\u00e4\u00e4 vuosikymmeniin.\" \/>\n<meta name=\"robots\" content=\"index, follow, max-snippet:-1, max-image-preview:large, max-video-preview:-1\" \/>\n<link rel=\"canonical\" href=\"https:\/\/suomenkuvalehti.fi\/kuvien-takaa\/vares-ulos-komisario-palmu-sisaan\/\" \/>\n<meta property=\"og:locale\" content=\"fi_FI\" \/>\n<meta property=\"og:type\" content=\"article\" \/>\n<meta property=\"og:title\" content=\"Vares ulos, komisario Palmu sis\u00e4\u00e4n - Kuvien takaa\" \/>\n<meta property=\"og:description\" content=\"Mika Waltarin aihe laajenee elokuvasarjaksi, koska suomalaisia yhdist\u00e4vi\u00e4 ja elokuvallisia fiktiosankareita ei ole oikein tullut en\u00e4\u00e4 vuosikymmeniin.\" \/>\n<meta property=\"og:url\" content=\"https:\/\/suomenkuvalehti.fi\/kuvien-takaa\/vares-ulos-komisario-palmu-sisaan\/\" \/>\n<meta property=\"og:site_name\" content=\"Kuvien takaa\" \/>\n<meta property=\"article:author\" content=\"https:\/\/www.facebook.com\/pages\/Kalle-Kinnunen-Kuvien-takaa\/190326157715410?fref=ts\" \/>\n<meta property=\"article:published_time\" content=\"2021-01-20T08:43:45+00:00\" \/>\n<meta property=\"og:image\" content=\"https:\/\/suomenkuvalehti.fi\/kuvien-takaa\/wp-content\/uploads\/sites\/11\/2022\/04\/kalle_kinnunen_blogi-1-scaled.jpg\" \/>\n\t<meta property=\"og:image:width\" content=\"2560\" \/>\n\t<meta property=\"og:image:height\" content=\"1707\" \/>\n\t<meta property=\"og:image:type\" content=\"image\/jpeg\" \/>\n<meta name=\"author\" content=\"Kalle Kinnunen\" \/>\n<meta name=\"twitter:card\" content=\"summary_large_image\" \/>\n<meta name=\"twitter:creator\" content=\"@https:\/\/twitter.com\/kallekinnunen\" \/>\n<meta name=\"twitter:label1\" content=\"Written by\" \/>\n\t<meta name=\"twitter:data1\" content=\"Kalle Kinnunen\" \/>\n\t<meta name=\"twitter:label2\" content=\"Est. reading time\" \/>\n\t<meta name=\"twitter:data2\" content=\"2 minuuttia\" \/>\n<script type=\"application\/ld+json\" class=\"yoast-schema-graph\">{\"@context\":\"https:\/\/schema.org\",\"@graph\":[{\"@type\":\"WebPage\",\"@id\":\"https:\/\/suomenkuvalehti.fi\/kuvien-takaa\/vares-ulos-komisario-palmu-sisaan\/\",\"url\":\"https:\/\/suomenkuvalehti.fi\/kuvien-takaa\/vares-ulos-komisario-palmu-sisaan\/\",\"name\":\"Vares ulos, komisario Palmu sis\u00e4\u00e4n - Kuvien takaa\",\"isPartOf\":{\"@id\":\"https:\/\/suomenkuvalehti.fi\/kuvien-takaa\/#website\"},\"datePublished\":\"2021-01-20T08:43:45+00:00\",\"author\":{\"@id\":\"https:\/\/suomenkuvalehti.fi\/kuvien-takaa\/#\/schema\/person\/f3f657e4ad409e008f12af27bec60a23\"},\"description\":\"Mika Waltarin aihe laajenee elokuvasarjaksi, koska suomalaisia yhdist\u00e4vi\u00e4 ja elokuvallisia fiktiosankareita ei ole oikein tullut en\u00e4\u00e4 vuosikymmeniin.\",\"breadcrumb\":{\"@id\":\"https:\/\/suomenkuvalehti.fi\/kuvien-takaa\/vares-ulos-komisario-palmu-sisaan\/#breadcrumb\"},\"inLanguage\":\"fi\",\"potentialAction\":[{\"@type\":\"ReadAction\",\"target\":[\"https:\/\/suomenkuvalehti.fi\/kuvien-takaa\/vares-ulos-komisario-palmu-sisaan\/\"]}]},{\"@type\":\"BreadcrumbList\",\"@id\":\"https:\/\/suomenkuvalehti.fi\/kuvien-takaa\/vares-ulos-komisario-palmu-sisaan\/#breadcrumb\",\"itemListElement\":[{\"@type\":\"ListItem\",\"position\":1,\"name\":\"Home\",\"item\":\"https:\/\/suomenkuvalehti.fi\/kuvien-takaa\/\"},{\"@type\":\"ListItem\",\"position\":2,\"name\":\"Vares ulos, komisario Palmu sis\u00e4\u00e4n\"}]},{\"@type\":\"WebSite\",\"@id\":\"https:\/\/suomenkuvalehti.fi\/kuvien-takaa\/#website\",\"url\":\"https:\/\/suomenkuvalehti.fi\/kuvien-takaa\/\",\"name\":\"Kuvien takaa\",\"description\":\"Elokuvakriitikko Kalle Kinnusen elokuvablogi.\",\"potentialAction\":[{\"@type\":\"SearchAction\",\"target\":{\"@type\":\"EntryPoint\",\"urlTemplate\":\"https:\/\/suomenkuvalehti.fi\/haku\/?q={search_term_string}\"},\"query-input\":{\"@type\":\"PropertyValueSpecification\",\"valueRequired\":true,\"valueName\":\"search_term_string\"}}],\"inLanguage\":\"fi\"},{\"@type\":\"Person\",\"@id\":\"https:\/\/suomenkuvalehti.fi\/kuvien-takaa\/#\/schema\/person\/f3f657e4ad409e008f12af27bec60a23\",\"name\":\"Kalle Kinnunen\",\"image\":{\"@type\":\"ImageObject\",\"inLanguage\":\"fi\",\"@id\":\"https:\/\/suomenkuvalehti.fi\/kuvien-takaa\/#\/schema\/person\/image\/\",\"url\":\"https:\/\/suomenkuvalehti.fi\/kuvien-takaa\/wp-content\/uploads\/sites\/11\/2022\/04\/kalle_kinnunen_blogi-1-150x150.jpg\",\"contentUrl\":\"https:\/\/suomenkuvalehti.fi\/kuvien-takaa\/wp-content\/uploads\/sites\/11\/2022\/04\/kalle_kinnunen_blogi-1-150x150.jpg\",\"caption\":\"Kalle Kinnunen\"},\"description\":\"Kalle Kinnunen on vapaa toimittaja ja Suomen Kuvalehden avustaja.\",\"sameAs\":[\"https:\/\/www.facebook.com\/pages\/Kalle-Kinnunen-Kuvien-takaa\/190326157715410?fref=ts\",\"https:\/\/x.com\/https:\/\/twitter.com\/kallekinnunen\"]}]}<\/script>\n<!-- \/ Yoast SEO plugin. -->","yoast_head_json":{"title":"Vares ulos, komisario Palmu sis\u00e4\u00e4n - Kuvien takaa","description":"Mika Waltarin aihe laajenee elokuvasarjaksi, koska suomalaisia yhdist\u00e4vi\u00e4 ja elokuvallisia fiktiosankareita ei ole oikein tullut en\u00e4\u00e4 vuosikymmeniin.","robots":{"index":"index","follow":"follow","max-snippet":"max-snippet:-1","max-image-preview":"max-image-preview:large","max-video-preview":"max-video-preview:-1"},"canonical":"https:\/\/suomenkuvalehti.fi\/kuvien-takaa\/vares-ulos-komisario-palmu-sisaan\/","og_locale":"fi_FI","og_type":"article","og_title":"Vares ulos, komisario Palmu sis\u00e4\u00e4n - Kuvien takaa","og_description":"Mika Waltarin aihe laajenee elokuvasarjaksi, koska suomalaisia yhdist\u00e4vi\u00e4 ja elokuvallisia fiktiosankareita ei ole oikein tullut en\u00e4\u00e4 vuosikymmeniin.","og_url":"https:\/\/suomenkuvalehti.fi\/kuvien-takaa\/vares-ulos-komisario-palmu-sisaan\/","og_site_name":"Kuvien takaa","article_author":"https:\/\/www.facebook.com\/pages\/Kalle-Kinnunen-Kuvien-takaa\/190326157715410?fref=ts","article_published_time":"2021-01-20T08:43:45+00:00","og_image":[{"width":2560,"height":1707,"url":"https:\/\/suomenkuvalehti.fi\/kuvien-takaa\/wp-content\/uploads\/sites\/11\/2022\/04\/kalle_kinnunen_blogi-1-scaled.jpg","type":"image\/jpeg"}],"author":"Kalle Kinnunen","twitter_card":"summary_large_image","twitter_creator":"@https:\/\/twitter.com\/kallekinnunen","twitter_misc":{"Written by":"Kalle Kinnunen","Est. reading time":"2 minuuttia"},"schema":{"@context":"https:\/\/schema.org","@graph":[{"@type":"WebPage","@id":"https:\/\/suomenkuvalehti.fi\/kuvien-takaa\/vares-ulos-komisario-palmu-sisaan\/","url":"https:\/\/suomenkuvalehti.fi\/kuvien-takaa\/vares-ulos-komisario-palmu-sisaan\/","name":"Vares ulos, komisario Palmu sis\u00e4\u00e4n - Kuvien takaa","isPartOf":{"@id":"https:\/\/suomenkuvalehti.fi\/kuvien-takaa\/#website"},"datePublished":"2021-01-20T08:43:45+00:00","author":{"@id":"https:\/\/suomenkuvalehti.fi\/kuvien-takaa\/#\/schema\/person\/f3f657e4ad409e008f12af27bec60a23"},"description":"Mika Waltarin aihe laajenee elokuvasarjaksi, koska suomalaisia yhdist\u00e4vi\u00e4 ja elokuvallisia fiktiosankareita ei ole oikein tullut en\u00e4\u00e4 vuosikymmeniin.","breadcrumb":{"@id":"https:\/\/suomenkuvalehti.fi\/kuvien-takaa\/vares-ulos-komisario-palmu-sisaan\/#breadcrumb"},"inLanguage":"fi","potentialAction":[{"@type":"ReadAction","target":["https:\/\/suomenkuvalehti.fi\/kuvien-takaa\/vares-ulos-komisario-palmu-sisaan\/"]}]},{"@type":"BreadcrumbList","@id":"https:\/\/suomenkuvalehti.fi\/kuvien-takaa\/vares-ulos-komisario-palmu-sisaan\/#breadcrumb","itemListElement":[{"@type":"ListItem","position":1,"name":"Home","item":"https:\/\/suomenkuvalehti.fi\/kuvien-takaa\/"},{"@type":"ListItem","position":2,"name":"Vares ulos, komisario Palmu sis\u00e4\u00e4n"}]},{"@type":"WebSite","@id":"https:\/\/suomenkuvalehti.fi\/kuvien-takaa\/#website","url":"https:\/\/suomenkuvalehti.fi\/kuvien-takaa\/","name":"Kuvien takaa","description":"Elokuvakriitikko Kalle Kinnusen elokuvablogi.","potentialAction":[{"@type":"SearchAction","target":{"@type":"EntryPoint","urlTemplate":"https:\/\/suomenkuvalehti.fi\/haku\/?q={search_term_string}"},"query-input":{"@type":"PropertyValueSpecification","valueRequired":true,"valueName":"search_term_string"}}],"inLanguage":"fi"},{"@type":"Person","@id":"https:\/\/suomenkuvalehti.fi\/kuvien-takaa\/#\/schema\/person\/f3f657e4ad409e008f12af27bec60a23","name":"Kalle Kinnunen","image":{"@type":"ImageObject","inLanguage":"fi","@id":"https:\/\/suomenkuvalehti.fi\/kuvien-takaa\/#\/schema\/person\/image\/","url":"https:\/\/suomenkuvalehti.fi\/kuvien-takaa\/wp-content\/uploads\/sites\/11\/2022\/04\/kalle_kinnunen_blogi-1-150x150.jpg","contentUrl":"https:\/\/suomenkuvalehti.fi\/kuvien-takaa\/wp-content\/uploads\/sites\/11\/2022\/04\/kalle_kinnunen_blogi-1-150x150.jpg","caption":"Kalle Kinnunen"},"description":"Kalle Kinnunen on vapaa toimittaja ja Suomen Kuvalehden avustaja.","sameAs":["https:\/\/www.facebook.com\/pages\/Kalle-Kinnunen-Kuvien-takaa\/190326157715410?fref=ts","https:\/\/x.com\/https:\/\/twitter.com\/kallekinnunen"]}]}},"_links":{"self":[{"href":"https:\/\/suomenkuvalehti.fi\/kuvien-takaa\/wp-json\/wp\/v2\/posts\/5572","targetHints":{"allow":["GET"]}}],"collection":[{"href":"https:\/\/suomenkuvalehti.fi\/kuvien-takaa\/wp-json\/wp\/v2\/posts"}],"about":[{"href":"https:\/\/suomenkuvalehti.fi\/kuvien-takaa\/wp-json\/wp\/v2\/types\/post"}],"author":[{"embeddable":true,"href":"https:\/\/suomenkuvalehti.fi\/kuvien-takaa\/wp-json\/wp\/v2\/users\/144"}],"replies":[{"embeddable":true,"href":"https:\/\/suomenkuvalehti.fi\/kuvien-takaa\/wp-json\/wp\/v2\/comments?post=5572"}],"version-history":[{"count":1,"href":"https:\/\/suomenkuvalehti.fi\/kuvien-takaa\/wp-json\/wp\/v2\/posts\/5572\/revisions"}],"predecessor-version":[{"id":5573,"href":"https:\/\/suomenkuvalehti.fi\/kuvien-takaa\/wp-json\/wp\/v2\/posts\/5572\/revisions\/5573"}],"wp:attachment":[{"href":"https:\/\/suomenkuvalehti.fi\/kuvien-takaa\/wp-json\/wp\/v2\/media?parent=5572"}],"wp:term":[{"taxonomy":"category","embeddable":true,"href":"https:\/\/suomenkuvalehti.fi\/kuvien-takaa\/wp-json\/wp\/v2\/categories?post=5572"},{"taxonomy":"post_tag","embeddable":true,"href":"https:\/\/suomenkuvalehti.fi\/kuvien-takaa\/wp-json\/wp\/v2\/tags?post=5572"}],"curies":[{"name":"wp","href":"https:\/\/api.w.org\/{rel}","templated":true}]}}