{"id":5547,"date":"2020-12-23T12:27:39","date_gmt":"2020-12-23T10:27:39","guid":{"rendered":"https:\/\/suomenkuvalehti.fi\/kuvien-takaa\/?p=5547"},"modified":"2020-12-23T12:52:23","modified_gmt":"2020-12-23T10:52:23","slug":"olipa-kerran-3d-elokuva-jaiko-mitaan-silmaan","status":"publish","type":"post","link":"https:\/\/suomenkuvalehti.fi\/kuvien-takaa\/olipa-kerran-3d-elokuva-jaiko-mitaan-silmaan\/","title":{"rendered":"Olipa kerran 3D-elokuva \u2013 j\u00e4ik\u00f6 mit\u00e4\u00e4n silm\u00e4\u00e4n?"},"content":{"rendered":"\n<p>Kymmenen vuotta sitten, vuoden 2010 lopulla, elokuvan tulevaisuus n\u00e4ytti t\u00e4lt\u00e4.<\/p>\n\n\n\n<p>Maailman menestynein elokuva, jouluksi 2009 valmistunut <em>Avatar<\/em> oli todistanut: yleis\u00f6 haluaa 3D:t\u00e4, stereoskooppista kuvaa.<\/p>\n\n\n\n<p>Kev\u00e4\u00e4ll\u00e4 2010 asiasta saatiin toinen kiistaton todiste, kun <strong>Tim Burtonin<\/strong> ohjaama <em>Liisa ihmemaassa<\/em> menestyi yli kaikkien odotusten. Siit\u00e4 tuli kaikkien aikojen viidenneksi menestynein elokuva.<\/p>\n\n\n\n<p>Elokuvateatterien esitystekniikan vaihtuminen filmist\u00e4 digitaaliseksi olikin n\u00e4iden riemukkaiden hittien avulla etenem\u00e4ss\u00e4 nopeammin kuin kukaan oli uskonut, sill\u00e4 3D edellytti digitaalisuutta. Usean vuoden pituiseksi arvioitu hankala siirtym\u00e4vaihe veikin monissa l\u00e4nsimaissa vain parisen vuotta.<\/p>\n\n\n\n<p>Hollywood oli omaksunut 3D-elokuvan. L\u00e4hes kaikki tekeill\u00e4 olleet spektaakkelielokuvat olisivat 3D:t\u00e4. Eik\u00e4 ihme, sill\u00e4 3D oli hemmetin hyv\u00e4 bisnes: lipun hintaan saatiin lis\u00e4t\u00e4 tuhti, useamman euron preemio. Olihan t\u00e4m\u00e4 ik\u00e4\u00e4n kuin enemm\u00e4n elokuvaa!<\/p>\n\n\n\n<p>Stereografi oli uusi ammatti, elokuvaajan oikea k\u00e4si. Pian stereografit olisivat ammattiryhm\u00e4n\u00e4 Hollywoodin jos nyt ei t\u00e4rkeimpi\u00e4, niin ehk\u00e4 kuvaajien j\u00e4lkeen j\u00e4rjestyksess\u00e4, ja varmasti heillekin annettaisiin oma Oscar-kategoriansa.<\/p>\n\n\n\n<p>Jo kev\u00e4\u00e4ll\u00e4 2010 valmistui stereoskooppinen suomalainen animaatio, <em>Muumi ja punainen pyrst\u00f6t\u00e4hti<\/em> -retropl\u00e4j\u00e4ys, jonka puolalaisiin huopakuviin syvyys oli lis\u00e4tty vikkel\u00e4sti j\u00e4lkik\u00e4teen. Suomalainen n\u00e4ytelty 3D-elokuva teht\u00e4isiin tietenkin ennen pitk\u00e4\u00e4.<\/p>\n\n\n\n<p>Lopulta kaikki elokuvat toteutettaisiin 3D:n\u00e4, ainakin kaikki viihde-elokuvat, sill\u00e4 olihan elokuva aina tavoitellut totuudellisempaa vaikutelmaa.<\/p>\n\n\n\n<p>Tuli \u00e4\u00e4ni, tuli v\u00e4ri, kyll\u00e4 syvyys nyt olisi aivan yht\u00e4 merkitt\u00e4v\u00e4 kehitysaskel.<\/p>\n\n\n\n<p>Avatarin ohjaaja ja tuottaja <strong>James Cameron<\/strong> oli t\u00e4ten puolijumala, joka n\u00e4ytti, mit\u00e4 elokuva oikeasti on!<\/p>\n\n\n<p><iframe loading=\"lazy\" width=\"630\" height=\"354\" src=\"https:\/\/www.youtube.com\/embed\/RU8mQmD-U88?feature=oembed\" frameborder=\"0\" allow=\"accelerometer; autoplay; clipboard-write; encrypted-media; gyroscope; picture-in-picture\" allowfullscreen><\/iframe><\/p>\n\n<p><strong>Martin Scorsese<\/strong> teki 3D-elokuvansa <em>Hugon<\/em> 2011. <strong>Werner Herzog<\/strong> ja <strong>Wim Wenders<\/strong> <a href=\"https:\/\/suomenkuvalehti.fi\/kuvien-takaa\/3d-ja-laatuelokuvat-rikotaanko-raja\/?shared=497-6415ff90-999\">kokeilivat<\/a> 3D:t\u00e4 dokumenttielokuvassa.<\/p>\n\n\n\n<p>Pl\u00e4ts.<\/p>\n\n\n\n<p>Nyt on vuosi 2020. T\u00e4m\u00e4n p\u00e4\u00e4ttyv\u00e4n vuoden ensi-illoissa ei en\u00e4\u00e4 ollut kovin montaa leffaa, joista olisi tarjolla my\u00f6s 3D-versio, ei kev\u00e4\u00e4ll\u00e4 ennen pandemiaakaan. Mit\u00e4 tapahtui?<\/p>\n\n\n\n<p>Ensin Hollywoodissa huomattiin, ett\u00e4 &#8221;natiivina 3D:n\u00e4&#8221; kuvaaminen, eli syvyysvaikutelman tallentaminen jo kuvauksissa oli oikeastaan turha lis\u00e4kustannus, sanoi Cameron mit\u00e4 tahansa.<\/p>\n\n\n\n<p>Ry\u00f6st\u00f6viljely jatkui, mille tahansa spektaakkelimaisemmalle leffalle tehtiin kev\u00e4\u00e4st\u00e4 2010 alkaen tarvittaessa &#8221;retrofit&#8221;-3D-muunnos. Ei sill\u00e4 v\u00e4li\u00e4, miten elokuva oli leikattu, eli johtiko syvyysvaikutelman lis\u00e4\u00e4minen ennemmin p\u00e4\u00e4ns\u00e4rkyyn kuin vau-kiljahduksiin. 3D houkutti yleis\u00f6\u00e4 ja preemio sulostutti Hollywood-tuottajien tilej\u00e4.<\/p>\n\n\n\n<p>Sitten uutuudenvieh\u00e4tys h\u00e4lveni. Jos teknisesti kunnianhimoista Avataria ei lasketa, oliko keisarilla oikeastaan koskaan vaatteita? (Avatarin ja Liisa ihmemaassa -elokuvan lipunmyyntiluvutkin ovat inflaatiokorjaamattomia, eli ei, Avatar ei koskaan ollut tosiasiallisesti sent\u00e4\u00e4n maailman menestynein elokuva.)<\/p>\n\n\n\n<p>Animaatioita ja supersankarielokuvia tarjoillaan valkokankaille yh\u00e4 3D:n\u00e4, ja mik\u00e4s siin\u00e4. Merkitt\u00e4v\u00e4 osa supersankarielokuvien kohtauksista \u2013 ne toiminnallisemmat \u2013 on rakennettu tietokoneella animaatioita ja kuvattuja osuuksia yhdistellen. Toki 3D siihen sopii. Vuonna 2019 Suomeen tuotiin viel\u00e4 21 elokuvasta my\u00f6s 3D-versio.<\/p>\n\n\n\n<p>Ei 3D kuollut ole. Vuonna 2019 <a href=\"https:\/\/www.boxofficepro.com\/mpa-2019-global-box-office-and-home-entertainment-surpasses-100-billion\/\" target=\"_blank\" rel=\"noopener\">maailman elokuvalipputuloista viel\u00e4 15 prosenttia<\/a> tuli 3D-elokuvista. L\u00e4nsimaissa lasku on ollut kuitenkin rajumpaa. Kun buumin huippuvuonna 2010 Yhdysvalloissa 21 prosenttia lipputuloista tuli 3D-leffoista \u2013 vaikkei teknologia ollut edes levinnyt kuin edistyneimpiin elokuvateattereihin \u2013 viime vuosina luku on ollut kymmenen prosentin luokkaa. Tuostakin osuudesta on saatu kiitt\u00e4\u00e4 l\u00e4hes yksinomaan Marvel-elokuvia, kuten <em>Avengerseja<\/em>, joita toteutettaessa 3D:n mahdollisuudet ja lis\u00e4lipputulot ovat olleet aivan hyv\u00e4ll\u00e4kin tavalla tekij\u00f6iden mieless\u00e4.<\/p>\n\n\n\n<p>Ja toisin sanoen: ainoastaan kaikista suurimpiin elokuviin ja taitavimmin toteutettuna 3D voi viel\u00e4 tuoda jotain lis\u00e4arvoa osalle sit\u00e4 yleis\u00f6\u00e4, joka ei sen uutuudenvieh\u00e4tyksest\u00e4 en\u00e4\u00e4 maksa.<\/p>\n\n\n\n<p>3D-kuva kiinnostaa eniten siell\u00e4, miss\u00e4 modernit leffateatterit ylip\u00e4\u00e4ns\u00e4 ovat uutuus. Kiinaan ja kehitysmaihin tehd\u00e4\u00e4n edelleen 3D-versioita Hollywood-elokuvista, joita ei muualla stereoskooppisina n\u00e4hd\u00e4.<\/p>\n\n\n\n<p>En muista, milloin olen viimeksi laittanut 3D-lasit silmille. Todenn\u00e4k\u00f6isesti n\u00e4in <em>Alita: Battle Angelin<\/em> 3D-n\u00e4yt\u00f6ksess\u00e4 kev\u00e4\u00e4ll\u00e4 2019. Sit\u00e4 edellist\u00e4 en ainakaan osaa sanoa, enk\u00e4 osaa arvioida 3D:n lis\u00e4arvoa kokemukseen. Luulisin, ett\u00e4 vuoden 2015 ja <em>Mad Max: Fury Roadin<\/em> j\u00e4lkeen olen n\u00e4hnyt puolentusinaa 3D-elokuvaa, tuskin kovin montaa enemp\u00e4\u00e4. My\u00f6nnet\u00e4\u00e4n, etten ole supersankarielokuvien seuraaja \u2013 tosin ei niit\u00e4k\u00e4\u00e4n ole pakko juuri 3D:n\u00e4 katsoa, normin\u00e4yt\u00f6ksi\u00e4kin on.<\/p>\n\n\n\n<p>Totta kai oli hyv\u00e4\u00e4 ja huonoa 3D:t\u00e4. Avatarissa ja esimerkiksi Wendersin <em>Pinassa<\/em> stereoskooppisuus oli elimellinen osa elokuvaa. Siihen oli syyns\u00e4, ett\u00e4 Avatar teki poikkeuksellisen vaikutuksen yleis\u00f6\u00f6n. My\u00f6s vaikkapa Fury Roadissa stereoskooppisuus ainakin toimi.<\/p>\n\n\n\n<p>En silti ole luoja paratkoon kertaakaan ajatellut, ett\u00e4 olisipa kiva p\u00e4\u00e4st\u00e4 3D-elokuviin. En 2010, 2015, enk\u00e4 nyt.<\/p>\n\n\n\n<p>TechCrunchin jutussa asia summattiin jo muutama vuosi sitten aika hyvin, <a href=\"https:\/\/techcrunch.com\/2018\/04\/05\/3d-movie-box-office-totals-take-another-dive\/?guccounter=1&amp;guce_referrer=aHR0cHM6Ly93d3cuZ29vZ2xlLmNvbS8&amp;guce_referrer_sig=AQAAAILXR-3MOfLyLF_DKIJUkY3HduxG-AZbUce138sibcBJM5zKoCTzilcX-YbAUtccE_lsHBp-EQqHalNI9YNOuIcX_S40dvgVPXonqTpgJjOKo7yddwmjEojmuux7LCsgClEz2fDRQTtMBNOJbSycPuyxxCqtowg9RCrcPxX7xVJy\" target=\"_blank\" rel=\"noopener\">joskin julmasti.<\/a> <em>&#8221;3D is expensive, uncomfortable, degrades the quality of the picture, rarely adds anything to a film and, in fact, is often bolted on after the fact in post-production. (CG films, more easily converted and aimed at a younger crowd, are an exception.) 3D TVs failed, 3D gaming failed, VR\u2019s special take on 3D is at the very least failing to succeed \u2013 so why not 3D film?&#8221;<\/em><\/p>\n\n\n\n<p>Ehk\u00e4 Cameron nostaa 3D:n uudelle tasolle Avatar-jatko-osillaan. Ensimm\u00e4inen niist\u00e4 tulee levitykseen kahden vuoden kuluttua, jouluksi 2022.<\/p>\n\n\n\n<p>Jos siin\u00e4 olisi <em>uutta<\/em> syvyytt\u00e4.<\/p>\n\n\n\n<p>Onkohan se seuraava 3D-elokuva, jonka n\u00e4en elokuvateatterissa?<\/p>\n\n\n","protected":false},"excerpt":{"rendered":"<p>Kymmenen vuotta sitten, vuoden 2010 lopulla, elokuvan tulevaisuus n\u00e4ytti t\u00e4lt\u00e4. Maailman menestynein elokuva, jouluksi 2009 valmistunut Avatar oli todistanut: yleis\u00f6 haluaa 3D:t\u00e4, stereoskooppista kuvaa. Kev\u00e4\u00e4ll\u00e4 2010 asiasta saatiin toinen kiistaton todiste, kun Tim<br \/>\nBurtoni&hellip;<\/p>\n","protected":false},"author":144,"featured_media":0,"comment_status":"open","ping_status":"closed","sticky":false,"template":"","format":"standard","meta":{"_acf_changed":false,"asauth_required_access_level":3,"asauth_cansharepaid":"true","om_header_attributes":[],"footnotes":"","om_featured_image_focal_point":[],"om_primary_tag":0,"om_contributors":[],"om_co_authors":[],"beyondwords_generate_audio":"","beyondwords_project_id":"","beyondwords_content_id":"","beyondwords_preview_token":"","beyondwords_player_content":"","beyondwords_player_style":"","beyondwords_language_code":"","beyondwords_language_id":"","beyondwords_title_voice_id":"","beyondwords_body_voice_id":"","beyondwords_summary_voice_id":"","beyondwords_error_message":"","beyondwords_disabled":"","beyondwords_delete_content":"","beyondwords_podcast_id":"","beyondwords_hash":"","publish_post_to_speechkit":"","speechkit_hash":"","speechkit_generate_audio":"","speechkit_project_id":"","speechkit_podcast_id":"","speechkit_error_message":"","speechkit_disabled":"","speechkit_access_key":"","speechkit_error":"","speechkit_info":"","speechkit_response":"","speechkit_retries":"","speechkit_status":"","speechkit_updated_at":"","_speechkit_link":"","_speechkit_text":""},"categories":[1],"tags":[25,110],"class_list":["post-5547","post","type-post","status-publish","format-standard","hentry","category-kuvien-takaa","tag-3d","tag-elokuvateollisuus"],"om_views":null,"acf":{"tuuma_off":false,"tuuma_kysymys":"","tuuma_vastaus":""},"asauth":{"required_access_level":1,"share_token":"","is_paid":false},"yoast_head":"<!-- This site is optimized with the Yoast SEO plugin v26.4 - https:\/\/yoast.com\/wordpress\/plugins\/seo\/ -->\n<title>Olipa kerran 3D-elokuva \u2013 j\u00e4ik\u00f6 mit\u00e4\u00e4n silm\u00e4\u00e4n? - Kuvien takaa<\/title>\n<meta name=\"description\" content=\"Stereoskooppisuuden piti muuttaa elokuvan historia. Hieman laihalta n\u00e4ytt\u00e4\u00e4 nyt, kymmenen vuotta my\u00f6hemmin. Miss\u00e4 syvyys?\" \/>\n<meta name=\"robots\" content=\"index, follow, max-snippet:-1, max-image-preview:large, max-video-preview:-1\" \/>\n<link rel=\"canonical\" href=\"https:\/\/suomenkuvalehti.fi\/kuvien-takaa\/olipa-kerran-3d-elokuva-jaiko-mitaan-silmaan\/\" \/>\n<meta property=\"og:locale\" content=\"fi_FI\" \/>\n<meta property=\"og:type\" content=\"article\" \/>\n<meta property=\"og:title\" content=\"Olipa kerran 3D-elokuva \u2013 j\u00e4ik\u00f6 mit\u00e4\u00e4n silm\u00e4\u00e4n? - Kuvien takaa\" \/>\n<meta property=\"og:description\" content=\"Stereoskooppisuuden piti muuttaa elokuvan historia. Hieman laihalta n\u00e4ytt\u00e4\u00e4 nyt, kymmenen vuotta my\u00f6hemmin. Miss\u00e4 syvyys?\" \/>\n<meta property=\"og:url\" content=\"https:\/\/suomenkuvalehti.fi\/kuvien-takaa\/olipa-kerran-3d-elokuva-jaiko-mitaan-silmaan\/\" \/>\n<meta property=\"og:site_name\" content=\"Kuvien takaa\" \/>\n<meta property=\"article:author\" content=\"https:\/\/www.facebook.com\/pages\/Kalle-Kinnunen-Kuvien-takaa\/190326157715410?fref=ts\" \/>\n<meta property=\"article:published_time\" content=\"2020-12-23T10:27:39+00:00\" \/>\n<meta property=\"article:modified_time\" content=\"2020-12-23T10:52:23+00:00\" \/>\n<meta property=\"og:image\" content=\"https:\/\/suomenkuvalehti.fi\/kuvien-takaa\/wp-content\/uploads\/sites\/11\/2022\/04\/kalle_kinnunen_blogi-1-scaled.jpg\" \/>\n\t<meta property=\"og:image:width\" content=\"2560\" \/>\n\t<meta property=\"og:image:height\" content=\"1707\" \/>\n\t<meta property=\"og:image:type\" content=\"image\/jpeg\" \/>\n<meta name=\"author\" content=\"Kalle Kinnunen\" \/>\n<meta name=\"twitter:card\" content=\"summary_large_image\" \/>\n<meta name=\"twitter:creator\" content=\"@https:\/\/twitter.com\/kallekinnunen\" \/>\n<meta name=\"twitter:label1\" content=\"Written by\" \/>\n\t<meta name=\"twitter:data1\" content=\"Kalle Kinnunen\" \/>\n\t<meta name=\"twitter:label2\" content=\"Est. reading time\" \/>\n\t<meta name=\"twitter:data2\" content=\"4 minuuttia\" \/>\n<script type=\"application\/ld+json\" class=\"yoast-schema-graph\">{\"@context\":\"https:\/\/schema.org\",\"@graph\":[{\"@type\":\"WebPage\",\"@id\":\"https:\/\/suomenkuvalehti.fi\/kuvien-takaa\/olipa-kerran-3d-elokuva-jaiko-mitaan-silmaan\/\",\"url\":\"https:\/\/suomenkuvalehti.fi\/kuvien-takaa\/olipa-kerran-3d-elokuva-jaiko-mitaan-silmaan\/\",\"name\":\"Olipa kerran 3D-elokuva \u2013 j\u00e4ik\u00f6 mit\u00e4\u00e4n silm\u00e4\u00e4n? - Kuvien takaa\",\"isPartOf\":{\"@id\":\"https:\/\/suomenkuvalehti.fi\/kuvien-takaa\/#website\"},\"datePublished\":\"2020-12-23T10:27:39+00:00\",\"dateModified\":\"2020-12-23T10:52:23+00:00\",\"author\":{\"@id\":\"https:\/\/suomenkuvalehti.fi\/kuvien-takaa\/#\/schema\/person\/f3f657e4ad409e008f12af27bec60a23\"},\"description\":\"Stereoskooppisuuden piti muuttaa elokuvan historia. Hieman laihalta n\u00e4ytt\u00e4\u00e4 nyt, kymmenen vuotta my\u00f6hemmin. Miss\u00e4 syvyys?\",\"breadcrumb\":{\"@id\":\"https:\/\/suomenkuvalehti.fi\/kuvien-takaa\/olipa-kerran-3d-elokuva-jaiko-mitaan-silmaan\/#breadcrumb\"},\"inLanguage\":\"fi\",\"potentialAction\":[{\"@type\":\"ReadAction\",\"target\":[\"https:\/\/suomenkuvalehti.fi\/kuvien-takaa\/olipa-kerran-3d-elokuva-jaiko-mitaan-silmaan\/\"]}]},{\"@type\":\"BreadcrumbList\",\"@id\":\"https:\/\/suomenkuvalehti.fi\/kuvien-takaa\/olipa-kerran-3d-elokuva-jaiko-mitaan-silmaan\/#breadcrumb\",\"itemListElement\":[{\"@type\":\"ListItem\",\"position\":1,\"name\":\"Home\",\"item\":\"https:\/\/suomenkuvalehti.fi\/kuvien-takaa\/\"},{\"@type\":\"ListItem\",\"position\":2,\"name\":\"Olipa kerran 3D-elokuva \u2013 j\u00e4ik\u00f6 mit\u00e4\u00e4n silm\u00e4\u00e4n?\"}]},{\"@type\":\"WebSite\",\"@id\":\"https:\/\/suomenkuvalehti.fi\/kuvien-takaa\/#website\",\"url\":\"https:\/\/suomenkuvalehti.fi\/kuvien-takaa\/\",\"name\":\"Kuvien takaa\",\"description\":\"Elokuvakriitikko Kalle Kinnusen elokuvablogi.\",\"potentialAction\":[{\"@type\":\"SearchAction\",\"target\":{\"@type\":\"EntryPoint\",\"urlTemplate\":\"https:\/\/suomenkuvalehti.fi\/haku\/?q={search_term_string}\"},\"query-input\":{\"@type\":\"PropertyValueSpecification\",\"valueRequired\":true,\"valueName\":\"search_term_string\"}}],\"inLanguage\":\"fi\"},{\"@type\":\"Person\",\"@id\":\"https:\/\/suomenkuvalehti.fi\/kuvien-takaa\/#\/schema\/person\/f3f657e4ad409e008f12af27bec60a23\",\"name\":\"Kalle Kinnunen\",\"image\":{\"@type\":\"ImageObject\",\"inLanguage\":\"fi\",\"@id\":\"https:\/\/suomenkuvalehti.fi\/kuvien-takaa\/#\/schema\/person\/image\/\",\"url\":\"https:\/\/suomenkuvalehti.fi\/kuvien-takaa\/wp-content\/uploads\/sites\/11\/2022\/04\/kalle_kinnunen_blogi-1-150x150.jpg\",\"contentUrl\":\"https:\/\/suomenkuvalehti.fi\/kuvien-takaa\/wp-content\/uploads\/sites\/11\/2022\/04\/kalle_kinnunen_blogi-1-150x150.jpg\",\"caption\":\"Kalle Kinnunen\"},\"description\":\"Kalle Kinnunen on vapaa toimittaja ja Suomen Kuvalehden avustaja.\",\"sameAs\":[\"https:\/\/www.facebook.com\/pages\/Kalle-Kinnunen-Kuvien-takaa\/190326157715410?fref=ts\",\"https:\/\/x.com\/https:\/\/twitter.com\/kallekinnunen\"]}]}<\/script>\n<!-- \/ Yoast SEO plugin. -->","yoast_head_json":{"title":"Olipa kerran 3D-elokuva \u2013 j\u00e4ik\u00f6 mit\u00e4\u00e4n silm\u00e4\u00e4n? - Kuvien takaa","description":"Stereoskooppisuuden piti muuttaa elokuvan historia. Hieman laihalta n\u00e4ytt\u00e4\u00e4 nyt, kymmenen vuotta my\u00f6hemmin. Miss\u00e4 syvyys?","robots":{"index":"index","follow":"follow","max-snippet":"max-snippet:-1","max-image-preview":"max-image-preview:large","max-video-preview":"max-video-preview:-1"},"canonical":"https:\/\/suomenkuvalehti.fi\/kuvien-takaa\/olipa-kerran-3d-elokuva-jaiko-mitaan-silmaan\/","og_locale":"fi_FI","og_type":"article","og_title":"Olipa kerran 3D-elokuva \u2013 j\u00e4ik\u00f6 mit\u00e4\u00e4n silm\u00e4\u00e4n? - Kuvien takaa","og_description":"Stereoskooppisuuden piti muuttaa elokuvan historia. Hieman laihalta n\u00e4ytt\u00e4\u00e4 nyt, kymmenen vuotta my\u00f6hemmin. Miss\u00e4 syvyys?","og_url":"https:\/\/suomenkuvalehti.fi\/kuvien-takaa\/olipa-kerran-3d-elokuva-jaiko-mitaan-silmaan\/","og_site_name":"Kuvien takaa","article_author":"https:\/\/www.facebook.com\/pages\/Kalle-Kinnunen-Kuvien-takaa\/190326157715410?fref=ts","article_published_time":"2020-12-23T10:27:39+00:00","article_modified_time":"2020-12-23T10:52:23+00:00","og_image":[{"width":2560,"height":1707,"url":"https:\/\/suomenkuvalehti.fi\/kuvien-takaa\/wp-content\/uploads\/sites\/11\/2022\/04\/kalle_kinnunen_blogi-1-scaled.jpg","type":"image\/jpeg"}],"author":"Kalle Kinnunen","twitter_card":"summary_large_image","twitter_creator":"@https:\/\/twitter.com\/kallekinnunen","twitter_misc":{"Written by":"Kalle Kinnunen","Est. reading time":"4 minuuttia"},"schema":{"@context":"https:\/\/schema.org","@graph":[{"@type":"WebPage","@id":"https:\/\/suomenkuvalehti.fi\/kuvien-takaa\/olipa-kerran-3d-elokuva-jaiko-mitaan-silmaan\/","url":"https:\/\/suomenkuvalehti.fi\/kuvien-takaa\/olipa-kerran-3d-elokuva-jaiko-mitaan-silmaan\/","name":"Olipa kerran 3D-elokuva \u2013 j\u00e4ik\u00f6 mit\u00e4\u00e4n silm\u00e4\u00e4n? - Kuvien takaa","isPartOf":{"@id":"https:\/\/suomenkuvalehti.fi\/kuvien-takaa\/#website"},"datePublished":"2020-12-23T10:27:39+00:00","dateModified":"2020-12-23T10:52:23+00:00","author":{"@id":"https:\/\/suomenkuvalehti.fi\/kuvien-takaa\/#\/schema\/person\/f3f657e4ad409e008f12af27bec60a23"},"description":"Stereoskooppisuuden piti muuttaa elokuvan historia. Hieman laihalta n\u00e4ytt\u00e4\u00e4 nyt, kymmenen vuotta my\u00f6hemmin. Miss\u00e4 syvyys?","breadcrumb":{"@id":"https:\/\/suomenkuvalehti.fi\/kuvien-takaa\/olipa-kerran-3d-elokuva-jaiko-mitaan-silmaan\/#breadcrumb"},"inLanguage":"fi","potentialAction":[{"@type":"ReadAction","target":["https:\/\/suomenkuvalehti.fi\/kuvien-takaa\/olipa-kerran-3d-elokuva-jaiko-mitaan-silmaan\/"]}]},{"@type":"BreadcrumbList","@id":"https:\/\/suomenkuvalehti.fi\/kuvien-takaa\/olipa-kerran-3d-elokuva-jaiko-mitaan-silmaan\/#breadcrumb","itemListElement":[{"@type":"ListItem","position":1,"name":"Home","item":"https:\/\/suomenkuvalehti.fi\/kuvien-takaa\/"},{"@type":"ListItem","position":2,"name":"Olipa kerran 3D-elokuva \u2013 j\u00e4ik\u00f6 mit\u00e4\u00e4n silm\u00e4\u00e4n?"}]},{"@type":"WebSite","@id":"https:\/\/suomenkuvalehti.fi\/kuvien-takaa\/#website","url":"https:\/\/suomenkuvalehti.fi\/kuvien-takaa\/","name":"Kuvien takaa","description":"Elokuvakriitikko Kalle Kinnusen elokuvablogi.","potentialAction":[{"@type":"SearchAction","target":{"@type":"EntryPoint","urlTemplate":"https:\/\/suomenkuvalehti.fi\/haku\/?q={search_term_string}"},"query-input":{"@type":"PropertyValueSpecification","valueRequired":true,"valueName":"search_term_string"}}],"inLanguage":"fi"},{"@type":"Person","@id":"https:\/\/suomenkuvalehti.fi\/kuvien-takaa\/#\/schema\/person\/f3f657e4ad409e008f12af27bec60a23","name":"Kalle Kinnunen","image":{"@type":"ImageObject","inLanguage":"fi","@id":"https:\/\/suomenkuvalehti.fi\/kuvien-takaa\/#\/schema\/person\/image\/","url":"https:\/\/suomenkuvalehti.fi\/kuvien-takaa\/wp-content\/uploads\/sites\/11\/2022\/04\/kalle_kinnunen_blogi-1-150x150.jpg","contentUrl":"https:\/\/suomenkuvalehti.fi\/kuvien-takaa\/wp-content\/uploads\/sites\/11\/2022\/04\/kalle_kinnunen_blogi-1-150x150.jpg","caption":"Kalle Kinnunen"},"description":"Kalle Kinnunen on vapaa toimittaja ja Suomen Kuvalehden avustaja.","sameAs":["https:\/\/www.facebook.com\/pages\/Kalle-Kinnunen-Kuvien-takaa\/190326157715410?fref=ts","https:\/\/x.com\/https:\/\/twitter.com\/kallekinnunen"]}]}},"_links":{"self":[{"href":"https:\/\/suomenkuvalehti.fi\/kuvien-takaa\/wp-json\/wp\/v2\/posts\/5547","targetHints":{"allow":["GET"]}}],"collection":[{"href":"https:\/\/suomenkuvalehti.fi\/kuvien-takaa\/wp-json\/wp\/v2\/posts"}],"about":[{"href":"https:\/\/suomenkuvalehti.fi\/kuvien-takaa\/wp-json\/wp\/v2\/types\/post"}],"author":[{"embeddable":true,"href":"https:\/\/suomenkuvalehti.fi\/kuvien-takaa\/wp-json\/wp\/v2\/users\/144"}],"replies":[{"embeddable":true,"href":"https:\/\/suomenkuvalehti.fi\/kuvien-takaa\/wp-json\/wp\/v2\/comments?post=5547"}],"version-history":[{"count":4,"href":"https:\/\/suomenkuvalehti.fi\/kuvien-takaa\/wp-json\/wp\/v2\/posts\/5547\/revisions"}],"predecessor-version":[{"id":5552,"href":"https:\/\/suomenkuvalehti.fi\/kuvien-takaa\/wp-json\/wp\/v2\/posts\/5547\/revisions\/5552"}],"wp:attachment":[{"href":"https:\/\/suomenkuvalehti.fi\/kuvien-takaa\/wp-json\/wp\/v2\/media?parent=5547"}],"wp:term":[{"taxonomy":"category","embeddable":true,"href":"https:\/\/suomenkuvalehti.fi\/kuvien-takaa\/wp-json\/wp\/v2\/categories?post=5547"},{"taxonomy":"post_tag","embeddable":true,"href":"https:\/\/suomenkuvalehti.fi\/kuvien-takaa\/wp-json\/wp\/v2\/tags?post=5547"}],"curies":[{"name":"wp","href":"https:\/\/api.w.org\/{rel}","templated":true}]}}