{"id":5527,"date":"2020-12-01T14:44:22","date_gmt":"2020-12-01T12:44:22","guid":{"rendered":"https:\/\/suomenkuvalehti.fi\/kuvien-takaa\/?p=5527"},"modified":"2020-12-01T15:46:33","modified_gmt":"2020-12-01T13:46:33","slug":"omerta-tarkoittaa-vaikenemisen-lakia","status":"publish","type":"post","link":"https:\/\/suomenkuvalehti.fi\/kuvien-takaa\/omerta-tarkoittaa-vaikenemisen-lakia\/","title":{"rendered":"Omerta tarkoittaa vaikenemisen lakia"},"content":{"rendered":"\n<p>Ymm\u00e4rr\u00e4n hyvin, ett\u00e4 elokuvaa teht\u00e4ess\u00e4 tarvitaan ty\u00f6rauha. Silti on ironista, ett\u00e4 elokuvan nimi sattuu olemaan <em>Omerta<\/em>, kun sen tuotannon ajautuminen aivan poikkeukselliseen jamaan on asia, josta virallisesti ei kerrota muuta kuin ohjaajanvaihdos, mutta josta lehdet saavat isoja otsikoita ja josta koko Suomen elokuva-ala kuiskii h\u00e4mmennyksen vallassa.<\/p>\n\n\n\n<p>Omerta on lajissaan Suomen historian mittavimpia hankkeita: l\u00e4hdettiin tekem\u00e4\u00e4n kerralla kahta suurelokuvaa ja kuusiosaista tv-sarjaa. Pohjana on <strong>Ilkka Remeksen<\/strong> menestysromaani, jossa serbiterroristit hy\u00f6kk\u00e4\u00e4v\u00e4t itsen\u00e4isyysp\u00e4iv\u00e4n juhliin presidentinlinnaan. My\u00f6s kansainv\u00e4liseen levitykseen t\u00e4hd\u00e4nneen hankkeen kokonaisbudjetti on jonkin verran alle kymmenen miljoonaa euroa.<\/p>\n\n\n\n<p>Kuvaukset alkoivat lokakuun alussa.<\/p>\n\n\n\n<p>Omertan <em>primus motor<\/em>, ohjaaja-tuottaja <strong>Antti J. Jokinen<\/strong> astui yll\u00e4tt\u00e4en sivuun muutamaa viikkoa my\u00f6hemmin. Asiasta kertoi ensimm\u00e4isen\u00e4 <a href=\"https:\/\/www.is.fi\/tv-ja-elokuvat\/art-2000007622519.html\" target=\"_blank\" rel=\"noopener\">Ilta-Sanomat<\/a>.<\/p>\n\n\n\n<p><a href=\"https:\/\/www.hs.fi\/kulttuuri\/art-2000007648111.html\" target=\"_blank\" rel=\"noopener\">Helsingin Sanomien jutussa<\/a> ty\u00f6ryhm\u00e4n j\u00e4senet kertovat, ett\u00e4 &#8221;Antti J. Jokisen ty\u00f6kyky heikentyi ennen sairauslomaa ja h\u00e4nen johtamissaan kuvauksissa oli joitakin vaaratilanteita. Niiden vuoksi kuvaus keskeytettiin kyseisin\u00e4 p\u00e4ivin\u00e4\u201d.<\/p>\n\n\n\n<p><a href=\"https:\/\/www.hs.fi\/kulttuuri\/art-2000007648487.html\" target=\"_blank\" rel=\"noopener\">Tuuraajaksi tuli<\/a> kaikessa hiljaisuudessa <a href=\"https:\/\/www.is.fi\/viihde\/art-2000007269303.html\" target=\"_blank\" rel=\"noopener\">viimeist\u00e4\u00e4n marraskuun alkupuolella<\/a> <strong>Aku Louhimies<\/strong>, joka on jatkanut pestiss\u00e4.<\/p>\n\n\n\n<p><a href=\"https:\/\/www.elokuvauutiset.fi\/site\/artikkelit\/9459-ohjaaja-on-vaihtunut-kesken-tuotannon-vain-muutaman-kerran-suomalaisen-elokuvan-historiassa?fbclid=IwAR34_7QQ7deyTCo2va9I4dZfZ-vQ_5Bh77nshLBxj_tsfjIr09tXqPWthhg\" target=\"_blank\" rel=\"noopener\">On todella, todella harvinaista<\/a>, ett\u00e4 ohjaaja vaihtuu kesken kuvausten.<\/p>\n\n\n\n<p>Kuvausaikataulujen muuttumisen vuoksi my\u00f6s suurelokuvan useita n\u00e4yttelij\u00f6it\u00e4 joudutaan vaihtamaan. Viime viikolla kuvauksista otettiiin muutosten vuoksi poikkeuksellinen ja kallis tauko, tuotannollinen aikalis\u00e4.<\/p>\n\n\n\n<p>Eih\u00e4n t\u00e4llaista tapahdu. Miss\u00e4 menn\u00e4\u00e4n?<\/p>\n\n\n\n<p>Kuvaukset ovat stressaavia ja niiden aikana vastuu on etenkin ohjaajalla. Elokuvaohjaajan ja lennonjohtajan t\u00f6iden paineista on esitetty vertauksia. Omertan, suomalaisittain todella kalliin toimintaelokuvan jokainen kuvausp\u00e4iv\u00e4 maksaa siis useita kymmeni\u00e4 tuhansia euroja, jotkut yksitt\u00e4iset p\u00e4iv\u00e4t varmaankin sata tuhatta. Elokuvabudjeteissa on ik\u00e4vi\u00e4 yll\u00e4tyksi\u00e4 varten vain hitunen joustovaraa. Kun t\u00f6iss\u00e4 on jopa sata ihmist\u00e4 ja kalustokulut mittavia, v\u00e4lip\u00e4ivi\u00e4 ei noin vain pidet\u00e4, vaan duunia painetaan. Mik\u00e4li ohjaajan ty\u00f6kyvyn alenemisen aiheuttamien vaaratilanteiden vuoksi on jouduttu keskeytt\u00e4m\u00e4\u00e4n p\u00e4ivi\u00e4, kuten Hesarin l\u00e4hteet kertovat, puhutaan aikamoisista vaikeuksista.<\/p>\n\n\n\n<p>Suomalaisen elokuvan l\u00e4hihistoriassa tunnetaan toki kuvauksia, joiden aikana nimek\u00e4s ohjaaja on niin sanotun itseaiheutetun huonovointisuuden vuoksi pit\u00e4nyt p\u00e4iv\u00e4n pari taukoa ja esimerkiksi kuvaaja on suorittanut ohjaajan teht\u00e4v\u00e4t. Tai eih\u00e4n niit\u00e4 \u201dtunneta\u201d, koska niist\u00e4 vain kuiskittiin ja keissit painettiin villaisella. Suomen elokuva-ala on ammattimaistunut viimeisen parinkymmenen vuoden ajan valtavasti, etenkin 2010-luvulla. Luulin, ett\u00e4 t\u00e4llainen sekoilu on lopetettu.<\/p>\n\n\n\n<p>Tuotantoyhti\u00f6 Cinematic on kertonut v\u00e4h\u00e4sanaisesti Jokisen sairastumisesta, mik\u00e4 luonnollisesti her\u00e4tt\u00e4\u00e4 kysymyksi\u00e4, ei vain sit\u00e4 kysymyst\u00e4, eik\u00f6 yhti\u00f6ll\u00e4 ole varaa kriisiviestint\u00e4konsulttiin.<\/p>\n\n\n\n<p>Mik\u00e4li kirjoittaa verkkohakukoneeseen \u201dAntti Jokinen tissuttelee\u201d, ei ehk\u00e4 saa kysymyksiin vastauksia, mutta ainakin saa luettavakseen <a href=\"https:\/\/www.iskelma.fi\/uutiset\/viihde\/a-125124\" target=\"_blank\" rel=\"noopener\">muutaman vuoden takaisen v\u00e4rikk\u00e4\u00e4n jutun<\/a>.<\/p>\n\n\n\n<p>&#8221;Ohjaajavuosien aikana Antti J. Jokisesta on liikkunut urbaaneja legendoja alalla. Miehen juomistottumuksia on kuvailtu useasti siten, ett\u00e4 elokuvia kuvataan punaviinilasi k\u00e4dess\u00e4&#8221;, ja niin edelleen. Jutussa Jokinen my\u00f6nt\u00e4\u00e4 metodin, l\u00e4p\u00e4ll\u00e4 tai ei. (Vuosi tuon jutun julkaisun j\u00e4lkeen Jokisen ty\u00f6t loppuivat kesken <em>Bullets<\/em>-sarjan tuotannon alkusuoralla. Ohjaaja vaihtui yll\u00e4tt\u00e4en.)<\/p>\n\n\n\n<p>Cinematic-yhti\u00f6n p\u00e4\u00e4omistajia ovat Jokinen ja <strong>Mikko Kodisoja<\/strong>. Kukin saa tehd\u00e4 rahoillaan mit\u00e4 haluaa, kunhan nyt ei hirve\u00e4sti vaaratilanteita aiheuta. Julkista rahaa Omertassa on kuitenkin ainakin <a href=\"https:\/\/ses.fi\/elokuva\/6-12\/\" target=\"_blank\" rel=\"noopener\">Suomen elokuvas\u00e4\u00e4ti\u00f6n 800 000 euron tuki<\/a>, joka on my\u00f6nnetty nimenomaan ykk\u00f6selokuvaan, jonka erikseen laskettu budjettiosuus oli jo yksin 5,3 miljoonaa euroa.<\/p>\n\n\n\n<p>Omerta-kokonaisuudesta ei ole kuvattu viel\u00e4 puoliakaan. Nyt n\u00e4ytt\u00e4\u00e4 silt\u00e4, ett\u00e4 Louhimies vie sen loppuun. H\u00e4nell\u00e4 on <em>Tuntemattoman sotilaan<\/em> ja pitk\u00e4n ty\u00f6uran perusteella t\u00e4llaisen hankkeen l\u00e4piviemiseen Suomen laajinta kokemusta. Sattumoisin Louhimiehell\u00e4 itsell\u00e4\u00e4nkin on ollut aie tehd\u00e4 Remes-filmatisointi <a href=\"https:\/\/yle.fi\/uutiset\/3-10893042\" target=\"_blank\" rel=\"noopener\">J\u00e4\u00e4tyv\u00e4st\u00e4 helvetist\u00e4<\/a>.<\/p>\n\n\n\n<p>N\u00e4ytt\u00e4isi silt\u00e4, ett\u00e4 tuotanto sin\u00e4ns\u00e4 saadaan nyt takaisin raiteille. Ajalta, jona Louhimies on jo Omertaa ohjannut, ei tuotannosta ole tullut julki kummallisuuksia. (Sellaiseksi ei voi laskea <strong>Ville Virtasen<\/strong> t\u00e4ysin perusteltua <a href=\"https:\/\/www.hs.fi\/kulttuuri\/art-2000007648487.html\" target=\"_blank\" rel=\"noopener\">halua valita ty\u00f6toverinsa<\/a> ja -yhteis\u00f6ns\u00e4.)<\/p>\n\n\n\n<p>N\u00e4ytt\u00e4isi my\u00f6s silt\u00e4, ett\u00e4 raiteille saamista varten k\u00e4sikirjoitus ja tuotantosuunnitelma on jouduttu panemaan uusiksi.<\/p>\n\n\n\n<p>Ett\u00e4 ei tulekaan kahta elokuvaa, vaan yksi. Ett\u00e4 lopullisen elokuvan laadusta ja menestyksest\u00e4 riippumatta Omertan tekemisest\u00e4 jo tuli elokuva-alalla todellinen legenda.<\/p>\n\n\n","protected":false},"excerpt":{"rendered":"<p>Ymm\u00e4rr\u00e4n hyvin, ett\u00e4 elokuvaa teht\u00e4ess\u00e4 tarvitaan ty\u00f6rauha. Silti on ironista, ett\u00e4 elokuvan nimi sattuu olemaan Omerta, kun sen tuotannon ajautuminen aivan poikkeukselliseen jamaan on asia, josta virallisesti ei kerrota muuta kuin ohjaajanvaihdos, mutta josta lehdet saavat isoja<br \/>\notsiko&hellip;<\/p>\n","protected":false},"author":144,"featured_media":0,"comment_status":"open","ping_status":"closed","sticky":false,"template":"","format":"standard","meta":{"_acf_changed":false,"asauth_required_access_level":3,"asauth_cansharepaid":"true","om_header_attributes":[],"footnotes":"","om_featured_image_focal_point":[],"om_primary_tag":0,"om_contributors":[],"om_co_authors":[],"beyondwords_generate_audio":"","beyondwords_project_id":"","beyondwords_content_id":"","beyondwords_preview_token":"","beyondwords_player_content":"","beyondwords_player_style":"","beyondwords_language_code":"","beyondwords_language_id":"","beyondwords_title_voice_id":"","beyondwords_body_voice_id":"","beyondwords_summary_voice_id":"","beyondwords_error_message":"","beyondwords_disabled":"","beyondwords_delete_content":"","beyondwords_podcast_id":"","beyondwords_hash":"","publish_post_to_speechkit":"","speechkit_hash":"","speechkit_generate_audio":"","speechkit_project_id":"","speechkit_podcast_id":"","speechkit_error_message":"","speechkit_disabled":"","speechkit_access_key":"","speechkit_error":"","speechkit_info":"","speechkit_response":"","speechkit_retries":"","speechkit_status":"","speechkit_updated_at":"","_speechkit_link":"","_speechkit_text":""},"categories":[1],"tags":[8,2723,2720],"class_list":["post-5527","post","type-post","status-publish","format-standard","hentry","category-kuvien-takaa","tag-antti-j-jokinen","tag-cinematic","tag-omerta"],"om_views":null,"acf":{"tuuma_off":false,"tuuma_kysymys":"","tuuma_vastaus":""},"asauth":{"required_access_level":1,"share_token":"","is_paid":false},"yoast_head":"<!-- This site is optimized with the Yoast SEO plugin v26.4 - https:\/\/yoast.com\/wordpress\/plugins\/seo\/ -->\n<title>Omerta tarkoittaa vaikenemisen lakia - Kuvien takaa<\/title>\n<meta name=\"description\" content=\"Mit\u00e4 Ilkka Remes -suurelokuva Omertan julkisuuteen tulleet tuotantovaikeudet ja outo ohjaajanvaihdos oikein tarkoittavat?\" \/>\n<meta name=\"robots\" content=\"index, follow, max-snippet:-1, max-image-preview:large, max-video-preview:-1\" \/>\n<link rel=\"canonical\" href=\"https:\/\/suomenkuvalehti.fi\/kuvien-takaa\/omerta-tarkoittaa-vaikenemisen-lakia\/\" \/>\n<meta property=\"og:locale\" content=\"fi_FI\" \/>\n<meta property=\"og:type\" content=\"article\" \/>\n<meta property=\"og:title\" content=\"Omerta tarkoittaa vaikenemisen lakia - Kuvien takaa\" \/>\n<meta property=\"og:description\" content=\"Mit\u00e4 Ilkka Remes -suurelokuva Omertan julkisuuteen tulleet tuotantovaikeudet ja outo ohjaajanvaihdos oikein tarkoittavat?\" \/>\n<meta property=\"og:url\" content=\"https:\/\/suomenkuvalehti.fi\/kuvien-takaa\/omerta-tarkoittaa-vaikenemisen-lakia\/\" \/>\n<meta property=\"og:site_name\" content=\"Kuvien takaa\" \/>\n<meta property=\"article:author\" content=\"https:\/\/www.facebook.com\/pages\/Kalle-Kinnunen-Kuvien-takaa\/190326157715410?fref=ts\" \/>\n<meta property=\"article:published_time\" content=\"2020-12-01T12:44:22+00:00\" \/>\n<meta property=\"article:modified_time\" content=\"2020-12-01T13:46:33+00:00\" \/>\n<meta property=\"og:image\" content=\"https:\/\/suomenkuvalehti.fi\/kuvien-takaa\/wp-content\/uploads\/sites\/11\/2022\/04\/kalle_kinnunen_blogi-1-scaled.jpg\" \/>\n\t<meta property=\"og:image:width\" content=\"2560\" \/>\n\t<meta property=\"og:image:height\" content=\"1707\" \/>\n\t<meta property=\"og:image:type\" content=\"image\/jpeg\" \/>\n<meta name=\"author\" content=\"Kalle Kinnunen\" \/>\n<meta name=\"twitter:card\" content=\"summary_large_image\" \/>\n<meta name=\"twitter:creator\" content=\"@https:\/\/twitter.com\/kallekinnunen\" \/>\n<meta name=\"twitter:label1\" content=\"Written by\" \/>\n\t<meta name=\"twitter:data1\" content=\"Kalle Kinnunen\" \/>\n\t<meta name=\"twitter:label2\" content=\"Est. reading time\" \/>\n\t<meta name=\"twitter:data2\" content=\"3 minuuttia\" \/>\n<script type=\"application\/ld+json\" class=\"yoast-schema-graph\">{\"@context\":\"https:\/\/schema.org\",\"@graph\":[{\"@type\":\"WebPage\",\"@id\":\"https:\/\/suomenkuvalehti.fi\/kuvien-takaa\/omerta-tarkoittaa-vaikenemisen-lakia\/\",\"url\":\"https:\/\/suomenkuvalehti.fi\/kuvien-takaa\/omerta-tarkoittaa-vaikenemisen-lakia\/\",\"name\":\"Omerta tarkoittaa vaikenemisen lakia - Kuvien takaa\",\"isPartOf\":{\"@id\":\"https:\/\/suomenkuvalehti.fi\/kuvien-takaa\/#website\"},\"datePublished\":\"2020-12-01T12:44:22+00:00\",\"dateModified\":\"2020-12-01T13:46:33+00:00\",\"author\":{\"@id\":\"https:\/\/suomenkuvalehti.fi\/kuvien-takaa\/#\/schema\/person\/f3f657e4ad409e008f12af27bec60a23\"},\"description\":\"Mit\u00e4 Ilkka Remes -suurelokuva Omertan julkisuuteen tulleet tuotantovaikeudet ja outo ohjaajanvaihdos oikein tarkoittavat?\",\"breadcrumb\":{\"@id\":\"https:\/\/suomenkuvalehti.fi\/kuvien-takaa\/omerta-tarkoittaa-vaikenemisen-lakia\/#breadcrumb\"},\"inLanguage\":\"fi\",\"potentialAction\":[{\"@type\":\"ReadAction\",\"target\":[\"https:\/\/suomenkuvalehti.fi\/kuvien-takaa\/omerta-tarkoittaa-vaikenemisen-lakia\/\"]}]},{\"@type\":\"BreadcrumbList\",\"@id\":\"https:\/\/suomenkuvalehti.fi\/kuvien-takaa\/omerta-tarkoittaa-vaikenemisen-lakia\/#breadcrumb\",\"itemListElement\":[{\"@type\":\"ListItem\",\"position\":1,\"name\":\"Home\",\"item\":\"https:\/\/suomenkuvalehti.fi\/kuvien-takaa\/\"},{\"@type\":\"ListItem\",\"position\":2,\"name\":\"Omerta tarkoittaa vaikenemisen lakia\"}]},{\"@type\":\"WebSite\",\"@id\":\"https:\/\/suomenkuvalehti.fi\/kuvien-takaa\/#website\",\"url\":\"https:\/\/suomenkuvalehti.fi\/kuvien-takaa\/\",\"name\":\"Kuvien takaa\",\"description\":\"Elokuvakriitikko Kalle Kinnusen elokuvablogi.\",\"potentialAction\":[{\"@type\":\"SearchAction\",\"target\":{\"@type\":\"EntryPoint\",\"urlTemplate\":\"https:\/\/suomenkuvalehti.fi\/haku\/?q={search_term_string}\"},\"query-input\":{\"@type\":\"PropertyValueSpecification\",\"valueRequired\":true,\"valueName\":\"search_term_string\"}}],\"inLanguage\":\"fi\"},{\"@type\":\"Person\",\"@id\":\"https:\/\/suomenkuvalehti.fi\/kuvien-takaa\/#\/schema\/person\/f3f657e4ad409e008f12af27bec60a23\",\"name\":\"Kalle Kinnunen\",\"image\":{\"@type\":\"ImageObject\",\"inLanguage\":\"fi\",\"@id\":\"https:\/\/suomenkuvalehti.fi\/kuvien-takaa\/#\/schema\/person\/image\/\",\"url\":\"https:\/\/suomenkuvalehti.fi\/kuvien-takaa\/wp-content\/uploads\/sites\/11\/2022\/04\/kalle_kinnunen_blogi-1-150x150.jpg\",\"contentUrl\":\"https:\/\/suomenkuvalehti.fi\/kuvien-takaa\/wp-content\/uploads\/sites\/11\/2022\/04\/kalle_kinnunen_blogi-1-150x150.jpg\",\"caption\":\"Kalle Kinnunen\"},\"description\":\"Kalle Kinnunen on vapaa toimittaja ja Suomen Kuvalehden avustaja.\",\"sameAs\":[\"https:\/\/www.facebook.com\/pages\/Kalle-Kinnunen-Kuvien-takaa\/190326157715410?fref=ts\",\"https:\/\/x.com\/https:\/\/twitter.com\/kallekinnunen\"]}]}<\/script>\n<!-- \/ Yoast SEO plugin. -->","yoast_head_json":{"title":"Omerta tarkoittaa vaikenemisen lakia - Kuvien takaa","description":"Mit\u00e4 Ilkka Remes -suurelokuva Omertan julkisuuteen tulleet tuotantovaikeudet ja outo ohjaajanvaihdos oikein tarkoittavat?","robots":{"index":"index","follow":"follow","max-snippet":"max-snippet:-1","max-image-preview":"max-image-preview:large","max-video-preview":"max-video-preview:-1"},"canonical":"https:\/\/suomenkuvalehti.fi\/kuvien-takaa\/omerta-tarkoittaa-vaikenemisen-lakia\/","og_locale":"fi_FI","og_type":"article","og_title":"Omerta tarkoittaa vaikenemisen lakia - Kuvien takaa","og_description":"Mit\u00e4 Ilkka Remes -suurelokuva Omertan julkisuuteen tulleet tuotantovaikeudet ja outo ohjaajanvaihdos oikein tarkoittavat?","og_url":"https:\/\/suomenkuvalehti.fi\/kuvien-takaa\/omerta-tarkoittaa-vaikenemisen-lakia\/","og_site_name":"Kuvien takaa","article_author":"https:\/\/www.facebook.com\/pages\/Kalle-Kinnunen-Kuvien-takaa\/190326157715410?fref=ts","article_published_time":"2020-12-01T12:44:22+00:00","article_modified_time":"2020-12-01T13:46:33+00:00","og_image":[{"width":2560,"height":1707,"url":"https:\/\/suomenkuvalehti.fi\/kuvien-takaa\/wp-content\/uploads\/sites\/11\/2022\/04\/kalle_kinnunen_blogi-1-scaled.jpg","type":"image\/jpeg"}],"author":"Kalle Kinnunen","twitter_card":"summary_large_image","twitter_creator":"@https:\/\/twitter.com\/kallekinnunen","twitter_misc":{"Written by":"Kalle Kinnunen","Est. reading time":"3 minuuttia"},"schema":{"@context":"https:\/\/schema.org","@graph":[{"@type":"WebPage","@id":"https:\/\/suomenkuvalehti.fi\/kuvien-takaa\/omerta-tarkoittaa-vaikenemisen-lakia\/","url":"https:\/\/suomenkuvalehti.fi\/kuvien-takaa\/omerta-tarkoittaa-vaikenemisen-lakia\/","name":"Omerta tarkoittaa vaikenemisen lakia - Kuvien takaa","isPartOf":{"@id":"https:\/\/suomenkuvalehti.fi\/kuvien-takaa\/#website"},"datePublished":"2020-12-01T12:44:22+00:00","dateModified":"2020-12-01T13:46:33+00:00","author":{"@id":"https:\/\/suomenkuvalehti.fi\/kuvien-takaa\/#\/schema\/person\/f3f657e4ad409e008f12af27bec60a23"},"description":"Mit\u00e4 Ilkka Remes -suurelokuva Omertan julkisuuteen tulleet tuotantovaikeudet ja outo ohjaajanvaihdos oikein tarkoittavat?","breadcrumb":{"@id":"https:\/\/suomenkuvalehti.fi\/kuvien-takaa\/omerta-tarkoittaa-vaikenemisen-lakia\/#breadcrumb"},"inLanguage":"fi","potentialAction":[{"@type":"ReadAction","target":["https:\/\/suomenkuvalehti.fi\/kuvien-takaa\/omerta-tarkoittaa-vaikenemisen-lakia\/"]}]},{"@type":"BreadcrumbList","@id":"https:\/\/suomenkuvalehti.fi\/kuvien-takaa\/omerta-tarkoittaa-vaikenemisen-lakia\/#breadcrumb","itemListElement":[{"@type":"ListItem","position":1,"name":"Home","item":"https:\/\/suomenkuvalehti.fi\/kuvien-takaa\/"},{"@type":"ListItem","position":2,"name":"Omerta tarkoittaa vaikenemisen lakia"}]},{"@type":"WebSite","@id":"https:\/\/suomenkuvalehti.fi\/kuvien-takaa\/#website","url":"https:\/\/suomenkuvalehti.fi\/kuvien-takaa\/","name":"Kuvien takaa","description":"Elokuvakriitikko Kalle Kinnusen elokuvablogi.","potentialAction":[{"@type":"SearchAction","target":{"@type":"EntryPoint","urlTemplate":"https:\/\/suomenkuvalehti.fi\/haku\/?q={search_term_string}"},"query-input":{"@type":"PropertyValueSpecification","valueRequired":true,"valueName":"search_term_string"}}],"inLanguage":"fi"},{"@type":"Person","@id":"https:\/\/suomenkuvalehti.fi\/kuvien-takaa\/#\/schema\/person\/f3f657e4ad409e008f12af27bec60a23","name":"Kalle Kinnunen","image":{"@type":"ImageObject","inLanguage":"fi","@id":"https:\/\/suomenkuvalehti.fi\/kuvien-takaa\/#\/schema\/person\/image\/","url":"https:\/\/suomenkuvalehti.fi\/kuvien-takaa\/wp-content\/uploads\/sites\/11\/2022\/04\/kalle_kinnunen_blogi-1-150x150.jpg","contentUrl":"https:\/\/suomenkuvalehti.fi\/kuvien-takaa\/wp-content\/uploads\/sites\/11\/2022\/04\/kalle_kinnunen_blogi-1-150x150.jpg","caption":"Kalle Kinnunen"},"description":"Kalle Kinnunen on vapaa toimittaja ja Suomen Kuvalehden avustaja.","sameAs":["https:\/\/www.facebook.com\/pages\/Kalle-Kinnunen-Kuvien-takaa\/190326157715410?fref=ts","https:\/\/x.com\/https:\/\/twitter.com\/kallekinnunen"]}]}},"_links":{"self":[{"href":"https:\/\/suomenkuvalehti.fi\/kuvien-takaa\/wp-json\/wp\/v2\/posts\/5527","targetHints":{"allow":["GET"]}}],"collection":[{"href":"https:\/\/suomenkuvalehti.fi\/kuvien-takaa\/wp-json\/wp\/v2\/posts"}],"about":[{"href":"https:\/\/suomenkuvalehti.fi\/kuvien-takaa\/wp-json\/wp\/v2\/types\/post"}],"author":[{"embeddable":true,"href":"https:\/\/suomenkuvalehti.fi\/kuvien-takaa\/wp-json\/wp\/v2\/users\/144"}],"replies":[{"embeddable":true,"href":"https:\/\/suomenkuvalehti.fi\/kuvien-takaa\/wp-json\/wp\/v2\/comments?post=5527"}],"version-history":[{"count":5,"href":"https:\/\/suomenkuvalehti.fi\/kuvien-takaa\/wp-json\/wp\/v2\/posts\/5527\/revisions"}],"predecessor-version":[{"id":5533,"href":"https:\/\/suomenkuvalehti.fi\/kuvien-takaa\/wp-json\/wp\/v2\/posts\/5527\/revisions\/5533"}],"wp:attachment":[{"href":"https:\/\/suomenkuvalehti.fi\/kuvien-takaa\/wp-json\/wp\/v2\/media?parent=5527"}],"wp:term":[{"taxonomy":"category","embeddable":true,"href":"https:\/\/suomenkuvalehti.fi\/kuvien-takaa\/wp-json\/wp\/v2\/categories?post=5527"},{"taxonomy":"post_tag","embeddable":true,"href":"https:\/\/suomenkuvalehti.fi\/kuvien-takaa\/wp-json\/wp\/v2\/tags?post=5527"}],"curies":[{"name":"wp","href":"https:\/\/api.w.org\/{rel}","templated":true}]}}