{"id":5502,"date":"2020-10-29T09:48:25","date_gmt":"2020-10-29T07:48:25","guid":{"rendered":"https:\/\/suomenkuvalehti.fi\/kuvien-takaa\/?p=5502"},"modified":"2020-10-29T09:52:33","modified_gmt":"2020-10-29T07:52:33","slug":"digitaalisessa-maailmassa-ostamasi-elokuva-ei-sittenkaan-ole-sinun","status":"publish","type":"post","link":"https:\/\/suomenkuvalehti.fi\/kuvien-takaa\/digitaalisessa-maailmassa-ostamasi-elokuva-ei-sittenkaan-ole-sinun\/","title":{"rendered":"Digitaalisessa maailmassa ostamasi elokuva ei sittenk\u00e4\u00e4n ole sinun"},"content":{"rendered":"\n<p>Joskus yli kymmenen vuotta sitten p\u00e4\u00e4tin, etten en\u00e4\u00e4 luovu dvd-levyist\u00e4. Olin jo karsinut kokoelmaani tilan s\u00e4\u00e4st\u00e4miseksi. Luopuminen alkoi tuntua turhalta, etenkin kun levyist\u00e4 ei saanut oikein rahaakaan.<\/p>\n\n\n\n<p>Pakkasin elokuvat ja sarjat mielummin kerroksittain ty\u00f6huoneen hyllyille kuin luovuin juuri mist\u00e4\u00e4n.<\/p>\n\n\n\n<p>Muutama vuosi my\u00f6hemmin kiusaus iski taas, kun suoratoistopalvelut alkoivat parantaa valikoimaansa. Kannattaako mit\u00e4\u00e4n omistaa fyysisesti, kun periaatteessa kaikki olisi pian tarjolla ainakin <em>jossain<\/em> palvelussa, ja ainahan elokuvia voi my\u00f6s ostaa digitaalisesti omaksi?<\/p>\n\n\n\n<p>Niin, onko digitaalinen kopio &#8221;oma&#8221;, etenk\u00e4\u00e4n jos sit\u00e4 ei voi ladata? Kuinka pitk\u00e4\u00e4n se s\u00e4ilyy katsottavana?<\/p>\n\n\n\n<p>Yhdysvalloissa digitaalisen kopion <a href=\"https:\/\/www.hollywoodreporter.com\/thr-esq\/amazon-argues-users-dont-actually-own-purchased-prime-video-content?utm_medium=social&amp;utm_source=twitter\" target=\"_blank\" rel=\"noopener\">omistajuus on taas tapetilla<\/a>.<\/p>\n\n\n\n<p>Amazon on sit\u00e4 mielt\u00e4, ettei Amazon Primest\u00e4 &#8221;omaksi&#8221; ostettu elokuva oikeastaan olekaan kuluttajan oma.<\/p>\n\n\n\n<p>Eik\u00e4 se ole vain mielipide. K\u00e4ytt\u00e4j\u00e4ehdoissa se todetaan. Ostaja saa elokuvan ennalta m\u00e4\u00e4rittelem\u00e4tt\u00f6m\u00e4ksi ajaksi, ja joskus tuo aika p\u00e4\u00e4ttyy. Piste.<\/p>\n\n\n\n<p>Asiaa puidaan ennakoivasti oikeudessa.<\/p>\n\n\n\n<p>Amazonin haastanut <strong>Amanda Caudel<\/strong> tuskin saa &#8221;oikeutta&#8221;. Keissi kuitenkin muistuttaa siit\u00e4, ett\u00e4 digitaalinen &#8221;kopio&#8221; on sopimuksenvarainen <em>ja<\/em> abstrakti k\u00e4site \u2013 etenkin, jos kuluttaja ei voi edes tallentaa sit\u00e4 omalle laitteelleen, vaan se katsotaan striimauksena eli pilvest\u00e4. Ostat unelmaa, pilvenhattaraa, v\u00e4h\u00e4n kuin lomaosakkeen.<\/p>\n\n\n\n<p>T\u00e4m\u00e4 keskustelu on tavallaan saivartelua, koska olemme median kuluttajina jo niin riippuvaisia digitaalisesta teknologiasta \u2013 mik\u00e4\u00e4n ei ole en\u00e4\u00e4 &#8221;pysyv\u00e4\u00e4&#8221; vaan riippuu standardeista.<\/p>\n\n\n\n<p>Silti: mik\u00e4li todella haluaa omistaa ikuisesti, tai nyt edes oman elinik\u00e4ns\u00e4 ajan jotain, ei ehk\u00e4 kannata maksaa &#8221;digitaalisesta sis\u00e4ll\u00f6st\u00e4&#8221;.<\/p>\n\n\n\n<p>Totta kai tilanne on ristiriitainen. Tallenteiden j\u00e4lleenmyyntiarvot ovat erityisi\u00e4 harvinaisuuksia lukuunottamatta alentuneet niin, ett\u00e4 dvd- ja bluray-levyjen ker\u00e4ily on l\u00e4hinn\u00e4 omakohtainen, sin\u00e4ns\u00e4 merkitt\u00e4v\u00e4 <em>kokemus<\/em>. Samaan vyyhtiin kuuluu, ett\u00e4 allekirjoittaneellekin on kertynyt t\u00e4rkeist\u00e4 elokuvista aivan naurettava pino erilaisia julkaisuja \u2013 esimerkiksi <em>Ilmestyskirja nyt<\/em> kolmena eri dvd- ja kahtena eri bluray-painoksena, vaikka se <a href=\"https:\/\/suomenkuvalehti.fi\/kuvien-takaa\/viela-kerran-ilmestyskirja-nyt-coppola-leikkasi-elokuvansa-taas-uusiksi\/?shared=4925-4ed2a533-999\">uusin leikkausversio<\/a> (oli muuten hyv\u00e4!) on viel\u00e4 hankkimatta. &#8221;Jokunen&#8221; erehdyksess\u00e4 ostettu tuplakappalekin aivan samasta julkaisusta l\u00f6ytyy hyllyst\u00e4.<\/p>\n\n\n\n<p>T\u00e4m\u00e4n inhimillisen p\u00e4hk\u00e4ilyn ja ep\u00e4rationaalisuuden p\u00e4\u00e4lle tulee alati muuttuva teknologia.<\/p>\n\n\n\n<p>Blurayta korvaamaan ei sent\u00e4\u00e4n ole tullut kokonaan uutta formaattia. Ehk\u00e4 turvallisinta olisi palata vhs-aikaan ja hankkia varastoon kasa traktorimaisen kest\u00e4vi\u00e4 1980-luvun varhaisvuosien nauhureita. Tai ker\u00e4ill\u00e4 olennaisin taide filmikopioina. Helpompaa on tietysti vain striimata ja unohtaa.<\/p>\n\n\n","protected":false},"excerpt":{"rendered":"<p>Joskus yli kymmenen vuotta sitten p\u00e4\u00e4tin, etten en\u00e4\u00e4 luovu dvd-levyist\u00e4. Olin jo karsinut kokoelmaani tilan s\u00e4\u00e4st\u00e4miseksi. Luopuminen alkoi tuntua turhalta, etenkin kun levyist\u00e4 ei saanut oikein rahaakaan. Pakkasin elokuvat ja sarjat mielummin<br \/>\nkerroksi&hellip;<\/p>\n","protected":false},"author":144,"featured_media":0,"comment_status":"open","ping_status":"closed","sticky":false,"template":"","format":"standard","meta":{"_acf_changed":false,"asauth_required_access_level":3,"asauth_cansharepaid":"true","om_header_attributes":[],"footnotes":"","om_featured_image_focal_point":[],"om_primary_tag":0,"om_contributors":[],"om_co_authors":[],"beyondwords_generate_audio":"","beyondwords_project_id":"","beyondwords_content_id":"","beyondwords_preview_token":"","beyondwords_player_content":"","beyondwords_player_style":"","beyondwords_language_code":"","beyondwords_language_id":"","beyondwords_title_voice_id":"","beyondwords_body_voice_id":"","beyondwords_summary_voice_id":"","beyondwords_error_message":"","beyondwords_disabled":"","beyondwords_delete_content":"","beyondwords_podcast_id":"","beyondwords_hash":"","publish_post_to_speechkit":"","speechkit_hash":"","speechkit_generate_audio":"","speechkit_project_id":"","speechkit_podcast_id":"","speechkit_error_message":"","speechkit_disabled":"","speechkit_access_key":"","speechkit_error":"","speechkit_info":"","speechkit_response":"","speechkit_retries":"","speechkit_status":"","speechkit_updated_at":"","_speechkit_link":"","_speechkit_text":""},"categories":[1],"tags":[2398,136,2054,145],"class_list":["post-5502","post","type-post","status-publish","format-standard","hentry","category-kuvien-takaa","tag-amazon-prime","tag-digitaaliset-tallenteet","tag-kuvatallenteet","tag-striimaus"],"om_views":null,"acf":{"tuuma_off":false,"tuuma_kysymys":"","tuuma_vastaus":""},"asauth":{"required_access_level":1,"share_token":"","is_paid":false},"yoast_head":"<!-- This site is optimized with the Yoast SEO plugin v26.4 - https:\/\/yoast.com\/wordpress\/plugins\/seo\/ -->\n<title>Digitaalisessa maailmassa ostamasi elokuva ei sittenk\u00e4\u00e4n ole sinun - Kuvien takaa<\/title>\n<meta name=\"robots\" content=\"index, follow, max-snippet:-1, max-image-preview:large, max-video-preview:-1\" \/>\n<link rel=\"canonical\" href=\"https:\/\/suomenkuvalehti.fi\/kuvien-takaa\/digitaalisessa-maailmassa-ostamasi-elokuva-ei-sittenkaan-ole-sinun\/\" \/>\n<meta property=\"og:locale\" content=\"fi_FI\" \/>\n<meta property=\"og:type\" content=\"article\" \/>\n<meta property=\"og:title\" content=\"Digitaalisessa maailmassa ostamasi elokuva ei sittenk\u00e4\u00e4n ole sinun - Kuvien takaa\" \/>\n<meta property=\"og:description\" content=\"Joskus yli kymmenen vuotta sitten p\u00e4\u00e4tin, etten en\u00e4\u00e4 luovu dvd-levyist\u00e4. Olin jo karsinut kokoelmaani tilan s\u00e4\u00e4st\u00e4miseksi. Luopuminen alkoi tuntua turhalta, etenkin kun levyist\u00e4 ei saanut oikein rahaakaan. Pakkasin elokuvat ja sarjat mielummin kerroksi&hellip;\" \/>\n<meta property=\"og:url\" content=\"https:\/\/suomenkuvalehti.fi\/kuvien-takaa\/digitaalisessa-maailmassa-ostamasi-elokuva-ei-sittenkaan-ole-sinun\/\" \/>\n<meta property=\"og:site_name\" content=\"Kuvien takaa\" \/>\n<meta property=\"article:author\" content=\"https:\/\/www.facebook.com\/pages\/Kalle-Kinnunen-Kuvien-takaa\/190326157715410?fref=ts\" \/>\n<meta property=\"article:published_time\" content=\"2020-10-29T07:48:25+00:00\" \/>\n<meta property=\"article:modified_time\" content=\"2020-10-29T07:52:33+00:00\" \/>\n<meta property=\"og:image\" content=\"https:\/\/suomenkuvalehti.fi\/kuvien-takaa\/wp-content\/uploads\/sites\/11\/2022\/04\/kalle_kinnunen_blogi-1-scaled.jpg\" \/>\n\t<meta property=\"og:image:width\" content=\"2560\" \/>\n\t<meta property=\"og:image:height\" content=\"1707\" \/>\n\t<meta property=\"og:image:type\" content=\"image\/jpeg\" \/>\n<meta name=\"author\" content=\"Kalle Kinnunen\" \/>\n<meta name=\"twitter:card\" content=\"summary_large_image\" \/>\n<meta name=\"twitter:creator\" content=\"@https:\/\/twitter.com\/kallekinnunen\" \/>\n<meta name=\"twitter:label1\" content=\"Written by\" \/>\n\t<meta name=\"twitter:data1\" content=\"Kalle Kinnunen\" \/>\n\t<meta name=\"twitter:label2\" content=\"Est. reading time\" \/>\n\t<meta name=\"twitter:data2\" content=\"2 minuuttia\" \/>\n<script type=\"application\/ld+json\" class=\"yoast-schema-graph\">{\"@context\":\"https:\/\/schema.org\",\"@graph\":[{\"@type\":\"WebPage\",\"@id\":\"https:\/\/suomenkuvalehti.fi\/kuvien-takaa\/digitaalisessa-maailmassa-ostamasi-elokuva-ei-sittenkaan-ole-sinun\/\",\"url\":\"https:\/\/suomenkuvalehti.fi\/kuvien-takaa\/digitaalisessa-maailmassa-ostamasi-elokuva-ei-sittenkaan-ole-sinun\/\",\"name\":\"Digitaalisessa maailmassa ostamasi elokuva ei sittenk\u00e4\u00e4n ole sinun - Kuvien takaa\",\"isPartOf\":{\"@id\":\"https:\/\/suomenkuvalehti.fi\/kuvien-takaa\/#website\"},\"datePublished\":\"2020-10-29T07:48:25+00:00\",\"dateModified\":\"2020-10-29T07:52:33+00:00\",\"author\":{\"@id\":\"https:\/\/suomenkuvalehti.fi\/kuvien-takaa\/#\/schema\/person\/f3f657e4ad409e008f12af27bec60a23\"},\"breadcrumb\":{\"@id\":\"https:\/\/suomenkuvalehti.fi\/kuvien-takaa\/digitaalisessa-maailmassa-ostamasi-elokuva-ei-sittenkaan-ole-sinun\/#breadcrumb\"},\"inLanguage\":\"fi\",\"potentialAction\":[{\"@type\":\"ReadAction\",\"target\":[\"https:\/\/suomenkuvalehti.fi\/kuvien-takaa\/digitaalisessa-maailmassa-ostamasi-elokuva-ei-sittenkaan-ole-sinun\/\"]}]},{\"@type\":\"BreadcrumbList\",\"@id\":\"https:\/\/suomenkuvalehti.fi\/kuvien-takaa\/digitaalisessa-maailmassa-ostamasi-elokuva-ei-sittenkaan-ole-sinun\/#breadcrumb\",\"itemListElement\":[{\"@type\":\"ListItem\",\"position\":1,\"name\":\"Home\",\"item\":\"https:\/\/suomenkuvalehti.fi\/kuvien-takaa\/\"},{\"@type\":\"ListItem\",\"position\":2,\"name\":\"Digitaalisessa maailmassa ostamasi elokuva ei sittenk\u00e4\u00e4n ole sinun\"}]},{\"@type\":\"WebSite\",\"@id\":\"https:\/\/suomenkuvalehti.fi\/kuvien-takaa\/#website\",\"url\":\"https:\/\/suomenkuvalehti.fi\/kuvien-takaa\/\",\"name\":\"Kuvien takaa\",\"description\":\"Elokuvakriitikko Kalle Kinnusen elokuvablogi.\",\"potentialAction\":[{\"@type\":\"SearchAction\",\"target\":{\"@type\":\"EntryPoint\",\"urlTemplate\":\"https:\/\/suomenkuvalehti.fi\/haku\/?q={search_term_string}\"},\"query-input\":{\"@type\":\"PropertyValueSpecification\",\"valueRequired\":true,\"valueName\":\"search_term_string\"}}],\"inLanguage\":\"fi\"},{\"@type\":\"Person\",\"@id\":\"https:\/\/suomenkuvalehti.fi\/kuvien-takaa\/#\/schema\/person\/f3f657e4ad409e008f12af27bec60a23\",\"name\":\"Kalle Kinnunen\",\"image\":{\"@type\":\"ImageObject\",\"inLanguage\":\"fi\",\"@id\":\"https:\/\/suomenkuvalehti.fi\/kuvien-takaa\/#\/schema\/person\/image\/\",\"url\":\"https:\/\/suomenkuvalehti.fi\/kuvien-takaa\/wp-content\/uploads\/sites\/11\/2022\/04\/kalle_kinnunen_blogi-1-150x150.jpg\",\"contentUrl\":\"https:\/\/suomenkuvalehti.fi\/kuvien-takaa\/wp-content\/uploads\/sites\/11\/2022\/04\/kalle_kinnunen_blogi-1-150x150.jpg\",\"caption\":\"Kalle Kinnunen\"},\"description\":\"Kalle Kinnunen on vapaa toimittaja ja Suomen Kuvalehden avustaja.\",\"sameAs\":[\"https:\/\/www.facebook.com\/pages\/Kalle-Kinnunen-Kuvien-takaa\/190326157715410?fref=ts\",\"https:\/\/x.com\/https:\/\/twitter.com\/kallekinnunen\"]}]}<\/script>\n<!-- \/ Yoast SEO plugin. -->","yoast_head_json":{"title":"Digitaalisessa maailmassa ostamasi elokuva ei sittenk\u00e4\u00e4n ole sinun - Kuvien takaa","robots":{"index":"index","follow":"follow","max-snippet":"max-snippet:-1","max-image-preview":"max-image-preview:large","max-video-preview":"max-video-preview:-1"},"canonical":"https:\/\/suomenkuvalehti.fi\/kuvien-takaa\/digitaalisessa-maailmassa-ostamasi-elokuva-ei-sittenkaan-ole-sinun\/","og_locale":"fi_FI","og_type":"article","og_title":"Digitaalisessa maailmassa ostamasi elokuva ei sittenk\u00e4\u00e4n ole sinun - Kuvien takaa","og_description":"Joskus yli kymmenen vuotta sitten p\u00e4\u00e4tin, etten en\u00e4\u00e4 luovu dvd-levyist\u00e4. Olin jo karsinut kokoelmaani tilan s\u00e4\u00e4st\u00e4miseksi. Luopuminen alkoi tuntua turhalta, etenkin kun levyist\u00e4 ei saanut oikein rahaakaan. Pakkasin elokuvat ja sarjat mielummin kerroksi&hellip;","og_url":"https:\/\/suomenkuvalehti.fi\/kuvien-takaa\/digitaalisessa-maailmassa-ostamasi-elokuva-ei-sittenkaan-ole-sinun\/","og_site_name":"Kuvien takaa","article_author":"https:\/\/www.facebook.com\/pages\/Kalle-Kinnunen-Kuvien-takaa\/190326157715410?fref=ts","article_published_time":"2020-10-29T07:48:25+00:00","article_modified_time":"2020-10-29T07:52:33+00:00","og_image":[{"width":2560,"height":1707,"url":"https:\/\/suomenkuvalehti.fi\/kuvien-takaa\/wp-content\/uploads\/sites\/11\/2022\/04\/kalle_kinnunen_blogi-1-scaled.jpg","type":"image\/jpeg"}],"author":"Kalle Kinnunen","twitter_card":"summary_large_image","twitter_creator":"@https:\/\/twitter.com\/kallekinnunen","twitter_misc":{"Written by":"Kalle Kinnunen","Est. reading time":"2 minuuttia"},"schema":{"@context":"https:\/\/schema.org","@graph":[{"@type":"WebPage","@id":"https:\/\/suomenkuvalehti.fi\/kuvien-takaa\/digitaalisessa-maailmassa-ostamasi-elokuva-ei-sittenkaan-ole-sinun\/","url":"https:\/\/suomenkuvalehti.fi\/kuvien-takaa\/digitaalisessa-maailmassa-ostamasi-elokuva-ei-sittenkaan-ole-sinun\/","name":"Digitaalisessa maailmassa ostamasi elokuva ei sittenk\u00e4\u00e4n ole sinun - Kuvien takaa","isPartOf":{"@id":"https:\/\/suomenkuvalehti.fi\/kuvien-takaa\/#website"},"datePublished":"2020-10-29T07:48:25+00:00","dateModified":"2020-10-29T07:52:33+00:00","author":{"@id":"https:\/\/suomenkuvalehti.fi\/kuvien-takaa\/#\/schema\/person\/f3f657e4ad409e008f12af27bec60a23"},"breadcrumb":{"@id":"https:\/\/suomenkuvalehti.fi\/kuvien-takaa\/digitaalisessa-maailmassa-ostamasi-elokuva-ei-sittenkaan-ole-sinun\/#breadcrumb"},"inLanguage":"fi","potentialAction":[{"@type":"ReadAction","target":["https:\/\/suomenkuvalehti.fi\/kuvien-takaa\/digitaalisessa-maailmassa-ostamasi-elokuva-ei-sittenkaan-ole-sinun\/"]}]},{"@type":"BreadcrumbList","@id":"https:\/\/suomenkuvalehti.fi\/kuvien-takaa\/digitaalisessa-maailmassa-ostamasi-elokuva-ei-sittenkaan-ole-sinun\/#breadcrumb","itemListElement":[{"@type":"ListItem","position":1,"name":"Home","item":"https:\/\/suomenkuvalehti.fi\/kuvien-takaa\/"},{"@type":"ListItem","position":2,"name":"Digitaalisessa maailmassa ostamasi elokuva ei sittenk\u00e4\u00e4n ole sinun"}]},{"@type":"WebSite","@id":"https:\/\/suomenkuvalehti.fi\/kuvien-takaa\/#website","url":"https:\/\/suomenkuvalehti.fi\/kuvien-takaa\/","name":"Kuvien takaa","description":"Elokuvakriitikko Kalle Kinnusen elokuvablogi.","potentialAction":[{"@type":"SearchAction","target":{"@type":"EntryPoint","urlTemplate":"https:\/\/suomenkuvalehti.fi\/haku\/?q={search_term_string}"},"query-input":{"@type":"PropertyValueSpecification","valueRequired":true,"valueName":"search_term_string"}}],"inLanguage":"fi"},{"@type":"Person","@id":"https:\/\/suomenkuvalehti.fi\/kuvien-takaa\/#\/schema\/person\/f3f657e4ad409e008f12af27bec60a23","name":"Kalle Kinnunen","image":{"@type":"ImageObject","inLanguage":"fi","@id":"https:\/\/suomenkuvalehti.fi\/kuvien-takaa\/#\/schema\/person\/image\/","url":"https:\/\/suomenkuvalehti.fi\/kuvien-takaa\/wp-content\/uploads\/sites\/11\/2022\/04\/kalle_kinnunen_blogi-1-150x150.jpg","contentUrl":"https:\/\/suomenkuvalehti.fi\/kuvien-takaa\/wp-content\/uploads\/sites\/11\/2022\/04\/kalle_kinnunen_blogi-1-150x150.jpg","caption":"Kalle Kinnunen"},"description":"Kalle Kinnunen on vapaa toimittaja ja Suomen Kuvalehden avustaja.","sameAs":["https:\/\/www.facebook.com\/pages\/Kalle-Kinnunen-Kuvien-takaa\/190326157715410?fref=ts","https:\/\/x.com\/https:\/\/twitter.com\/kallekinnunen"]}]}},"_links":{"self":[{"href":"https:\/\/suomenkuvalehti.fi\/kuvien-takaa\/wp-json\/wp\/v2\/posts\/5502","targetHints":{"allow":["GET"]}}],"collection":[{"href":"https:\/\/suomenkuvalehti.fi\/kuvien-takaa\/wp-json\/wp\/v2\/posts"}],"about":[{"href":"https:\/\/suomenkuvalehti.fi\/kuvien-takaa\/wp-json\/wp\/v2\/types\/post"}],"author":[{"embeddable":true,"href":"https:\/\/suomenkuvalehti.fi\/kuvien-takaa\/wp-json\/wp\/v2\/users\/144"}],"replies":[{"embeddable":true,"href":"https:\/\/suomenkuvalehti.fi\/kuvien-takaa\/wp-json\/wp\/v2\/comments?post=5502"}],"version-history":[{"count":3,"href":"https:\/\/suomenkuvalehti.fi\/kuvien-takaa\/wp-json\/wp\/v2\/posts\/5502\/revisions"}],"predecessor-version":[{"id":5505,"href":"https:\/\/suomenkuvalehti.fi\/kuvien-takaa\/wp-json\/wp\/v2\/posts\/5502\/revisions\/5505"}],"wp:attachment":[{"href":"https:\/\/suomenkuvalehti.fi\/kuvien-takaa\/wp-json\/wp\/v2\/media?parent=5502"}],"wp:term":[{"taxonomy":"category","embeddable":true,"href":"https:\/\/suomenkuvalehti.fi\/kuvien-takaa\/wp-json\/wp\/v2\/categories?post=5502"},{"taxonomy":"post_tag","embeddable":true,"href":"https:\/\/suomenkuvalehti.fi\/kuvien-takaa\/wp-json\/wp\/v2\/tags?post=5502"}],"curies":[{"name":"wp","href":"https:\/\/api.w.org\/{rel}","templated":true}]}}