{"id":5500,"date":"2020-10-26T05:36:07","date_gmt":"2020-10-26T03:36:07","guid":{"rendered":"https:\/\/suomenkuvalehti.fi\/kuvien-takaa\/?p=5500"},"modified":"2020-10-26T05:36:07","modified_gmt":"2020-10-26T03:36:07","slug":"uusi-007-elokuva-ei-luisunut-striimauspalveluun-mutta-katsotaan-uudelleen-kesalla-2021","status":"publish","type":"post","link":"https:\/\/suomenkuvalehti.fi\/kuvien-takaa\/uusi-007-elokuva-ei-luisunut-striimauspalveluun-mutta-katsotaan-uudelleen-kesalla-2021\/","title":{"rendered":"Uusi 007-elokuva ei luisunut striimauspalveluun \u2013 mutta katsotaan uudelleen kes\u00e4ll\u00e4 2021"},"content":{"rendered":"\n<p>Uuden 007-elokuvan <em>No Time to Dien<\/em> p\u00e4\u00e4tyminen elokuvateatterien sijaan Applen, Netflixin tai Amazonin striimauspalveluun ei ollut kovin vakavien tai pitk\u00e4llisten neuvottelujen aihe.<\/p>\n\n\n\n<p>Asiasta k\u00e4ytiin syyskuussa kyll\u00e4 keskustelua.<\/p>\n\n\n\n<p>Sen lis\u00e4ksi, ett\u00e4 elokuvan tuottanut MGM-studio halusi elokuvasta (aivan perustellusti) kaksinkertaisen summan verrattuna siihen sen rahaan, jonka striimaajat olivat valmiita maksamaan, tuottaja ja Bond-franchisen p\u00e4\u00e4luotsi <strong>Barbara Broccoli<\/strong> sanoi suunnitelmille ei.<\/p>\n\n\n\n<p>N\u00e4in summasi <a href=\"https:\/\/deadline.com\/2020\/10\/james-bond-no-time-to-die-streamer-talks-died-quickly-1234602960\/\" target=\"_blank\" rel=\"noopener\">Deadlinen <strong>Mike Fleming jr.<\/strong> kolumnissaan<\/a>.<\/p>\n\n\n\n<p>Valkokankaalta aivan eri reunaehdoin toteutuvaan striimaukseen siirtyminen voisi laskea koko 007-franchisen arvoa peruuttamattomasti, ja nyt puhutaan viel\u00e4 kauan odotetusta juhla-Bondista (25. virallinen elokuva, <strong>Daniel Craigin<\/strong> viimeinen).<\/p>\n\n\n\n<p>Keissiin liittyisi muutenkin jos jonkinlaisia poikkeuksellisia kuvioita l\u00e4htien siit\u00e4, ett\u00e4 Bond-elokuvien sponsorit ja mainostajat ovat jo joutuneet venytt\u00e4m\u00e4\u00e4n kampanjoitaan aivan poikkeuksellisesti ja maksamaan turhasta summia, joilla tekisi vaikka l\u00e4j\u00e4n pienempi\u00e4 elokuvia. Esimerkiksi eilen Hesarin kannessa oli Nokian mainos, joka viittasi koko kuvallaan No Time to Die&#8217;hen. Se oli takuulla j\u00e4\u00e4nne siit\u00e4, ett\u00e4 elokuvan ensi-illan <em>piti<\/em> olla parin viikon kuluttua. Odotusarvo onkin nyt v\u00e4h\u00e4n toisenlainen, kun James Bondin uusia seikkailuja pit\u00e4\u00e4 odottaa viel\u00e4 puoli vuotta.<\/p>\n\n\n<p><iframe loading=\"lazy\" width=\"630\" height=\"354\" src=\"https:\/\/www.youtube.com\/embed\/vw2FOYjCz38?feature=oembed\" frameborder=\"0\" allow=\"accelerometer; autoplay; clipboard-write; encrypted-media; gyroscope; picture-in-picture\" allowfullscreen><\/iframe><\/p>\n\n<p>Deadlinen kolumni on ehk\u00e4 selkein selonteko striimaushuhuista. Siin\u00e4 muistutetaan muidenkin isojen elokuvien asemasta kauppakohteina sek\u00e4 matalista koroista odottelustrategian mahdollistajana (No Time to Dien siirrot ovat jo maksaneet MGM:lle 30-50 miljoonaa dollaria, <a href=\"https:\/\/variety.com\/2020\/film\/news\/james-bond-no-time-to-die-netflix-apple-1234814809\/\" target=\"_blank\" rel=\"noopener\">kertoi Variety<\/a>) \u2013 mutta sen loppu on kaiken rauhoittelun j\u00e4lkeen kylm\u00e4\u00e4v\u00e4.<\/p>\n\n\n\n<p>Bond-yleis\u00f6 on Hollywoodin n\u00e4k\u00f6kulmasta erityisen vanhaa. Tai muotoillaan asia n\u00e4in: Bondeja k\u00e4yv\u00e4t katsomassa kaikenik\u00e4iset, Suomessakin \u2013 ja se on syy, miksi ne ovat meill\u00e4 kaikista suosituin pitk\u00e4kestoinen franchise. Uusi 007-elokuva voi ker\u00e4t\u00e4 Suomessa l\u00e4hes 10 prosenttia koko vuoden kaikista elokuvakatsojista.<\/p>\n\n\n\n<p>Jos rokote ei ole huhtikuussa jaossa (eik\u00e4 kai kukaan usko, ett\u00e4 se olisi), mill\u00e4 tapaa kev\u00e4\u00e4n tilanne riskiryhm\u00e4l\u00e4isten elokuvateattereihin menemisen houkuttelevuuden suhteen eroaisi t\u00e4m\u00e4nhetkisest\u00e4?<\/p>\n\n\n\n<p>Fleming toteaa, ett\u00e4 monet eiv\u00e4t usko 007-ensi-illan toteutuvan huhtikuussakaan.<\/p>\n\n\n\n<p><em>&#8221;It is also conceivable that if a vaccine doesn\u2019t materialize by the middle of next year, that the wisdom of a big bucks streaming bow for Bond might look much better&#8221;<\/em>, h\u00e4n kirjoittaa.<\/p>\n\n\n\n<p>Siin\u00e4p\u00e4 elokuvateatterien kannalta hermostuttava ajatus, ja asia ei tietenk\u00e4\u00e4n koske ainoastaan Bondia.<\/p>\n\n\n","protected":false},"excerpt":{"rendered":"<p>Uuden 007-elokuvan No Time to Dien p\u00e4\u00e4tyminen elokuvateatterien sijaan Applen, Netflixin tai Amazonin striimauspalveluun ei ollut kovin vakavien tai pitk\u00e4llisten neuvottelujen aihe. Asiasta k\u00e4ytiin syyskuussa kyll\u00e4 keskustelua. Sen<br \/>\nlis\u00e4&hellip;<\/p>\n","protected":false},"author":144,"featured_media":0,"comment_status":"open","ping_status":"closed","sticky":false,"template":"","format":"standard","meta":{"_acf_changed":false,"asauth_required_access_level":3,"asauth_cansharepaid":"true","om_header_attributes":[],"footnotes":"","om_featured_image_focal_point":[],"om_primary_tag":0,"om_contributors":[],"om_co_authors":[],"beyondwords_generate_audio":"","beyondwords_project_id":"","beyondwords_content_id":"","beyondwords_preview_token":"","beyondwords_player_content":"","beyondwords_player_style":"","beyondwords_language_code":"","beyondwords_language_id":"","beyondwords_title_voice_id":"","beyondwords_body_voice_id":"","beyondwords_summary_voice_id":"","beyondwords_error_message":"","beyondwords_disabled":"","beyondwords_delete_content":"","beyondwords_podcast_id":"","beyondwords_hash":"","publish_post_to_speechkit":"","speechkit_hash":"","speechkit_generate_audio":"","speechkit_project_id":"","speechkit_podcast_id":"","speechkit_error_message":"","speechkit_disabled":"","speechkit_access_key":"","speechkit_error":"","speechkit_info":"","speechkit_response":"","speechkit_retries":"","speechkit_status":"","speechkit_updated_at":"","_speechkit_link":"","_speechkit_text":""},"categories":[1],"tags":[482,2025,2488,308,1927,2716],"class_list":["post-5500","post","type-post","status-publish","format-standard","hentry","category-kuvien-takaa","tag-482","tag-amazon","tag-apple","tag-daniel-craig","tag-mgm","tag-no-time-to-die"],"om_views":null,"acf":{"tuuma_off":false,"tuuma_kysymys":"","tuuma_vastaus":""},"asauth":{"required_access_level":1,"share_token":"","is_paid":false},"yoast_head":"<!-- This site is optimized with the Yoast SEO plugin v26.4 - https:\/\/yoast.com\/wordpress\/plugins\/seo\/ -->\n<title>Uusi 007-elokuva ei luisunut striimauspalveluun \u2013 mutta katsotaan uudelleen kes\u00e4ll\u00e4 2021 - Kuvien takaa<\/title>\n<meta name=\"robots\" content=\"index, follow, max-snippet:-1, max-image-preview:large, max-video-preview:-1\" \/>\n<link rel=\"canonical\" href=\"https:\/\/suomenkuvalehti.fi\/kuvien-takaa\/uusi-007-elokuva-ei-luisunut-striimauspalveluun-mutta-katsotaan-uudelleen-kesalla-2021\/\" \/>\n<meta property=\"og:locale\" content=\"fi_FI\" \/>\n<meta property=\"og:type\" content=\"article\" \/>\n<meta property=\"og:title\" content=\"Uusi 007-elokuva ei luisunut striimauspalveluun \u2013 mutta katsotaan uudelleen kes\u00e4ll\u00e4 2021 - Kuvien takaa\" \/>\n<meta property=\"og:description\" content=\"Uuden 007-elokuvan No Time to Dien p\u00e4\u00e4tyminen elokuvateatterien sijaan Applen, Netflixin tai Amazonin striimauspalveluun ei ollut kovin vakavien tai pitk\u00e4llisten neuvottelujen aihe. Asiasta k\u00e4ytiin syyskuussa kyll\u00e4 keskustelua. Sen lis\u00e4&hellip;\" \/>\n<meta property=\"og:url\" content=\"https:\/\/suomenkuvalehti.fi\/kuvien-takaa\/uusi-007-elokuva-ei-luisunut-striimauspalveluun-mutta-katsotaan-uudelleen-kesalla-2021\/\" \/>\n<meta property=\"og:site_name\" content=\"Kuvien takaa\" \/>\n<meta property=\"article:author\" content=\"https:\/\/www.facebook.com\/pages\/Kalle-Kinnunen-Kuvien-takaa\/190326157715410?fref=ts\" \/>\n<meta property=\"article:published_time\" content=\"2020-10-26T03:36:07+00:00\" \/>\n<meta property=\"og:image\" content=\"https:\/\/suomenkuvalehti.fi\/kuvien-takaa\/wp-content\/uploads\/sites\/11\/2022\/04\/kalle_kinnunen_blogi-1-scaled.jpg\" \/>\n\t<meta property=\"og:image:width\" content=\"2560\" \/>\n\t<meta property=\"og:image:height\" content=\"1707\" \/>\n\t<meta property=\"og:image:type\" content=\"image\/jpeg\" \/>\n<meta name=\"author\" content=\"Kalle Kinnunen\" \/>\n<meta name=\"twitter:card\" content=\"summary_large_image\" \/>\n<meta name=\"twitter:creator\" content=\"@https:\/\/twitter.com\/kallekinnunen\" \/>\n<meta name=\"twitter:label1\" content=\"Written by\" \/>\n\t<meta name=\"twitter:data1\" content=\"Kalle Kinnunen\" \/>\n\t<meta name=\"twitter:label2\" content=\"Est. reading time\" \/>\n\t<meta name=\"twitter:data2\" content=\"2 minuuttia\" \/>\n<script type=\"application\/ld+json\" class=\"yoast-schema-graph\">{\"@context\":\"https:\/\/schema.org\",\"@graph\":[{\"@type\":\"WebPage\",\"@id\":\"https:\/\/suomenkuvalehti.fi\/kuvien-takaa\/uusi-007-elokuva-ei-luisunut-striimauspalveluun-mutta-katsotaan-uudelleen-kesalla-2021\/\",\"url\":\"https:\/\/suomenkuvalehti.fi\/kuvien-takaa\/uusi-007-elokuva-ei-luisunut-striimauspalveluun-mutta-katsotaan-uudelleen-kesalla-2021\/\",\"name\":\"Uusi 007-elokuva ei luisunut striimauspalveluun \u2013 mutta katsotaan uudelleen kes\u00e4ll\u00e4 2021 - Kuvien takaa\",\"isPartOf\":{\"@id\":\"https:\/\/suomenkuvalehti.fi\/kuvien-takaa\/#website\"},\"datePublished\":\"2020-10-26T03:36:07+00:00\",\"author\":{\"@id\":\"https:\/\/suomenkuvalehti.fi\/kuvien-takaa\/#\/schema\/person\/f3f657e4ad409e008f12af27bec60a23\"},\"breadcrumb\":{\"@id\":\"https:\/\/suomenkuvalehti.fi\/kuvien-takaa\/uusi-007-elokuva-ei-luisunut-striimauspalveluun-mutta-katsotaan-uudelleen-kesalla-2021\/#breadcrumb\"},\"inLanguage\":\"fi\",\"potentialAction\":[{\"@type\":\"ReadAction\",\"target\":[\"https:\/\/suomenkuvalehti.fi\/kuvien-takaa\/uusi-007-elokuva-ei-luisunut-striimauspalveluun-mutta-katsotaan-uudelleen-kesalla-2021\/\"]}]},{\"@type\":\"BreadcrumbList\",\"@id\":\"https:\/\/suomenkuvalehti.fi\/kuvien-takaa\/uusi-007-elokuva-ei-luisunut-striimauspalveluun-mutta-katsotaan-uudelleen-kesalla-2021\/#breadcrumb\",\"itemListElement\":[{\"@type\":\"ListItem\",\"position\":1,\"name\":\"Home\",\"item\":\"https:\/\/suomenkuvalehti.fi\/kuvien-takaa\/\"},{\"@type\":\"ListItem\",\"position\":2,\"name\":\"Uusi 007-elokuva ei luisunut striimauspalveluun \u2013 mutta katsotaan uudelleen kes\u00e4ll\u00e4 2021\"}]},{\"@type\":\"WebSite\",\"@id\":\"https:\/\/suomenkuvalehti.fi\/kuvien-takaa\/#website\",\"url\":\"https:\/\/suomenkuvalehti.fi\/kuvien-takaa\/\",\"name\":\"Kuvien takaa\",\"description\":\"Elokuvakriitikko Kalle Kinnusen elokuvablogi.\",\"potentialAction\":[{\"@type\":\"SearchAction\",\"target\":{\"@type\":\"EntryPoint\",\"urlTemplate\":\"https:\/\/suomenkuvalehti.fi\/haku\/?q={search_term_string}\"},\"query-input\":{\"@type\":\"PropertyValueSpecification\",\"valueRequired\":true,\"valueName\":\"search_term_string\"}}],\"inLanguage\":\"fi\"},{\"@type\":\"Person\",\"@id\":\"https:\/\/suomenkuvalehti.fi\/kuvien-takaa\/#\/schema\/person\/f3f657e4ad409e008f12af27bec60a23\",\"name\":\"Kalle Kinnunen\",\"image\":{\"@type\":\"ImageObject\",\"inLanguage\":\"fi\",\"@id\":\"https:\/\/suomenkuvalehti.fi\/kuvien-takaa\/#\/schema\/person\/image\/\",\"url\":\"https:\/\/suomenkuvalehti.fi\/kuvien-takaa\/wp-content\/uploads\/sites\/11\/2022\/04\/kalle_kinnunen_blogi-1-150x150.jpg\",\"contentUrl\":\"https:\/\/suomenkuvalehti.fi\/kuvien-takaa\/wp-content\/uploads\/sites\/11\/2022\/04\/kalle_kinnunen_blogi-1-150x150.jpg\",\"caption\":\"Kalle Kinnunen\"},\"description\":\"Kalle Kinnunen on vapaa toimittaja ja Suomen Kuvalehden avustaja.\",\"sameAs\":[\"https:\/\/www.facebook.com\/pages\/Kalle-Kinnunen-Kuvien-takaa\/190326157715410?fref=ts\",\"https:\/\/x.com\/https:\/\/twitter.com\/kallekinnunen\"]}]}<\/script>\n<!-- \/ Yoast SEO plugin. -->","yoast_head_json":{"title":"Uusi 007-elokuva ei luisunut striimauspalveluun \u2013 mutta katsotaan uudelleen kes\u00e4ll\u00e4 2021 - Kuvien takaa","robots":{"index":"index","follow":"follow","max-snippet":"max-snippet:-1","max-image-preview":"max-image-preview:large","max-video-preview":"max-video-preview:-1"},"canonical":"https:\/\/suomenkuvalehti.fi\/kuvien-takaa\/uusi-007-elokuva-ei-luisunut-striimauspalveluun-mutta-katsotaan-uudelleen-kesalla-2021\/","og_locale":"fi_FI","og_type":"article","og_title":"Uusi 007-elokuva ei luisunut striimauspalveluun \u2013 mutta katsotaan uudelleen kes\u00e4ll\u00e4 2021 - Kuvien takaa","og_description":"Uuden 007-elokuvan No Time to Dien p\u00e4\u00e4tyminen elokuvateatterien sijaan Applen, Netflixin tai Amazonin striimauspalveluun ei ollut kovin vakavien tai pitk\u00e4llisten neuvottelujen aihe. Asiasta k\u00e4ytiin syyskuussa kyll\u00e4 keskustelua. Sen lis\u00e4&hellip;","og_url":"https:\/\/suomenkuvalehti.fi\/kuvien-takaa\/uusi-007-elokuva-ei-luisunut-striimauspalveluun-mutta-katsotaan-uudelleen-kesalla-2021\/","og_site_name":"Kuvien takaa","article_author":"https:\/\/www.facebook.com\/pages\/Kalle-Kinnunen-Kuvien-takaa\/190326157715410?fref=ts","article_published_time":"2020-10-26T03:36:07+00:00","og_image":[{"width":2560,"height":1707,"url":"https:\/\/suomenkuvalehti.fi\/kuvien-takaa\/wp-content\/uploads\/sites\/11\/2022\/04\/kalle_kinnunen_blogi-1-scaled.jpg","type":"image\/jpeg"}],"author":"Kalle Kinnunen","twitter_card":"summary_large_image","twitter_creator":"@https:\/\/twitter.com\/kallekinnunen","twitter_misc":{"Written by":"Kalle Kinnunen","Est. reading time":"2 minuuttia"},"schema":{"@context":"https:\/\/schema.org","@graph":[{"@type":"WebPage","@id":"https:\/\/suomenkuvalehti.fi\/kuvien-takaa\/uusi-007-elokuva-ei-luisunut-striimauspalveluun-mutta-katsotaan-uudelleen-kesalla-2021\/","url":"https:\/\/suomenkuvalehti.fi\/kuvien-takaa\/uusi-007-elokuva-ei-luisunut-striimauspalveluun-mutta-katsotaan-uudelleen-kesalla-2021\/","name":"Uusi 007-elokuva ei luisunut striimauspalveluun \u2013 mutta katsotaan uudelleen kes\u00e4ll\u00e4 2021 - Kuvien takaa","isPartOf":{"@id":"https:\/\/suomenkuvalehti.fi\/kuvien-takaa\/#website"},"datePublished":"2020-10-26T03:36:07+00:00","author":{"@id":"https:\/\/suomenkuvalehti.fi\/kuvien-takaa\/#\/schema\/person\/f3f657e4ad409e008f12af27bec60a23"},"breadcrumb":{"@id":"https:\/\/suomenkuvalehti.fi\/kuvien-takaa\/uusi-007-elokuva-ei-luisunut-striimauspalveluun-mutta-katsotaan-uudelleen-kesalla-2021\/#breadcrumb"},"inLanguage":"fi","potentialAction":[{"@type":"ReadAction","target":["https:\/\/suomenkuvalehti.fi\/kuvien-takaa\/uusi-007-elokuva-ei-luisunut-striimauspalveluun-mutta-katsotaan-uudelleen-kesalla-2021\/"]}]},{"@type":"BreadcrumbList","@id":"https:\/\/suomenkuvalehti.fi\/kuvien-takaa\/uusi-007-elokuva-ei-luisunut-striimauspalveluun-mutta-katsotaan-uudelleen-kesalla-2021\/#breadcrumb","itemListElement":[{"@type":"ListItem","position":1,"name":"Home","item":"https:\/\/suomenkuvalehti.fi\/kuvien-takaa\/"},{"@type":"ListItem","position":2,"name":"Uusi 007-elokuva ei luisunut striimauspalveluun \u2013 mutta katsotaan uudelleen kes\u00e4ll\u00e4 2021"}]},{"@type":"WebSite","@id":"https:\/\/suomenkuvalehti.fi\/kuvien-takaa\/#website","url":"https:\/\/suomenkuvalehti.fi\/kuvien-takaa\/","name":"Kuvien takaa","description":"Elokuvakriitikko Kalle Kinnusen elokuvablogi.","potentialAction":[{"@type":"SearchAction","target":{"@type":"EntryPoint","urlTemplate":"https:\/\/suomenkuvalehti.fi\/haku\/?q={search_term_string}"},"query-input":{"@type":"PropertyValueSpecification","valueRequired":true,"valueName":"search_term_string"}}],"inLanguage":"fi"},{"@type":"Person","@id":"https:\/\/suomenkuvalehti.fi\/kuvien-takaa\/#\/schema\/person\/f3f657e4ad409e008f12af27bec60a23","name":"Kalle Kinnunen","image":{"@type":"ImageObject","inLanguage":"fi","@id":"https:\/\/suomenkuvalehti.fi\/kuvien-takaa\/#\/schema\/person\/image\/","url":"https:\/\/suomenkuvalehti.fi\/kuvien-takaa\/wp-content\/uploads\/sites\/11\/2022\/04\/kalle_kinnunen_blogi-1-150x150.jpg","contentUrl":"https:\/\/suomenkuvalehti.fi\/kuvien-takaa\/wp-content\/uploads\/sites\/11\/2022\/04\/kalle_kinnunen_blogi-1-150x150.jpg","caption":"Kalle Kinnunen"},"description":"Kalle Kinnunen on vapaa toimittaja ja Suomen Kuvalehden avustaja.","sameAs":["https:\/\/www.facebook.com\/pages\/Kalle-Kinnunen-Kuvien-takaa\/190326157715410?fref=ts","https:\/\/x.com\/https:\/\/twitter.com\/kallekinnunen"]}]}},"_links":{"self":[{"href":"https:\/\/suomenkuvalehti.fi\/kuvien-takaa\/wp-json\/wp\/v2\/posts\/5500","targetHints":{"allow":["GET"]}}],"collection":[{"href":"https:\/\/suomenkuvalehti.fi\/kuvien-takaa\/wp-json\/wp\/v2\/posts"}],"about":[{"href":"https:\/\/suomenkuvalehti.fi\/kuvien-takaa\/wp-json\/wp\/v2\/types\/post"}],"author":[{"embeddable":true,"href":"https:\/\/suomenkuvalehti.fi\/kuvien-takaa\/wp-json\/wp\/v2\/users\/144"}],"replies":[{"embeddable":true,"href":"https:\/\/suomenkuvalehti.fi\/kuvien-takaa\/wp-json\/wp\/v2\/comments?post=5500"}],"version-history":[{"count":1,"href":"https:\/\/suomenkuvalehti.fi\/kuvien-takaa\/wp-json\/wp\/v2\/posts\/5500\/revisions"}],"predecessor-version":[{"id":5501,"href":"https:\/\/suomenkuvalehti.fi\/kuvien-takaa\/wp-json\/wp\/v2\/posts\/5500\/revisions\/5501"}],"wp:attachment":[{"href":"https:\/\/suomenkuvalehti.fi\/kuvien-takaa\/wp-json\/wp\/v2\/media?parent=5500"}],"wp:term":[{"taxonomy":"category","embeddable":true,"href":"https:\/\/suomenkuvalehti.fi\/kuvien-takaa\/wp-json\/wp\/v2\/categories?post=5500"},{"taxonomy":"post_tag","embeddable":true,"href":"https:\/\/suomenkuvalehti.fi\/kuvien-takaa\/wp-json\/wp\/v2\/tags?post=5500"}],"curies":[{"name":"wp","href":"https:\/\/api.w.org\/{rel}","templated":true}]}}