{"id":548,"date":"2011-10-17T10:01:00","date_gmt":"2011-10-17T07:01:00","guid":{"rendered":"https:\/\/suomenkuvalehti.fi\/kuvientakaa\/2011\/10\/17\/elokuvatahtia-kaupan-mediamannekiineiksi-oscar-voittaja-hilary-swankillakin-on-hintansa\/"},"modified":"2011-10-17T10:01:00","modified_gmt":"2011-10-17T07:01:00","slug":"elokuvatahtia-kaupan-mediamannekiineiksi-oscar-voittaja-hilary-swankillakin-on-hintansa","status":"publish","type":"post","link":"https:\/\/suomenkuvalehti.fi\/kuvien-takaa\/elokuvatahtia-kaupan-mediamannekiineiksi-oscar-voittaja-hilary-swankillakin-on-hintansa\/","title":{"rendered":"Elokuvat\u00e4hti\u00e4 kaupan mediamannekiineiksi: Oscar-voittaja Hilary Swankillakin on hintansa"},"content":{"rendered":"\n<p>Hollywood-t\u00e4hdet bailasivat Tsetsenian johtajan syntym\u00e4p\u00e4ivill\u00e4, kertoivat lehdet toissa viikolla. Ensimm\u00e4isten uutisten mukaan paikalla olivat ainakin Oscar-voittajat <strong>Hilary Swank<\/strong> ja <strong>Kevin Costner<\/strong> (sek\u00e4 v\u00e4hemm\u00e4n kirkas karatetaitoinen belgialaist\u00e4hti <strong>Jean-Claude Van Damme<\/strong>).<\/p>\n\n\n\n\n<p>T\u00e4ss\u00e4 <a href=\"http:\/\/www.hs.fi\/ulkomaat\/Hollywood-t%C3%A4hdet+juhlivat+T%C5%A1et%C5%A1enian+johtajaa+hulppeasti+\/a1305546636924\">Hesarin uutinen<\/a>.<\/p>\n\n\n\n<p>Miksi? Ovatko t\u00e4hdet jostain syyst\u00e4 <strong>Ramzan Kadyrovin<\/strong> kavereita? Ei. Kuten jutussa mainitaan, starat oli ostettu paikalle.<\/p>\n\n\n\n<p>Jos leffaa ei ole tekeill\u00e4, eik\u00f6 olekin ihan ok matkustaa oman seurueen kanssa yksityiskoneella v\u00e4h\u00e4n pidempikin matka ja kuitata vuorokauden paikallaolosta kymmeni\u00e4 (<a href=\"https:\/\/suomenkuvalehti.fi\/kuvat\/2011\/10\/06\/russia-politics-caucasus-chechnya-kdyrov-j061211v\">Van Damme<\/a>) tai useita satoja tuhansia (oikea t\u00e4hti)? Ei varmaan, jos \u00e4\u00e4neen kysyt\u00e4\u00e4n, mutta kuiskaten vastaus on eri.<\/p>\n\n\n\n<p>Kuulin taannoin er\u00e4\u00e4lt\u00e4 suuren elokuva-alan bisneslehden toimittajalta, ett\u00e4 nimelt\u00e4mainitsematon, jo kuudella vuosikymmenell\u00e4 ty\u00f6skennellyt ranskalaisn\u00e4yttelij\u00e4 pyysi ven\u00e4l\u00e4iselt\u00e4 elokuvafestivaalilta parin p\u00e4iv\u00e4n &#8221;kunniavieras&#8221;-visiitist\u00e4 30 000 euroa &#8211; ehdottomasti vain k\u00e4teisell\u00e4 maksettuna. K\u00e4sitt\u00e4\u00e4kseni se my\u00f6s maksettiin.<\/p>\n\n\n\n<p>Bradpittien, keiraknightleyjen ja ryangoslingien ei tarvitse moisia juttuja harkita, kun ura on hyv\u00e4ll\u00e4 mallilla, kalenteri t\u00e4ynn\u00e4 ja motivaatiota riitt\u00e4\u00e4 &#8211; mutta kaikki n\u00e4m\u00e4 tekij\u00e4t ovat alttiita muuttumaan.<\/p>\n\n\n\n<p>Mannekiinien Swankin ja Van Dammen n\u00e4k\u00f6kulmasta juoruilu on tietysti ik\u00e4v\u00e4\u00e4, semmoinen, ett\u00e4 ryhdyt\u00e4\u00e4n puhumaan Kadyrovin hallinnon <a href=\"http:\/\/en.wikipedia.org\/wiki\/Ramzan_Kadyrov#Accusations_of_human_rights_abuses\">t\u00f6rkeist\u00e4 ihmisoikeusrikkomuksista<\/a>, ja lopulta k\u00e4vi ilmi, ettei <a href=\"http:\/\/articles.businessinsider.com\/2011-10-10\/entertainment\/30263568_1_hilary-swank-birthday-party-ramzan-kadyrov\">Costner ollutkaan paikalla<\/a>.<\/p>\n\n\n\n<p>Ilmi\u00f6 on l\u00e4ht\u00f6kohdiltaan samanlainen, joskin Kadyrovin murhaajataustan vuoksi v\u00e4hemm\u00e4n hilpe\u00e4 kuin Hollywoodin t\u00e4htien Japanissa tekem\u00e4t televisiomainokset 1980- ja 1990-luvuilla. Huippun\u00e4yttelij\u00e4t, jotka eiv\u00e4t tuolloin olisi miss\u00e4\u00e4n tapauksessa suostuneet Yhdysvalloissa tai muualla l\u00e4nsimaissa televisiomainokseen, koska se halventaisi imagoa, meniv\u00e4t innokkaina Japaniin ja kuittasivat miljoonapalkkioita yht\u00e4 hyvin p\u00e4ivitt\u00e4istavaroiden kuin luksustuotteiden kampanjakasvoina. Eih\u00e4n kukaan saisi koskaan tiet\u00e4\u00e4&#8230;<\/p>\n\n\n\n<p>Internetin ajalla salailulle tuli loppu. T\u00e4ss\u00e4 muutamia mainoshelmi\u00e4 YouTubesta: <a href=\"https:\/\/www.youtube.com\/watch?v=AjyzpCw3ZP0%20\">ys\u00e4ri-<strong>Keanu<\/strong> myy<\/a> mit\u00e4p\u00e4 muuta kuin <a href=\"http:\/\/en.wikipedia.org\/wiki\/Lost_in_Translation_%28film%29#Title_concept\">Suntory<\/a>-viski\u00e4, <strong>Arnold Schwarzenegger<\/strong> 90-luvulla <a href=\"https:\/\/www.youtube.com\/watch?v=278UKyNsxl4&amp;feature=related\">nuudelikauppiaana<\/a> ja vuonna 2001 <a href=\"https:\/\/www.youtube.com\/watch?v=nfmdsGrjW7M&amp;feature=related\">limsakasvona<\/a> &#8211; sek\u00e4 &#8221;Jack Bauerina&#8221; energiajuomaa esittelev\u00e4 <a href=\"https:\/\/www.youtube.com\/watch?v=K_swFUVeVKo\"><strong>Kiefer Sutherland<\/strong><\/a> ja Japanissa paljon keikkaa tehnyt <a href=\"https:\/\/www.youtube.com\/watch?v=983_qqatdTQ\"><strong>Nicolas Cage<\/strong><\/a> ilmeisesti vain muutaman vuoden takaa.<\/p>\n\n\n\n<p>Ei ehk\u00e4 hyv\u00e4ksi julkisuuskuvalle, eih\u00e4n.<\/p>\n\n\n","protected":false},"excerpt":{"rendered":"<p>Hollywood-t\u00e4hdet bailasivat Tsetsenian johtajan syntym\u00e4p\u00e4ivill\u00e4, kertoivat lehdet toissa viikolla. Ensimm\u00e4isten uutisten mukaan paikalla olivat ainakin Oscar-voittajat Hilary Swank ja Kevin Costner (sek\u00e4 v\u00e4hemm\u00e4n kirkas<br \/>\nkaratet&hellip;<\/p>\n","protected":false},"author":144,"featured_media":0,"comment_status":"open","ping_status":"open","sticky":false,"template":"","format":"standard","meta":{"_acf_changed":false,"asauth_required_access_level":0,"asauth_cansharepaid":"","om_header_attributes":[],"footnotes":"","om_featured_image_focal_point":[],"om_primary_tag":0,"om_contributors":[],"om_co_authors":[],"beyondwords_generate_audio":"","beyondwords_project_id":"","beyondwords_content_id":"","beyondwords_preview_token":"","beyondwords_player_content":"","beyondwords_player_style":"","beyondwords_language_code":"","beyondwords_language_id":"","beyondwords_title_voice_id":"","beyondwords_body_voice_id":"","beyondwords_summary_voice_id":"","beyondwords_error_message":"","beyondwords_disabled":"","beyondwords_delete_content":"","beyondwords_podcast_id":"","beyondwords_hash":"","publish_post_to_speechkit":"","speechkit_hash":"","speechkit_generate_audio":"","speechkit_project_id":"","speechkit_podcast_id":"","speechkit_error_message":"","speechkit_disabled":"","speechkit_access_key":"","speechkit_error":"","speechkit_info":"","speechkit_response":"","speechkit_retries":"","speechkit_status":"","speechkit_updated_at":"","_speechkit_link":"","_speechkit_text":""},"categories":[1],"tags":[920,921,922,923],"class_list":["post-548","post","type-post","status-publish","format-standard","hentry","category-kuvien-takaa","tag-hilary-swank","tag-jean-claude-van-damme","tag-mainonta","tag-tsetsenia"],"om_views":null,"acf":{"tuuma_off":false,"tuuma_kysymys":"","tuuma_vastaus":""},"asauth":{"required_access_level":1,"share_token":"","is_paid":false},"yoast_head":"<!-- This site is optimized with the Yoast SEO plugin v26.4 - https:\/\/yoast.com\/wordpress\/plugins\/seo\/ -->\n<title>Elokuvat\u00e4hti\u00e4 kaupan mediamannekiineiksi: Oscar-voittaja Hilary Swankillakin on hintansa - Kuvien takaa<\/title>\n<meta name=\"robots\" content=\"index, follow, max-snippet:-1, max-image-preview:large, max-video-preview:-1\" \/>\n<link rel=\"canonical\" href=\"https:\/\/suomenkuvalehti.fi\/kuvien-takaa\/elokuvatahtia-kaupan-mediamannekiineiksi-oscar-voittaja-hilary-swankillakin-on-hintansa\/\" \/>\n<meta property=\"og:locale\" content=\"fi_FI\" \/>\n<meta property=\"og:type\" content=\"article\" \/>\n<meta property=\"og:title\" content=\"Elokuvat\u00e4hti\u00e4 kaupan mediamannekiineiksi: Oscar-voittaja Hilary Swankillakin on hintansa - Kuvien takaa\" \/>\n<meta property=\"og:description\" content=\"Hollywood-t\u00e4hdet bailasivat Tsetsenian johtajan syntym\u00e4p\u00e4ivill\u00e4, kertoivat lehdet toissa viikolla. Ensimm\u00e4isten uutisten mukaan paikalla olivat ainakin Oscar-voittajat Hilary Swank ja Kevin Costner (sek\u00e4 v\u00e4hemm\u00e4n kirkas karatet&hellip;\" \/>\n<meta property=\"og:url\" content=\"https:\/\/suomenkuvalehti.fi\/kuvien-takaa\/elokuvatahtia-kaupan-mediamannekiineiksi-oscar-voittaja-hilary-swankillakin-on-hintansa\/\" \/>\n<meta property=\"og:site_name\" content=\"Kuvien takaa\" \/>\n<meta property=\"article:author\" content=\"https:\/\/www.facebook.com\/pages\/Kalle-Kinnunen-Kuvien-takaa\/190326157715410?fref=ts\" \/>\n<meta property=\"article:published_time\" content=\"2011-10-17T07:01:00+00:00\" \/>\n<meta property=\"og:image\" content=\"https:\/\/suomenkuvalehti.fi\/kuvien-takaa\/wp-content\/uploads\/sites\/11\/2022\/04\/kalle_kinnunen_blogi-1-scaled.jpg\" \/>\n\t<meta property=\"og:image:width\" content=\"2560\" \/>\n\t<meta property=\"og:image:height\" content=\"1707\" \/>\n\t<meta property=\"og:image:type\" content=\"image\/jpeg\" \/>\n<meta name=\"author\" content=\"Kalle Kinnunen\" \/>\n<meta name=\"twitter:card\" content=\"summary_large_image\" \/>\n<meta name=\"twitter:creator\" content=\"@https:\/\/twitter.com\/kallekinnunen\" \/>\n<meta name=\"twitter:label1\" content=\"Written by\" \/>\n\t<meta name=\"twitter:data1\" content=\"Kalle Kinnunen\" \/>\n\t<meta name=\"twitter:label2\" content=\"Est. reading time\" \/>\n\t<meta name=\"twitter:data2\" content=\"2 minuuttia\" \/>\n<script type=\"application\/ld+json\" class=\"yoast-schema-graph\">{\"@context\":\"https:\/\/schema.org\",\"@graph\":[{\"@type\":\"WebPage\",\"@id\":\"https:\/\/suomenkuvalehti.fi\/kuvien-takaa\/elokuvatahtia-kaupan-mediamannekiineiksi-oscar-voittaja-hilary-swankillakin-on-hintansa\/\",\"url\":\"https:\/\/suomenkuvalehti.fi\/kuvien-takaa\/elokuvatahtia-kaupan-mediamannekiineiksi-oscar-voittaja-hilary-swankillakin-on-hintansa\/\",\"name\":\"Elokuvat\u00e4hti\u00e4 kaupan mediamannekiineiksi: Oscar-voittaja Hilary Swankillakin on hintansa - Kuvien takaa\",\"isPartOf\":{\"@id\":\"https:\/\/suomenkuvalehti.fi\/kuvien-takaa\/#website\"},\"datePublished\":\"2011-10-17T07:01:00+00:00\",\"author\":{\"@id\":\"https:\/\/suomenkuvalehti.fi\/kuvien-takaa\/#\/schema\/person\/f3f657e4ad409e008f12af27bec60a23\"},\"breadcrumb\":{\"@id\":\"https:\/\/suomenkuvalehti.fi\/kuvien-takaa\/elokuvatahtia-kaupan-mediamannekiineiksi-oscar-voittaja-hilary-swankillakin-on-hintansa\/#breadcrumb\"},\"inLanguage\":\"fi\",\"potentialAction\":[{\"@type\":\"ReadAction\",\"target\":[\"https:\/\/suomenkuvalehti.fi\/kuvien-takaa\/elokuvatahtia-kaupan-mediamannekiineiksi-oscar-voittaja-hilary-swankillakin-on-hintansa\/\"]}]},{\"@type\":\"BreadcrumbList\",\"@id\":\"https:\/\/suomenkuvalehti.fi\/kuvien-takaa\/elokuvatahtia-kaupan-mediamannekiineiksi-oscar-voittaja-hilary-swankillakin-on-hintansa\/#breadcrumb\",\"itemListElement\":[{\"@type\":\"ListItem\",\"position\":1,\"name\":\"Home\",\"item\":\"https:\/\/suomenkuvalehti.fi\/kuvien-takaa\/\"},{\"@type\":\"ListItem\",\"position\":2,\"name\":\"Elokuvat\u00e4hti\u00e4 kaupan mediamannekiineiksi: Oscar-voittaja Hilary Swankillakin on hintansa\"}]},{\"@type\":\"WebSite\",\"@id\":\"https:\/\/suomenkuvalehti.fi\/kuvien-takaa\/#website\",\"url\":\"https:\/\/suomenkuvalehti.fi\/kuvien-takaa\/\",\"name\":\"Kuvien takaa\",\"description\":\"Elokuvakriitikko Kalle Kinnusen elokuvablogi.\",\"potentialAction\":[{\"@type\":\"SearchAction\",\"target\":{\"@type\":\"EntryPoint\",\"urlTemplate\":\"https:\/\/suomenkuvalehti.fi\/haku\/?q={search_term_string}\"},\"query-input\":{\"@type\":\"PropertyValueSpecification\",\"valueRequired\":true,\"valueName\":\"search_term_string\"}}],\"inLanguage\":\"fi\"},{\"@type\":\"Person\",\"@id\":\"https:\/\/suomenkuvalehti.fi\/kuvien-takaa\/#\/schema\/person\/f3f657e4ad409e008f12af27bec60a23\",\"name\":\"Kalle Kinnunen\",\"image\":{\"@type\":\"ImageObject\",\"inLanguage\":\"fi\",\"@id\":\"https:\/\/suomenkuvalehti.fi\/kuvien-takaa\/#\/schema\/person\/image\/\",\"url\":\"https:\/\/suomenkuvalehti.fi\/kuvien-takaa\/wp-content\/uploads\/sites\/11\/2022\/04\/kalle_kinnunen_blogi-1-150x150.jpg\",\"contentUrl\":\"https:\/\/suomenkuvalehti.fi\/kuvien-takaa\/wp-content\/uploads\/sites\/11\/2022\/04\/kalle_kinnunen_blogi-1-150x150.jpg\",\"caption\":\"Kalle Kinnunen\"},\"description\":\"Kalle Kinnunen on vapaa toimittaja ja Suomen Kuvalehden avustaja.\",\"sameAs\":[\"https:\/\/www.facebook.com\/pages\/Kalle-Kinnunen-Kuvien-takaa\/190326157715410?fref=ts\",\"https:\/\/x.com\/https:\/\/twitter.com\/kallekinnunen\"]}]}<\/script>\n<!-- \/ Yoast SEO plugin. -->","yoast_head_json":{"title":"Elokuvat\u00e4hti\u00e4 kaupan mediamannekiineiksi: Oscar-voittaja Hilary Swankillakin on hintansa - Kuvien takaa","robots":{"index":"index","follow":"follow","max-snippet":"max-snippet:-1","max-image-preview":"max-image-preview:large","max-video-preview":"max-video-preview:-1"},"canonical":"https:\/\/suomenkuvalehti.fi\/kuvien-takaa\/elokuvatahtia-kaupan-mediamannekiineiksi-oscar-voittaja-hilary-swankillakin-on-hintansa\/","og_locale":"fi_FI","og_type":"article","og_title":"Elokuvat\u00e4hti\u00e4 kaupan mediamannekiineiksi: Oscar-voittaja Hilary Swankillakin on hintansa - Kuvien takaa","og_description":"Hollywood-t\u00e4hdet bailasivat Tsetsenian johtajan syntym\u00e4p\u00e4ivill\u00e4, kertoivat lehdet toissa viikolla. Ensimm\u00e4isten uutisten mukaan paikalla olivat ainakin Oscar-voittajat Hilary Swank ja Kevin Costner (sek\u00e4 v\u00e4hemm\u00e4n kirkas karatet&hellip;","og_url":"https:\/\/suomenkuvalehti.fi\/kuvien-takaa\/elokuvatahtia-kaupan-mediamannekiineiksi-oscar-voittaja-hilary-swankillakin-on-hintansa\/","og_site_name":"Kuvien takaa","article_author":"https:\/\/www.facebook.com\/pages\/Kalle-Kinnunen-Kuvien-takaa\/190326157715410?fref=ts","article_published_time":"2011-10-17T07:01:00+00:00","og_image":[{"width":2560,"height":1707,"url":"https:\/\/suomenkuvalehti.fi\/kuvien-takaa\/wp-content\/uploads\/sites\/11\/2022\/04\/kalle_kinnunen_blogi-1-scaled.jpg","type":"image\/jpeg"}],"author":"Kalle Kinnunen","twitter_card":"summary_large_image","twitter_creator":"@https:\/\/twitter.com\/kallekinnunen","twitter_misc":{"Written by":"Kalle Kinnunen","Est. reading time":"2 minuuttia"},"schema":{"@context":"https:\/\/schema.org","@graph":[{"@type":"WebPage","@id":"https:\/\/suomenkuvalehti.fi\/kuvien-takaa\/elokuvatahtia-kaupan-mediamannekiineiksi-oscar-voittaja-hilary-swankillakin-on-hintansa\/","url":"https:\/\/suomenkuvalehti.fi\/kuvien-takaa\/elokuvatahtia-kaupan-mediamannekiineiksi-oscar-voittaja-hilary-swankillakin-on-hintansa\/","name":"Elokuvat\u00e4hti\u00e4 kaupan mediamannekiineiksi: Oscar-voittaja Hilary Swankillakin on hintansa - Kuvien takaa","isPartOf":{"@id":"https:\/\/suomenkuvalehti.fi\/kuvien-takaa\/#website"},"datePublished":"2011-10-17T07:01:00+00:00","author":{"@id":"https:\/\/suomenkuvalehti.fi\/kuvien-takaa\/#\/schema\/person\/f3f657e4ad409e008f12af27bec60a23"},"breadcrumb":{"@id":"https:\/\/suomenkuvalehti.fi\/kuvien-takaa\/elokuvatahtia-kaupan-mediamannekiineiksi-oscar-voittaja-hilary-swankillakin-on-hintansa\/#breadcrumb"},"inLanguage":"fi","potentialAction":[{"@type":"ReadAction","target":["https:\/\/suomenkuvalehti.fi\/kuvien-takaa\/elokuvatahtia-kaupan-mediamannekiineiksi-oscar-voittaja-hilary-swankillakin-on-hintansa\/"]}]},{"@type":"BreadcrumbList","@id":"https:\/\/suomenkuvalehti.fi\/kuvien-takaa\/elokuvatahtia-kaupan-mediamannekiineiksi-oscar-voittaja-hilary-swankillakin-on-hintansa\/#breadcrumb","itemListElement":[{"@type":"ListItem","position":1,"name":"Home","item":"https:\/\/suomenkuvalehti.fi\/kuvien-takaa\/"},{"@type":"ListItem","position":2,"name":"Elokuvat\u00e4hti\u00e4 kaupan mediamannekiineiksi: Oscar-voittaja Hilary Swankillakin on hintansa"}]},{"@type":"WebSite","@id":"https:\/\/suomenkuvalehti.fi\/kuvien-takaa\/#website","url":"https:\/\/suomenkuvalehti.fi\/kuvien-takaa\/","name":"Kuvien takaa","description":"Elokuvakriitikko Kalle Kinnusen elokuvablogi.","potentialAction":[{"@type":"SearchAction","target":{"@type":"EntryPoint","urlTemplate":"https:\/\/suomenkuvalehti.fi\/haku\/?q={search_term_string}"},"query-input":{"@type":"PropertyValueSpecification","valueRequired":true,"valueName":"search_term_string"}}],"inLanguage":"fi"},{"@type":"Person","@id":"https:\/\/suomenkuvalehti.fi\/kuvien-takaa\/#\/schema\/person\/f3f657e4ad409e008f12af27bec60a23","name":"Kalle Kinnunen","image":{"@type":"ImageObject","inLanguage":"fi","@id":"https:\/\/suomenkuvalehti.fi\/kuvien-takaa\/#\/schema\/person\/image\/","url":"https:\/\/suomenkuvalehti.fi\/kuvien-takaa\/wp-content\/uploads\/sites\/11\/2022\/04\/kalle_kinnunen_blogi-1-150x150.jpg","contentUrl":"https:\/\/suomenkuvalehti.fi\/kuvien-takaa\/wp-content\/uploads\/sites\/11\/2022\/04\/kalle_kinnunen_blogi-1-150x150.jpg","caption":"Kalle Kinnunen"},"description":"Kalle Kinnunen on vapaa toimittaja ja Suomen Kuvalehden avustaja.","sameAs":["https:\/\/www.facebook.com\/pages\/Kalle-Kinnunen-Kuvien-takaa\/190326157715410?fref=ts","https:\/\/x.com\/https:\/\/twitter.com\/kallekinnunen"]}]}},"_links":{"self":[{"href":"https:\/\/suomenkuvalehti.fi\/kuvien-takaa\/wp-json\/wp\/v2\/posts\/548","targetHints":{"allow":["GET"]}}],"collection":[{"href":"https:\/\/suomenkuvalehti.fi\/kuvien-takaa\/wp-json\/wp\/v2\/posts"}],"about":[{"href":"https:\/\/suomenkuvalehti.fi\/kuvien-takaa\/wp-json\/wp\/v2\/types\/post"}],"author":[{"embeddable":true,"href":"https:\/\/suomenkuvalehti.fi\/kuvien-takaa\/wp-json\/wp\/v2\/users\/144"}],"replies":[{"embeddable":true,"href":"https:\/\/suomenkuvalehti.fi\/kuvien-takaa\/wp-json\/wp\/v2\/comments?post=548"}],"version-history":[{"count":0,"href":"https:\/\/suomenkuvalehti.fi\/kuvien-takaa\/wp-json\/wp\/v2\/posts\/548\/revisions"}],"wp:attachment":[{"href":"https:\/\/suomenkuvalehti.fi\/kuvien-takaa\/wp-json\/wp\/v2\/media?parent=548"}],"wp:term":[{"taxonomy":"category","embeddable":true,"href":"https:\/\/suomenkuvalehti.fi\/kuvien-takaa\/wp-json\/wp\/v2\/categories?post=548"},{"taxonomy":"post_tag","embeddable":true,"href":"https:\/\/suomenkuvalehti.fi\/kuvien-takaa\/wp-json\/wp\/v2\/tags?post=548"}],"curies":[{"name":"wp","href":"https:\/\/api.w.org\/{rel}","templated":true}]}}