{"id":5432,"date":"2020-08-28T11:39:44","date_gmt":"2020-08-28T08:39:44","guid":{"rendered":"https:\/\/suomenkuvalehti.fi\/kuvien-takaa\/?p=5432"},"modified":"2020-08-28T11:39:44","modified_gmt":"2020-08-28T08:39:44","slug":"tenetin-menestys-salattiin-poikkeuksellisella-tavalla-suomessakin","status":"publish","type":"post","link":"https:\/\/suomenkuvalehti.fi\/kuvien-takaa\/tenetin-menestys-salattiin-poikkeuksellisella-tavalla-suomessakin\/","title":{"rendered":"Tenetin menestys salattiin poikkeuksellisella tavalla Suomessakin"},"content":{"rendered":"\n<p>Ensimm\u00e4isen\u00e4 Hollywood-blockbusterina pitk\u00e4n elokuvateatterisulun j\u00e4lkeen valkokankaille tuli <em>Tenet<\/em>.<\/p>\n\n\n\n<p>Ensi-ilta oli Suomessakin keskiviikkona. Normaalitapauksessa t\u00e4n\u00e4\u00e4n olisi julkistettu elokuvaviikon (perjantaista torstaihin) katsojaluvut. N\u00e4in selvi\u00e4isi, kuinka paljon katsojia <strong>Christopher Nolanin<\/strong> odotettu elokuva on saanut kahtena ensimm\u00e4isen\u00e4 esitysp\u00e4iv\u00e4n\u00e4\u00e4n.<\/p>\n\n\n\n<p>Mutta. Suomessakin on k\u00e4yt\u00f6ss\u00e4 sama <a href=\"https:\/\/www.filmstories.co.uk\/news\/tenet-box-office-reporting-to-be-restricted-for-opening-weekend\/\" target=\"_blank\" rel=\"noopener\">poikkeusk\u00e4yt\u00e4nt\u00f6<\/a>, josta Iso-Britanniasta jo uutisoitiin. Warner Bros on p\u00e4\u00e4tt\u00e4nyt, ett\u00e4 Tenetin katsojalukuja ja box officea ei viel\u00e4 julkisteta.<\/p>\n\n\n\n<p>Ilmeisesti Tenetin numeroita paljastetaan Suomessa kuitenkin maanantaina, viikonlopun j\u00e4lkeen.<\/p>\n\n\n\n<p>Tietoa Tenetin menestyksest\u00e4 todella odotetaan. Kyse ei ole vain sen p\u00e4rj\u00e4\u00e4misest\u00e4, vaan ylip\u00e4\u00e4ns\u00e4 siit\u00e4, miten elokuvat vet\u00e4v\u00e4t yleis\u00f6\u00e4 pandemia-ajan jatkuessa. Kannattaako Hollywoodin julkaista isoja leffojaan?<\/p>\n\n\n\n<p>T\u00e4llainen salaaminen on poikkeuksellista \u2013 toki \u00e4\u00e4rimm\u00e4isen poikkeuksellisia ovat ajatkin. Ehk\u00e4 ajatus on, ett\u00e4 lukuja tulkittaisiin v\u00e4\u00e4rin. Ehk\u00e4 ajatellaan, ett\u00e4 kun salit toimivat puolella kapasiteetilla, luvut ovat v\u00e4ist\u00e4m\u00e4tt\u00e4 pienempi\u00e4 kuin normaaliolosuhteissa, ja t\u00e4st\u00e4 teht\u00e4isiin numero.<\/p>\n\n\n\n<p>Toisaalta Tenetin n\u00e4yt\u00f6ksist\u00e4 ei p\u00e4\u00e4kaupunkiseudulla puolikapasiteetillakaan ole myyty loppuun hirve\u00e4n monia. Ja n\u00e4yt\u00f6ksi\u00e4 on kyll\u00e4 tarpeeksi, pelk\u00e4st\u00e4\u00e4n p\u00e4\u00e4kaupunkiseudulla t\u00e4n\u00e4\u00e4n 45.<\/p>\n\n\n\n<p>Vaarana on er\u00e4\u00e4nlainen versio Streisand-efektist\u00e4. Kun jostain asiasta ei saisi puhua, se yleens\u00e4 saa negatiivisen s\u00e4vyn. No, pian n\u00e4hd\u00e4\u00e4n mit\u00e4 elokuvateatterialalle l\u00e4hiaikoina k\u00e4y.<\/p>\n\n\n","protected":false},"excerpt":{"rendered":"<p>Ensimm\u00e4isen\u00e4 Hollywood-blockbusterina pitk\u00e4n elokuvateatterisulun j\u00e4lkeen valkokankaille tuli Tenet. Ensi-ilta oli Suomessakin keskiviikkona. Normaalitapauksessa t\u00e4n\u00e4\u00e4n olisi julkistettu elokuvaviikon (perjantaista torstaihin) katsojaluvut. N\u00e4in selvi\u00e4isi,<br \/>\nkuinka p&hellip;<\/p>\n","protected":false},"author":144,"featured_media":0,"comment_status":"open","ping_status":"closed","sticky":false,"template":"","format":"standard","meta":{"_acf_changed":false,"asauth_required_access_level":3,"asauth_cansharepaid":"true","om_header_attributes":[],"footnotes":"","om_featured_image_focal_point":[],"om_primary_tag":0,"om_contributors":[],"om_co_authors":[],"beyondwords_generate_audio":"","beyondwords_project_id":"","beyondwords_content_id":"","beyondwords_preview_token":"","beyondwords_player_content":"","beyondwords_player_style":"","beyondwords_language_code":"","beyondwords_language_id":"","beyondwords_title_voice_id":"","beyondwords_body_voice_id":"","beyondwords_summary_voice_id":"","beyondwords_error_message":"","beyondwords_disabled":"","beyondwords_delete_content":"","beyondwords_podcast_id":"","beyondwords_hash":"","publish_post_to_speechkit":"","speechkit_hash":"","speechkit_generate_audio":"","speechkit_project_id":"","speechkit_podcast_id":"","speechkit_error_message":"","speechkit_disabled":"","speechkit_access_key":"","speechkit_error":"","speechkit_info":"","speechkit_response":"","speechkit_retries":"","speechkit_status":"","speechkit_updated_at":"","_speechkit_link":"","_speechkit_text":""},"categories":[1],"tags":[99],"class_list":["post-5432","post","type-post","status-publish","format-standard","hentry","category-kuvien-takaa","tag-elokuvateatterit"],"om_views":null,"acf":{"tuuma_off":false,"tuuma_kysymys":"","tuuma_vastaus":""},"asauth":{"required_access_level":1,"share_token":"","is_paid":false},"yoast_head":"<!-- This site is optimized with the Yoast SEO plugin v26.4 - https:\/\/yoast.com\/wordpress\/plugins\/seo\/ -->\n<title>Tenetin menestys salattiin poikkeuksellisella tavalla Suomessakin - Kuvien takaa<\/title>\n<meta name=\"description\" content=\"Kuinka hyvin Hollywoodin tuulenhalkoja, vuoden odotetuin elokuva Tenet on ensimm\u00e4isin\u00e4 esitysp\u00e4ivin\u00e4\u00e4n menestynyt? Sit\u00e4p\u00e4 ei meille kerrota.\" \/>\n<meta name=\"robots\" content=\"index, follow, max-snippet:-1, max-image-preview:large, max-video-preview:-1\" \/>\n<link rel=\"canonical\" href=\"https:\/\/suomenkuvalehti.fi\/kuvien-takaa\/tenetin-menestys-salattiin-poikkeuksellisella-tavalla-suomessakin\/\" \/>\n<meta property=\"og:locale\" content=\"fi_FI\" \/>\n<meta property=\"og:type\" content=\"article\" \/>\n<meta property=\"og:title\" content=\"Tenetin menestys salattiin poikkeuksellisella tavalla Suomessakin - Kuvien takaa\" \/>\n<meta property=\"og:description\" content=\"Kuinka hyvin Hollywoodin tuulenhalkoja, vuoden odotetuin elokuva Tenet on ensimm\u00e4isin\u00e4 esitysp\u00e4ivin\u00e4\u00e4n menestynyt? Sit\u00e4p\u00e4 ei meille kerrota.\" \/>\n<meta property=\"og:url\" content=\"https:\/\/suomenkuvalehti.fi\/kuvien-takaa\/tenetin-menestys-salattiin-poikkeuksellisella-tavalla-suomessakin\/\" \/>\n<meta property=\"og:site_name\" content=\"Kuvien takaa\" \/>\n<meta property=\"article:author\" content=\"https:\/\/www.facebook.com\/pages\/Kalle-Kinnunen-Kuvien-takaa\/190326157715410?fref=ts\" \/>\n<meta property=\"article:published_time\" content=\"2020-08-28T08:39:44+00:00\" \/>\n<meta property=\"og:image\" content=\"https:\/\/suomenkuvalehti.fi\/kuvien-takaa\/wp-content\/uploads\/sites\/11\/2022\/04\/kalle_kinnunen_blogi-1-scaled.jpg\" \/>\n\t<meta property=\"og:image:width\" content=\"2560\" \/>\n\t<meta property=\"og:image:height\" content=\"1707\" \/>\n\t<meta property=\"og:image:type\" content=\"image\/jpeg\" \/>\n<meta name=\"author\" content=\"Kalle Kinnunen\" \/>\n<meta name=\"twitter:card\" content=\"summary_large_image\" \/>\n<meta name=\"twitter:creator\" content=\"@https:\/\/twitter.com\/kallekinnunen\" \/>\n<meta name=\"twitter:label1\" content=\"Written by\" \/>\n\t<meta name=\"twitter:data1\" content=\"Kalle Kinnunen\" \/>\n\t<meta name=\"twitter:label2\" content=\"Est. reading time\" \/>\n\t<meta name=\"twitter:data2\" content=\"1 minuutti\" \/>\n<script type=\"application\/ld+json\" class=\"yoast-schema-graph\">{\"@context\":\"https:\/\/schema.org\",\"@graph\":[{\"@type\":\"WebPage\",\"@id\":\"https:\/\/suomenkuvalehti.fi\/kuvien-takaa\/tenetin-menestys-salattiin-poikkeuksellisella-tavalla-suomessakin\/\",\"url\":\"https:\/\/suomenkuvalehti.fi\/kuvien-takaa\/tenetin-menestys-salattiin-poikkeuksellisella-tavalla-suomessakin\/\",\"name\":\"Tenetin menestys salattiin poikkeuksellisella tavalla Suomessakin - Kuvien takaa\",\"isPartOf\":{\"@id\":\"https:\/\/suomenkuvalehti.fi\/kuvien-takaa\/#website\"},\"datePublished\":\"2020-08-28T08:39:44+00:00\",\"author\":{\"@id\":\"https:\/\/suomenkuvalehti.fi\/kuvien-takaa\/#\/schema\/person\/f3f657e4ad409e008f12af27bec60a23\"},\"description\":\"Kuinka hyvin Hollywoodin tuulenhalkoja, vuoden odotetuin elokuva Tenet on ensimm\u00e4isin\u00e4 esitysp\u00e4ivin\u00e4\u00e4n menestynyt? Sit\u00e4p\u00e4 ei meille kerrota.\",\"breadcrumb\":{\"@id\":\"https:\/\/suomenkuvalehti.fi\/kuvien-takaa\/tenetin-menestys-salattiin-poikkeuksellisella-tavalla-suomessakin\/#breadcrumb\"},\"inLanguage\":\"fi\",\"potentialAction\":[{\"@type\":\"ReadAction\",\"target\":[\"https:\/\/suomenkuvalehti.fi\/kuvien-takaa\/tenetin-menestys-salattiin-poikkeuksellisella-tavalla-suomessakin\/\"]}]},{\"@type\":\"BreadcrumbList\",\"@id\":\"https:\/\/suomenkuvalehti.fi\/kuvien-takaa\/tenetin-menestys-salattiin-poikkeuksellisella-tavalla-suomessakin\/#breadcrumb\",\"itemListElement\":[{\"@type\":\"ListItem\",\"position\":1,\"name\":\"Home\",\"item\":\"https:\/\/suomenkuvalehti.fi\/kuvien-takaa\/\"},{\"@type\":\"ListItem\",\"position\":2,\"name\":\"Tenetin menestys salattiin poikkeuksellisella tavalla Suomessakin\"}]},{\"@type\":\"WebSite\",\"@id\":\"https:\/\/suomenkuvalehti.fi\/kuvien-takaa\/#website\",\"url\":\"https:\/\/suomenkuvalehti.fi\/kuvien-takaa\/\",\"name\":\"Kuvien takaa\",\"description\":\"Elokuvakriitikko Kalle Kinnusen elokuvablogi.\",\"potentialAction\":[{\"@type\":\"SearchAction\",\"target\":{\"@type\":\"EntryPoint\",\"urlTemplate\":\"https:\/\/suomenkuvalehti.fi\/haku\/?q={search_term_string}\"},\"query-input\":{\"@type\":\"PropertyValueSpecification\",\"valueRequired\":true,\"valueName\":\"search_term_string\"}}],\"inLanguage\":\"fi\"},{\"@type\":\"Person\",\"@id\":\"https:\/\/suomenkuvalehti.fi\/kuvien-takaa\/#\/schema\/person\/f3f657e4ad409e008f12af27bec60a23\",\"name\":\"Kalle Kinnunen\",\"image\":{\"@type\":\"ImageObject\",\"inLanguage\":\"fi\",\"@id\":\"https:\/\/suomenkuvalehti.fi\/kuvien-takaa\/#\/schema\/person\/image\/\",\"url\":\"https:\/\/suomenkuvalehti.fi\/kuvien-takaa\/wp-content\/uploads\/sites\/11\/2022\/04\/kalle_kinnunen_blogi-1-150x150.jpg\",\"contentUrl\":\"https:\/\/suomenkuvalehti.fi\/kuvien-takaa\/wp-content\/uploads\/sites\/11\/2022\/04\/kalle_kinnunen_blogi-1-150x150.jpg\",\"caption\":\"Kalle Kinnunen\"},\"description\":\"Kalle Kinnunen on vapaa toimittaja ja Suomen Kuvalehden avustaja.\",\"sameAs\":[\"https:\/\/www.facebook.com\/pages\/Kalle-Kinnunen-Kuvien-takaa\/190326157715410?fref=ts\",\"https:\/\/x.com\/https:\/\/twitter.com\/kallekinnunen\"]}]}<\/script>\n<!-- \/ Yoast SEO plugin. -->","yoast_head_json":{"title":"Tenetin menestys salattiin poikkeuksellisella tavalla Suomessakin - Kuvien takaa","description":"Kuinka hyvin Hollywoodin tuulenhalkoja, vuoden odotetuin elokuva Tenet on ensimm\u00e4isin\u00e4 esitysp\u00e4ivin\u00e4\u00e4n menestynyt? Sit\u00e4p\u00e4 ei meille kerrota.","robots":{"index":"index","follow":"follow","max-snippet":"max-snippet:-1","max-image-preview":"max-image-preview:large","max-video-preview":"max-video-preview:-1"},"canonical":"https:\/\/suomenkuvalehti.fi\/kuvien-takaa\/tenetin-menestys-salattiin-poikkeuksellisella-tavalla-suomessakin\/","og_locale":"fi_FI","og_type":"article","og_title":"Tenetin menestys salattiin poikkeuksellisella tavalla Suomessakin - Kuvien takaa","og_description":"Kuinka hyvin Hollywoodin tuulenhalkoja, vuoden odotetuin elokuva Tenet on ensimm\u00e4isin\u00e4 esitysp\u00e4ivin\u00e4\u00e4n menestynyt? Sit\u00e4p\u00e4 ei meille kerrota.","og_url":"https:\/\/suomenkuvalehti.fi\/kuvien-takaa\/tenetin-menestys-salattiin-poikkeuksellisella-tavalla-suomessakin\/","og_site_name":"Kuvien takaa","article_author":"https:\/\/www.facebook.com\/pages\/Kalle-Kinnunen-Kuvien-takaa\/190326157715410?fref=ts","article_published_time":"2020-08-28T08:39:44+00:00","og_image":[{"width":2560,"height":1707,"url":"https:\/\/suomenkuvalehti.fi\/kuvien-takaa\/wp-content\/uploads\/sites\/11\/2022\/04\/kalle_kinnunen_blogi-1-scaled.jpg","type":"image\/jpeg"}],"author":"Kalle Kinnunen","twitter_card":"summary_large_image","twitter_creator":"@https:\/\/twitter.com\/kallekinnunen","twitter_misc":{"Written by":"Kalle Kinnunen","Est. reading time":"1 minuutti"},"schema":{"@context":"https:\/\/schema.org","@graph":[{"@type":"WebPage","@id":"https:\/\/suomenkuvalehti.fi\/kuvien-takaa\/tenetin-menestys-salattiin-poikkeuksellisella-tavalla-suomessakin\/","url":"https:\/\/suomenkuvalehti.fi\/kuvien-takaa\/tenetin-menestys-salattiin-poikkeuksellisella-tavalla-suomessakin\/","name":"Tenetin menestys salattiin poikkeuksellisella tavalla Suomessakin - Kuvien takaa","isPartOf":{"@id":"https:\/\/suomenkuvalehti.fi\/kuvien-takaa\/#website"},"datePublished":"2020-08-28T08:39:44+00:00","author":{"@id":"https:\/\/suomenkuvalehti.fi\/kuvien-takaa\/#\/schema\/person\/f3f657e4ad409e008f12af27bec60a23"},"description":"Kuinka hyvin Hollywoodin tuulenhalkoja, vuoden odotetuin elokuva Tenet on ensimm\u00e4isin\u00e4 esitysp\u00e4ivin\u00e4\u00e4n menestynyt? Sit\u00e4p\u00e4 ei meille kerrota.","breadcrumb":{"@id":"https:\/\/suomenkuvalehti.fi\/kuvien-takaa\/tenetin-menestys-salattiin-poikkeuksellisella-tavalla-suomessakin\/#breadcrumb"},"inLanguage":"fi","potentialAction":[{"@type":"ReadAction","target":["https:\/\/suomenkuvalehti.fi\/kuvien-takaa\/tenetin-menestys-salattiin-poikkeuksellisella-tavalla-suomessakin\/"]}]},{"@type":"BreadcrumbList","@id":"https:\/\/suomenkuvalehti.fi\/kuvien-takaa\/tenetin-menestys-salattiin-poikkeuksellisella-tavalla-suomessakin\/#breadcrumb","itemListElement":[{"@type":"ListItem","position":1,"name":"Home","item":"https:\/\/suomenkuvalehti.fi\/kuvien-takaa\/"},{"@type":"ListItem","position":2,"name":"Tenetin menestys salattiin poikkeuksellisella tavalla Suomessakin"}]},{"@type":"WebSite","@id":"https:\/\/suomenkuvalehti.fi\/kuvien-takaa\/#website","url":"https:\/\/suomenkuvalehti.fi\/kuvien-takaa\/","name":"Kuvien takaa","description":"Elokuvakriitikko Kalle Kinnusen elokuvablogi.","potentialAction":[{"@type":"SearchAction","target":{"@type":"EntryPoint","urlTemplate":"https:\/\/suomenkuvalehti.fi\/haku\/?q={search_term_string}"},"query-input":{"@type":"PropertyValueSpecification","valueRequired":true,"valueName":"search_term_string"}}],"inLanguage":"fi"},{"@type":"Person","@id":"https:\/\/suomenkuvalehti.fi\/kuvien-takaa\/#\/schema\/person\/f3f657e4ad409e008f12af27bec60a23","name":"Kalle Kinnunen","image":{"@type":"ImageObject","inLanguage":"fi","@id":"https:\/\/suomenkuvalehti.fi\/kuvien-takaa\/#\/schema\/person\/image\/","url":"https:\/\/suomenkuvalehti.fi\/kuvien-takaa\/wp-content\/uploads\/sites\/11\/2022\/04\/kalle_kinnunen_blogi-1-150x150.jpg","contentUrl":"https:\/\/suomenkuvalehti.fi\/kuvien-takaa\/wp-content\/uploads\/sites\/11\/2022\/04\/kalle_kinnunen_blogi-1-150x150.jpg","caption":"Kalle Kinnunen"},"description":"Kalle Kinnunen on vapaa toimittaja ja Suomen Kuvalehden avustaja.","sameAs":["https:\/\/www.facebook.com\/pages\/Kalle-Kinnunen-Kuvien-takaa\/190326157715410?fref=ts","https:\/\/x.com\/https:\/\/twitter.com\/kallekinnunen"]}]}},"_links":{"self":[{"href":"https:\/\/suomenkuvalehti.fi\/kuvien-takaa\/wp-json\/wp\/v2\/posts\/5432","targetHints":{"allow":["GET"]}}],"collection":[{"href":"https:\/\/suomenkuvalehti.fi\/kuvien-takaa\/wp-json\/wp\/v2\/posts"}],"about":[{"href":"https:\/\/suomenkuvalehti.fi\/kuvien-takaa\/wp-json\/wp\/v2\/types\/post"}],"author":[{"embeddable":true,"href":"https:\/\/suomenkuvalehti.fi\/kuvien-takaa\/wp-json\/wp\/v2\/users\/144"}],"replies":[{"embeddable":true,"href":"https:\/\/suomenkuvalehti.fi\/kuvien-takaa\/wp-json\/wp\/v2\/comments?post=5432"}],"version-history":[{"count":1,"href":"https:\/\/suomenkuvalehti.fi\/kuvien-takaa\/wp-json\/wp\/v2\/posts\/5432\/revisions"}],"predecessor-version":[{"id":5433,"href":"https:\/\/suomenkuvalehti.fi\/kuvien-takaa\/wp-json\/wp\/v2\/posts\/5432\/revisions\/5433"}],"wp:attachment":[{"href":"https:\/\/suomenkuvalehti.fi\/kuvien-takaa\/wp-json\/wp\/v2\/media?parent=5432"}],"wp:term":[{"taxonomy":"category","embeddable":true,"href":"https:\/\/suomenkuvalehti.fi\/kuvien-takaa\/wp-json\/wp\/v2\/categories?post=5432"},{"taxonomy":"post_tag","embeddable":true,"href":"https:\/\/suomenkuvalehti.fi\/kuvien-takaa\/wp-json\/wp\/v2\/tags?post=5432"}],"curies":[{"name":"wp","href":"https:\/\/api.w.org\/{rel}","templated":true}]}}