{"id":5426,"date":"2020-08-18T09:31:58","date_gmt":"2020-08-18T06:31:58","guid":{"rendered":"https:\/\/suomenkuvalehti.fi\/kuvien-takaa\/?p=5426"},"modified":"2020-08-18T09:36:22","modified_gmt":"2020-08-18T06:36:22","slug":"mene-katsomaan-eden","status":"publish","type":"post","link":"https:\/\/suomenkuvalehti.fi\/kuvien-takaa\/mene-katsomaan-eden\/","title":{"rendered":"Mene katsomaan Eden"},"content":{"rendered":"\n<p>Suomalaisia elokuvia ei yleens\u00e4 tuoda kes\u00e4kaudella teatteriensi-iltaan. Siihen on pari syyt\u00e4. Suomalaiset eiv\u00e4t k\u00e4y kes\u00e4ll\u00e4 elokuvissa kovinkaan innokkaasti. Parisenkymment\u00e4 vuotta sitten suuri osa Helsinginkin elokuvateattereista meni juhannuksesta muutaman viikon kes\u00e4tauolle.<\/p>\n\n\n\n<p>Nyky\u00e4\u00e4n teatterit vet\u00e4v\u00e4t paremmin kes\u00e4ll\u00e4kin. Kehityst\u00e4 on kiihdytt\u00e4nyt globaali yhdenmukaistuminen: Yhdysvalloissa kes\u00e4 on elokuvan ykk\u00f6ssesonki.<\/p>\n\n\n\n<p>Se toinen syy liittyy akuutisti s\u00e4\u00e4h\u00e4n. Jos ensi-iltaviikolle sattuu huippukelit, elokuvateattereihin ei tosiaankaan ole tunkua. (T\u00e4ss\u00e4 on hauska ep\u00e4korrelaatio: yksi syy siihen, ett\u00e4 kes\u00e4st\u00e4 tuli Yhdysvalloissa se supersesonki, on elokuvateatterien ilmastointi. Siell\u00e4 elokuvasali oli joskus kymmeni\u00e4 vuosia sitten, kauan ennen ostoskeskusbuumia se harvinainen paikka, jossa saattoi v\u00e4h\u00e4n j\u00e4\u00e4hdytell\u00e4 helteell\u00e4.)<\/p>\n\n\n\n<p><strong>Ulla Heikkil\u00e4n<\/strong> esikoiselokuva <em>Eden<\/em> tuli ensi-iltaan reilu viikko sitten. Oli rohkeaa tuoda kotimainen ensi-ilta viikonloppuun ennen koulujen alkua, siis kes\u00e4kaudelle. Tuotantoyhti\u00f6 Tekele ja levitysyhti\u00f6 Nordisk ottivat ehk\u00e4 riskin, mutta hyvin kunnioitettavan riskin. (Ajankohta oli valittu ennen koronaa.)<\/p>\n\n\n\n<p>Eden oli ensimm\u00e4inen isompi kotimainen ensi-ilta sen j\u00e4lkeen, kun elokuvateatterit avautuivat. Koronatilanteen vuoksi katsojaluvut ovat olleet melko maltillisia koko kes\u00e4n, mutta se toki johtuu my\u00f6s uuden Hollywood-viihteen eli sen kes\u00e4n peruskaman puutteesta.<\/p>\n\n\n<p><iframe loading=\"lazy\" width=\"630\" height=\"354\" src=\"https:\/\/www.youtube.com\/embed\/I85TJQPsmBU?feature=oembed\" frameborder=\"0\" allow=\"accelerometer; autoplay; encrypted-media; gyroscope; picture-in-picture\" allowfullscreen><\/iframe><\/p>\n\n<p>Ensi-iltaviikonloppuna oli loistos\u00e4\u00e4t, toisena viikonloppuna viel\u00e4 paremmat. Eden oli ensi-iltaviikonloppunsa ja -viikkonsa katsotuin elokuva ja toisen viikonloppunsa listakakkonen, mutta silti sill\u00e4 on nyt vasta reilut 12 000 katsojaa. Koronatilanne on mik\u00e4 on. Lohtua voisi hakea siit\u00e4, ett\u00e4 eiv\u00e4t muutkaan elokuvat vet\u00e4neeet. Helposti l\u00e4hestytt\u00e4v\u00e4lle elokuvalle se on silti tosi v\u00e4h\u00e4n.<\/p>\n\n\n\n<p>S\u00e4\u00e4li se on etenkin siksi, ett\u00e4 Eden on erinomainen. Se on niit\u00e4 elokuvia, joita katsoessa syntyy vaikutelma, ett\u00e4 t\u00e4m\u00e4n elokuvan tekemisen on t\u00e4ytynyt olla helppoa, suorastaan vaivatonta. Vaikutelmahan on sik\u00e4li kovin virheellinen, ett\u00e4 n\u00e4in hienosti etenev\u00e4\u00e4, koko ajan intensiivist\u00e4 ja aika hauskaakin elokuvaa ei ole tietenk\u00e4\u00e4n helppo tehd\u00e4. Moinen tunnevaikutelma on silti ainoastaan luonnollinen reaktio, kun n\u00e4kee jotain niin hallittua.<\/p>\n\n\n\n<p>Jotkut elokuvat ovat \u2013 ja saavat ollakin \u2013 briljeeraavia taidonn\u00e4ytteit\u00e4, jotka oikein tavoitteellisesti vakuuttavat spektaakkelimaisilla jaksoilla tai luomalla esteettist\u00e4 vaaran tuntua. Eden taas on nyanssien elokuvaa, mutta nimenomaan valkokankaan ansaitsevaa, kuvan ja \u00e4\u00e4nen <em>elokuvaa<\/em>. Ei mit\u00e4\u00e4n teeveet\u00e4.<\/p>\n\n\n\n<p>Mik\u00e4li ajatus elokuvateatterissa k\u00e4ymisest\u00e4 tuntuu v\u00e4h\u00e4nkin j\u00e4rkev\u00e4lt\u00e4, Eden on todella hyv\u00e4 valinta. Sen verran kun olen kuullut, se toimii erinomaisesti my\u00f6s teini-ik\u00e4isille, ik\u00e4luokalle josta se kertoo, ja jota on suht vaikea saada katsomaan kotimaista elokuvateatteriin. (En ymm\u00e4rr\u00e4 miksei toimisi, kun se on niin <em>asian ytimess\u00e4.<\/em>)<\/p>\n\n\n\n<p>Useita syksyn tulevia kotimaisia ensi-iltoja jo n\u00e4hneen\u00e4 ja niiden laadusta ilahtuneena olen varma, ett\u00e4 Eden on vuoden 2020 k\u00e4rkikahinoissa. Kenties jopa se, joka tuntuu parhaalta, kun vuodenvaihteen tienoilla katsoo kotimaista leffavuotta taaksep\u00e4in. Asia on nyt vain niin, ett\u00e4 n\u00e4it\u00e4 todella <em>elokuvan<\/em> tuntuisia elokuvia tehd\u00e4\u00e4n Suomessa parhaimmillaankin muutama vuodessa. Sitten kun joku niist\u00e4 viel\u00e4 j\u00e4tt\u00e4\u00e4 tunnej\u00e4ljen, niin ai ett\u00e4.<\/p>\n\n\n","protected":false},"excerpt":{"rendered":"<p>Suomalaisia elokuvia ei yleens\u00e4 tuoda kes\u00e4kaudella teatteriensi-iltaan. Siihen on pari syyt\u00e4. Suomalaiset eiv\u00e4t k\u00e4y kes\u00e4ll\u00e4 elokuvissa kovinkaan innokkaasti. Parisenkymment\u00e4 vuotta sitten suuri osa Helsinginkin elokuvateattereista meni juhannuksesta muutaman viikon kes\u00e4tauolle. Nyky\u00e4\u00e4n teatterit<br \/>\nvet\u00e4v\u00e4t pa&hellip;<\/p>\n","protected":false},"author":144,"featured_media":0,"comment_status":"open","ping_status":"closed","sticky":false,"template":"","format":"standard","meta":{"_acf_changed":false,"asauth_required_access_level":3,"asauth_cansharepaid":"true","om_header_attributes":[],"footnotes":"","om_featured_image_focal_point":[],"om_primary_tag":0,"om_contributors":[],"om_co_authors":[],"beyondwords_generate_audio":"","beyondwords_project_id":"","beyondwords_content_id":"","beyondwords_preview_token":"","beyondwords_player_content":"","beyondwords_player_style":"","beyondwords_language_code":"","beyondwords_language_id":"","beyondwords_title_voice_id":"","beyondwords_body_voice_id":"","beyondwords_summary_voice_id":"","beyondwords_error_message":"","beyondwords_disabled":"","beyondwords_delete_content":"","beyondwords_podcast_id":"","beyondwords_hash":"","publish_post_to_speechkit":"","speechkit_hash":"","speechkit_generate_audio":"","speechkit_project_id":"","speechkit_podcast_id":"","speechkit_error_message":"","speechkit_disabled":"","speechkit_access_key":"","speechkit_error":"","speechkit_info":"","speechkit_response":"","speechkit_retries":"","speechkit_status":"","speechkit_updated_at":"","_speechkit_link":"","_speechkit_text":""},"categories":[1],"tags":[],"class_list":["post-5426","post","type-post","status-publish","format-standard","hentry","category-kuvien-takaa"],"om_views":null,"acf":{"tuuma_off":false,"tuuma_kysymys":"","tuuma_vastaus":""},"asauth":{"required_access_level":1,"share_token":"","is_paid":false},"yoast_head":"<!-- This site is optimized with the Yoast SEO plugin v26.4 - https:\/\/yoast.com\/wordpress\/plugins\/seo\/ -->\n<title>Mene katsomaan Eden - Kuvien takaa<\/title>\n<meta name=\"description\" content=\"Kotimaisen elokuvan tuominen valkokangasensi-iltaan kes\u00e4kaudella on ep\u00e4tavallista, ja riski realisoituu, kun s\u00e4\u00e4t ovat erinomaiset.\" \/>\n<meta name=\"robots\" content=\"index, follow, max-snippet:-1, max-image-preview:large, max-video-preview:-1\" \/>\n<link rel=\"canonical\" href=\"https:\/\/suomenkuvalehti.fi\/kuvien-takaa\/mene-katsomaan-eden\/\" \/>\n<meta property=\"og:locale\" content=\"fi_FI\" \/>\n<meta property=\"og:type\" content=\"article\" \/>\n<meta property=\"og:title\" content=\"Mene katsomaan Eden - Kuvien takaa\" \/>\n<meta property=\"og:description\" content=\"Kotimaisen elokuvan tuominen valkokangasensi-iltaan kes\u00e4kaudella on ep\u00e4tavallista, ja riski realisoituu, kun s\u00e4\u00e4t ovat erinomaiset.\" \/>\n<meta property=\"og:url\" content=\"https:\/\/suomenkuvalehti.fi\/kuvien-takaa\/mene-katsomaan-eden\/\" \/>\n<meta property=\"og:site_name\" content=\"Kuvien takaa\" \/>\n<meta property=\"article:author\" content=\"https:\/\/www.facebook.com\/pages\/Kalle-Kinnunen-Kuvien-takaa\/190326157715410?fref=ts\" \/>\n<meta property=\"article:published_time\" content=\"2020-08-18T06:31:58+00:00\" \/>\n<meta property=\"article:modified_time\" content=\"2020-08-18T06:36:22+00:00\" \/>\n<meta property=\"og:image\" content=\"https:\/\/suomenkuvalehti.fi\/kuvien-takaa\/wp-content\/uploads\/sites\/11\/2022\/04\/kalle_kinnunen_blogi-1-scaled.jpg\" \/>\n\t<meta property=\"og:image:width\" content=\"2560\" \/>\n\t<meta property=\"og:image:height\" content=\"1707\" \/>\n\t<meta property=\"og:image:type\" content=\"image\/jpeg\" \/>\n<meta name=\"author\" content=\"Kalle Kinnunen\" \/>\n<meta name=\"twitter:card\" content=\"summary_large_image\" \/>\n<meta name=\"twitter:creator\" content=\"@https:\/\/twitter.com\/kallekinnunen\" \/>\n<meta name=\"twitter:label1\" content=\"Written by\" \/>\n\t<meta name=\"twitter:data1\" content=\"Kalle Kinnunen\" \/>\n\t<meta name=\"twitter:label2\" content=\"Est. reading time\" \/>\n\t<meta name=\"twitter:data2\" content=\"2 minuuttia\" \/>\n<script type=\"application\/ld+json\" class=\"yoast-schema-graph\">{\"@context\":\"https:\/\/schema.org\",\"@graph\":[{\"@type\":\"WebPage\",\"@id\":\"https:\/\/suomenkuvalehti.fi\/kuvien-takaa\/mene-katsomaan-eden\/\",\"url\":\"https:\/\/suomenkuvalehti.fi\/kuvien-takaa\/mene-katsomaan-eden\/\",\"name\":\"Mene katsomaan Eden - Kuvien takaa\",\"isPartOf\":{\"@id\":\"https:\/\/suomenkuvalehti.fi\/kuvien-takaa\/#website\"},\"datePublished\":\"2020-08-18T06:31:58+00:00\",\"dateModified\":\"2020-08-18T06:36:22+00:00\",\"author\":{\"@id\":\"https:\/\/suomenkuvalehti.fi\/kuvien-takaa\/#\/schema\/person\/f3f657e4ad409e008f12af27bec60a23\"},\"description\":\"Kotimaisen elokuvan tuominen valkokangasensi-iltaan kes\u00e4kaudella on ep\u00e4tavallista, ja riski realisoituu, kun s\u00e4\u00e4t ovat erinomaiset.\",\"breadcrumb\":{\"@id\":\"https:\/\/suomenkuvalehti.fi\/kuvien-takaa\/mene-katsomaan-eden\/#breadcrumb\"},\"inLanguage\":\"fi\",\"potentialAction\":[{\"@type\":\"ReadAction\",\"target\":[\"https:\/\/suomenkuvalehti.fi\/kuvien-takaa\/mene-katsomaan-eden\/\"]}]},{\"@type\":\"BreadcrumbList\",\"@id\":\"https:\/\/suomenkuvalehti.fi\/kuvien-takaa\/mene-katsomaan-eden\/#breadcrumb\",\"itemListElement\":[{\"@type\":\"ListItem\",\"position\":1,\"name\":\"Home\",\"item\":\"https:\/\/suomenkuvalehti.fi\/kuvien-takaa\/\"},{\"@type\":\"ListItem\",\"position\":2,\"name\":\"Mene katsomaan Eden\"}]},{\"@type\":\"WebSite\",\"@id\":\"https:\/\/suomenkuvalehti.fi\/kuvien-takaa\/#website\",\"url\":\"https:\/\/suomenkuvalehti.fi\/kuvien-takaa\/\",\"name\":\"Kuvien takaa\",\"description\":\"Elokuvakriitikko Kalle Kinnusen elokuvablogi.\",\"potentialAction\":[{\"@type\":\"SearchAction\",\"target\":{\"@type\":\"EntryPoint\",\"urlTemplate\":\"https:\/\/suomenkuvalehti.fi\/haku\/?q={search_term_string}\"},\"query-input\":{\"@type\":\"PropertyValueSpecification\",\"valueRequired\":true,\"valueName\":\"search_term_string\"}}],\"inLanguage\":\"fi\"},{\"@type\":\"Person\",\"@id\":\"https:\/\/suomenkuvalehti.fi\/kuvien-takaa\/#\/schema\/person\/f3f657e4ad409e008f12af27bec60a23\",\"name\":\"Kalle Kinnunen\",\"image\":{\"@type\":\"ImageObject\",\"inLanguage\":\"fi\",\"@id\":\"https:\/\/suomenkuvalehti.fi\/kuvien-takaa\/#\/schema\/person\/image\/\",\"url\":\"https:\/\/suomenkuvalehti.fi\/kuvien-takaa\/wp-content\/uploads\/sites\/11\/2022\/04\/kalle_kinnunen_blogi-1-150x150.jpg\",\"contentUrl\":\"https:\/\/suomenkuvalehti.fi\/kuvien-takaa\/wp-content\/uploads\/sites\/11\/2022\/04\/kalle_kinnunen_blogi-1-150x150.jpg\",\"caption\":\"Kalle Kinnunen\"},\"description\":\"Kalle Kinnunen on vapaa toimittaja ja Suomen Kuvalehden avustaja.\",\"sameAs\":[\"https:\/\/www.facebook.com\/pages\/Kalle-Kinnunen-Kuvien-takaa\/190326157715410?fref=ts\",\"https:\/\/x.com\/https:\/\/twitter.com\/kallekinnunen\"]}]}<\/script>\n<!-- \/ Yoast SEO plugin. -->","yoast_head_json":{"title":"Mene katsomaan Eden - Kuvien takaa","description":"Kotimaisen elokuvan tuominen valkokangasensi-iltaan kes\u00e4kaudella on ep\u00e4tavallista, ja riski realisoituu, kun s\u00e4\u00e4t ovat erinomaiset.","robots":{"index":"index","follow":"follow","max-snippet":"max-snippet:-1","max-image-preview":"max-image-preview:large","max-video-preview":"max-video-preview:-1"},"canonical":"https:\/\/suomenkuvalehti.fi\/kuvien-takaa\/mene-katsomaan-eden\/","og_locale":"fi_FI","og_type":"article","og_title":"Mene katsomaan Eden - Kuvien takaa","og_description":"Kotimaisen elokuvan tuominen valkokangasensi-iltaan kes\u00e4kaudella on ep\u00e4tavallista, ja riski realisoituu, kun s\u00e4\u00e4t ovat erinomaiset.","og_url":"https:\/\/suomenkuvalehti.fi\/kuvien-takaa\/mene-katsomaan-eden\/","og_site_name":"Kuvien takaa","article_author":"https:\/\/www.facebook.com\/pages\/Kalle-Kinnunen-Kuvien-takaa\/190326157715410?fref=ts","article_published_time":"2020-08-18T06:31:58+00:00","article_modified_time":"2020-08-18T06:36:22+00:00","og_image":[{"width":2560,"height":1707,"url":"https:\/\/suomenkuvalehti.fi\/kuvien-takaa\/wp-content\/uploads\/sites\/11\/2022\/04\/kalle_kinnunen_blogi-1-scaled.jpg","type":"image\/jpeg"}],"author":"Kalle Kinnunen","twitter_card":"summary_large_image","twitter_creator":"@https:\/\/twitter.com\/kallekinnunen","twitter_misc":{"Written by":"Kalle Kinnunen","Est. reading time":"2 minuuttia"},"schema":{"@context":"https:\/\/schema.org","@graph":[{"@type":"WebPage","@id":"https:\/\/suomenkuvalehti.fi\/kuvien-takaa\/mene-katsomaan-eden\/","url":"https:\/\/suomenkuvalehti.fi\/kuvien-takaa\/mene-katsomaan-eden\/","name":"Mene katsomaan Eden - Kuvien takaa","isPartOf":{"@id":"https:\/\/suomenkuvalehti.fi\/kuvien-takaa\/#website"},"datePublished":"2020-08-18T06:31:58+00:00","dateModified":"2020-08-18T06:36:22+00:00","author":{"@id":"https:\/\/suomenkuvalehti.fi\/kuvien-takaa\/#\/schema\/person\/f3f657e4ad409e008f12af27bec60a23"},"description":"Kotimaisen elokuvan tuominen valkokangasensi-iltaan kes\u00e4kaudella on ep\u00e4tavallista, ja riski realisoituu, kun s\u00e4\u00e4t ovat erinomaiset.","breadcrumb":{"@id":"https:\/\/suomenkuvalehti.fi\/kuvien-takaa\/mene-katsomaan-eden\/#breadcrumb"},"inLanguage":"fi","potentialAction":[{"@type":"ReadAction","target":["https:\/\/suomenkuvalehti.fi\/kuvien-takaa\/mene-katsomaan-eden\/"]}]},{"@type":"BreadcrumbList","@id":"https:\/\/suomenkuvalehti.fi\/kuvien-takaa\/mene-katsomaan-eden\/#breadcrumb","itemListElement":[{"@type":"ListItem","position":1,"name":"Home","item":"https:\/\/suomenkuvalehti.fi\/kuvien-takaa\/"},{"@type":"ListItem","position":2,"name":"Mene katsomaan Eden"}]},{"@type":"WebSite","@id":"https:\/\/suomenkuvalehti.fi\/kuvien-takaa\/#website","url":"https:\/\/suomenkuvalehti.fi\/kuvien-takaa\/","name":"Kuvien takaa","description":"Elokuvakriitikko Kalle Kinnusen elokuvablogi.","potentialAction":[{"@type":"SearchAction","target":{"@type":"EntryPoint","urlTemplate":"https:\/\/suomenkuvalehti.fi\/haku\/?q={search_term_string}"},"query-input":{"@type":"PropertyValueSpecification","valueRequired":true,"valueName":"search_term_string"}}],"inLanguage":"fi"},{"@type":"Person","@id":"https:\/\/suomenkuvalehti.fi\/kuvien-takaa\/#\/schema\/person\/f3f657e4ad409e008f12af27bec60a23","name":"Kalle Kinnunen","image":{"@type":"ImageObject","inLanguage":"fi","@id":"https:\/\/suomenkuvalehti.fi\/kuvien-takaa\/#\/schema\/person\/image\/","url":"https:\/\/suomenkuvalehti.fi\/kuvien-takaa\/wp-content\/uploads\/sites\/11\/2022\/04\/kalle_kinnunen_blogi-1-150x150.jpg","contentUrl":"https:\/\/suomenkuvalehti.fi\/kuvien-takaa\/wp-content\/uploads\/sites\/11\/2022\/04\/kalle_kinnunen_blogi-1-150x150.jpg","caption":"Kalle Kinnunen"},"description":"Kalle Kinnunen on vapaa toimittaja ja Suomen Kuvalehden avustaja.","sameAs":["https:\/\/www.facebook.com\/pages\/Kalle-Kinnunen-Kuvien-takaa\/190326157715410?fref=ts","https:\/\/x.com\/https:\/\/twitter.com\/kallekinnunen"]}]}},"_links":{"self":[{"href":"https:\/\/suomenkuvalehti.fi\/kuvien-takaa\/wp-json\/wp\/v2\/posts\/5426","targetHints":{"allow":["GET"]}}],"collection":[{"href":"https:\/\/suomenkuvalehti.fi\/kuvien-takaa\/wp-json\/wp\/v2\/posts"}],"about":[{"href":"https:\/\/suomenkuvalehti.fi\/kuvien-takaa\/wp-json\/wp\/v2\/types\/post"}],"author":[{"embeddable":true,"href":"https:\/\/suomenkuvalehti.fi\/kuvien-takaa\/wp-json\/wp\/v2\/users\/144"}],"replies":[{"embeddable":true,"href":"https:\/\/suomenkuvalehti.fi\/kuvien-takaa\/wp-json\/wp\/v2\/comments?post=5426"}],"version-history":[{"count":3,"href":"https:\/\/suomenkuvalehti.fi\/kuvien-takaa\/wp-json\/wp\/v2\/posts\/5426\/revisions"}],"predecessor-version":[{"id":5430,"href":"https:\/\/suomenkuvalehti.fi\/kuvien-takaa\/wp-json\/wp\/v2\/posts\/5426\/revisions\/5430"}],"wp:attachment":[{"href":"https:\/\/suomenkuvalehti.fi\/kuvien-takaa\/wp-json\/wp\/v2\/media?parent=5426"}],"wp:term":[{"taxonomy":"category","embeddable":true,"href":"https:\/\/suomenkuvalehti.fi\/kuvien-takaa\/wp-json\/wp\/v2\/categories?post=5426"},{"taxonomy":"post_tag","embeddable":true,"href":"https:\/\/suomenkuvalehti.fi\/kuvien-takaa\/wp-json\/wp\/v2\/tags?post=5426"}],"curies":[{"name":"wp","href":"https:\/\/api.w.org\/{rel}","templated":true}]}}