{"id":5415,"date":"2020-08-04T13:05:12","date_gmt":"2020-08-04T10:05:12","guid":{"rendered":"https:\/\/suomenkuvalehti.fi\/kuvien-takaa\/?p=5415"},"modified":"2020-08-04T13:05:51","modified_gmt":"2020-08-04T10:05:51","slug":"lafe-lammas-agu-ankka-ja-muita-kotimaisten-kesatapahtumien-maskotteja","status":"publish","type":"post","link":"https:\/\/suomenkuvalehti.fi\/kuvien-takaa\/lafe-lammas-agu-ankka-ja-muita-kotimaisten-kesatapahtumien-maskotteja\/","title":{"rendered":"Lafe Lammas, Agu Ankka ja muita kotimaisten kes\u00e4tapahtumien maskotteja"},"content":{"rendered":"\n<p>Pari viikkoa sitten kuuntelin m\u00f6kill\u00e4 radiota. Mainoksessa mielest\u00e4ni kerrottiin Late Lampaan olevan lastentapahtuman maskotti.<\/p>\n\n\n\n<p>Mielenkiintoista, ajattelin. En tiennyt ett\u00e4 Suomessa on taho, joka lisensoi animaatiotalo Aardmanin suositun hahmon oikeuksia tapahtumien houkuttimeksi. Wallacesta ja Gromitista tunnetun Aardmanin hahmoista nimenomaan t\u00e4m\u00e4 lammas on kasvanut suurimmaksi franchiseksi. Ensin Late esiintyi Wallacen ja Gromitin kanssa, mutta sitten seurasi oma animaatiosarja, kaksi (hyv\u00e4\u00e4!) elokuvaa ja viel\u00e4p\u00e4 erillinen, pienille lapsille suunnattu spin-off Timppa.<\/p>\n\n\n\n<p>Nyky\u00e4\u00e4n, kuudennella televisiotuotantokaudellaan Late seikkailee useissa maissa Netflixill\u00e4. Kaiken kaikkiaan Late on py\u00f6ritt\u00e4nyt satojen ja satojen miljoonien eurojen liikevaihdon ja globaali menestys jatkuu.<\/p>\n\n\n\n<p>Radiomainoskaan ei ollut tuotantoarvoiltaan ihan ammattilaisosaamisen k\u00e4rke\u00e4, joten kysyin Lasten Festivaaleilta, mist\u00e4 on kyse.<\/p>\n\n\n\n<p>&#8221;Meid\u00e4n maskottimme nimi on <span class=\"il\">Lafe<\/span>&nbsp;Lammas (huom F-kirjain t:n sijaan)&#8221;, kirjoitti festivaalin edustaja s\u00e4hk\u00f6postissa.<\/p>\n\n\n\n<p>T\u00e4t\u00e4 en, hitto vie, radiosta kuullut enk\u00e4<a href=\"https:\/\/www.lastenfestarit.fi\/\" target=\"_blank\" rel=\"noopener\"> tapahtuman verkkosivuiltakaan<\/a> huomannut (disclaimer: ik\u00e4n\u00e4k\u00f6). Kuten festivaalin edustaja toteaa, f ja t ovat kirjaimina suhteellisen samann\u00e4k\u00f6isi\u00e4kin.<\/p>\n\n\n\n<p>&#8221;Miss\u00e4\u00e4n tapauksessa tarkoitus ei ole assosioitua Lateen&#8221;, festivaalilta t\u00e4smennettiin.<\/p>\n\n\n\n<p>Festivaalin edustaja kertoi, ett\u00e4 Lafen touhuja voi seurata Instagramissa. Toden totta, siell\u00e4 oli 17 tykk\u00e4yst\u00e4 saanut video henkil\u00f6st\u00e4 lammasfroteeasussa.<\/p>\n\n\n\n<p>Maksuton Lasten Festivaalit j\u00e4rjestettiin viime viikonloppuna \u2013 virtuaalisesti. Aivan h\u00f6p\u00f6tapahtumasta ei ole kyse. V<span class>irallinen suojelija on Helsingin kaupungin apulaispormestari <strong>Nasima Razmyar<\/strong>. Sponsoreina ovat esimerkiksi Mehil\u00e4inen ja Semper.<\/span><\/p>\n\n\n\n<p>Kenties ensi vuonna Lasten Festivaalien vetonauloihin kuuluvat Agu Ankka sek\u00e4 Muuipeikko ja Piccu Myy. Ei ole tarkoitus assosioitua hahmoihin, jotka saattavat k\u00e4v\u00e4ist\u00e4 mieless\u00e4si.<\/p>\n\n\n\n<p>&nbsp;<\/p>\n\n\n","protected":false},"excerpt":{"rendered":"<p>Pari viikkoa sitten kuuntelin m\u00f6kill\u00e4 radiota. Mainoksessa mielest\u00e4ni kerrottiin Late Lampaan olevan lastentapahtuman maskotti. Mielenkiintoista, ajattelin. En tiennyt ett\u00e4 Suomessa on taho, joka lisensoi animaatiotalo Aardmanin suositun hahmon oikeuksia<br \/>\ntap&hellip;<\/p>\n","protected":false},"author":144,"featured_media":0,"comment_status":"open","ping_status":"closed","sticky":false,"template":"","format":"standard","meta":{"_acf_changed":false,"asauth_required_access_level":3,"asauth_cansharepaid":"true","om_header_attributes":[],"footnotes":"","om_featured_image_focal_point":[],"om_primary_tag":0,"om_contributors":[],"om_co_authors":[],"beyondwords_generate_audio":"","beyondwords_project_id":"","beyondwords_content_id":"","beyondwords_preview_token":"","beyondwords_player_content":"","beyondwords_player_style":"","beyondwords_language_code":"","beyondwords_language_id":"","beyondwords_title_voice_id":"","beyondwords_body_voice_id":"","beyondwords_summary_voice_id":"","beyondwords_error_message":"","beyondwords_disabled":"","beyondwords_delete_content":"","beyondwords_podcast_id":"","beyondwords_hash":"","publish_post_to_speechkit":"","speechkit_hash":"","speechkit_generate_audio":"","speechkit_project_id":"","speechkit_podcast_id":"","speechkit_error_message":"","speechkit_disabled":"","speechkit_access_key":"","speechkit_error":"","speechkit_info":"","speechkit_response":"","speechkit_retries":"","speechkit_status":"","speechkit_updated_at":"","_speechkit_link":"","_speechkit_text":""},"categories":[1],"tags":[2708,2707],"class_list":["post-5415","post","type-post","status-publish","format-standard","hentry","category-kuvien-takaa","tag-jurase-park","tag-late-lammas"],"om_views":null,"acf":{"tuuma_off":false,"tuuma_kysymys":"","tuuma_vastaus":""},"asauth":{"required_access_level":1,"share_token":"","is_paid":false},"yoast_head":"<!-- This site is optimized with the Yoast SEO plugin v26.4 - https:\/\/yoast.com\/wordpress\/plugins\/seo\/ -->\n<title>Lafe Lammas, Agu Ankka ja muita kotimaisten kes\u00e4tapahtumien maskotteja - Kuvien takaa<\/title>\n<meta name=\"description\" content=\"Tunnetko jo Lafe Lampaan, jonka ei miss\u00e4\u00e4n tapauksessa ole syyt\u00e4 her\u00e4tt\u00e4\u00e4 v\u00e4h\u00e4ist\u00e4k\u00e4\u00e4n mielleyhtym\u00e4\u00e4 televisiosta tuttuun Late Lampaaseen.\" \/>\n<meta name=\"robots\" content=\"index, follow, max-snippet:-1, max-image-preview:large, max-video-preview:-1\" \/>\n<link rel=\"canonical\" href=\"https:\/\/suomenkuvalehti.fi\/kuvien-takaa\/lafe-lammas-agu-ankka-ja-muita-kotimaisten-kesatapahtumien-maskotteja\/\" \/>\n<meta property=\"og:locale\" content=\"fi_FI\" \/>\n<meta property=\"og:type\" content=\"article\" \/>\n<meta property=\"og:title\" content=\"Lafe Lammas, Agu Ankka ja muita kotimaisten kes\u00e4tapahtumien maskotteja - Kuvien takaa\" \/>\n<meta property=\"og:description\" content=\"Tunnetko jo Lafe Lampaan, jonka ei miss\u00e4\u00e4n tapauksessa ole syyt\u00e4 her\u00e4tt\u00e4\u00e4 v\u00e4h\u00e4ist\u00e4k\u00e4\u00e4n mielleyhtym\u00e4\u00e4 televisiosta tuttuun Late Lampaaseen.\" \/>\n<meta property=\"og:url\" content=\"https:\/\/suomenkuvalehti.fi\/kuvien-takaa\/lafe-lammas-agu-ankka-ja-muita-kotimaisten-kesatapahtumien-maskotteja\/\" \/>\n<meta property=\"og:site_name\" content=\"Kuvien takaa\" \/>\n<meta property=\"article:author\" content=\"https:\/\/www.facebook.com\/pages\/Kalle-Kinnunen-Kuvien-takaa\/190326157715410?fref=ts\" \/>\n<meta property=\"article:published_time\" content=\"2020-08-04T10:05:12+00:00\" \/>\n<meta property=\"article:modified_time\" content=\"2020-08-04T10:05:51+00:00\" \/>\n<meta property=\"og:image\" content=\"https:\/\/suomenkuvalehti.fi\/kuvien-takaa\/wp-content\/uploads\/sites\/11\/2022\/04\/kalle_kinnunen_blogi-1-scaled.jpg\" \/>\n\t<meta property=\"og:image:width\" content=\"2560\" \/>\n\t<meta property=\"og:image:height\" content=\"1707\" \/>\n\t<meta property=\"og:image:type\" content=\"image\/jpeg\" \/>\n<meta name=\"author\" content=\"Kalle Kinnunen\" \/>\n<meta name=\"twitter:card\" content=\"summary_large_image\" \/>\n<meta name=\"twitter:creator\" content=\"@https:\/\/twitter.com\/kallekinnunen\" \/>\n<meta name=\"twitter:label1\" content=\"Written by\" \/>\n\t<meta name=\"twitter:data1\" content=\"Kalle Kinnunen\" \/>\n\t<meta name=\"twitter:label2\" content=\"Est. reading time\" \/>\n\t<meta name=\"twitter:data2\" content=\"1 minuutti\" \/>\n<script type=\"application\/ld+json\" class=\"yoast-schema-graph\">{\"@context\":\"https:\/\/schema.org\",\"@graph\":[{\"@type\":\"WebPage\",\"@id\":\"https:\/\/suomenkuvalehti.fi\/kuvien-takaa\/lafe-lammas-agu-ankka-ja-muita-kotimaisten-kesatapahtumien-maskotteja\/\",\"url\":\"https:\/\/suomenkuvalehti.fi\/kuvien-takaa\/lafe-lammas-agu-ankka-ja-muita-kotimaisten-kesatapahtumien-maskotteja\/\",\"name\":\"Lafe Lammas, Agu Ankka ja muita kotimaisten kes\u00e4tapahtumien maskotteja - Kuvien takaa\",\"isPartOf\":{\"@id\":\"https:\/\/suomenkuvalehti.fi\/kuvien-takaa\/#website\"},\"datePublished\":\"2020-08-04T10:05:12+00:00\",\"dateModified\":\"2020-08-04T10:05:51+00:00\",\"author\":{\"@id\":\"https:\/\/suomenkuvalehti.fi\/kuvien-takaa\/#\/schema\/person\/f3f657e4ad409e008f12af27bec60a23\"},\"description\":\"Tunnetko jo Lafe Lampaan, jonka ei miss\u00e4\u00e4n tapauksessa ole syyt\u00e4 her\u00e4tt\u00e4\u00e4 v\u00e4h\u00e4ist\u00e4k\u00e4\u00e4n mielleyhtym\u00e4\u00e4 televisiosta tuttuun Late Lampaaseen.\",\"breadcrumb\":{\"@id\":\"https:\/\/suomenkuvalehti.fi\/kuvien-takaa\/lafe-lammas-agu-ankka-ja-muita-kotimaisten-kesatapahtumien-maskotteja\/#breadcrumb\"},\"inLanguage\":\"fi\",\"potentialAction\":[{\"@type\":\"ReadAction\",\"target\":[\"https:\/\/suomenkuvalehti.fi\/kuvien-takaa\/lafe-lammas-agu-ankka-ja-muita-kotimaisten-kesatapahtumien-maskotteja\/\"]}]},{\"@type\":\"BreadcrumbList\",\"@id\":\"https:\/\/suomenkuvalehti.fi\/kuvien-takaa\/lafe-lammas-agu-ankka-ja-muita-kotimaisten-kesatapahtumien-maskotteja\/#breadcrumb\",\"itemListElement\":[{\"@type\":\"ListItem\",\"position\":1,\"name\":\"Home\",\"item\":\"https:\/\/suomenkuvalehti.fi\/kuvien-takaa\/\"},{\"@type\":\"ListItem\",\"position\":2,\"name\":\"Lafe Lammas, Agu Ankka ja muita kotimaisten kes\u00e4tapahtumien maskotteja\"}]},{\"@type\":\"WebSite\",\"@id\":\"https:\/\/suomenkuvalehti.fi\/kuvien-takaa\/#website\",\"url\":\"https:\/\/suomenkuvalehti.fi\/kuvien-takaa\/\",\"name\":\"Kuvien takaa\",\"description\":\"Elokuvakriitikko Kalle Kinnusen elokuvablogi.\",\"potentialAction\":[{\"@type\":\"SearchAction\",\"target\":{\"@type\":\"EntryPoint\",\"urlTemplate\":\"https:\/\/suomenkuvalehti.fi\/haku\/?q={search_term_string}\"},\"query-input\":{\"@type\":\"PropertyValueSpecification\",\"valueRequired\":true,\"valueName\":\"search_term_string\"}}],\"inLanguage\":\"fi\"},{\"@type\":\"Person\",\"@id\":\"https:\/\/suomenkuvalehti.fi\/kuvien-takaa\/#\/schema\/person\/f3f657e4ad409e008f12af27bec60a23\",\"name\":\"Kalle Kinnunen\",\"image\":{\"@type\":\"ImageObject\",\"inLanguage\":\"fi\",\"@id\":\"https:\/\/suomenkuvalehti.fi\/kuvien-takaa\/#\/schema\/person\/image\/\",\"url\":\"https:\/\/suomenkuvalehti.fi\/kuvien-takaa\/wp-content\/uploads\/sites\/11\/2022\/04\/kalle_kinnunen_blogi-1-150x150.jpg\",\"contentUrl\":\"https:\/\/suomenkuvalehti.fi\/kuvien-takaa\/wp-content\/uploads\/sites\/11\/2022\/04\/kalle_kinnunen_blogi-1-150x150.jpg\",\"caption\":\"Kalle Kinnunen\"},\"description\":\"Kalle Kinnunen on vapaa toimittaja ja Suomen Kuvalehden avustaja.\",\"sameAs\":[\"https:\/\/www.facebook.com\/pages\/Kalle-Kinnunen-Kuvien-takaa\/190326157715410?fref=ts\",\"https:\/\/x.com\/https:\/\/twitter.com\/kallekinnunen\"]}]}<\/script>\n<!-- \/ Yoast SEO plugin. -->","yoast_head_json":{"title":"Lafe Lammas, Agu Ankka ja muita kotimaisten kes\u00e4tapahtumien maskotteja - Kuvien takaa","description":"Tunnetko jo Lafe Lampaan, jonka ei miss\u00e4\u00e4n tapauksessa ole syyt\u00e4 her\u00e4tt\u00e4\u00e4 v\u00e4h\u00e4ist\u00e4k\u00e4\u00e4n mielleyhtym\u00e4\u00e4 televisiosta tuttuun Late Lampaaseen.","robots":{"index":"index","follow":"follow","max-snippet":"max-snippet:-1","max-image-preview":"max-image-preview:large","max-video-preview":"max-video-preview:-1"},"canonical":"https:\/\/suomenkuvalehti.fi\/kuvien-takaa\/lafe-lammas-agu-ankka-ja-muita-kotimaisten-kesatapahtumien-maskotteja\/","og_locale":"fi_FI","og_type":"article","og_title":"Lafe Lammas, Agu Ankka ja muita kotimaisten kes\u00e4tapahtumien maskotteja - Kuvien takaa","og_description":"Tunnetko jo Lafe Lampaan, jonka ei miss\u00e4\u00e4n tapauksessa ole syyt\u00e4 her\u00e4tt\u00e4\u00e4 v\u00e4h\u00e4ist\u00e4k\u00e4\u00e4n mielleyhtym\u00e4\u00e4 televisiosta tuttuun Late Lampaaseen.","og_url":"https:\/\/suomenkuvalehti.fi\/kuvien-takaa\/lafe-lammas-agu-ankka-ja-muita-kotimaisten-kesatapahtumien-maskotteja\/","og_site_name":"Kuvien takaa","article_author":"https:\/\/www.facebook.com\/pages\/Kalle-Kinnunen-Kuvien-takaa\/190326157715410?fref=ts","article_published_time":"2020-08-04T10:05:12+00:00","article_modified_time":"2020-08-04T10:05:51+00:00","og_image":[{"width":2560,"height":1707,"url":"https:\/\/suomenkuvalehti.fi\/kuvien-takaa\/wp-content\/uploads\/sites\/11\/2022\/04\/kalle_kinnunen_blogi-1-scaled.jpg","type":"image\/jpeg"}],"author":"Kalle Kinnunen","twitter_card":"summary_large_image","twitter_creator":"@https:\/\/twitter.com\/kallekinnunen","twitter_misc":{"Written by":"Kalle Kinnunen","Est. reading time":"1 minuutti"},"schema":{"@context":"https:\/\/schema.org","@graph":[{"@type":"WebPage","@id":"https:\/\/suomenkuvalehti.fi\/kuvien-takaa\/lafe-lammas-agu-ankka-ja-muita-kotimaisten-kesatapahtumien-maskotteja\/","url":"https:\/\/suomenkuvalehti.fi\/kuvien-takaa\/lafe-lammas-agu-ankka-ja-muita-kotimaisten-kesatapahtumien-maskotteja\/","name":"Lafe Lammas, Agu Ankka ja muita kotimaisten kes\u00e4tapahtumien maskotteja - Kuvien takaa","isPartOf":{"@id":"https:\/\/suomenkuvalehti.fi\/kuvien-takaa\/#website"},"datePublished":"2020-08-04T10:05:12+00:00","dateModified":"2020-08-04T10:05:51+00:00","author":{"@id":"https:\/\/suomenkuvalehti.fi\/kuvien-takaa\/#\/schema\/person\/f3f657e4ad409e008f12af27bec60a23"},"description":"Tunnetko jo Lafe Lampaan, jonka ei miss\u00e4\u00e4n tapauksessa ole syyt\u00e4 her\u00e4tt\u00e4\u00e4 v\u00e4h\u00e4ist\u00e4k\u00e4\u00e4n mielleyhtym\u00e4\u00e4 televisiosta tuttuun Late Lampaaseen.","breadcrumb":{"@id":"https:\/\/suomenkuvalehti.fi\/kuvien-takaa\/lafe-lammas-agu-ankka-ja-muita-kotimaisten-kesatapahtumien-maskotteja\/#breadcrumb"},"inLanguage":"fi","potentialAction":[{"@type":"ReadAction","target":["https:\/\/suomenkuvalehti.fi\/kuvien-takaa\/lafe-lammas-agu-ankka-ja-muita-kotimaisten-kesatapahtumien-maskotteja\/"]}]},{"@type":"BreadcrumbList","@id":"https:\/\/suomenkuvalehti.fi\/kuvien-takaa\/lafe-lammas-agu-ankka-ja-muita-kotimaisten-kesatapahtumien-maskotteja\/#breadcrumb","itemListElement":[{"@type":"ListItem","position":1,"name":"Home","item":"https:\/\/suomenkuvalehti.fi\/kuvien-takaa\/"},{"@type":"ListItem","position":2,"name":"Lafe Lammas, Agu Ankka ja muita kotimaisten kes\u00e4tapahtumien maskotteja"}]},{"@type":"WebSite","@id":"https:\/\/suomenkuvalehti.fi\/kuvien-takaa\/#website","url":"https:\/\/suomenkuvalehti.fi\/kuvien-takaa\/","name":"Kuvien takaa","description":"Elokuvakriitikko Kalle Kinnusen elokuvablogi.","potentialAction":[{"@type":"SearchAction","target":{"@type":"EntryPoint","urlTemplate":"https:\/\/suomenkuvalehti.fi\/haku\/?q={search_term_string}"},"query-input":{"@type":"PropertyValueSpecification","valueRequired":true,"valueName":"search_term_string"}}],"inLanguage":"fi"},{"@type":"Person","@id":"https:\/\/suomenkuvalehti.fi\/kuvien-takaa\/#\/schema\/person\/f3f657e4ad409e008f12af27bec60a23","name":"Kalle Kinnunen","image":{"@type":"ImageObject","inLanguage":"fi","@id":"https:\/\/suomenkuvalehti.fi\/kuvien-takaa\/#\/schema\/person\/image\/","url":"https:\/\/suomenkuvalehti.fi\/kuvien-takaa\/wp-content\/uploads\/sites\/11\/2022\/04\/kalle_kinnunen_blogi-1-150x150.jpg","contentUrl":"https:\/\/suomenkuvalehti.fi\/kuvien-takaa\/wp-content\/uploads\/sites\/11\/2022\/04\/kalle_kinnunen_blogi-1-150x150.jpg","caption":"Kalle Kinnunen"},"description":"Kalle Kinnunen on vapaa toimittaja ja Suomen Kuvalehden avustaja.","sameAs":["https:\/\/www.facebook.com\/pages\/Kalle-Kinnunen-Kuvien-takaa\/190326157715410?fref=ts","https:\/\/x.com\/https:\/\/twitter.com\/kallekinnunen"]}]}},"_links":{"self":[{"href":"https:\/\/suomenkuvalehti.fi\/kuvien-takaa\/wp-json\/wp\/v2\/posts\/5415","targetHints":{"allow":["GET"]}}],"collection":[{"href":"https:\/\/suomenkuvalehti.fi\/kuvien-takaa\/wp-json\/wp\/v2\/posts"}],"about":[{"href":"https:\/\/suomenkuvalehti.fi\/kuvien-takaa\/wp-json\/wp\/v2\/types\/post"}],"author":[{"embeddable":true,"href":"https:\/\/suomenkuvalehti.fi\/kuvien-takaa\/wp-json\/wp\/v2\/users\/144"}],"replies":[{"embeddable":true,"href":"https:\/\/suomenkuvalehti.fi\/kuvien-takaa\/wp-json\/wp\/v2\/comments?post=5415"}],"version-history":[{"count":2,"href":"https:\/\/suomenkuvalehti.fi\/kuvien-takaa\/wp-json\/wp\/v2\/posts\/5415\/revisions"}],"predecessor-version":[{"id":5417,"href":"https:\/\/suomenkuvalehti.fi\/kuvien-takaa\/wp-json\/wp\/v2\/posts\/5415\/revisions\/5417"}],"wp:attachment":[{"href":"https:\/\/suomenkuvalehti.fi\/kuvien-takaa\/wp-json\/wp\/v2\/media?parent=5415"}],"wp:term":[{"taxonomy":"category","embeddable":true,"href":"https:\/\/suomenkuvalehti.fi\/kuvien-takaa\/wp-json\/wp\/v2\/categories?post=5415"},{"taxonomy":"post_tag","embeddable":true,"href":"https:\/\/suomenkuvalehti.fi\/kuvien-takaa\/wp-json\/wp\/v2\/tags?post=5415"}],"curies":[{"name":"wp","href":"https:\/\/api.w.org\/{rel}","templated":true}]}}