{"id":5412,"date":"2020-07-30T09:28:45","date_gmt":"2020-07-30T06:28:45","guid":{"rendered":"https:\/\/suomenkuvalehti.fi\/kuvien-takaa\/?p=5412"},"modified":"2020-07-30T09:28:45","modified_gmt":"2020-07-30T06:28:45","slug":"muutama-sana-avatarin-vaistamattomista-jatko-osista-ja-kulttuurijournalismista","status":"publish","type":"post","link":"https:\/\/suomenkuvalehti.fi\/kuvien-takaa\/muutama-sana-avatarin-vaistamattomista-jatko-osista-ja-kulttuurijournalismista\/","title":{"rendered":"Muutama sana Avatarin v\u00e4ist\u00e4m\u00e4tt\u00f6mist\u00e4 jatko-osista ja kulttuurijournalismista"},"content":{"rendered":"\n<p>Twiittasin eilen negatiiviseen s\u00e4vyyn kolumnista, jonka Helsingin Sanomista luin. Minua pyydettiin perustelemaan, eik\u00e4 vastaus mahtuisi someen.<\/p>\n\n\n\n<p>Kyse oli <a href=\"https:\/\/www.hs.fi\/kulttuuri\/art-2000006584358.html\" target=\"_blank\" rel=\"noopener\"><em>Avatarin<\/em> jatko-osia k\u00e4sittelev\u00e4st\u00e4 \u201dHS-analyysist\u00e4\u201d<\/a>.<\/p>\n\n\n\n<p>Ydinkysymys siit\u00e4, miten t\u00e4ss\u00e4 n\u00e4in k\u00e4vi eli Avatarin jatko-osia saapuu valkokankaille vasta 13 vuotta ensimm\u00e4isen elokuvan j\u00e4lkeen, on sin\u00e4ns\u00e4 hyv\u00e4.<\/p>\n\n\n\n<p>Sit\u00e4kin voi jo n\u00e4in ennakkoon pohtia, onko maailman tuottoisimman elokuvan (ja paalupaikkaa melkein kymmenen vuotta pit\u00e4neen) Avatarin jatkon odotusarvo laskenut. Ohjaaja <strong>James Cameron<\/strong> on varmasti niin kriittisten kuin my\u00f6t\u00e4sukaisempien kolumnien v\u00e4\u00e4rti sek\u00e4 taiteilijana ett\u00e4 persoonana.<\/p>\n\n\n\n<p>Mutta mist\u00e4 edes aloittaisin?<\/p>\n\n\n\n<p>Kirjoitus on totta vie idealistinen. Se k\u00e4sittelee maailmanhistorian kalleinta yksitt\u00e4ist\u00e4 viihdetuotantoa, mutta siin\u00e4 ei oikeastaan miss\u00e4\u00e4n vaiheessa huomioida, ett\u00e4 kyseess\u00e4 on bisnes ja valtava investointi. Kirjoittaja arvioi, ett\u00e4 kyseess\u00e4 on tuotanto- ja julkaisup\u00e4\u00e4t\u00f6ksi\u00e4 omin p\u00e4in tekev\u00e4n taiteilijan pakkomielle. H\u00e4n esitt\u00e4\u00e4, ett\u00e4 Cameronilla olisi valta hioa miljardin arvoista teosta niin pitk\u00e4\u00e4n kuin haluaa.<\/p>\n\n\n\n<p>\u201dHS-analyysin\u201d keskeiset premissit ovat p\u00e4in prinkkalaa.<\/p>\n\n\n\n<p>Avatarin nelj\u00e4 jatko-osaa syntyv\u00e4t er\u00e4\u00e4n maailman suurimmista viihdefirmoista huomassa ja maksavat yhteens\u00e4 v\u00e4hint\u00e4\u00e4n miljardi dollaria. (Summalla tekisi 700 suomalaista elokuvaa. Seitsem\u00e4nsataa.) Ainakin hankkeen alkaessa kyseess\u00e4 tosiaan oli historian kallein viihdetuotanto ja se saattaa olla sit\u00e4 valmistuessaankin.<\/p>\n\n\n\n<p>Kyse on niin isoista rahoista, ett\u00e4 ensimm\u00e4ist\u00e4k\u00e4\u00e4n elokuvaa ei panna ulos ennen kuin se on <em>valmis<\/em>, ja se pannaan ulos heti kun se on valmis \u2013 <em>ja<\/em> julkaisuikkuna on kohdallaan, eli t\u00e4ss\u00e4 tapauksessa on yhti\u00f6n kannalta t\u00e4rke\u00e4 joulusesonki.<\/p>\n\n\n\n<p>Aivan perustava seikka on se, ett\u00e4 Disneyn julkaisukalenterissa ovat vuorotellen jouluina Star Warsit ja Avatarit, vuoteen 2028 asti. N\u00e4ill\u00e4 kullakin liikutetaan elokuvateattereissa miljardi taalaa per leffa. (Vaikka ne olisivat <em>huonoja,<\/em> tuommoisen rahan oletetaan silti liikkuvan, mit\u00e4 tuetaan maailman suurimmalla markkinointikoneistolla, joka onkin yleens\u00e4 <em>too big to fail<\/em>.) Ja jos n\u00e4m\u00e4 joulumarkkinoiden globaalit k\u00e4rkinimikkeet jostain ennenkuulumattomasta syyst\u00e4 (eli nyt koronan vuoksi) siirtyv\u00e4t, niin sitten ne kaikki siirtyv\u00e4t, kukin seuraavaan jouluun.<\/p>\n\n\n\n<p>Eli: kun Disney p\u00e4\u00e4tt\u00e4\u00e4, mill\u00e4 koronan vuoksi p\u00e4ivitetyll\u00e4 strategialla se aikoo hallita elokuvateatterien globaaleja joulumarkkinoita seuraavat kahdeksan vuotta, Cameronilla tuskin olisi siihen varsinaisesti <em>de facto<\/em> tai <em>de jure<\/em> sanomista.<\/p>\n\n\n\n<p>On k\u00e4sitt\u00e4m\u00e4t\u00f6n v\u00e4ite, ett\u00e4 selitys koronapandemian aiheuttamasta viiv\u00e4styksest\u00e4 olisi \u201dontuva\u201d. Siis mit\u00e4? Kirjoittaja on tomerasti t\u00e4t\u00e4 mielt\u00e4, mutta mit\u00e4 h\u00e4n tarkoittaa?<\/p>\n\n\n\n<p>Kirjoittaja antaa ymm\u00e4rt\u00e4\u00e4, ettei Cameron Avatar-h\u00f6yryiss\u00e4\u00e4n tied\u00e4, ett\u00e4 elokuva-alalla innovaatiot etenev\u00e4t nopeasti. Uskallan v\u00e4itt\u00e4\u00e4, ett\u00e4 Cameron tiet\u00e4\u00e4 t\u00e4m\u00e4n. H\u00e4n on ollut niiden kiistattomalla aallonharjalla 1980-luvulta asti, t\u00e4ss\u00e4 teknisess\u00e4 mieless\u00e4 jopa maailman ykk\u00f6snimi esimerkiksi <em>Terminator 2:lla<\/em> ja Avatarilla. Mainittakoon, ett\u00e4 ensimm\u00e4isen Avatarin kehittely alkoi 1994 ja sen piti alun perin olla valmis jo 1999. Kun tekee teknologisesti uraauurtavaa elokuvaa, todenn\u00e4k\u00f6isesti kykenee siin\u00e4 sivussa seuraamaan teknologian kehityst\u00e4.<\/p>\n\n\n<p><iframe loading=\"lazy\" width=\"630\" height=\"354\" src=\"https:\/\/www.youtube.com\/embed\/5PSNL1qE6VY?feature=oembed\" frameborder=\"0\" allow=\"accelerometer; autoplay; encrypted-media; gyroscope; picture-in-picture\" allowfullscreen><\/iframe><\/p>\n\n<p>Kirjoittaja kertoo, ett\u00e4 viisiosainen Avatar tuntuu h\u00e4nest\u00e4 aivan liian pitk\u00e4lt\u00e4. \u201dMit\u00e4 uutta elokuvissa voi en\u00e4\u00e4 kertoa? Ja \u2013 erityisesti \u2013 miksi lukittautua yhteen projektiin, kun voisi keskitt\u00e4\u00e4 energiansa jonkun aivan uuden luomiseen? Se tuntuu pakkomielteiselt\u00e4.\u201d N\u00e4in saa tietysti kirjoittaa, mutta mit\u00e4 merkityst\u00e4 n\u00e4ill\u00e4 lauseilla on? Ilmeisesti Cameron kokee, ett\u00e4 h\u00e4nell\u00e4 on jotain uutta kerrottavaa nelj\u00e4n elokuvan edest\u00e4, ja h\u00e4neen luotetaan miljardin dollarin verran. Hirve\u00e4n vaikea kyll\u00e4 arvioida n\u00e4iden uusien elokuvien sis\u00e4lt\u00f6\u00e4 n\u00e4in Suomesta k\u00e4sin ja viel\u00e4p\u00e4 yli kaksi vuotta ennen kuin ensimm\u00e4inen niist\u00e4 n\u00e4hd\u00e4\u00e4n, ainakin minusta.<\/p>\n\n\n\n<p>(Lis\u00e4tt\u00e4k\u00f6\u00f6n, ett\u00e4 en itse henkil\u00f6kohtaisesti ns. odota uusia Avatareja. Ensimm\u00e4inenkin oli pitk\u00e4veteinen.)<\/p>\n\n\n\n<p>Lopussa viel\u00e4 tiedet\u00e4\u00e4n, ett\u00e4 vaikka kakkososa menestyisi, kolmonen ehk\u00e4 ei, ja k\u00e4y mieless\u00e4, ett\u00e4 kirjoittajan olisi ehk\u00e4 pit\u00e4nyt kertoa t\u00e4m\u00e4 arvio vaikkapa niille, jotka Cameronin rahoittamisesta p\u00e4\u00e4ttiv\u00e4t, eik\u00e4 Hesarin lukijoille.<\/p>\n\n\n\n<p>Viimeisen\u00e4 esitet\u00e4\u00e4n outo moralistinen johtop\u00e4\u00e4t\u00f6s Cameron kyvytt\u00f6myydest\u00e4 p\u00e4\u00e4st\u00e4\u00e4 irti. Kirjoittaja tosiaan ajattelee, ett\u00e4 Cameron on v\u00e4h\u00e4n kuin <strong>George R. R. Martin<\/strong>, joka ei anna faneilleen uutta kirjaa, vaan panttaa ja panttaa, vaikka n\u00e4m\u00e4 sit\u00e4 niin odottavat. Dramaturgia t\u00e4m\u00e4kin.<\/p>\n\n\n\n<p>Kolumnin ongelmat ovat hatusta vedetyiss\u00e4 musta tuntuu -argumenteissa ja spekulaatioissa. En osaa osoittaa siit\u00e4 muuta virhett\u00e4 kuin l\u00e4pitunkevan v\u00e4\u00e4r\u00e4n k\u00e4sityksen siit\u00e4, miten ja miksi elokuvia (Hollywoodissa) tehd\u00e4\u00e4n ja miten ne jaellaan. Hieman hupsua on sekin, ett\u00e4 el\u00e4m\u00e4st\u00e4\u00e4n l\u00e4hes 30 vuotta t\u00e4h\u00e4n maailmanhistorian kalleimpaan viihdetuotekokonaisuuteen k\u00e4ytt\u00e4v\u00e4st\u00e4 Cameronista heitell\u00e4\u00e4n psykologisia arvioita sen perusteella, milt\u00e4 touhu milloinkin n\u00e4ytt\u00e4\u00e4 meille, jotka luemme uutisia verkosta ja tulemme lopulta hieman my\u00f6h\u00e4ss\u00e4 n\u00e4kem\u00e4\u00e4n kymmenisen tuntia valmista seikkailufilmi\u00e4.<\/p>\n\n\n\n<p>Itse isot kysymykset ovat, kuten todettu, sin\u00e4ns\u00e4 aivan perusteltuja. Niihin on mahdollista my\u00f6s osin vastata, jos katsoo Avatar-hanketta ja ylip\u00e4\u00e4ns\u00e4 Hollywoodia pragmaattisesta eik\u00e4 odottavan fanin n\u00e4k\u00f6kulmasta.<\/p>\n\n\n\n<p>Minua h\u00e4mment\u00e4\u00e4, ett\u00e4 t\u00e4llainen teksti on julkaistu maan suurimmassa sanomalehdess\u00e4 \u201danalyysin\u00e4\u201d. Olisi ep\u00e4reilua osoittaa kritiikki uransa alkuvaiheessa olevaa toimittajaa kohtaan, kun kyse on toimituksellisesta ongelmasta.<\/p>\n\n\n\n<p>Jonkun olisi pit\u00e4nyt osoittaa kirjoittajalle se, mit\u00e4 h\u00e4n ei n\u00e4e. Vihjata v\u00e4\u00e4ristym\u00e4st\u00e4 ja neuvoa ajattelemaan asiaa my\u00f6s toisesta n\u00e4k\u00f6kulmasta. Todeta, ett\u00e4 auteur-teoriaa voi ehk\u00e4 soveltaa teokseen, mutta ei logiikkaan jolla Hollywood-viihdekone tuotteet aikatauluttaa ja ulos sy\u00f6tt\u00e4\u00e4. Tiet\u00e4\u00e4, ett\u00e4 Disneyn kaikkia elokuvia koskeva julkaisusuunnitelma on v\u00e4kev\u00e4mpi voima kuin Cameronin arvioitu pakkomielteinen leffansa viilaus. Sit\u00e4 toivoisi, ett\u00e4 esimerkiksi asiantuntijatoimituksissa olisi osaamista tunnistaa reaalimaailmaa (t\u00e4ss\u00e4 tapauksessa elokuvien tekemist\u00e4) koskevia n\u00e4kemyksi\u00e4, jotka eiv\u00e4t pid\u00e4 vett\u00e4. Tied\u00e4n kyll\u00e4 omakohtaisesti, ett\u00e4 kirjoittaja ei v\u00e4ltt\u00e4m\u00e4tt\u00e4 niit\u00e4 omasta ajattelustaan tunnista. Ei siihen kouluteta. Eik\u00e4 niit\u00e4 opi tunnistamaan ilman kollegoita tai asiallista kritiikki\u00e4.<\/p>\n\n\n\n<p>Kirjoittajien ammattitaito kehittyy kirjoittamalla ja perehtym\u00e4ll\u00e4. On kulttuurijournalismin kannalta harmillista, jos kontekstia ei tunneta, vaan menn\u00e4\u00e4n asenteiden ja harhaluulojen varassa printtiin asti. Taloustoimituksissa on aivan toisenlaiset kriteerit argumenteille, joilla persoonallisia ja kiistanalaisiakin mielipiteit\u00e4 tuetaan.<\/p>\n\n\n\n<p>T\u00e4llaiset perspektiiviharhat ja vinksahtaneet spekulaatiot ovat erityisen yleisi\u00e4 elokuvasta ja elokuvien tekij\u00f6ist\u00e4 (eli yleens\u00e4 et\u00e4\u00e4lt\u00e4 tai todella et\u00e4\u00e4lt\u00e4) kirjoitettaessa. Etenkin viihde-elokuva kutsuu fanittamaan. Se on sen luonne ja funktio. Cameron muuttuu et\u00e4isyyden vuoksi ik\u00e4\u00e4n kuin viihdehahmoksi h\u00e4nkin. Mutta nuo ihmiset tuolla tekev\u00e4t n\u00e4it\u00e4 hommia ty\u00f6kseen, joka p\u00e4iv\u00e4, vuosia tai joskus vuosikymmeni\u00e4. Joillekin elokuva on sijoituskohde, toisille arkista duunia ja joillekin my\u00f6s kertomisen intohimoa.<\/p>\n\n\n\n<p>Painavia n\u00e4k\u00f6kulmia siihen, miksi n\u00e4m\u00e4 elokuvat tehd\u00e4\u00e4n, on siis Cameronin omien tavoitteiden ja &#8221;pakkomielteen&#8221; rinnallakin. <a href=\"https:\/\/www.forbes.com\/sites\/scottmendelson\/2020\/05\/09\/avatar-sequels-james-cameron-billion-disney-hobbit-peter-jackson-box-office\/\" target=\"_blank\" rel=\"noopener\">Forbesissa on laskettu<\/a>, ett\u00e4 jopa tuomiop\u00e4iv\u00e4n skenaariossa \u2013 jossa yleis\u00f6 hylk\u00e4\u00e4 Avatarit \u2013 nelj\u00e4 elokuvaa j\u00e4\u00e4v\u00e4t voitolle ja samalla Disney saa valtavasti lis\u00e4arvoa striimausalustalleen, ja hyv\u00e4ss\u00e4 tapauksessa voitot ovat satumaiset. Ja Uudessa-Seelannissa, jossa merkitt\u00e4v\u00e4 osa tuotannosta tehd\u00e4\u00e4n, <a href=\"https:\/\/time.com\/5858468\/new-zealand-james-cameron-avatar-sequel\/\" target=\"_blank\" rel=\"noopener\">Avatar on ollut sis\u00e4poliittinen puheenaihe<\/a> (ja jo ennen koronavirusta), koska se tuo maahan 400-1000 ty\u00f6paikkaa ja l\u00e4hes sadan miljoonan euron tulot.<\/p>\n\n\n\n<p>Varmasti Cameronilla on suuria tunteita siit\u00e4, ett\u00e4 nelj\u00e4 Avataria lykk\u00e4\u00e4ntyiv\u00e4t taas vuodella, mutta vaikka nojatuolista voi silt\u00e4 tuntua, \u201dkiusallinen\u201d ei liene niit\u00e4 parhaiten kuvaava adjektiivi.<\/p>\n\n\n","protected":false},"excerpt":{"rendered":"<p>Twiittasin eilen negatiiviseen s\u00e4vyyn kolumnista, jonka Helsingin Sanomista luin. Minua pyydettiin perustelemaan, eik\u00e4 vastaus mahtuisi someen. Kyse oli Avatarin jatko-osia k\u00e4sittelev\u00e4st\u00e4 \u201dHS-analyysist\u00e4\u201d. Ydinkysymys siit\u00e4, miten t\u00e4ss\u00e4<br \/>\nn\u00e4in k\u00e4vi el&hellip;<\/p>\n","protected":false},"author":144,"featured_media":0,"comment_status":"open","ping_status":"closed","sticky":false,"template":"","format":"standard","meta":{"_acf_changed":false,"asauth_required_access_level":3,"asauth_cansharepaid":"true","om_header_attributes":[],"footnotes":"","om_featured_image_focal_point":[],"om_primary_tag":0,"om_contributors":[],"om_co_authors":[],"beyondwords_generate_audio":"","beyondwords_project_id":"","beyondwords_content_id":"","beyondwords_preview_token":"","beyondwords_player_content":"","beyondwords_player_style":"","beyondwords_language_code":"","beyondwords_language_id":"","beyondwords_title_voice_id":"","beyondwords_body_voice_id":"","beyondwords_summary_voice_id":"","beyondwords_error_message":"","beyondwords_disabled":"","beyondwords_delete_content":"","beyondwords_podcast_id":"","beyondwords_hash":"","publish_post_to_speechkit":"","speechkit_hash":"","speechkit_generate_audio":"","speechkit_project_id":"","speechkit_podcast_id":"","speechkit_error_message":"","speechkit_disabled":"","speechkit_access_key":"","speechkit_error":"","speechkit_info":"","speechkit_response":"","speechkit_retries":"","speechkit_status":"","speechkit_updated_at":"","_speechkit_link":"","_speechkit_text":""},"categories":[1],"tags":[],"class_list":["post-5412","post","type-post","status-publish","format-standard","hentry","category-kuvien-takaa"],"om_views":null,"acf":{"tuuma_off":false,"tuuma_kysymys":"","tuuma_vastaus":""},"asauth":{"required_access_level":1,"share_token":"","is_paid":false},"yoast_head":"<!-- This site is optimized with the Yoast SEO plugin v26.4 - https:\/\/yoast.com\/wordpress\/plugins\/seo\/ -->\n<title>Muutama sana Avatarin v\u00e4ist\u00e4m\u00e4tt\u00f6mist\u00e4 jatko-osista ja kulttuurijournalismista - Kuvien takaa<\/title>\n<meta name=\"description\" content=\"On aivan perusteltua kysy\u00e4, miksi joku viett\u00e4\u00e4 vuosikausia Avatar-elokuvia tehden. Et\u00e4\u00e4lt\u00e4 touhu saattaa n\u00e4ytt\u00e4\u00e4 oudolta. Vastauksiakin on olemassa.\" \/>\n<meta name=\"robots\" content=\"index, follow, max-snippet:-1, max-image-preview:large, max-video-preview:-1\" \/>\n<link rel=\"canonical\" href=\"https:\/\/suomenkuvalehti.fi\/kuvien-takaa\/muutama-sana-avatarin-vaistamattomista-jatko-osista-ja-kulttuurijournalismista\/\" \/>\n<meta property=\"og:locale\" content=\"fi_FI\" \/>\n<meta property=\"og:type\" content=\"article\" \/>\n<meta property=\"og:title\" content=\"Muutama sana Avatarin v\u00e4ist\u00e4m\u00e4tt\u00f6mist\u00e4 jatko-osista ja kulttuurijournalismista - Kuvien takaa\" \/>\n<meta property=\"og:description\" content=\"On aivan perusteltua kysy\u00e4, miksi joku viett\u00e4\u00e4 vuosikausia Avatar-elokuvia tehden. Et\u00e4\u00e4lt\u00e4 touhu saattaa n\u00e4ytt\u00e4\u00e4 oudolta. Vastauksiakin on olemassa.\" \/>\n<meta property=\"og:url\" content=\"https:\/\/suomenkuvalehti.fi\/kuvien-takaa\/muutama-sana-avatarin-vaistamattomista-jatko-osista-ja-kulttuurijournalismista\/\" \/>\n<meta property=\"og:site_name\" content=\"Kuvien takaa\" \/>\n<meta property=\"article:author\" content=\"https:\/\/www.facebook.com\/pages\/Kalle-Kinnunen-Kuvien-takaa\/190326157715410?fref=ts\" \/>\n<meta property=\"article:published_time\" content=\"2020-07-30T06:28:45+00:00\" \/>\n<meta property=\"og:image\" content=\"https:\/\/suomenkuvalehti.fi\/kuvien-takaa\/wp-content\/uploads\/sites\/11\/2022\/04\/kalle_kinnunen_blogi-1-scaled.jpg\" \/>\n\t<meta property=\"og:image:width\" content=\"2560\" \/>\n\t<meta property=\"og:image:height\" content=\"1707\" \/>\n\t<meta property=\"og:image:type\" content=\"image\/jpeg\" \/>\n<meta name=\"author\" content=\"Kalle Kinnunen\" \/>\n<meta name=\"twitter:card\" content=\"summary_large_image\" \/>\n<meta name=\"twitter:creator\" content=\"@https:\/\/twitter.com\/kallekinnunen\" \/>\n<meta name=\"twitter:label1\" content=\"Written by\" \/>\n\t<meta name=\"twitter:data1\" content=\"Kalle Kinnunen\" \/>\n\t<meta name=\"twitter:label2\" content=\"Est. reading time\" \/>\n\t<meta name=\"twitter:data2\" content=\"6 minuuttia\" \/>\n<script type=\"application\/ld+json\" class=\"yoast-schema-graph\">{\"@context\":\"https:\/\/schema.org\",\"@graph\":[{\"@type\":\"WebPage\",\"@id\":\"https:\/\/suomenkuvalehti.fi\/kuvien-takaa\/muutama-sana-avatarin-vaistamattomista-jatko-osista-ja-kulttuurijournalismista\/\",\"url\":\"https:\/\/suomenkuvalehti.fi\/kuvien-takaa\/muutama-sana-avatarin-vaistamattomista-jatko-osista-ja-kulttuurijournalismista\/\",\"name\":\"Muutama sana Avatarin v\u00e4ist\u00e4m\u00e4tt\u00f6mist\u00e4 jatko-osista ja kulttuurijournalismista - Kuvien takaa\",\"isPartOf\":{\"@id\":\"https:\/\/suomenkuvalehti.fi\/kuvien-takaa\/#website\"},\"datePublished\":\"2020-07-30T06:28:45+00:00\",\"author\":{\"@id\":\"https:\/\/suomenkuvalehti.fi\/kuvien-takaa\/#\/schema\/person\/f3f657e4ad409e008f12af27bec60a23\"},\"description\":\"On aivan perusteltua kysy\u00e4, miksi joku viett\u00e4\u00e4 vuosikausia Avatar-elokuvia tehden. Et\u00e4\u00e4lt\u00e4 touhu saattaa n\u00e4ytt\u00e4\u00e4 oudolta. Vastauksiakin on olemassa.\",\"breadcrumb\":{\"@id\":\"https:\/\/suomenkuvalehti.fi\/kuvien-takaa\/muutama-sana-avatarin-vaistamattomista-jatko-osista-ja-kulttuurijournalismista\/#breadcrumb\"},\"inLanguage\":\"fi\",\"potentialAction\":[{\"@type\":\"ReadAction\",\"target\":[\"https:\/\/suomenkuvalehti.fi\/kuvien-takaa\/muutama-sana-avatarin-vaistamattomista-jatko-osista-ja-kulttuurijournalismista\/\"]}]},{\"@type\":\"BreadcrumbList\",\"@id\":\"https:\/\/suomenkuvalehti.fi\/kuvien-takaa\/muutama-sana-avatarin-vaistamattomista-jatko-osista-ja-kulttuurijournalismista\/#breadcrumb\",\"itemListElement\":[{\"@type\":\"ListItem\",\"position\":1,\"name\":\"Home\",\"item\":\"https:\/\/suomenkuvalehti.fi\/kuvien-takaa\/\"},{\"@type\":\"ListItem\",\"position\":2,\"name\":\"Muutama sana Avatarin v\u00e4ist\u00e4m\u00e4tt\u00f6mist\u00e4 jatko-osista ja kulttuurijournalismista\"}]},{\"@type\":\"WebSite\",\"@id\":\"https:\/\/suomenkuvalehti.fi\/kuvien-takaa\/#website\",\"url\":\"https:\/\/suomenkuvalehti.fi\/kuvien-takaa\/\",\"name\":\"Kuvien takaa\",\"description\":\"Elokuvakriitikko Kalle Kinnusen elokuvablogi.\",\"potentialAction\":[{\"@type\":\"SearchAction\",\"target\":{\"@type\":\"EntryPoint\",\"urlTemplate\":\"https:\/\/suomenkuvalehti.fi\/haku\/?q={search_term_string}\"},\"query-input\":{\"@type\":\"PropertyValueSpecification\",\"valueRequired\":true,\"valueName\":\"search_term_string\"}}],\"inLanguage\":\"fi\"},{\"@type\":\"Person\",\"@id\":\"https:\/\/suomenkuvalehti.fi\/kuvien-takaa\/#\/schema\/person\/f3f657e4ad409e008f12af27bec60a23\",\"name\":\"Kalle Kinnunen\",\"image\":{\"@type\":\"ImageObject\",\"inLanguage\":\"fi\",\"@id\":\"https:\/\/suomenkuvalehti.fi\/kuvien-takaa\/#\/schema\/person\/image\/\",\"url\":\"https:\/\/suomenkuvalehti.fi\/kuvien-takaa\/wp-content\/uploads\/sites\/11\/2022\/04\/kalle_kinnunen_blogi-1-150x150.jpg\",\"contentUrl\":\"https:\/\/suomenkuvalehti.fi\/kuvien-takaa\/wp-content\/uploads\/sites\/11\/2022\/04\/kalle_kinnunen_blogi-1-150x150.jpg\",\"caption\":\"Kalle Kinnunen\"},\"description\":\"Kalle Kinnunen on vapaa toimittaja ja Suomen Kuvalehden avustaja.\",\"sameAs\":[\"https:\/\/www.facebook.com\/pages\/Kalle-Kinnunen-Kuvien-takaa\/190326157715410?fref=ts\",\"https:\/\/x.com\/https:\/\/twitter.com\/kallekinnunen\"]}]}<\/script>\n<!-- \/ Yoast SEO plugin. -->","yoast_head_json":{"title":"Muutama sana Avatarin v\u00e4ist\u00e4m\u00e4tt\u00f6mist\u00e4 jatko-osista ja kulttuurijournalismista - Kuvien takaa","description":"On aivan perusteltua kysy\u00e4, miksi joku viett\u00e4\u00e4 vuosikausia Avatar-elokuvia tehden. Et\u00e4\u00e4lt\u00e4 touhu saattaa n\u00e4ytt\u00e4\u00e4 oudolta. Vastauksiakin on olemassa.","robots":{"index":"index","follow":"follow","max-snippet":"max-snippet:-1","max-image-preview":"max-image-preview:large","max-video-preview":"max-video-preview:-1"},"canonical":"https:\/\/suomenkuvalehti.fi\/kuvien-takaa\/muutama-sana-avatarin-vaistamattomista-jatko-osista-ja-kulttuurijournalismista\/","og_locale":"fi_FI","og_type":"article","og_title":"Muutama sana Avatarin v\u00e4ist\u00e4m\u00e4tt\u00f6mist\u00e4 jatko-osista ja kulttuurijournalismista - Kuvien takaa","og_description":"On aivan perusteltua kysy\u00e4, miksi joku viett\u00e4\u00e4 vuosikausia Avatar-elokuvia tehden. Et\u00e4\u00e4lt\u00e4 touhu saattaa n\u00e4ytt\u00e4\u00e4 oudolta. Vastauksiakin on olemassa.","og_url":"https:\/\/suomenkuvalehti.fi\/kuvien-takaa\/muutama-sana-avatarin-vaistamattomista-jatko-osista-ja-kulttuurijournalismista\/","og_site_name":"Kuvien takaa","article_author":"https:\/\/www.facebook.com\/pages\/Kalle-Kinnunen-Kuvien-takaa\/190326157715410?fref=ts","article_published_time":"2020-07-30T06:28:45+00:00","og_image":[{"width":2560,"height":1707,"url":"https:\/\/suomenkuvalehti.fi\/kuvien-takaa\/wp-content\/uploads\/sites\/11\/2022\/04\/kalle_kinnunen_blogi-1-scaled.jpg","type":"image\/jpeg"}],"author":"Kalle Kinnunen","twitter_card":"summary_large_image","twitter_creator":"@https:\/\/twitter.com\/kallekinnunen","twitter_misc":{"Written by":"Kalle Kinnunen","Est. reading time":"6 minuuttia"},"schema":{"@context":"https:\/\/schema.org","@graph":[{"@type":"WebPage","@id":"https:\/\/suomenkuvalehti.fi\/kuvien-takaa\/muutama-sana-avatarin-vaistamattomista-jatko-osista-ja-kulttuurijournalismista\/","url":"https:\/\/suomenkuvalehti.fi\/kuvien-takaa\/muutama-sana-avatarin-vaistamattomista-jatko-osista-ja-kulttuurijournalismista\/","name":"Muutama sana Avatarin v\u00e4ist\u00e4m\u00e4tt\u00f6mist\u00e4 jatko-osista ja kulttuurijournalismista - Kuvien takaa","isPartOf":{"@id":"https:\/\/suomenkuvalehti.fi\/kuvien-takaa\/#website"},"datePublished":"2020-07-30T06:28:45+00:00","author":{"@id":"https:\/\/suomenkuvalehti.fi\/kuvien-takaa\/#\/schema\/person\/f3f657e4ad409e008f12af27bec60a23"},"description":"On aivan perusteltua kysy\u00e4, miksi joku viett\u00e4\u00e4 vuosikausia Avatar-elokuvia tehden. Et\u00e4\u00e4lt\u00e4 touhu saattaa n\u00e4ytt\u00e4\u00e4 oudolta. Vastauksiakin on olemassa.","breadcrumb":{"@id":"https:\/\/suomenkuvalehti.fi\/kuvien-takaa\/muutama-sana-avatarin-vaistamattomista-jatko-osista-ja-kulttuurijournalismista\/#breadcrumb"},"inLanguage":"fi","potentialAction":[{"@type":"ReadAction","target":["https:\/\/suomenkuvalehti.fi\/kuvien-takaa\/muutama-sana-avatarin-vaistamattomista-jatko-osista-ja-kulttuurijournalismista\/"]}]},{"@type":"BreadcrumbList","@id":"https:\/\/suomenkuvalehti.fi\/kuvien-takaa\/muutama-sana-avatarin-vaistamattomista-jatko-osista-ja-kulttuurijournalismista\/#breadcrumb","itemListElement":[{"@type":"ListItem","position":1,"name":"Home","item":"https:\/\/suomenkuvalehti.fi\/kuvien-takaa\/"},{"@type":"ListItem","position":2,"name":"Muutama sana Avatarin v\u00e4ist\u00e4m\u00e4tt\u00f6mist\u00e4 jatko-osista ja kulttuurijournalismista"}]},{"@type":"WebSite","@id":"https:\/\/suomenkuvalehti.fi\/kuvien-takaa\/#website","url":"https:\/\/suomenkuvalehti.fi\/kuvien-takaa\/","name":"Kuvien takaa","description":"Elokuvakriitikko Kalle Kinnusen elokuvablogi.","potentialAction":[{"@type":"SearchAction","target":{"@type":"EntryPoint","urlTemplate":"https:\/\/suomenkuvalehti.fi\/haku\/?q={search_term_string}"},"query-input":{"@type":"PropertyValueSpecification","valueRequired":true,"valueName":"search_term_string"}}],"inLanguage":"fi"},{"@type":"Person","@id":"https:\/\/suomenkuvalehti.fi\/kuvien-takaa\/#\/schema\/person\/f3f657e4ad409e008f12af27bec60a23","name":"Kalle Kinnunen","image":{"@type":"ImageObject","inLanguage":"fi","@id":"https:\/\/suomenkuvalehti.fi\/kuvien-takaa\/#\/schema\/person\/image\/","url":"https:\/\/suomenkuvalehti.fi\/kuvien-takaa\/wp-content\/uploads\/sites\/11\/2022\/04\/kalle_kinnunen_blogi-1-150x150.jpg","contentUrl":"https:\/\/suomenkuvalehti.fi\/kuvien-takaa\/wp-content\/uploads\/sites\/11\/2022\/04\/kalle_kinnunen_blogi-1-150x150.jpg","caption":"Kalle Kinnunen"},"description":"Kalle Kinnunen on vapaa toimittaja ja Suomen Kuvalehden avustaja.","sameAs":["https:\/\/www.facebook.com\/pages\/Kalle-Kinnunen-Kuvien-takaa\/190326157715410?fref=ts","https:\/\/x.com\/https:\/\/twitter.com\/kallekinnunen"]}]}},"_links":{"self":[{"href":"https:\/\/suomenkuvalehti.fi\/kuvien-takaa\/wp-json\/wp\/v2\/posts\/5412","targetHints":{"allow":["GET"]}}],"collection":[{"href":"https:\/\/suomenkuvalehti.fi\/kuvien-takaa\/wp-json\/wp\/v2\/posts"}],"about":[{"href":"https:\/\/suomenkuvalehti.fi\/kuvien-takaa\/wp-json\/wp\/v2\/types\/post"}],"author":[{"embeddable":true,"href":"https:\/\/suomenkuvalehti.fi\/kuvien-takaa\/wp-json\/wp\/v2\/users\/144"}],"replies":[{"embeddable":true,"href":"https:\/\/suomenkuvalehti.fi\/kuvien-takaa\/wp-json\/wp\/v2\/comments?post=5412"}],"version-history":[{"count":1,"href":"https:\/\/suomenkuvalehti.fi\/kuvien-takaa\/wp-json\/wp\/v2\/posts\/5412\/revisions"}],"predecessor-version":[{"id":5414,"href":"https:\/\/suomenkuvalehti.fi\/kuvien-takaa\/wp-json\/wp\/v2\/posts\/5412\/revisions\/5414"}],"wp:attachment":[{"href":"https:\/\/suomenkuvalehti.fi\/kuvien-takaa\/wp-json\/wp\/v2\/media?parent=5412"}],"wp:term":[{"taxonomy":"category","embeddable":true,"href":"https:\/\/suomenkuvalehti.fi\/kuvien-takaa\/wp-json\/wp\/v2\/categories?post=5412"},{"taxonomy":"post_tag","embeddable":true,"href":"https:\/\/suomenkuvalehti.fi\/kuvien-takaa\/wp-json\/wp\/v2\/tags?post=5412"}],"curies":[{"name":"wp","href":"https:\/\/api.w.org\/{rel}","templated":true}]}}