{"id":5347,"date":"2020-05-14T08:23:24","date_gmt":"2020-05-14T05:23:24","guid":{"rendered":"https:\/\/suomenkuvalehti.fi\/kuvien-takaa\/?p=5347"},"modified":"2020-05-14T08:29:12","modified_gmt":"2020-05-14T05:29:12","slug":"hollywood-toivoo-tietavansa-milloin-tama-on-ohi-tenet-on-tiennayttaja","status":"publish","type":"post","link":"https:\/\/suomenkuvalehti.fi\/kuvien-takaa\/hollywood-toivoo-tietavansa-milloin-tama-on-ohi-tenet-on-tiennayttaja\/","title":{"rendered":"Hollywood toivoo tiet\u00e4v\u00e4ns\u00e4, milloin t\u00e4m\u00e4 on ohi \u2013 Tenet on tienn\u00e4ytt\u00e4j\u00e4"},"content":{"rendered":"\n<p>17. hein\u00e4kuuta.<\/p>\n\n\n\n<p>Ensimm\u00e4inen korona-ajan j\u00e4lkeinen Hollywood-elokuvaensi-ilta on <em>Tenet<\/em>, ja se tulee Yhdysvalloissa ja Suomessa valkokankaille perjantaina 17. hein\u00e4kuuta.<\/p>\n\n\n\n<p>Tai siis tulee jos tulee, mutta sen varassa on nyt miljardien ja miljardien arvoinen bisnes. Warner-studion vakoilu-scifi-toimintatrilleri Tenet on hy\u00f6kk\u00e4yksen k\u00e4rki.<\/p>\n\n\n\n<p>Suomessa teatterikentt\u00e4\u00e4 hallitseva Finnkino on lupaillut avaavansa salinsa vasta hein\u00e4kuun puoliv\u00e4liss\u00e4, vaikka aiempikin olisi mahdollista \u2013 koska silloin tulee Tenet.<\/p>\n\n\n\n<p>Toki ennen Teneti\u00e4 ehtinee jotain uutta amerikkalaista valkokankaille Yhdysvalloissa, esimerkiksi halvahkolta kuulostava <strong>Russell Crowe<\/strong> -trilleri <em>Unhinged<\/em>, mutta se ei taida olla elokuva, jolta odotettaisiin paljoa \u2013 suunniteltu ensi-ilta hein\u00e4kuun alussa vaikuttaa yritykselt\u00e4 uhkapelata poikkeustilanteessa. 10.7. tulee Yhdysvalloissa valkokankaille my\u00f6s Universal-studion <em>The Forever Purge,<\/em> joka on Purge-kauhuelokuvasarjan viides osa. Nelos-Purgen liikevaihto oli luokkaa kymmenesosa siit\u00e4, mit\u00e4 Tenetilt\u00e4 odotetaan.<\/p>\n\n\n\n<p>Tenet on yksi vuoden suurimmista elokuvista, ohjaajansa <strong>Christopher Nolanin<\/strong> uran kalleimpia, sellainen jonka kansainv\u00e4liseen markkinointiinkin studio panostaa jopa pari sataa miljoonaa. T\u00e4ss\u00e4 tilanteessa kysymysmerkkej\u00e4 riitt\u00e4\u00e4.<\/p>\n\n\n\n<p>Mink\u00e4\u00e4n elokuvan julkaisup\u00e4iv\u00e4\u00e4 kohtaan ei ole koskaan t\u00e4llaista huomiota ja painetta, <a href=\"https:\/\/www.indiewire.com\/2020\/05\/tenet-theaters-reopen-summer-movies-chistopher-nolan-box-office-1202230166\" target=\"_blank\" rel=\"noopener\">kirjoittaa Indiewire<\/a>. &#8221;Jos Tenet ei voi tulla ensi-iltaan, kes\u00e4 on uponnut.&#8221;<\/p>\n\n\n\n<p>Jutussa mainitaan haasteet. Joka tapauksessa Tenet on kylm\u00e4k\u00e4ynnistys tilanteessa, jossa uusia isoja globaalisti levitett\u00e4vi\u00e4 elokuvia ei ole tullut miss\u00e4\u00e4n ensi-iltaan nelj\u00e4\u00e4n kuukauteen. Kaikki jotka haluaisivat elokuviin, eiv\u00e4t taatusti uskalla viel\u00e4 hein\u00e4kuussa menn\u00e4.<\/p>\n\n\n\n<p>Toisaalta Tenetill\u00e4 on erikoinen etu. Se saa kaikki mahdolliset valkokankaat, kun kilpailu on l\u00e4hes olematonta. Esimerkki: mik\u00e4li Suomessa on k\u00e4yt\u00f6ss\u00e4 50 hengen kokoontumisrajoitus, lienee selv\u00e4\u00e4, ett\u00e4 Tenet saa esimerkiksi Tennispalatsin valkokankaista iltan\u00e4yt\u00f6ksiss\u00e4 tyyliin kaksitoista nelj\u00e4st\u00e4toista, tai kaikki. Silloinkin se saisi vasta kapasiteetin, joka vastaa suunnilleen Tennispalatsin t\u00e4ytt\u00e4 ykk\u00f6ssalia.<\/p>\n\n\n\n<p>Ja on Tenet tietenkin oivallinen, monia eri yleis\u00f6segmenttej\u00e4 vet\u00e4v\u00e4 keih\u00e4\u00e4nk\u00e4rki: se lupaa Nolan-elokuville ominaisesti spektaakkelia, \u00e4ly\u00e4 tai ainakin nokkeluutta, sek\u00e4 jotain uutta, ilmi\u00f6n aineksia, puheenaihetta.<\/p>\n\n\n\n<p>Indiewiren jutun mukaan Warner voi viel\u00e4 mietti\u00e4 Tenetin julkaisuajankohtaa kes\u00e4kuun alkuun asti. Silloin pit\u00e4\u00e4 tehd\u00e4 ratkaisu, k\u00e4ynnistet\u00e4\u00e4nk\u00f6 valtava markkinointikoneisto t\u00e4ysill\u00e4. Tietysti Tenet voidaan siirt\u00e4\u00e4 my\u00f6hemp\u00e4\u00e4nkin, mik\u00e4 Yhdysvalloissa tarkoittasi, ett\u00e4 t\u00e4st\u00e4 kes\u00e4st\u00e4 ei j\u00e4\u00e4 Hollywood-yhti\u00f6ille eik\u00e4 elokuvateatteriketjuille kassaan mit\u00e4\u00e4n. Muualla se tarkoittaisi l\u00e4hes yht\u00e4 suurta kaaosta: no kuka sitten n\u00e4ytt\u00e4\u00e4 tiet\u00e4.<\/p>\n\n\n<p><iframe loading=\"lazy\" width=\"630\" height=\"354\" src=\"https:\/\/www.youtube.com\/embed\/LdOM0x0XDMo?feature=oembed\" frameborder=\"0\" allow=\"accelerometer; autoplay; encrypted-media; gyroscope; picture-in-picture\" allowfullscreen><\/iframe><\/p>\n\n<p>Tenetista julkistetaan varmaankin viel\u00e4 toinen trailerikin, jahka ensi-ilta ly\u00f6d\u00e4\u00e4n markkinointip\u00e4\u00e4t\u00f6ksell\u00e4 lukkoon. Trailerin jakeluongelma muistuttaa tilanteen poikkeuksellisuudesta. Traileria tullaan katsomaan verkossa, ei toisten elokuvien alussa elokuvateattereissa, koska ne ovat kiinni \u2013 ja eik\u00f6h\u00e4n t\u00e4m\u00e4 v\u00e4h\u00e4n vaikuta siihen, millainen trailerista leikataan.<\/p>\n\n\n\n<p>Norjassa elokuvateattereita avattiin viime viikonloppuna, samalla 49\/50 henke\u00e4 per n\u00e4yt\u00f6s -kapasiteetilla kuin Suomessa on ajatuksena. L\u00e4hesk\u00e4\u00e4n kaikki teatterit eiv\u00e4t halunneet t\u00e4ll\u00e4 reunaehdolla ja viel\u00e4 t\u00e4ss\u00e4 vaiheessa k\u00e4ynnist\u00e4\u00e4 toimintaansa, mutta ovensa avanneisiin <a href=\"http:\/\/17. hein\u00e4kuuta. Ensimm\u00e4inen korona-ajan j\u00e4lkeinen Hollywood-elokuvaensi-ilta on Tenet, ja se tulee Yhdysvalloissa ja Suomessa valkokankaille perjantaina 17. hein\u00e4kuuta. Tai siis tulee jos tulee, mutta sen varassa on nyt miljardien ja miljardien arvoinen bisnes. Warner-studion scifi-toimintatrilleri Tenet on nyt hy\u00f6kk\u00e4yksen k\u00e4rki. Toki ennen Teneti\u00e4 ehtinee jotain uutta amerikkalaista valkokankaille Yhdysvalloissa, esimerkiksi halvahkolta kuulostava Russell Crowe -trilleri Unhinged, mutta se ei taida olla elokuva, jolta odotettaisiin paljoa \u2013 suunniteltu ensi-ilta hein\u00e4kuun alussa vaikuttaa yritykselt\u00e4 uhkapelata poikkeustilanteessa. Tenet taas on yksi vuoden suurimmista elokuvista, tai se voisi olla. T\u00e4ss\u00e4 tilanteessa kysymysmerkkej\u00e4 riitt\u00e4\u00e4. Mink\u00e4\u00e4n elokuvan julkaisup\u00e4iv\u00e4\u00e4 kohtaan ei ole koskaan t\u00e4llaista huomiota ja painetta, kirjoittaa Indiewire. &quot;Jos Tenet ei voi tulla ensi-iltaan, kes\u00e4 on uponnut.&quot; Jutussa mainitaan haasteet. Joka tapauksessa Tenet on kylm\u00e4k\u00e4ynnistys tilanteessa, jossa uusia isoja globaalisti levitett\u00e4vi\u00e4 elokuvia ei ole tullut miss\u00e4\u00e4n ensi-iltaan nelj\u00e4\u00e4n kuukauteen. Kaikki jotka haluaisivat elokuviin, eiv\u00e4t uskalla hein\u00e4kuussa menn\u00e4. Toisaalta Tenetill\u00e4 on iso etu. Se saa kaikki mahdolliset valkokankaat, kun kilpailu on niin v\u00e4h\u00e4ist\u00e4. Mik\u00e4li Suomessa on k\u00e4yt\u00f6ss\u00e4 50 hengen kokoontumisrajoitus, lienee selv\u00e4\u00e4, ett\u00e4 Tenet saa esimerkiksi Tennispalatsin valkokankaista iltan\u00e4yt\u00f6ksiss\u00e4 tyyliin kaksitoista nelj\u00e4st\u00e4toista, tai kaikki. Silloinkin se saisi kapasiteetin, joka vastaa suunnilleen Tennispalatsin t\u00e4ytt\u00e4 ykk\u00f6ssalia. Ja on Christopher Nolanin ohjaama Tenet tietenkin oivallinen, monia eri yleis\u00f6segmenttej\u00e4 vet\u00e4v\u00e4 keih\u00e4\u00e4nk\u00e4rki: se lupaa spektaakkelia, \u00e4ly\u00e4 tai ainakin nokkeluutta sek\u00e4 jotain uutta, ilmi\u00f6n aineksia. Indiewiren jutun mukaan Warner voi viel\u00e4 mietti\u00e4 Tenetin julkaisuajankohtaa kes\u00e4kuun alkuun asti. Silloin pit\u00e4\u00e4 tehd\u00e4 ratkaisu, k\u00e4ynnistet\u00e4\u00e4nk\u00f6 kymmenien (satojen?) miljoonien hintainen markkinointikoneisto t\u00e4ysill\u00e4. Tietysti Tenet voidaan siirt\u00e4\u00e4 my\u00f6hemp\u00e4\u00e4nkin, mik\u00e4 Yhdysvalloissa tarkoittasi, ett\u00e4 t\u00e4st\u00e4 kes\u00e4st\u00e4 ei j\u00e4\u00e4 Hollywood-yhti\u00f6ille eik\u00e4 elokuvateatteriketjuille kassaan mit\u00e4\u00e4n. Norjassa\" target=\"_blank\" rel=\"noopener\">riitti yleis\u00f6\u00e4<\/a>.<\/p>\n\n\n\n<p>Ollaanko Tenetin suhteen silti nyt ylti\u00f6optimistisia?<\/p>\n\n\n\n<p>Yhdysvalloissa asialla on symbolinen merkitys. Elokuvissa k\u00e4yminen on suositumpaa kuin useimmissa muissa l\u00e4nsimaissa ja elokuva-alaa seurataan suhteessa paljon. Hollywood on enemm\u00e4n kuin teollisuus. Oscarit ovat maassa tapahtuma, joka l\u00e4hinn\u00e4 vastaa meik\u00e4l\u00e4isi\u00e4 Linnan juhlia.<\/p>\n\n\n\n<p>Elokuvateatterien merkityksest\u00e4 amerikkalaiselle el\u00e4m\u00e4ntavalle kirjoitti <a href=\"https:\/\/www.washingtonpost.com\/opinions\/2020\/03\/20\/christopher-nolan-movie-theaters-are-vital-part-american-social-life-they-will-need-our-help\/\" target=\"_blank\" rel=\"noopener\">Washington Postiin kauniisti<\/a> maaliskuussa \u2013 Nolan itse. H\u00e4nest\u00e4 elokuvateatterit ovat osa yhteis\u00f6llisyytt\u00e4. Sen sijaan, ett\u00e4 kolumni olisi ensi-illastaan huolestuneen ohjaajan oman h\u00e4nn\u00e4n nostamista, se taitaa olla taas yksi osoitus niist\u00e4 syist\u00e4, miksi Nolan on niin taitava tekem\u00e4\u00e4n isoja elokuvia. H\u00e4n t\u00e4ht\u00e4\u00e4 el\u00e4m\u00e4\u00e4 suurempaan.<\/p>\n\n\n","protected":false},"excerpt":{"rendered":"<p>17. hein\u00e4kuuta. Ensimm\u00e4inen korona-ajan j\u00e4lkeinen Hollywood-elokuvaensi-ilta on Tenet, ja se tulee Yhdysvalloissa ja Suomessa valkokankaille perjantaina 17. hein\u00e4kuuta. Tai siis tulee jos tulee, mutta sen varassa on nyt miljardien ja miljardien arvoinen<br \/>\nbis&hellip;<\/p>\n","protected":false},"author":144,"featured_media":0,"comment_status":"open","ping_status":"closed","sticky":false,"template":"","format":"standard","meta":{"_acf_changed":false,"asauth_required_access_level":3,"asauth_cansharepaid":"true","om_header_attributes":[],"footnotes":"","om_featured_image_focal_point":[],"om_primary_tag":0,"om_contributors":[],"om_co_authors":[],"beyondwords_generate_audio":"","beyondwords_project_id":"","beyondwords_content_id":"","beyondwords_preview_token":"","beyondwords_player_content":"","beyondwords_player_style":"","beyondwords_language_code":"","beyondwords_language_id":"","beyondwords_title_voice_id":"","beyondwords_body_voice_id":"","beyondwords_summary_voice_id":"","beyondwords_error_message":"","beyondwords_disabled":"","beyondwords_delete_content":"","beyondwords_podcast_id":"","beyondwords_hash":"","publish_post_to_speechkit":"","speechkit_hash":"","speechkit_generate_audio":"","speechkit_project_id":"","speechkit_podcast_id":"","speechkit_error_message":"","speechkit_disabled":"","speechkit_access_key":"","speechkit_error":"","speechkit_info":"","speechkit_response":"","speechkit_retries":"","speechkit_status":"","speechkit_updated_at":"","_speechkit_link":"","_speechkit_text":""},"categories":[1],"tags":[],"class_list":["post-5347","post","type-post","status-publish","format-standard","hentry","category-kuvien-takaa"],"om_views":null,"acf":{"tuuma_off":false,"tuuma_kysymys":"","tuuma_vastaus":""},"asauth":{"required_access_level":1,"share_token":"","is_paid":false},"yoast_head":"<!-- This site is optimized with the Yoast SEO plugin v26.4 - https:\/\/yoast.com\/wordpress\/plugins\/seo\/ -->\n<title>Hollywood toivoo tiet\u00e4v\u00e4ns\u00e4, milloin t\u00e4m\u00e4 on ohi \u2013 Tenet on tienn\u00e4ytt\u00e4j\u00e4 - Kuvien takaa<\/title>\n<meta name=\"description\" content=\"Inceptionin, Interstellarin ja Batmanien ohjaajan Christopher Nolanin uutuus on elokuva, jonka varaan Hollywood asettaa nyt kaiken.\" \/>\n<meta name=\"robots\" content=\"index, follow, max-snippet:-1, max-image-preview:large, max-video-preview:-1\" \/>\n<link rel=\"canonical\" href=\"https:\/\/suomenkuvalehti.fi\/kuvien-takaa\/hollywood-toivoo-tietavansa-milloin-tama-on-ohi-tenet-on-tiennayttaja\/\" \/>\n<meta property=\"og:locale\" content=\"fi_FI\" \/>\n<meta property=\"og:type\" content=\"article\" \/>\n<meta property=\"og:title\" content=\"Hollywood toivoo tiet\u00e4v\u00e4ns\u00e4, milloin t\u00e4m\u00e4 on ohi \u2013 Tenet on tienn\u00e4ytt\u00e4j\u00e4 - Kuvien takaa\" \/>\n<meta property=\"og:description\" content=\"Inceptionin, Interstellarin ja Batmanien ohjaajan Christopher Nolanin uutuus on elokuva, jonka varaan Hollywood asettaa nyt kaiken.\" \/>\n<meta property=\"og:url\" content=\"https:\/\/suomenkuvalehti.fi\/kuvien-takaa\/hollywood-toivoo-tietavansa-milloin-tama-on-ohi-tenet-on-tiennayttaja\/\" \/>\n<meta property=\"og:site_name\" content=\"Kuvien takaa\" \/>\n<meta property=\"article:author\" content=\"https:\/\/www.facebook.com\/pages\/Kalle-Kinnunen-Kuvien-takaa\/190326157715410?fref=ts\" \/>\n<meta property=\"article:published_time\" content=\"2020-05-14T05:23:24+00:00\" \/>\n<meta property=\"article:modified_time\" content=\"2020-05-14T05:29:12+00:00\" \/>\n<meta property=\"og:image\" content=\"https:\/\/suomenkuvalehti.fi\/kuvien-takaa\/wp-content\/uploads\/sites\/11\/2022\/04\/kalle_kinnunen_blogi-1-scaled.jpg\" \/>\n\t<meta property=\"og:image:width\" content=\"2560\" \/>\n\t<meta property=\"og:image:height\" content=\"1707\" \/>\n\t<meta property=\"og:image:type\" content=\"image\/jpeg\" \/>\n<meta name=\"author\" content=\"Kalle Kinnunen\" \/>\n<meta name=\"twitter:card\" content=\"summary_large_image\" \/>\n<meta name=\"twitter:creator\" content=\"@https:\/\/twitter.com\/kallekinnunen\" \/>\n<meta name=\"twitter:label1\" content=\"Written by\" \/>\n\t<meta name=\"twitter:data1\" content=\"Kalle Kinnunen\" \/>\n\t<meta name=\"twitter:label2\" content=\"Est. reading time\" \/>\n\t<meta name=\"twitter:data2\" content=\"3 minuuttia\" \/>\n<script type=\"application\/ld+json\" class=\"yoast-schema-graph\">{\"@context\":\"https:\/\/schema.org\",\"@graph\":[{\"@type\":\"WebPage\",\"@id\":\"https:\/\/suomenkuvalehti.fi\/kuvien-takaa\/hollywood-toivoo-tietavansa-milloin-tama-on-ohi-tenet-on-tiennayttaja\/\",\"url\":\"https:\/\/suomenkuvalehti.fi\/kuvien-takaa\/hollywood-toivoo-tietavansa-milloin-tama-on-ohi-tenet-on-tiennayttaja\/\",\"name\":\"Hollywood toivoo tiet\u00e4v\u00e4ns\u00e4, milloin t\u00e4m\u00e4 on ohi \u2013 Tenet on tienn\u00e4ytt\u00e4j\u00e4 - Kuvien takaa\",\"isPartOf\":{\"@id\":\"https:\/\/suomenkuvalehti.fi\/kuvien-takaa\/#website\"},\"datePublished\":\"2020-05-14T05:23:24+00:00\",\"dateModified\":\"2020-05-14T05:29:12+00:00\",\"author\":{\"@id\":\"https:\/\/suomenkuvalehti.fi\/kuvien-takaa\/#\/schema\/person\/f3f657e4ad409e008f12af27bec60a23\"},\"description\":\"Inceptionin, Interstellarin ja Batmanien ohjaajan Christopher Nolanin uutuus on elokuva, jonka varaan Hollywood asettaa nyt kaiken.\",\"breadcrumb\":{\"@id\":\"https:\/\/suomenkuvalehti.fi\/kuvien-takaa\/hollywood-toivoo-tietavansa-milloin-tama-on-ohi-tenet-on-tiennayttaja\/#breadcrumb\"},\"inLanguage\":\"fi\",\"potentialAction\":[{\"@type\":\"ReadAction\",\"target\":[\"https:\/\/suomenkuvalehti.fi\/kuvien-takaa\/hollywood-toivoo-tietavansa-milloin-tama-on-ohi-tenet-on-tiennayttaja\/\"]}]},{\"@type\":\"BreadcrumbList\",\"@id\":\"https:\/\/suomenkuvalehti.fi\/kuvien-takaa\/hollywood-toivoo-tietavansa-milloin-tama-on-ohi-tenet-on-tiennayttaja\/#breadcrumb\",\"itemListElement\":[{\"@type\":\"ListItem\",\"position\":1,\"name\":\"Home\",\"item\":\"https:\/\/suomenkuvalehti.fi\/kuvien-takaa\/\"},{\"@type\":\"ListItem\",\"position\":2,\"name\":\"Hollywood toivoo tiet\u00e4v\u00e4ns\u00e4, milloin t\u00e4m\u00e4 on ohi \u2013 Tenet on tienn\u00e4ytt\u00e4j\u00e4\"}]},{\"@type\":\"WebSite\",\"@id\":\"https:\/\/suomenkuvalehti.fi\/kuvien-takaa\/#website\",\"url\":\"https:\/\/suomenkuvalehti.fi\/kuvien-takaa\/\",\"name\":\"Kuvien takaa\",\"description\":\"Elokuvakriitikko Kalle Kinnusen elokuvablogi.\",\"potentialAction\":[{\"@type\":\"SearchAction\",\"target\":{\"@type\":\"EntryPoint\",\"urlTemplate\":\"https:\/\/suomenkuvalehti.fi\/haku\/?q={search_term_string}\"},\"query-input\":{\"@type\":\"PropertyValueSpecification\",\"valueRequired\":true,\"valueName\":\"search_term_string\"}}],\"inLanguage\":\"fi\"},{\"@type\":\"Person\",\"@id\":\"https:\/\/suomenkuvalehti.fi\/kuvien-takaa\/#\/schema\/person\/f3f657e4ad409e008f12af27bec60a23\",\"name\":\"Kalle Kinnunen\",\"image\":{\"@type\":\"ImageObject\",\"inLanguage\":\"fi\",\"@id\":\"https:\/\/suomenkuvalehti.fi\/kuvien-takaa\/#\/schema\/person\/image\/\",\"url\":\"https:\/\/suomenkuvalehti.fi\/kuvien-takaa\/wp-content\/uploads\/sites\/11\/2022\/04\/kalle_kinnunen_blogi-1-150x150.jpg\",\"contentUrl\":\"https:\/\/suomenkuvalehti.fi\/kuvien-takaa\/wp-content\/uploads\/sites\/11\/2022\/04\/kalle_kinnunen_blogi-1-150x150.jpg\",\"caption\":\"Kalle Kinnunen\"},\"description\":\"Kalle Kinnunen on vapaa toimittaja ja Suomen Kuvalehden avustaja.\",\"sameAs\":[\"https:\/\/www.facebook.com\/pages\/Kalle-Kinnunen-Kuvien-takaa\/190326157715410?fref=ts\",\"https:\/\/x.com\/https:\/\/twitter.com\/kallekinnunen\"]}]}<\/script>\n<!-- \/ Yoast SEO plugin. -->","yoast_head_json":{"title":"Hollywood toivoo tiet\u00e4v\u00e4ns\u00e4, milloin t\u00e4m\u00e4 on ohi \u2013 Tenet on tienn\u00e4ytt\u00e4j\u00e4 - Kuvien takaa","description":"Inceptionin, Interstellarin ja Batmanien ohjaajan Christopher Nolanin uutuus on elokuva, jonka varaan Hollywood asettaa nyt kaiken.","robots":{"index":"index","follow":"follow","max-snippet":"max-snippet:-1","max-image-preview":"max-image-preview:large","max-video-preview":"max-video-preview:-1"},"canonical":"https:\/\/suomenkuvalehti.fi\/kuvien-takaa\/hollywood-toivoo-tietavansa-milloin-tama-on-ohi-tenet-on-tiennayttaja\/","og_locale":"fi_FI","og_type":"article","og_title":"Hollywood toivoo tiet\u00e4v\u00e4ns\u00e4, milloin t\u00e4m\u00e4 on ohi \u2013 Tenet on tienn\u00e4ytt\u00e4j\u00e4 - Kuvien takaa","og_description":"Inceptionin, Interstellarin ja Batmanien ohjaajan Christopher Nolanin uutuus on elokuva, jonka varaan Hollywood asettaa nyt kaiken.","og_url":"https:\/\/suomenkuvalehti.fi\/kuvien-takaa\/hollywood-toivoo-tietavansa-milloin-tama-on-ohi-tenet-on-tiennayttaja\/","og_site_name":"Kuvien takaa","article_author":"https:\/\/www.facebook.com\/pages\/Kalle-Kinnunen-Kuvien-takaa\/190326157715410?fref=ts","article_published_time":"2020-05-14T05:23:24+00:00","article_modified_time":"2020-05-14T05:29:12+00:00","og_image":[{"width":2560,"height":1707,"url":"https:\/\/suomenkuvalehti.fi\/kuvien-takaa\/wp-content\/uploads\/sites\/11\/2022\/04\/kalle_kinnunen_blogi-1-scaled.jpg","type":"image\/jpeg"}],"author":"Kalle Kinnunen","twitter_card":"summary_large_image","twitter_creator":"@https:\/\/twitter.com\/kallekinnunen","twitter_misc":{"Written by":"Kalle Kinnunen","Est. reading time":"3 minuuttia"},"schema":{"@context":"https:\/\/schema.org","@graph":[{"@type":"WebPage","@id":"https:\/\/suomenkuvalehti.fi\/kuvien-takaa\/hollywood-toivoo-tietavansa-milloin-tama-on-ohi-tenet-on-tiennayttaja\/","url":"https:\/\/suomenkuvalehti.fi\/kuvien-takaa\/hollywood-toivoo-tietavansa-milloin-tama-on-ohi-tenet-on-tiennayttaja\/","name":"Hollywood toivoo tiet\u00e4v\u00e4ns\u00e4, milloin t\u00e4m\u00e4 on ohi \u2013 Tenet on tienn\u00e4ytt\u00e4j\u00e4 - Kuvien takaa","isPartOf":{"@id":"https:\/\/suomenkuvalehti.fi\/kuvien-takaa\/#website"},"datePublished":"2020-05-14T05:23:24+00:00","dateModified":"2020-05-14T05:29:12+00:00","author":{"@id":"https:\/\/suomenkuvalehti.fi\/kuvien-takaa\/#\/schema\/person\/f3f657e4ad409e008f12af27bec60a23"},"description":"Inceptionin, Interstellarin ja Batmanien ohjaajan Christopher Nolanin uutuus on elokuva, jonka varaan Hollywood asettaa nyt kaiken.","breadcrumb":{"@id":"https:\/\/suomenkuvalehti.fi\/kuvien-takaa\/hollywood-toivoo-tietavansa-milloin-tama-on-ohi-tenet-on-tiennayttaja\/#breadcrumb"},"inLanguage":"fi","potentialAction":[{"@type":"ReadAction","target":["https:\/\/suomenkuvalehti.fi\/kuvien-takaa\/hollywood-toivoo-tietavansa-milloin-tama-on-ohi-tenet-on-tiennayttaja\/"]}]},{"@type":"BreadcrumbList","@id":"https:\/\/suomenkuvalehti.fi\/kuvien-takaa\/hollywood-toivoo-tietavansa-milloin-tama-on-ohi-tenet-on-tiennayttaja\/#breadcrumb","itemListElement":[{"@type":"ListItem","position":1,"name":"Home","item":"https:\/\/suomenkuvalehti.fi\/kuvien-takaa\/"},{"@type":"ListItem","position":2,"name":"Hollywood toivoo tiet\u00e4v\u00e4ns\u00e4, milloin t\u00e4m\u00e4 on ohi \u2013 Tenet on tienn\u00e4ytt\u00e4j\u00e4"}]},{"@type":"WebSite","@id":"https:\/\/suomenkuvalehti.fi\/kuvien-takaa\/#website","url":"https:\/\/suomenkuvalehti.fi\/kuvien-takaa\/","name":"Kuvien takaa","description":"Elokuvakriitikko Kalle Kinnusen elokuvablogi.","potentialAction":[{"@type":"SearchAction","target":{"@type":"EntryPoint","urlTemplate":"https:\/\/suomenkuvalehti.fi\/haku\/?q={search_term_string}"},"query-input":{"@type":"PropertyValueSpecification","valueRequired":true,"valueName":"search_term_string"}}],"inLanguage":"fi"},{"@type":"Person","@id":"https:\/\/suomenkuvalehti.fi\/kuvien-takaa\/#\/schema\/person\/f3f657e4ad409e008f12af27bec60a23","name":"Kalle Kinnunen","image":{"@type":"ImageObject","inLanguage":"fi","@id":"https:\/\/suomenkuvalehti.fi\/kuvien-takaa\/#\/schema\/person\/image\/","url":"https:\/\/suomenkuvalehti.fi\/kuvien-takaa\/wp-content\/uploads\/sites\/11\/2022\/04\/kalle_kinnunen_blogi-1-150x150.jpg","contentUrl":"https:\/\/suomenkuvalehti.fi\/kuvien-takaa\/wp-content\/uploads\/sites\/11\/2022\/04\/kalle_kinnunen_blogi-1-150x150.jpg","caption":"Kalle Kinnunen"},"description":"Kalle Kinnunen on vapaa toimittaja ja Suomen Kuvalehden avustaja.","sameAs":["https:\/\/www.facebook.com\/pages\/Kalle-Kinnunen-Kuvien-takaa\/190326157715410?fref=ts","https:\/\/x.com\/https:\/\/twitter.com\/kallekinnunen"]}]}},"_links":{"self":[{"href":"https:\/\/suomenkuvalehti.fi\/kuvien-takaa\/wp-json\/wp\/v2\/posts\/5347","targetHints":{"allow":["GET"]}}],"collection":[{"href":"https:\/\/suomenkuvalehti.fi\/kuvien-takaa\/wp-json\/wp\/v2\/posts"}],"about":[{"href":"https:\/\/suomenkuvalehti.fi\/kuvien-takaa\/wp-json\/wp\/v2\/types\/post"}],"author":[{"embeddable":true,"href":"https:\/\/suomenkuvalehti.fi\/kuvien-takaa\/wp-json\/wp\/v2\/users\/144"}],"replies":[{"embeddable":true,"href":"https:\/\/suomenkuvalehti.fi\/kuvien-takaa\/wp-json\/wp\/v2\/comments?post=5347"}],"version-history":[{"count":3,"href":"https:\/\/suomenkuvalehti.fi\/kuvien-takaa\/wp-json\/wp\/v2\/posts\/5347\/revisions"}],"predecessor-version":[{"id":5350,"href":"https:\/\/suomenkuvalehti.fi\/kuvien-takaa\/wp-json\/wp\/v2\/posts\/5347\/revisions\/5350"}],"wp:attachment":[{"href":"https:\/\/suomenkuvalehti.fi\/kuvien-takaa\/wp-json\/wp\/v2\/media?parent=5347"}],"wp:term":[{"taxonomy":"category","embeddable":true,"href":"https:\/\/suomenkuvalehti.fi\/kuvien-takaa\/wp-json\/wp\/v2\/categories?post=5347"},{"taxonomy":"post_tag","embeddable":true,"href":"https:\/\/suomenkuvalehti.fi\/kuvien-takaa\/wp-json\/wp\/v2\/tags?post=5347"}],"curies":[{"name":"wp","href":"https:\/\/api.w.org\/{rel}","templated":true}]}}