{"id":5342,"date":"2020-05-11T15:21:06","date_gmt":"2020-05-11T12:21:06","guid":{"rendered":"https:\/\/suomenkuvalehti.fi\/kuvien-takaa\/?p=5342"},"modified":"2020-05-11T15:56:45","modified_gmt":"2020-05-11T12:56:45","slug":"cannes-on-peruutettu-ja-tata-elokuvafestivaalia-ei-korvaa-mikaan-digitaalinen-tonttupiiri","status":"publish","type":"post","link":"https:\/\/suomenkuvalehti.fi\/kuvien-takaa\/cannes-on-peruutettu-ja-tata-elokuvafestivaalia-ei-korvaa-mikaan-digitaalinen-tonttupiiri\/","title":{"rendered":"Cannes on peruutettu, ja t\u00e4t\u00e4 elokuvafestivaalia ei korvaa mik\u00e4\u00e4n digitaalinen tonttupiiri"},"content":{"rendered":"\n<p>Cannesin elokuvajuhlat alkaisivat huomenna. Olisin lent\u00e4nyt Nizzaan eilen. T\u00e4n\u00e4\u00e4n olisin kiert\u00e4nyt pr-toimistoja ja studioiden sviittej\u00e4, ja huomisesta alkaen katsoisin kahdesta viiteen elokuvaa p\u00e4iv\u00e4ss\u00e4.<\/p>\n\n\n\n<p>Palaisin kotiin ensi viikon lauantai-iltana. Olisin n\u00e4hnyt ainakin <strong>Paul Verhoevenin<\/strong> <em>Benedettan<\/em>, <strong>Wes Andersonin<\/strong> <em>The French Dispatchin<\/em>, <strong>Spike Leen<\/strong> <em>Da 5 Bloodsin<\/em> ja noin 25 muuta elokuvaa.<\/p>\n\n\n\n<p>T\u00e4m\u00e4 ei toteutunut, koska covid-19.<\/p>\n\n\n\n<p>Cannesin elokuvajuhlien, maailman tai ainakin Euroopan t\u00e4rkeimm\u00e4n elokuvatapahtuman, puhuttiin ensin siirtyv\u00e4n kes\u00e4-hein\u00e4kuun vaihteeseen. Sitten sekin ajankohta osoittautui toiveajatteluksi.<\/p>\n\n\n\n<p>Nyt Cannes-pomo <strong>Thierry Fremaux<\/strong> on <a href=\"https:\/\/www.screendaily.com\/interviews\/thierry-fremaux-talks-cannes-2020-official-selection-plans-exclusive\/5149699.article\" target=\"_blank\" rel=\"noopener\">Screenin haastattelussa varmistanut<\/a>, ett\u00e4 Cannesin elokuvafestivaali on peruttu vuodelta 2020. Fyysist\u00e4 tapahtumaa ei j\u00e4rjestet\u00e4.<\/p>\n\n\n\n<p>Sen sijaan kes\u00e4kuussa julkistetaan virallinen selektio.<\/p>\n\n\n\n<p>Ei sit\u00e4 oikein ohjelmistoksi voi k\u00e4\u00e4nt\u00e4\u00e4. Se on lista nimikkeit\u00e4. Se on valikoima \u2013 elokuvat, joiden piti olla Cannesissa, mutta jotka nyt lanseerataan jotenkin muuten.<\/p>\n\n\n\n<p>Fremaux paljastaa haastattelussa, ett\u00e4 &#8221;Cannes 2020&#8221;-selektion palmunlehv\u00e4t saaneita elokuvia tullaan tuomaan maailmanensi-iltaan Venetsian, Toronton, Deauvillen, Angoul\u00eamen, San Sebastianin, New Yorkin, Busanin ja Lyonin Lumi\u00e8re-festivaalin ohjelmistoissa. Maailmanensi-iltoja edellytt\u00e4v\u00e4\u00e4 Venetsiaa lukuunottamatta n\u00e4iss\u00e4 tapahtumissa olisi normaalivuonnakin n\u00e4hty Cannesissa jo esitettyj\u00e4 elokuvia.<\/p>\n\n\n\n<p>Kuvio on v\u00e4h\u00e4n kreisi. Venetsia, Cannesin t\u00e4rkein kilpailija, saa nyt siis (ehk\u00e4) konkreettisen ensi-illan (jostain) elokuvasta, jolla on <em>my\u00f6s<\/em> Cannesin tunnustus. N\u00e4in jotkut elokuvat saavat \u2013 ilmeisesti \u2013 kelpuutuksen Euroopan kahden t\u00e4rkeimm\u00e4n elokuvajuhlan ohjelmistoon.<\/p>\n\n\n\n<p>Mutta kukaan ei \u2013 ilmeisesti \u2013 saa Kultaista palmua tai muita Cannesin palkintoja.<\/p>\n\n\n\n<p>Joitain &#8221;piti olla Cannesissa&#8221; -elokuvia Fremaux on jo k\u00e4yt\u00e4nn\u00f6ss\u00e4 paljastanut \u2013 Andersonin ja Leen ainakin. Da 5 Bloods, jossa n\u00e4yttelee my\u00f6s <strong>Jasper P\u00e4\u00e4kk\u00f6nen<\/strong>, tulee Netflixiin kes\u00e4kuussa, joten sit\u00e4 ei tarvitse hirve\u00e4n kauan en\u00e4\u00e4 odottaa. Kilpasarjassa se ei olisi Cannesissa ollut, sill\u00e4 tuomariston puheenjohtaja on, tai piti olla, nimeomaan Spike Lee itse.<\/p>\n\n\n\n<p>Saa n\u00e4hd\u00e4, onko selektiossa mukana esimerkiksi <strong>Hamy Ramezanin<\/strong> ohjaama <em>Any Day Now<\/em>, suomalainen elokuva iranilaisperheest\u00e4, jonka turvapaikka-anomusta k\u00e4sitell\u00e4\u00e4n. <a href=\"https:\/\/www.screendaily.com\/features\/cannes-2020-what-was-in-the-running-and-still-might-be\/5149038.article\" target=\"_blank\" rel=\"noopener\">Sen piti olla<\/a> aika todenn\u00e4k\u00f6inen Cannes-leffa. My\u00f6s <strong>Khadar Ahmedin<\/strong> <em>Haudankaivajasta<\/em> on ollut puhetta. (Mitk\u00e4 elokuvat olisivat olleet Fremauxin alaista <em>official selectionia<\/em> ja mitk\u00e4 Director&#8217;s Fortnightiss\u00e4 tai Critics Weekiss\u00e4 on oma keskustelunsa.)<\/p>\n\n\n\n<p>Tunnen melankoliaa ja nostalgiaa siin\u00e4 miss\u00e4 Fremaux. On outoa, etten ole Cannesissa, jossa olen viett\u00e4nyt toukokuun keskimm\u00e4iset pari viikkoa vuodesta 2004 alkaen. Jo se on jotenkin ankeaa, ettei huhtikuussa p\u00e4\u00e4sty kuuntelemaan ohjelmistojulkistusta, jossa Fremaux listaa jaaritellen ja ranskalaisittain omia n\u00e4kemyksi\u00e4\u00e4n sekaan tiputellen kilpasarjan nimikkeet. Olisiko siell\u00e4 ollut <strong>Mia Hansen-L\u00f8ven<\/strong> <em>Bergman Island<\/em>? <strong>Leos Caraxin<\/strong> odotettu musikaali? <strong>Ana Lily Amirpourin<\/strong>, <strong>Quentin Dupieuxin<\/strong> ja <strong>Francois Ozonin<\/strong> uudet?<\/p>\n\n\n\n<p>Fremaux mainitsee Screenin haastattelussa muutamia elokuvia, jotka ovat nyt kummallisessa v\u00e4litilassa. Andersonin The French Dispatch tulee studion tukemana amerikkalaiselokuvana varmasti valkokankaille ajallaan syksyll\u00e4 Oscar-kelpoisuuttakin varten, Suomessa ehk\u00e4 kankaille vasta vuoden 2021 alussa. <strong>Nanni Morettin<\/strong> uudesta elokuvasta emme kuule ehk\u00e4 puoleen vuoteen. Monille art house -elokuville Cannes tai vastaava lanseerauspaikka on v\u00e4ltt\u00e4m\u00e4tt\u00f6myys. Hyv\u00e4n pienemm\u00e4n elokuvan t\u00e4ytyy saada kriitikoiden ja muiden ensimm\u00e4isen yleis\u00f6n globaalien <em>tastemakerien<\/em> noste, jota rahalla ei voi ostaa.<\/p>\n\n\n\n<p>Jotkut pelaavat kovilla panoksilla. Verhoevenin nunnamelodraama Benedetta edustanee tekij\u00e4lleen tyypillist\u00e4 nautinnollisen totaalista \u00f6veriytt\u00e4, joten sen lanseeraaminen suorastaan huutaa ranskalaisen elokuvaestablishmentin hyv\u00e4ksynt\u00e4\u00e4 kuumankosteassa V\u00e4limeren y\u00f6ss\u00e4. Kaikki taide ei vaan toimi kofeiinittomassa diet-ymp\u00e4rist\u00f6ss\u00e4. Benedettan huhutaan siirtyv\u00e4n nyt suoraan vuoden 2021 Cannesin ohjelmistoon. Elokuva kuvattiin kes\u00e4ll\u00e4 2018 ja sen piti olla valmis vuoden 2019 Cannesiin, mutta ohjaajan lonkkaleikkauksen vuoksi sen valmistuminen venyi. (Ensi vuoden toukokuussa Verhoeven on 82-vuotias.)<\/p>\n\n\n\n<p>Saa n\u00e4hd\u00e4, toteutuuko Venetsian festivaali, jonka pit\u00e4isi alkaa 2. syyskuuta. Normaalivuonna olisin varannut lentoni sinne t\u00e4ss\u00e4 huhti-toukokuussa. Nyt ei ole lennoista tietoakaan (k\u00e4mpp\u00e4 toki on varattu).<\/p>\n\n\n\n<p>Jaa, ent\u00e4s digitaaliset elokuvafestivaalit? Eik\u00f6 Cannesia ja vaikka Venetsiaa voisi hoitaa netiss\u00e4?<\/p>\n\n\n\n<p>Fremaux summaa olennaisen.<\/p>\n\n\n\n<p><em>&#8221;I\u2019d like someone to explain to me what a digital festival is exactly? What is its audience? How is it organised in terms of time and space? Would the directors and producers of the films be in agreement? How do you stop piracy? Who would be the privileged few to see it? What would the financial conditions be? Would the films shown come out in theatres?&#8221;<\/em>, festivaalipomo kysyy Screenin haastattelussa, ja n\u00e4m\u00e4 ovat tosiaan ohittamattomia kysymyksi\u00e4.<\/p>\n\n\n\n<p>Sellaisten Cannesista kansainv\u00e4lisesti liikkeelle l\u00e4hteneiden suomalaistenkin elokuvien kuin <em>Hymyilev\u00e4 mies<\/em> tai <em>Koirat eiv\u00e4t k\u00e4yt\u00e4 housuja<\/em> kannalta festivaali on avainasemassa. Cannesin kaltaisessa tapahtumassa kaikki alkaa.<\/p>\n\n\n\n<p>Siell\u00e4 on odotuksen palo, tunnelma, keskustelut, innostuminen, kuulopuheet siit\u00e4 mik\u00e4 yll\u00e4tti tai tuotti pettymyksen, sek\u00e4 j\u00e4nnitys siit\u00e4, minne pit\u00e4\u00e4 nyt kiiruhtaa jonottamaan. Siell\u00e4 elokuvien lanka syttyy, siell\u00e4 ne ovat hetken ajan ik\u00e4\u00e4n kuin ainutkertaisia.<\/p>\n\n\n\n<p><em>&#8221;Parts of the media like to talk about a digital festival but there have been no serious investigations into what that means exactly, and what the end result would be. It would only really work for films destined only for release on the internet rather than those films with a hope of getting into theatres. And that is far from Cannes.&#8221;<\/em><\/p>\n\n\n\n<p>Cannes on valkokangasta, ei striimi\u00e4. Piste.<\/p>\n\n\n","protected":false},"excerpt":{"rendered":"<p>Cannesin elokuvajuhlat alkaisivat huomenna. Olisin lent\u00e4nyt Nizzaan eilen. T\u00e4n\u00e4\u00e4n olisin kiert\u00e4nyt pr-toimistoja ja studioiden sviittej\u00e4, ja huomisesta alkaen katsoisin kahdesta viiteen elokuvaa p\u00e4iv\u00e4ss\u00e4. Palaisin kotiin ensi<br \/>\nviikon l&hellip;<\/p>\n","protected":false},"author":144,"featured_media":0,"comment_status":"open","ping_status":"closed","sticky":false,"template":"","format":"standard","meta":{"_acf_changed":false,"asauth_required_access_level":3,"asauth_cansharepaid":"true","om_header_attributes":[],"footnotes":"","om_featured_image_focal_point":[],"om_primary_tag":0,"om_contributors":[],"om_co_authors":[],"beyondwords_generate_audio":"","beyondwords_project_id":"","beyondwords_content_id":"","beyondwords_preview_token":"","beyondwords_player_content":"","beyondwords_player_style":"","beyondwords_language_code":"","beyondwords_language_id":"","beyondwords_title_voice_id":"","beyondwords_body_voice_id":"","beyondwords_summary_voice_id":"","beyondwords_error_message":"","beyondwords_disabled":"","beyondwords_delete_content":"","beyondwords_podcast_id":"","beyondwords_hash":"","publish_post_to_speechkit":"","speechkit_hash":"","speechkit_generate_audio":"","speechkit_project_id":"","speechkit_podcast_id":"","speechkit_error_message":"","speechkit_disabled":"","speechkit_access_key":"","speechkit_error":"","speechkit_info":"","speechkit_response":"","speechkit_retries":"","speechkit_status":"","speechkit_updated_at":"","_speechkit_link":"","_speechkit_text":""},"categories":[1],"tags":[],"class_list":["post-5342","post","type-post","status-publish","format-standard","hentry","category-kuvien-takaa"],"om_views":null,"acf":{"tuuma_off":false,"tuuma_kysymys":"","tuuma_vastaus":""},"asauth":{"required_access_level":1,"share_token":"","is_paid":false},"yoast_head":"<!-- This site is optimized with the Yoast SEO plugin v26.4 - https:\/\/yoast.com\/wordpress\/plugins\/seo\/ -->\n<title>Cannes on peruutettu, ja t\u00e4t\u00e4 elokuvafestivaalia ei korvaa mik\u00e4\u00e4n digitaalinen tonttupiiri - Kuvien takaa<\/title>\n<meta name=\"description\" content=\"Cannesin elokuvajuhlien peruminen on ennenkuulumatonta. Striimaus voi vied\u00e4 elokuvia my\u00f6hemmin yleis\u00f6lle, mutta lanseerauksessa se ei toimi.\" \/>\n<meta name=\"robots\" content=\"index, follow, max-snippet:-1, max-image-preview:large, max-video-preview:-1\" \/>\n<link rel=\"canonical\" href=\"https:\/\/suomenkuvalehti.fi\/kuvien-takaa\/cannes-on-peruutettu-ja-tata-elokuvafestivaalia-ei-korvaa-mikaan-digitaalinen-tonttupiiri\/\" \/>\n<meta property=\"og:locale\" content=\"fi_FI\" \/>\n<meta property=\"og:type\" content=\"article\" \/>\n<meta property=\"og:title\" content=\"Cannes on peruutettu, ja t\u00e4t\u00e4 elokuvafestivaalia ei korvaa mik\u00e4\u00e4n digitaalinen tonttupiiri - Kuvien takaa\" \/>\n<meta property=\"og:description\" content=\"Cannesin elokuvajuhlien peruminen on ennenkuulumatonta. Striimaus voi vied\u00e4 elokuvia my\u00f6hemmin yleis\u00f6lle, mutta lanseerauksessa se ei toimi.\" \/>\n<meta property=\"og:url\" content=\"https:\/\/suomenkuvalehti.fi\/kuvien-takaa\/cannes-on-peruutettu-ja-tata-elokuvafestivaalia-ei-korvaa-mikaan-digitaalinen-tonttupiiri\/\" \/>\n<meta property=\"og:site_name\" content=\"Kuvien takaa\" \/>\n<meta property=\"article:author\" content=\"https:\/\/www.facebook.com\/pages\/Kalle-Kinnunen-Kuvien-takaa\/190326157715410?fref=ts\" \/>\n<meta property=\"article:published_time\" content=\"2020-05-11T12:21:06+00:00\" \/>\n<meta property=\"article:modified_time\" content=\"2020-05-11T12:56:45+00:00\" \/>\n<meta property=\"og:image\" content=\"https:\/\/suomenkuvalehti.fi\/kuvien-takaa\/wp-content\/uploads\/sites\/11\/2022\/04\/kalle_kinnunen_blogi-1-scaled.jpg\" \/>\n\t<meta property=\"og:image:width\" content=\"2560\" \/>\n\t<meta property=\"og:image:height\" content=\"1707\" \/>\n\t<meta property=\"og:image:type\" content=\"image\/jpeg\" \/>\n<meta name=\"author\" content=\"Kalle Kinnunen\" \/>\n<meta name=\"twitter:card\" content=\"summary_large_image\" \/>\n<meta name=\"twitter:creator\" content=\"@https:\/\/twitter.com\/kallekinnunen\" \/>\n<meta name=\"twitter:label1\" content=\"Written by\" \/>\n\t<meta name=\"twitter:data1\" content=\"Kalle Kinnunen\" \/>\n\t<meta name=\"twitter:label2\" content=\"Est. reading time\" \/>\n\t<meta name=\"twitter:data2\" content=\"4 minuuttia\" \/>\n<script type=\"application\/ld+json\" class=\"yoast-schema-graph\">{\"@context\":\"https:\/\/schema.org\",\"@graph\":[{\"@type\":\"WebPage\",\"@id\":\"https:\/\/suomenkuvalehti.fi\/kuvien-takaa\/cannes-on-peruutettu-ja-tata-elokuvafestivaalia-ei-korvaa-mikaan-digitaalinen-tonttupiiri\/\",\"url\":\"https:\/\/suomenkuvalehti.fi\/kuvien-takaa\/cannes-on-peruutettu-ja-tata-elokuvafestivaalia-ei-korvaa-mikaan-digitaalinen-tonttupiiri\/\",\"name\":\"Cannes on peruutettu, ja t\u00e4t\u00e4 elokuvafestivaalia ei korvaa mik\u00e4\u00e4n digitaalinen tonttupiiri - Kuvien takaa\",\"isPartOf\":{\"@id\":\"https:\/\/suomenkuvalehti.fi\/kuvien-takaa\/#website\"},\"datePublished\":\"2020-05-11T12:21:06+00:00\",\"dateModified\":\"2020-05-11T12:56:45+00:00\",\"author\":{\"@id\":\"https:\/\/suomenkuvalehti.fi\/kuvien-takaa\/#\/schema\/person\/f3f657e4ad409e008f12af27bec60a23\"},\"description\":\"Cannesin elokuvajuhlien peruminen on ennenkuulumatonta. Striimaus voi vied\u00e4 elokuvia my\u00f6hemmin yleis\u00f6lle, mutta lanseerauksessa se ei toimi.\",\"breadcrumb\":{\"@id\":\"https:\/\/suomenkuvalehti.fi\/kuvien-takaa\/cannes-on-peruutettu-ja-tata-elokuvafestivaalia-ei-korvaa-mikaan-digitaalinen-tonttupiiri\/#breadcrumb\"},\"inLanguage\":\"fi\",\"potentialAction\":[{\"@type\":\"ReadAction\",\"target\":[\"https:\/\/suomenkuvalehti.fi\/kuvien-takaa\/cannes-on-peruutettu-ja-tata-elokuvafestivaalia-ei-korvaa-mikaan-digitaalinen-tonttupiiri\/\"]}]},{\"@type\":\"BreadcrumbList\",\"@id\":\"https:\/\/suomenkuvalehti.fi\/kuvien-takaa\/cannes-on-peruutettu-ja-tata-elokuvafestivaalia-ei-korvaa-mikaan-digitaalinen-tonttupiiri\/#breadcrumb\",\"itemListElement\":[{\"@type\":\"ListItem\",\"position\":1,\"name\":\"Home\",\"item\":\"https:\/\/suomenkuvalehti.fi\/kuvien-takaa\/\"},{\"@type\":\"ListItem\",\"position\":2,\"name\":\"Cannes on peruutettu, ja t\u00e4t\u00e4 elokuvafestivaalia ei korvaa mik\u00e4\u00e4n digitaalinen tonttupiiri\"}]},{\"@type\":\"WebSite\",\"@id\":\"https:\/\/suomenkuvalehti.fi\/kuvien-takaa\/#website\",\"url\":\"https:\/\/suomenkuvalehti.fi\/kuvien-takaa\/\",\"name\":\"Kuvien takaa\",\"description\":\"Elokuvakriitikko Kalle Kinnusen elokuvablogi.\",\"potentialAction\":[{\"@type\":\"SearchAction\",\"target\":{\"@type\":\"EntryPoint\",\"urlTemplate\":\"https:\/\/suomenkuvalehti.fi\/haku\/?q={search_term_string}\"},\"query-input\":{\"@type\":\"PropertyValueSpecification\",\"valueRequired\":true,\"valueName\":\"search_term_string\"}}],\"inLanguage\":\"fi\"},{\"@type\":\"Person\",\"@id\":\"https:\/\/suomenkuvalehti.fi\/kuvien-takaa\/#\/schema\/person\/f3f657e4ad409e008f12af27bec60a23\",\"name\":\"Kalle Kinnunen\",\"image\":{\"@type\":\"ImageObject\",\"inLanguage\":\"fi\",\"@id\":\"https:\/\/suomenkuvalehti.fi\/kuvien-takaa\/#\/schema\/person\/image\/\",\"url\":\"https:\/\/suomenkuvalehti.fi\/kuvien-takaa\/wp-content\/uploads\/sites\/11\/2022\/04\/kalle_kinnunen_blogi-1-150x150.jpg\",\"contentUrl\":\"https:\/\/suomenkuvalehti.fi\/kuvien-takaa\/wp-content\/uploads\/sites\/11\/2022\/04\/kalle_kinnunen_blogi-1-150x150.jpg\",\"caption\":\"Kalle Kinnunen\"},\"description\":\"Kalle Kinnunen on vapaa toimittaja ja Suomen Kuvalehden avustaja.\",\"sameAs\":[\"https:\/\/www.facebook.com\/pages\/Kalle-Kinnunen-Kuvien-takaa\/190326157715410?fref=ts\",\"https:\/\/x.com\/https:\/\/twitter.com\/kallekinnunen\"]}]}<\/script>\n<!-- \/ Yoast SEO plugin. -->","yoast_head_json":{"title":"Cannes on peruutettu, ja t\u00e4t\u00e4 elokuvafestivaalia ei korvaa mik\u00e4\u00e4n digitaalinen tonttupiiri - Kuvien takaa","description":"Cannesin elokuvajuhlien peruminen on ennenkuulumatonta. Striimaus voi vied\u00e4 elokuvia my\u00f6hemmin yleis\u00f6lle, mutta lanseerauksessa se ei toimi.","robots":{"index":"index","follow":"follow","max-snippet":"max-snippet:-1","max-image-preview":"max-image-preview:large","max-video-preview":"max-video-preview:-1"},"canonical":"https:\/\/suomenkuvalehti.fi\/kuvien-takaa\/cannes-on-peruutettu-ja-tata-elokuvafestivaalia-ei-korvaa-mikaan-digitaalinen-tonttupiiri\/","og_locale":"fi_FI","og_type":"article","og_title":"Cannes on peruutettu, ja t\u00e4t\u00e4 elokuvafestivaalia ei korvaa mik\u00e4\u00e4n digitaalinen tonttupiiri - Kuvien takaa","og_description":"Cannesin elokuvajuhlien peruminen on ennenkuulumatonta. Striimaus voi vied\u00e4 elokuvia my\u00f6hemmin yleis\u00f6lle, mutta lanseerauksessa se ei toimi.","og_url":"https:\/\/suomenkuvalehti.fi\/kuvien-takaa\/cannes-on-peruutettu-ja-tata-elokuvafestivaalia-ei-korvaa-mikaan-digitaalinen-tonttupiiri\/","og_site_name":"Kuvien takaa","article_author":"https:\/\/www.facebook.com\/pages\/Kalle-Kinnunen-Kuvien-takaa\/190326157715410?fref=ts","article_published_time":"2020-05-11T12:21:06+00:00","article_modified_time":"2020-05-11T12:56:45+00:00","og_image":[{"width":2560,"height":1707,"url":"https:\/\/suomenkuvalehti.fi\/kuvien-takaa\/wp-content\/uploads\/sites\/11\/2022\/04\/kalle_kinnunen_blogi-1-scaled.jpg","type":"image\/jpeg"}],"author":"Kalle Kinnunen","twitter_card":"summary_large_image","twitter_creator":"@https:\/\/twitter.com\/kallekinnunen","twitter_misc":{"Written by":"Kalle Kinnunen","Est. reading time":"4 minuuttia"},"schema":{"@context":"https:\/\/schema.org","@graph":[{"@type":"WebPage","@id":"https:\/\/suomenkuvalehti.fi\/kuvien-takaa\/cannes-on-peruutettu-ja-tata-elokuvafestivaalia-ei-korvaa-mikaan-digitaalinen-tonttupiiri\/","url":"https:\/\/suomenkuvalehti.fi\/kuvien-takaa\/cannes-on-peruutettu-ja-tata-elokuvafestivaalia-ei-korvaa-mikaan-digitaalinen-tonttupiiri\/","name":"Cannes on peruutettu, ja t\u00e4t\u00e4 elokuvafestivaalia ei korvaa mik\u00e4\u00e4n digitaalinen tonttupiiri - Kuvien takaa","isPartOf":{"@id":"https:\/\/suomenkuvalehti.fi\/kuvien-takaa\/#website"},"datePublished":"2020-05-11T12:21:06+00:00","dateModified":"2020-05-11T12:56:45+00:00","author":{"@id":"https:\/\/suomenkuvalehti.fi\/kuvien-takaa\/#\/schema\/person\/f3f657e4ad409e008f12af27bec60a23"},"description":"Cannesin elokuvajuhlien peruminen on ennenkuulumatonta. Striimaus voi vied\u00e4 elokuvia my\u00f6hemmin yleis\u00f6lle, mutta lanseerauksessa se ei toimi.","breadcrumb":{"@id":"https:\/\/suomenkuvalehti.fi\/kuvien-takaa\/cannes-on-peruutettu-ja-tata-elokuvafestivaalia-ei-korvaa-mikaan-digitaalinen-tonttupiiri\/#breadcrumb"},"inLanguage":"fi","potentialAction":[{"@type":"ReadAction","target":["https:\/\/suomenkuvalehti.fi\/kuvien-takaa\/cannes-on-peruutettu-ja-tata-elokuvafestivaalia-ei-korvaa-mikaan-digitaalinen-tonttupiiri\/"]}]},{"@type":"BreadcrumbList","@id":"https:\/\/suomenkuvalehti.fi\/kuvien-takaa\/cannes-on-peruutettu-ja-tata-elokuvafestivaalia-ei-korvaa-mikaan-digitaalinen-tonttupiiri\/#breadcrumb","itemListElement":[{"@type":"ListItem","position":1,"name":"Home","item":"https:\/\/suomenkuvalehti.fi\/kuvien-takaa\/"},{"@type":"ListItem","position":2,"name":"Cannes on peruutettu, ja t\u00e4t\u00e4 elokuvafestivaalia ei korvaa mik\u00e4\u00e4n digitaalinen tonttupiiri"}]},{"@type":"WebSite","@id":"https:\/\/suomenkuvalehti.fi\/kuvien-takaa\/#website","url":"https:\/\/suomenkuvalehti.fi\/kuvien-takaa\/","name":"Kuvien takaa","description":"Elokuvakriitikko Kalle Kinnusen elokuvablogi.","potentialAction":[{"@type":"SearchAction","target":{"@type":"EntryPoint","urlTemplate":"https:\/\/suomenkuvalehti.fi\/haku\/?q={search_term_string}"},"query-input":{"@type":"PropertyValueSpecification","valueRequired":true,"valueName":"search_term_string"}}],"inLanguage":"fi"},{"@type":"Person","@id":"https:\/\/suomenkuvalehti.fi\/kuvien-takaa\/#\/schema\/person\/f3f657e4ad409e008f12af27bec60a23","name":"Kalle Kinnunen","image":{"@type":"ImageObject","inLanguage":"fi","@id":"https:\/\/suomenkuvalehti.fi\/kuvien-takaa\/#\/schema\/person\/image\/","url":"https:\/\/suomenkuvalehti.fi\/kuvien-takaa\/wp-content\/uploads\/sites\/11\/2022\/04\/kalle_kinnunen_blogi-1-150x150.jpg","contentUrl":"https:\/\/suomenkuvalehti.fi\/kuvien-takaa\/wp-content\/uploads\/sites\/11\/2022\/04\/kalle_kinnunen_blogi-1-150x150.jpg","caption":"Kalle Kinnunen"},"description":"Kalle Kinnunen on vapaa toimittaja ja Suomen Kuvalehden avustaja.","sameAs":["https:\/\/www.facebook.com\/pages\/Kalle-Kinnunen-Kuvien-takaa\/190326157715410?fref=ts","https:\/\/x.com\/https:\/\/twitter.com\/kallekinnunen"]}]}},"_links":{"self":[{"href":"https:\/\/suomenkuvalehti.fi\/kuvien-takaa\/wp-json\/wp\/v2\/posts\/5342","targetHints":{"allow":["GET"]}}],"collection":[{"href":"https:\/\/suomenkuvalehti.fi\/kuvien-takaa\/wp-json\/wp\/v2\/posts"}],"about":[{"href":"https:\/\/suomenkuvalehti.fi\/kuvien-takaa\/wp-json\/wp\/v2\/types\/post"}],"author":[{"embeddable":true,"href":"https:\/\/suomenkuvalehti.fi\/kuvien-takaa\/wp-json\/wp\/v2\/users\/144"}],"replies":[{"embeddable":true,"href":"https:\/\/suomenkuvalehti.fi\/kuvien-takaa\/wp-json\/wp\/v2\/comments?post=5342"}],"version-history":[{"count":4,"href":"https:\/\/suomenkuvalehti.fi\/kuvien-takaa\/wp-json\/wp\/v2\/posts\/5342\/revisions"}],"predecessor-version":[{"id":5346,"href":"https:\/\/suomenkuvalehti.fi\/kuvien-takaa\/wp-json\/wp\/v2\/posts\/5342\/revisions\/5346"}],"wp:attachment":[{"href":"https:\/\/suomenkuvalehti.fi\/kuvien-takaa\/wp-json\/wp\/v2\/media?parent=5342"}],"wp:term":[{"taxonomy":"category","embeddable":true,"href":"https:\/\/suomenkuvalehti.fi\/kuvien-takaa\/wp-json\/wp\/v2\/categories?post=5342"},{"taxonomy":"post_tag","embeddable":true,"href":"https:\/\/suomenkuvalehti.fi\/kuvien-takaa\/wp-json\/wp\/v2\/tags?post=5342"}],"curies":[{"name":"wp","href":"https:\/\/api.w.org\/{rel}","templated":true}]}}