{"id":5319,"date":"2020-04-21T06:38:20","date_gmt":"2020-04-21T03:38:20","guid":{"rendered":"https:\/\/suomenkuvalehti.fi\/kuvien-takaa\/?p=5319"},"modified":"2020-04-21T06:38:20","modified_gmt":"2020-04-21T03:38:20","slug":"halveksuuko-david-lynch-ohjaaja-denis-villeneuvea-ja-hanen-uutta-dyyni-elokuvaansa","status":"publish","type":"post","link":"https:\/\/suomenkuvalehti.fi\/kuvien-takaa\/halveksuuko-david-lynch-ohjaaja-denis-villeneuvea-ja-hanen-uutta-dyyni-elokuvaansa\/","title":{"rendered":"Halveksuuko David Lynch ohjaaja Denis Villeneuvea ja h\u00e4nen uutta Dyyni-elokuvaansa?"},"content":{"rendered":"\n<p>Loppuvuoden odotetuimpia elokuvia: <strong>Denis Villeneuven<\/strong> tulkinta <strong>Frank Herbertin<\/strong> <em>Dyynist\u00e4<\/em>. P\u00e4\u00e4osissa <strong>Timoth\u00e9e Chalamet, Rebecca Ferguson, Oscar Isaac, Javier Bardem, Zendaya, Charlotte Rampling<\/strong> ja vaikka ket\u00e4. Ensi-ilta maailmanlaajuisesti jouluna (niin, katsotaan).<\/p>\n\n\n\n<p>Villeneuve on kiinnostavimpia Hollywoodissa ty\u00f6skentelevi\u00e4 ohjaajia ja Dyynist\u00e4 ei ole viel\u00e4 kiitetty\u00e4 tulkintaa valkokankaalla n\u00e4hty.<\/p>\n\n\n\n<p><strong>David Lynch<\/strong> antoi nyt The Hollywood Reporterille haastattelun, ja todella monet sit\u00e4 referoivat jutut on otsikoitu samalla tavalla: <a href=\"https:\/\/www.indiewire.com\/2020\/04\/david-lynch-zero-interest-villeneuve-dune-1202225984\/\" target=\"_blank\" rel=\"noopener\">David Lynchin<\/a> kiinnostus Villeneuven Dyyniin on nolla.<\/p>\n\n\n\n<p><blockquote class=\"twitter-tweet\" data-width=\"550\" data-dnt=\"true\"><p lang=\"en\" dir=\"ltr\">Don\u2019t expect the original Dune filmmaker to buy a ticket for this new version.<a href=\"https:\/\/t.co\/pAQOFAu5Ee\">https:\/\/t.co\/pAQOFAu5Ee<\/a><\/p>&mdash; cinemablend (@CinemaBlend) <a href=\"https:\/\/twitter.com\/CinemaBlend\/status\/1252379016566206466?ref_src=twsrc%5Etfw\">April 20, 2020<\/a><\/blockquote><script async src=\"https:\/\/platform.twitter.com\/widgets.js\" charset=\"utf-8\"><\/script><\/p>\n\n\n\n<p><blockquote class=\"twitter-tweet\" data-width=\"550\" data-dnt=\"true\"><p lang=\"en\" dir=\"ltr\">David Lynch says he has &quot;zero interest&quot; in Denis Villeneuve&#39;s <a href=\"https:\/\/twitter.com\/hashtag\/Dune?src=hash&amp;ref_src=twsrc%5Etfw\">#Dune<\/a>: <a href=\"https:\/\/t.co\/fSCKxVnsTH\">https:\/\/t.co\/fSCKxVnsTH<\/a> <a href=\"https:\/\/t.co\/uRQZG0yTgO\">pic.twitter.com\/uRQZG0yTgO<\/a><\/p>&mdash; The Film Stage ? (@TheFilmStage) <a href=\"https:\/\/twitter.com\/TheFilmStage\/status\/1252237048288702464?ref_src=twsrc%5Etfw\">April 20, 2020<\/a><\/blockquote><script async src=\"https:\/\/platform.twitter.com\/widgets.js\" charset=\"utf-8\"><\/script><\/p>\n\n\n\n<p><blockquote class=\"twitter-tweet\" data-width=\"550\" data-dnt=\"true\"><p lang=\"en\" dir=\"ltr\">It Should Surprise No One That David Lynch Has \u2018Zero Interest\u2019 in Villeneuve\u2019s <a href=\"https:\/\/twitter.com\/hashtag\/Dune?src=hash&amp;ref_src=twsrc%5Etfw\">#Dune<\/a> <a href=\"https:\/\/t.co\/UsfwsdGzAe\">https:\/\/t.co\/UsfwsdGzAe<\/a> <a href=\"https:\/\/t.co\/AvTgIcKVal\">pic.twitter.com\/AvTgIcKVal<\/a><\/p>&mdash; IndieWire (@IndieWire) <a href=\"https:\/\/twitter.com\/IndieWire\/status\/1252279325480681474?ref_src=twsrc%5Etfw\">April 20, 2020<\/a><\/blockquote><script async src=\"https:\/\/platform.twitter.com\/widgets.js\" charset=\"utf-8\"><\/script><\/p>\n\n\n\n<p>Kuten tunnettua, Lynch ohjasi Herbertin tieteiseepoksen vuoden 1984 elokuvaversion, joka ei ole onnistuneen teoksen maineessa.<\/p>\n\n\n\n<p>No, mit\u00e4p\u00e4 Lynchin purkaus tarkoittaa?<\/p>\n\n\n\n<p>Itse jutussa Lynch kertoo t\u00e4sm\u00e4lliseen tyyliins\u00e4, ett\u00e4 h\u00e4n ei halua n\u00e4hd\u00e4 uutta Dyyni\u00e4, koska muistot vuoden 1984 elokuvan tekemisest\u00e4 ovat niin huonot. Kokemus oli h\u00e4nelle karmea, kun tuottajat painostivat ja lopputulos ei ollut se elokuva, jota h\u00e4n l\u00e4hti tekem\u00e4\u00e4n. Toisin sanoen Lynchill\u00e4 ei ole yht\u00e4\u00e4n mit\u00e4\u00e4n Villeneuvea ja h\u00e4nen elokuvaansa vastaan.<\/p>\n\n\n\n<p>Keissi on oiva oppitunti nettiotsikonnista. Ei v\u00e4ltt\u00e4m\u00e4tt\u00e4 kaikissa tapauksissa &#8221;klikkiotsikoinnista&#8221;, vaan siit\u00e4, ett\u00e4 kiinnostavuuden n\u00e4hd\u00e4\u00e4n syntyv\u00e4n mahdollisimman voimakkaasta vastakkainasettelusta. Seh\u00e4n saa synty\u00e4 vaikka lukijan p\u00e4\u00e4ss\u00e4. Vastakkain eiv\u00e4t silti nyt ole kaksi ohjaajaa vaan Lynch ja pahat muistot.<\/p>\n\n\n\n<p>&#8221;Giganttinen suru&#8221;, Lynch t\u00e4sment\u00e4\u00e4.<\/p>\n\n\n\n<p>Tietysti t\u00e4m\u00e4n blogauksenkin otsikossa ratsastan samalla johdattelulla. Nyt kuitenkin suosittelen lukemaan <a href=\"https:\/\/www.hollywoodreporter.com\/news\/how-im-living-now-david-lynch-director-1290834\" target=\"_blank\" rel=\"noopener\">The Hollywood Reporterin jutun<\/a>, koska Lynch on aina Lynch. Merkillepantavaa on ainakin se, mit\u00e4 h\u00e4n sanoo sarjojen ja elokuvien suhteesta juuri nyt.<\/p>\n\n\n\n<p><em>&#8221;Right now. feature films in my book are in big trouble, except for the big blockbusters. The art house films, they don\u2019t stand a chance. They might go to a theater for a week and if it\u2019s a Cineplex they go to the smallest theater in the setup, and then they go to Blu-ray or On Demand. The big-screen experience right now is gone. Gone, but not forgotten.&#8221;<\/em><\/p>\n\n\n\n<p>Auts.<\/p>\n\n\n","protected":false},"excerpt":{"rendered":"<p>Loppuvuoden odotetuimpia elokuvia: Denis Villeneuven tulkinta Frank Herbertin Dyynist\u00e4. P\u00e4\u00e4osissa Timoth\u00e9e Chalamet, Rebecca Ferguson, Oscar Isaac, Javier Bardem, Zendaya, Charlotte Rampling ja vaikka ket\u00e4. Ensi-ilta maailmanlaajuisesti<br \/>\njoul&hellip;<\/p>\n","protected":false},"author":144,"featured_media":0,"comment_status":"open","ping_status":"closed","sticky":false,"template":"","format":"standard","meta":{"_acf_changed":false,"asauth_required_access_level":3,"asauth_cansharepaid":"true","om_header_attributes":[],"footnotes":"","om_featured_image_focal_point":[],"om_primary_tag":0,"om_contributors":[],"om_co_authors":[],"beyondwords_generate_audio":"","beyondwords_project_id":"","beyondwords_content_id":"","beyondwords_preview_token":"","beyondwords_player_content":"","beyondwords_player_style":"","beyondwords_language_code":"","beyondwords_language_id":"","beyondwords_title_voice_id":"","beyondwords_body_voice_id":"","beyondwords_summary_voice_id":"","beyondwords_error_message":"","beyondwords_disabled":"","beyondwords_delete_content":"","beyondwords_podcast_id":"","beyondwords_hash":"","publish_post_to_speechkit":"","speechkit_hash":"","speechkit_generate_audio":"","speechkit_project_id":"","speechkit_podcast_id":"","speechkit_error_message":"","speechkit_disabled":"","speechkit_access_key":"","speechkit_error":"","speechkit_info":"","speechkit_response":"","speechkit_retries":"","speechkit_status":"","speechkit_updated_at":"","_speechkit_link":"","_speechkit_text":""},"categories":[1],"tags":[882,2265,3],"class_list":["post-5319","post","type-post","status-publish","format-standard","hentry","category-kuvien-takaa","tag-david-lynch","tag-denis-villeneuve","tag-dyyni"],"om_views":null,"acf":{"tuuma_off":false,"tuuma_kysymys":"","tuuma_vastaus":""},"asauth":{"required_access_level":1,"share_token":"","is_paid":false},"yoast_head":"<!-- This site is optimized with the Yoast SEO plugin v26.4 - https:\/\/yoast.com\/wordpress\/plugins\/seo\/ -->\n<title>Halveksuuko David Lynch ohjaaja Denis Villeneuvea ja h\u00e4nen uutta Dyyni-elokuvaansa? - Kuvien takaa<\/title>\n<meta name=\"description\" content=\"Kuinka t\u00f6yke\u00e4 &quot;alkuper\u00e4isen Dyyni-elokuvan&quot; ohjannut David Lynch on aiheen uutta j\u00e4ttibudjettitulkintaa kohtaan? Lue niin yll\u00e4tyt, tai et.\" \/>\n<meta name=\"robots\" content=\"index, follow, max-snippet:-1, max-image-preview:large, max-video-preview:-1\" \/>\n<link rel=\"canonical\" href=\"https:\/\/suomenkuvalehti.fi\/kuvien-takaa\/halveksuuko-david-lynch-ohjaaja-denis-villeneuvea-ja-hanen-uutta-dyyni-elokuvaansa\/\" \/>\n<meta property=\"og:locale\" content=\"fi_FI\" \/>\n<meta property=\"og:type\" content=\"article\" \/>\n<meta property=\"og:title\" content=\"Halveksuuko David Lynch ohjaaja Denis Villeneuvea ja h\u00e4nen uutta Dyyni-elokuvaansa? - Kuvien takaa\" \/>\n<meta property=\"og:description\" content=\"Kuinka t\u00f6yke\u00e4 &quot;alkuper\u00e4isen Dyyni-elokuvan&quot; ohjannut David Lynch on aiheen uutta j\u00e4ttibudjettitulkintaa kohtaan? Lue niin yll\u00e4tyt, tai et.\" \/>\n<meta property=\"og:url\" content=\"https:\/\/suomenkuvalehti.fi\/kuvien-takaa\/halveksuuko-david-lynch-ohjaaja-denis-villeneuvea-ja-hanen-uutta-dyyni-elokuvaansa\/\" \/>\n<meta property=\"og:site_name\" content=\"Kuvien takaa\" \/>\n<meta property=\"article:author\" content=\"https:\/\/www.facebook.com\/pages\/Kalle-Kinnunen-Kuvien-takaa\/190326157715410?fref=ts\" \/>\n<meta property=\"article:published_time\" content=\"2020-04-21T03:38:20+00:00\" \/>\n<meta property=\"og:image\" content=\"https:\/\/suomenkuvalehti.fi\/kuvien-takaa\/wp-content\/uploads\/sites\/11\/2022\/04\/kalle_kinnunen_blogi-1-scaled.jpg\" \/>\n\t<meta property=\"og:image:width\" content=\"2560\" \/>\n\t<meta property=\"og:image:height\" content=\"1707\" \/>\n\t<meta property=\"og:image:type\" content=\"image\/jpeg\" \/>\n<meta name=\"author\" content=\"Kalle Kinnunen\" \/>\n<meta name=\"twitter:card\" content=\"summary_large_image\" \/>\n<meta name=\"twitter:creator\" content=\"@https:\/\/twitter.com\/kallekinnunen\" \/>\n<meta name=\"twitter:label1\" content=\"Written by\" \/>\n\t<meta name=\"twitter:data1\" content=\"Kalle Kinnunen\" \/>\n\t<meta name=\"twitter:label2\" content=\"Est. reading time\" \/>\n\t<meta name=\"twitter:data2\" content=\"2 minuuttia\" \/>\n<script type=\"application\/ld+json\" class=\"yoast-schema-graph\">{\"@context\":\"https:\/\/schema.org\",\"@graph\":[{\"@type\":\"WebPage\",\"@id\":\"https:\/\/suomenkuvalehti.fi\/kuvien-takaa\/halveksuuko-david-lynch-ohjaaja-denis-villeneuvea-ja-hanen-uutta-dyyni-elokuvaansa\/\",\"url\":\"https:\/\/suomenkuvalehti.fi\/kuvien-takaa\/halveksuuko-david-lynch-ohjaaja-denis-villeneuvea-ja-hanen-uutta-dyyni-elokuvaansa\/\",\"name\":\"Halveksuuko David Lynch ohjaaja Denis Villeneuvea ja h\u00e4nen uutta Dyyni-elokuvaansa? - Kuvien takaa\",\"isPartOf\":{\"@id\":\"https:\/\/suomenkuvalehti.fi\/kuvien-takaa\/#website\"},\"datePublished\":\"2020-04-21T03:38:20+00:00\",\"author\":{\"@id\":\"https:\/\/suomenkuvalehti.fi\/kuvien-takaa\/#\/schema\/person\/f3f657e4ad409e008f12af27bec60a23\"},\"description\":\"Kuinka t\u00f6yke\u00e4 \\\"alkuper\u00e4isen Dyyni-elokuvan\\\" ohjannut David Lynch on aiheen uutta j\u00e4ttibudjettitulkintaa kohtaan? Lue niin yll\u00e4tyt, tai et.\",\"breadcrumb\":{\"@id\":\"https:\/\/suomenkuvalehti.fi\/kuvien-takaa\/halveksuuko-david-lynch-ohjaaja-denis-villeneuvea-ja-hanen-uutta-dyyni-elokuvaansa\/#breadcrumb\"},\"inLanguage\":\"fi\",\"potentialAction\":[{\"@type\":\"ReadAction\",\"target\":[\"https:\/\/suomenkuvalehti.fi\/kuvien-takaa\/halveksuuko-david-lynch-ohjaaja-denis-villeneuvea-ja-hanen-uutta-dyyni-elokuvaansa\/\"]}]},{\"@type\":\"BreadcrumbList\",\"@id\":\"https:\/\/suomenkuvalehti.fi\/kuvien-takaa\/halveksuuko-david-lynch-ohjaaja-denis-villeneuvea-ja-hanen-uutta-dyyni-elokuvaansa\/#breadcrumb\",\"itemListElement\":[{\"@type\":\"ListItem\",\"position\":1,\"name\":\"Home\",\"item\":\"https:\/\/suomenkuvalehti.fi\/kuvien-takaa\/\"},{\"@type\":\"ListItem\",\"position\":2,\"name\":\"Halveksuuko David Lynch ohjaaja Denis Villeneuvea ja h\u00e4nen uutta Dyyni-elokuvaansa?\"}]},{\"@type\":\"WebSite\",\"@id\":\"https:\/\/suomenkuvalehti.fi\/kuvien-takaa\/#website\",\"url\":\"https:\/\/suomenkuvalehti.fi\/kuvien-takaa\/\",\"name\":\"Kuvien takaa\",\"description\":\"Elokuvakriitikko Kalle Kinnusen elokuvablogi.\",\"potentialAction\":[{\"@type\":\"SearchAction\",\"target\":{\"@type\":\"EntryPoint\",\"urlTemplate\":\"https:\/\/suomenkuvalehti.fi\/haku\/?q={search_term_string}\"},\"query-input\":{\"@type\":\"PropertyValueSpecification\",\"valueRequired\":true,\"valueName\":\"search_term_string\"}}],\"inLanguage\":\"fi\"},{\"@type\":\"Person\",\"@id\":\"https:\/\/suomenkuvalehti.fi\/kuvien-takaa\/#\/schema\/person\/f3f657e4ad409e008f12af27bec60a23\",\"name\":\"Kalle Kinnunen\",\"image\":{\"@type\":\"ImageObject\",\"inLanguage\":\"fi\",\"@id\":\"https:\/\/suomenkuvalehti.fi\/kuvien-takaa\/#\/schema\/person\/image\/\",\"url\":\"https:\/\/suomenkuvalehti.fi\/kuvien-takaa\/wp-content\/uploads\/sites\/11\/2022\/04\/kalle_kinnunen_blogi-1-150x150.jpg\",\"contentUrl\":\"https:\/\/suomenkuvalehti.fi\/kuvien-takaa\/wp-content\/uploads\/sites\/11\/2022\/04\/kalle_kinnunen_blogi-1-150x150.jpg\",\"caption\":\"Kalle Kinnunen\"},\"description\":\"Kalle Kinnunen on vapaa toimittaja ja Suomen Kuvalehden avustaja.\",\"sameAs\":[\"https:\/\/www.facebook.com\/pages\/Kalle-Kinnunen-Kuvien-takaa\/190326157715410?fref=ts\",\"https:\/\/x.com\/https:\/\/twitter.com\/kallekinnunen\"]}]}<\/script>\n<!-- \/ Yoast SEO plugin. -->","yoast_head_json":{"title":"Halveksuuko David Lynch ohjaaja Denis Villeneuvea ja h\u00e4nen uutta Dyyni-elokuvaansa? - Kuvien takaa","description":"Kuinka t\u00f6yke\u00e4 \"alkuper\u00e4isen Dyyni-elokuvan\" ohjannut David Lynch on aiheen uutta j\u00e4ttibudjettitulkintaa kohtaan? Lue niin yll\u00e4tyt, tai et.","robots":{"index":"index","follow":"follow","max-snippet":"max-snippet:-1","max-image-preview":"max-image-preview:large","max-video-preview":"max-video-preview:-1"},"canonical":"https:\/\/suomenkuvalehti.fi\/kuvien-takaa\/halveksuuko-david-lynch-ohjaaja-denis-villeneuvea-ja-hanen-uutta-dyyni-elokuvaansa\/","og_locale":"fi_FI","og_type":"article","og_title":"Halveksuuko David Lynch ohjaaja Denis Villeneuvea ja h\u00e4nen uutta Dyyni-elokuvaansa? - Kuvien takaa","og_description":"Kuinka t\u00f6yke\u00e4 \"alkuper\u00e4isen Dyyni-elokuvan\" ohjannut David Lynch on aiheen uutta j\u00e4ttibudjettitulkintaa kohtaan? Lue niin yll\u00e4tyt, tai et.","og_url":"https:\/\/suomenkuvalehti.fi\/kuvien-takaa\/halveksuuko-david-lynch-ohjaaja-denis-villeneuvea-ja-hanen-uutta-dyyni-elokuvaansa\/","og_site_name":"Kuvien takaa","article_author":"https:\/\/www.facebook.com\/pages\/Kalle-Kinnunen-Kuvien-takaa\/190326157715410?fref=ts","article_published_time":"2020-04-21T03:38:20+00:00","og_image":[{"width":2560,"height":1707,"url":"https:\/\/suomenkuvalehti.fi\/kuvien-takaa\/wp-content\/uploads\/sites\/11\/2022\/04\/kalle_kinnunen_blogi-1-scaled.jpg","type":"image\/jpeg"}],"author":"Kalle Kinnunen","twitter_card":"summary_large_image","twitter_creator":"@https:\/\/twitter.com\/kallekinnunen","twitter_misc":{"Written by":"Kalle Kinnunen","Est. reading time":"2 minuuttia"},"schema":{"@context":"https:\/\/schema.org","@graph":[{"@type":"WebPage","@id":"https:\/\/suomenkuvalehti.fi\/kuvien-takaa\/halveksuuko-david-lynch-ohjaaja-denis-villeneuvea-ja-hanen-uutta-dyyni-elokuvaansa\/","url":"https:\/\/suomenkuvalehti.fi\/kuvien-takaa\/halveksuuko-david-lynch-ohjaaja-denis-villeneuvea-ja-hanen-uutta-dyyni-elokuvaansa\/","name":"Halveksuuko David Lynch ohjaaja Denis Villeneuvea ja h\u00e4nen uutta Dyyni-elokuvaansa? - Kuvien takaa","isPartOf":{"@id":"https:\/\/suomenkuvalehti.fi\/kuvien-takaa\/#website"},"datePublished":"2020-04-21T03:38:20+00:00","author":{"@id":"https:\/\/suomenkuvalehti.fi\/kuvien-takaa\/#\/schema\/person\/f3f657e4ad409e008f12af27bec60a23"},"description":"Kuinka t\u00f6yke\u00e4 \"alkuper\u00e4isen Dyyni-elokuvan\" ohjannut David Lynch on aiheen uutta j\u00e4ttibudjettitulkintaa kohtaan? Lue niin yll\u00e4tyt, tai et.","breadcrumb":{"@id":"https:\/\/suomenkuvalehti.fi\/kuvien-takaa\/halveksuuko-david-lynch-ohjaaja-denis-villeneuvea-ja-hanen-uutta-dyyni-elokuvaansa\/#breadcrumb"},"inLanguage":"fi","potentialAction":[{"@type":"ReadAction","target":["https:\/\/suomenkuvalehti.fi\/kuvien-takaa\/halveksuuko-david-lynch-ohjaaja-denis-villeneuvea-ja-hanen-uutta-dyyni-elokuvaansa\/"]}]},{"@type":"BreadcrumbList","@id":"https:\/\/suomenkuvalehti.fi\/kuvien-takaa\/halveksuuko-david-lynch-ohjaaja-denis-villeneuvea-ja-hanen-uutta-dyyni-elokuvaansa\/#breadcrumb","itemListElement":[{"@type":"ListItem","position":1,"name":"Home","item":"https:\/\/suomenkuvalehti.fi\/kuvien-takaa\/"},{"@type":"ListItem","position":2,"name":"Halveksuuko David Lynch ohjaaja Denis Villeneuvea ja h\u00e4nen uutta Dyyni-elokuvaansa?"}]},{"@type":"WebSite","@id":"https:\/\/suomenkuvalehti.fi\/kuvien-takaa\/#website","url":"https:\/\/suomenkuvalehti.fi\/kuvien-takaa\/","name":"Kuvien takaa","description":"Elokuvakriitikko Kalle Kinnusen elokuvablogi.","potentialAction":[{"@type":"SearchAction","target":{"@type":"EntryPoint","urlTemplate":"https:\/\/suomenkuvalehti.fi\/haku\/?q={search_term_string}"},"query-input":{"@type":"PropertyValueSpecification","valueRequired":true,"valueName":"search_term_string"}}],"inLanguage":"fi"},{"@type":"Person","@id":"https:\/\/suomenkuvalehti.fi\/kuvien-takaa\/#\/schema\/person\/f3f657e4ad409e008f12af27bec60a23","name":"Kalle Kinnunen","image":{"@type":"ImageObject","inLanguage":"fi","@id":"https:\/\/suomenkuvalehti.fi\/kuvien-takaa\/#\/schema\/person\/image\/","url":"https:\/\/suomenkuvalehti.fi\/kuvien-takaa\/wp-content\/uploads\/sites\/11\/2022\/04\/kalle_kinnunen_blogi-1-150x150.jpg","contentUrl":"https:\/\/suomenkuvalehti.fi\/kuvien-takaa\/wp-content\/uploads\/sites\/11\/2022\/04\/kalle_kinnunen_blogi-1-150x150.jpg","caption":"Kalle Kinnunen"},"description":"Kalle Kinnunen on vapaa toimittaja ja Suomen Kuvalehden avustaja.","sameAs":["https:\/\/www.facebook.com\/pages\/Kalle-Kinnunen-Kuvien-takaa\/190326157715410?fref=ts","https:\/\/x.com\/https:\/\/twitter.com\/kallekinnunen"]}]}},"_links":{"self":[{"href":"https:\/\/suomenkuvalehti.fi\/kuvien-takaa\/wp-json\/wp\/v2\/posts\/5319","targetHints":{"allow":["GET"]}}],"collection":[{"href":"https:\/\/suomenkuvalehti.fi\/kuvien-takaa\/wp-json\/wp\/v2\/posts"}],"about":[{"href":"https:\/\/suomenkuvalehti.fi\/kuvien-takaa\/wp-json\/wp\/v2\/types\/post"}],"author":[{"embeddable":true,"href":"https:\/\/suomenkuvalehti.fi\/kuvien-takaa\/wp-json\/wp\/v2\/users\/144"}],"replies":[{"embeddable":true,"href":"https:\/\/suomenkuvalehti.fi\/kuvien-takaa\/wp-json\/wp\/v2\/comments?post=5319"}],"version-history":[{"count":1,"href":"https:\/\/suomenkuvalehti.fi\/kuvien-takaa\/wp-json\/wp\/v2\/posts\/5319\/revisions"}],"predecessor-version":[{"id":5323,"href":"https:\/\/suomenkuvalehti.fi\/kuvien-takaa\/wp-json\/wp\/v2\/posts\/5319\/revisions\/5323"}],"wp:attachment":[{"href":"https:\/\/suomenkuvalehti.fi\/kuvien-takaa\/wp-json\/wp\/v2\/media?parent=5319"}],"wp:term":[{"taxonomy":"category","embeddable":true,"href":"https:\/\/suomenkuvalehti.fi\/kuvien-takaa\/wp-json\/wp\/v2\/categories?post=5319"},{"taxonomy":"post_tag","embeddable":true,"href":"https:\/\/suomenkuvalehti.fi\/kuvien-takaa\/wp-json\/wp\/v2\/tags?post=5319"}],"curies":[{"name":"wp","href":"https:\/\/api.w.org\/{rel}","templated":true}]}}