{"id":5294,"date":"2020-03-20T16:58:36","date_gmt":"2020-03-20T14:58:36","guid":{"rendered":"https:\/\/suomenkuvalehti.fi\/kuvien-takaa\/?p=5294"},"modified":"2020-03-20T17:06:27","modified_gmt":"2020-03-20T15:06:27","slug":"disney-siirsi-karkielokuvan-nettiin-koronan-alta-onko-striimaus-uusi-valkokangas","status":"publish","type":"post","link":"https:\/\/suomenkuvalehti.fi\/kuvien-takaa\/disney-siirsi-karkielokuvan-nettiin-koronan-alta-onko-striimaus-uusi-valkokangas\/","title":{"rendered":"Disney siirsi k\u00e4rkielokuvan nettiin koronan alta \u2013 onko striimaus uusi valkokangas?"},"content":{"rendered":"\n<p>T\u00e4llaista ei ole aiemmin tapahtunut.<\/p>\n\n\n\n<p>Disneyn omistaman Pixarin uutuusanimaatio <em>Eteenp\u00e4in<\/em> tuli useimmissa maissa valkokankaille 6. maaliskuuta. Se ei ehk\u00e4 olisi muutenkaan ollut Pixarin suurten hittien veroinen menestys, mutta elokuva j\u00e4i selke\u00e4sti koronaviruksen otteeseen.<\/p>\n\n\n\n<p>Eteenp\u00e4in ehti olla kahtena viikkona Yhdysvaltojen katsotuin elokuva. T\u00e4n\u00e4\u00e4n ilmoitettiin, ett\u00e4 se saapuu viel\u00e4 t\u00e4n\u00e4\u00e4n Yhdysvalloissa nettivuokraamoon. Vuokraus maksaa parikymment\u00e4 dollaria \u2013 ei paha hinta, jos koko perhe katsoo.<\/p>\n\n\n\n<p>Varsinainen pommi on, ett\u00e4 jo kahden viikon kuluttua Eteenp\u00e4in lis\u00e4t\u00e4\u00e4n Disney+ -palvelun ohjelmistoon, ainakin Yhdysvalloissa \u2013 siis kuukausimaksulliseen palveluun, jonka kuukausihinta on seitsem\u00e4n dollaria.<\/p>\n\n\n\n<p>Syy ja perustelu on tietenkin selke\u00e4. Elokuvateatterit ovat Yhdysvalloissakin kiinni. Disney ottaa elokuvasta kaupallisesti irti sen mink\u00e4 voi ja tekee siit\u00e4 yhden uuden sis\u00e4\u00e4nheittotuotteen taannoin perustetulle striimauspalvelulleen. Suomeen Disney+ on tulossa kes\u00e4ll\u00e4.<\/p>\n\n\n\n<p>Juuri nyt voisi kuvitella, ett\u00e4 koronavirus muuttaa levityskaavoja enemm\u00e4nkin. Aiemmin valkokangasensi-illan ja kotitallenne (dvd) -julkaisun tai nykyajassa striimauksen v\u00e4liss\u00e4 on pit\u00e4nyt olla kolmen tai nelj\u00e4nkin kuukauden ikkuna. Ilman sopimusta ikkunasta suuret elokuvateatterit eiv\u00e4t ota elokuvaa ohjelmistoonsa. Nyt Universal toi uutuuselokuviaan Yhdysvalloissa striimaukseen heti kun elokuvateatterien sulkeminen alkoi ja Sony seurasi per\u00e4ss\u00e4.<\/p>\n\n\n\n<p>Eteenp\u00e4in on n\u00e4ist\u00e4 striimaukseen sujautetuista elokuvista suurin. Se olisi varmuudella ollut paitsi &#8221;elokuva&#8221;, my\u00f6s globaalisti jaeltava tuote, jonka kokonaisliikevaihto on satoja miljoonia.<\/p>\n\n\n\n<p>Suuret kysymykset kuuluvat, mit\u00e4 tapahtuu kes\u00e4n j\u00e4ttiensi-illoille ja onko levitysikkunan katoaminen uusi normaali.<\/p>\n\n\n\n<p>Lienee selv\u00e4\u00e4, ett\u00e4 osa kes\u00e4n suurista ensi-illoista menee nyt suoraan striimaukseen. Marvelit, Bondit ja muut j\u00e4ttijutut siirret\u00e4\u00e4n my\u00f6hemp\u00e4\u00e4n, riskitapauksilla taas tehd\u00e4\u00e4n tappioiden minimoimiseksi v\u00e4h\u00e4n nopeaa rahaa tai niit\u00e4 k\u00e4ytet\u00e4\u00e4n striimauspalvelujen sis\u00e4\u00e4nheittotuotteina. Kun bisnesanalyytikot arvioivat, ett\u00e4 vuodesta 2021 tulee elokuvateattereille todella hyv\u00e4 monien odotettujen leffojen siirtyess\u00e4 sinne, he ovat todenn\u00e4k\u00f6isesti oikeassa.<\/p>\n\n\n\n<p>Samasta syyst\u00e4 on l\u00e4hinn\u00e4 haihattelua kuvitella, ett\u00e4 levitysikkunoista luovuttaisiin kokonaan.<\/p>\n\n\n\n<p>Elokuvateatteriketjujen sananvalta romahtaa v\u00e4liaikaisesti, niiden edellytt\u00e4m\u00e4\u00e4 eksklusiviteettia neuvotellaan uudelleen ja suuria muutoksia lienee tiedossa. (Saamme n\u00e4hd\u00e4, joutuuko Finnkinonkin omistava p\u00f6rssilistattu amerikkalaisketju AMC luopumaan joistain omistuksistaan ennen kuin myllerrys on ohi. Saamme n\u00e4hd\u00e4, miten vaikeuksiin jo ennen koronaa joutuneet Paramount ja Universal p\u00e4rj\u00e4\u00e4v\u00e4t. Saamme n\u00e4hd\u00e4, miten Disney j\u00e4rjestelee asiansa, sill\u00e4 j\u00e4ttiyhti\u00f6n liikevaihdosta kolmasosa tulee huvipuistoista ja niiden hotelleista, jotka tekev\u00e4t t\u00e4n\u00e4 vuonna mojovat tappiot. Saamme n\u00e4hd\u00e4, mit\u00e4 Apple nyt ostaa valtavalla k\u00e4teiskassallaan.)<\/p>\n\n\n\n<p>Elokuvateatterilevitys on kuitenkin edelleen se elokuvan ja katsojien yhytt\u00e4misen vaihe, jossa varsinaiset rahat tehd\u00e4\u00e4n. Eteenp\u00e4in-elokuvankin osalta asia on kovin selke\u00e4: jos viisihenkinen perhe menee sen katsomaan, Disneyn kassaan kilahtaa elokuvateatterien osuuden j\u00e4lkeen ainakin parikymment\u00e4 dollaria tai euroa. My\u00f6hemmin siit\u00e4 maksetaan viel\u00e4 uudelleen kotitallenne- tai nyky\u00e4\u00e4n nettivuokraus- tai striimausmuodossa.<\/p>\n\n\n\n<p>Elokuvateatteri on siis yh\u00e4 aivan toimiva ja joskus loistava bisnes etenkin isoille elokuville. Monissa maissa sek\u00e4 Euroopassa ett\u00e4 etenkin Aasiassa on viime vuosina saavutettu leffateatteriliikevaihdon huiput vuosikymmeniin.<\/p>\n\n\n\n<p>Mik\u00e4li asia ei olisi n\u00e4in, kaikki Hollywood-studiot olisivat jo tehneet kaikkensa muuttuakseen striimaukseen keskittyviksi netflixeiksi.<\/p>\n\n\n\n<p>Tuo perusasia ei muutu mihink\u00e4\u00e4n, vaikka elokuvateatterit olisivat nyt kiinni puoli vuotta.<\/p>\n\n\n\n<p>Samalla kannattaa huomata, ett\u00e4 Netflix on niit\u00e4 harvoja (mink\u00e4\u00e4n alan) suuria p\u00f6rssiyhti\u00f6it\u00e4, joihin koronaepidemia on vaikuttanut vain v\u00e4h\u00e4n. T\u00e4t\u00e4 kirjoittaessani Netflixin osake on samalla tasolla kuin tammikuun viimeisen\u00e4 p\u00e4iv\u00e4n\u00e4. Disney on tullut samassa ajassa alas yli 30 prosenttia \u2013 ja k\u00e4vi melkein 50 prosentin sukelluksessa.<\/p>\n\n\n\n<p>Yhdysvaltojen elokuvateattereissa tehd\u00e4\u00e4n juuri nyt <a href=\"https:\/\/www.hollywoodreporter.com\/news\/box-office-revenue-falls-unprecedented-low-300k-wednesday-as-theaters-go-dark-1285502\" target=\"_blank\" rel=\"noopener\">kaikkien aikojen suhteellisesti pienint\u00e4 tili\u00e4<\/a>. Suomessa elokuva-alan yhti\u00f6iden kattoj\u00e4rjest\u00f6 Filmikamari ilmoitti t\u00e4n\u00e4\u00e4n viikon katsojalukutilastoraporttinsa yhteydess\u00e4, ett\u00e4 raportteja ei ole l\u00e4hiaikoina tulossa. Ei ole tilastoitavaa.<\/p>\n\n\n","protected":false},"excerpt":{"rendered":"<p>T\u00e4llaista ei ole aiemmin tapahtunut. Disneyn omistaman Pixarin uutuusanimaatio Eteenp\u00e4in tuli useimmissa maissa valkokankaille 6. maaliskuuta. Se ei ehk\u00e4 olisi muutenkaan ollut Pixarin suurten hittien veroinen menestys, mutta elokuva j\u00e4i<br \/>\nsel&hellip;<\/p>\n","protected":false},"author":144,"featured_media":0,"comment_status":"open","ping_status":"closed","sticky":false,"template":"","format":"standard","meta":{"_acf_changed":false,"asauth_required_access_level":3,"asauth_cansharepaid":"true","om_header_attributes":[],"footnotes":"","om_featured_image_focal_point":[],"om_primary_tag":0,"om_contributors":[],"om_co_authors":[],"beyondwords_generate_audio":"","beyondwords_project_id":"","beyondwords_content_id":"","beyondwords_preview_token":"","beyondwords_player_content":"","beyondwords_player_style":"","beyondwords_language_code":"","beyondwords_language_id":"","beyondwords_title_voice_id":"","beyondwords_body_voice_id":"","beyondwords_summary_voice_id":"","beyondwords_error_message":"","beyondwords_disabled":"","beyondwords_delete_content":"","beyondwords_podcast_id":"","beyondwords_hash":"","publish_post_to_speechkit":"","speechkit_hash":"","speechkit_generate_audio":"","speechkit_project_id":"","speechkit_podcast_id":"","speechkit_error_message":"","speechkit_disabled":"","speechkit_access_key":"","speechkit_error":"","speechkit_info":"","speechkit_response":"","speechkit_retries":"","speechkit_status":"","speechkit_updated_at":"","_speechkit_link":"","_speechkit_text":""},"categories":[1],"tags":[],"class_list":["post-5294","post","type-post","status-publish","format-standard","hentry","category-kuvien-takaa"],"om_views":null,"acf":{"tuuma_off":false,"tuuma_kysymys":"","tuuma_vastaus":""},"asauth":{"required_access_level":1,"share_token":"","is_paid":false},"yoast_head":"<!-- This site is optimized with the Yoast SEO plugin v26.4 - https:\/\/yoast.com\/wordpress\/plugins\/seo\/ -->\n<title>Disney siirsi k\u00e4rkielokuvan nettiin koronan alta \u2013 onko striimaus uusi valkokangas? - Kuvien takaa<\/title>\n<meta name=\"robots\" content=\"index, follow, max-snippet:-1, max-image-preview:large, max-video-preview:-1\" \/>\n<link rel=\"canonical\" href=\"https:\/\/suomenkuvalehti.fi\/kuvien-takaa\/disney-siirsi-karkielokuvan-nettiin-koronan-alta-onko-striimaus-uusi-valkokangas\/\" \/>\n<meta property=\"og:locale\" content=\"fi_FI\" \/>\n<meta property=\"og:type\" content=\"article\" \/>\n<meta property=\"og:title\" content=\"Disney siirsi k\u00e4rkielokuvan nettiin koronan alta \u2013 onko striimaus uusi valkokangas? - Kuvien takaa\" \/>\n<meta property=\"og:description\" content=\"T\u00e4llaista ei ole aiemmin tapahtunut. Disneyn omistaman Pixarin uutuusanimaatio Eteenp\u00e4in tuli useimmissa maissa valkokankaille 6. maaliskuuta. Se ei ehk\u00e4 olisi muutenkaan ollut Pixarin suurten hittien veroinen menestys, mutta elokuva j\u00e4i sel&hellip;\" \/>\n<meta property=\"og:url\" content=\"https:\/\/suomenkuvalehti.fi\/kuvien-takaa\/disney-siirsi-karkielokuvan-nettiin-koronan-alta-onko-striimaus-uusi-valkokangas\/\" \/>\n<meta property=\"og:site_name\" content=\"Kuvien takaa\" \/>\n<meta property=\"article:author\" content=\"https:\/\/www.facebook.com\/pages\/Kalle-Kinnunen-Kuvien-takaa\/190326157715410?fref=ts\" \/>\n<meta property=\"article:published_time\" content=\"2020-03-20T14:58:36+00:00\" \/>\n<meta property=\"article:modified_time\" content=\"2020-03-20T15:06:27+00:00\" \/>\n<meta property=\"og:image\" content=\"https:\/\/suomenkuvalehti.fi\/kuvien-takaa\/wp-content\/uploads\/sites\/11\/2022\/04\/kalle_kinnunen_blogi-1-scaled.jpg\" \/>\n\t<meta property=\"og:image:width\" content=\"2560\" \/>\n\t<meta property=\"og:image:height\" content=\"1707\" \/>\n\t<meta property=\"og:image:type\" content=\"image\/jpeg\" \/>\n<meta name=\"author\" content=\"Kalle Kinnunen\" \/>\n<meta name=\"twitter:card\" content=\"summary_large_image\" \/>\n<meta name=\"twitter:creator\" content=\"@https:\/\/twitter.com\/kallekinnunen\" \/>\n<meta name=\"twitter:label1\" content=\"Written by\" \/>\n\t<meta name=\"twitter:data1\" content=\"Kalle Kinnunen\" \/>\n\t<meta name=\"twitter:label2\" content=\"Est. reading time\" \/>\n\t<meta name=\"twitter:data2\" content=\"3 minuuttia\" \/>\n<script type=\"application\/ld+json\" class=\"yoast-schema-graph\">{\"@context\":\"https:\/\/schema.org\",\"@graph\":[{\"@type\":\"WebPage\",\"@id\":\"https:\/\/suomenkuvalehti.fi\/kuvien-takaa\/disney-siirsi-karkielokuvan-nettiin-koronan-alta-onko-striimaus-uusi-valkokangas\/\",\"url\":\"https:\/\/suomenkuvalehti.fi\/kuvien-takaa\/disney-siirsi-karkielokuvan-nettiin-koronan-alta-onko-striimaus-uusi-valkokangas\/\",\"name\":\"Disney siirsi k\u00e4rkielokuvan nettiin koronan alta \u2013 onko striimaus uusi valkokangas? - Kuvien takaa\",\"isPartOf\":{\"@id\":\"https:\/\/suomenkuvalehti.fi\/kuvien-takaa\/#website\"},\"datePublished\":\"2020-03-20T14:58:36+00:00\",\"dateModified\":\"2020-03-20T15:06:27+00:00\",\"author\":{\"@id\":\"https:\/\/suomenkuvalehti.fi\/kuvien-takaa\/#\/schema\/person\/f3f657e4ad409e008f12af27bec60a23\"},\"breadcrumb\":{\"@id\":\"https:\/\/suomenkuvalehti.fi\/kuvien-takaa\/disney-siirsi-karkielokuvan-nettiin-koronan-alta-onko-striimaus-uusi-valkokangas\/#breadcrumb\"},\"inLanguage\":\"fi\",\"potentialAction\":[{\"@type\":\"ReadAction\",\"target\":[\"https:\/\/suomenkuvalehti.fi\/kuvien-takaa\/disney-siirsi-karkielokuvan-nettiin-koronan-alta-onko-striimaus-uusi-valkokangas\/\"]}]},{\"@type\":\"BreadcrumbList\",\"@id\":\"https:\/\/suomenkuvalehti.fi\/kuvien-takaa\/disney-siirsi-karkielokuvan-nettiin-koronan-alta-onko-striimaus-uusi-valkokangas\/#breadcrumb\",\"itemListElement\":[{\"@type\":\"ListItem\",\"position\":1,\"name\":\"Home\",\"item\":\"https:\/\/suomenkuvalehti.fi\/kuvien-takaa\/\"},{\"@type\":\"ListItem\",\"position\":2,\"name\":\"Disney siirsi k\u00e4rkielokuvan nettiin koronan alta \u2013 onko striimaus uusi valkokangas?\"}]},{\"@type\":\"WebSite\",\"@id\":\"https:\/\/suomenkuvalehti.fi\/kuvien-takaa\/#website\",\"url\":\"https:\/\/suomenkuvalehti.fi\/kuvien-takaa\/\",\"name\":\"Kuvien takaa\",\"description\":\"Elokuvakriitikko Kalle Kinnusen elokuvablogi.\",\"potentialAction\":[{\"@type\":\"SearchAction\",\"target\":{\"@type\":\"EntryPoint\",\"urlTemplate\":\"https:\/\/suomenkuvalehti.fi\/haku\/?q={search_term_string}\"},\"query-input\":{\"@type\":\"PropertyValueSpecification\",\"valueRequired\":true,\"valueName\":\"search_term_string\"}}],\"inLanguage\":\"fi\"},{\"@type\":\"Person\",\"@id\":\"https:\/\/suomenkuvalehti.fi\/kuvien-takaa\/#\/schema\/person\/f3f657e4ad409e008f12af27bec60a23\",\"name\":\"Kalle Kinnunen\",\"image\":{\"@type\":\"ImageObject\",\"inLanguage\":\"fi\",\"@id\":\"https:\/\/suomenkuvalehti.fi\/kuvien-takaa\/#\/schema\/person\/image\/\",\"url\":\"https:\/\/suomenkuvalehti.fi\/kuvien-takaa\/wp-content\/uploads\/sites\/11\/2022\/04\/kalle_kinnunen_blogi-1-150x150.jpg\",\"contentUrl\":\"https:\/\/suomenkuvalehti.fi\/kuvien-takaa\/wp-content\/uploads\/sites\/11\/2022\/04\/kalle_kinnunen_blogi-1-150x150.jpg\",\"caption\":\"Kalle Kinnunen\"},\"description\":\"Kalle Kinnunen on vapaa toimittaja ja Suomen Kuvalehden avustaja.\",\"sameAs\":[\"https:\/\/www.facebook.com\/pages\/Kalle-Kinnunen-Kuvien-takaa\/190326157715410?fref=ts\",\"https:\/\/x.com\/https:\/\/twitter.com\/kallekinnunen\"]}]}<\/script>\n<!-- \/ Yoast SEO plugin. -->","yoast_head_json":{"title":"Disney siirsi k\u00e4rkielokuvan nettiin koronan alta \u2013 onko striimaus uusi valkokangas? - Kuvien takaa","robots":{"index":"index","follow":"follow","max-snippet":"max-snippet:-1","max-image-preview":"max-image-preview:large","max-video-preview":"max-video-preview:-1"},"canonical":"https:\/\/suomenkuvalehti.fi\/kuvien-takaa\/disney-siirsi-karkielokuvan-nettiin-koronan-alta-onko-striimaus-uusi-valkokangas\/","og_locale":"fi_FI","og_type":"article","og_title":"Disney siirsi k\u00e4rkielokuvan nettiin koronan alta \u2013 onko striimaus uusi valkokangas? - Kuvien takaa","og_description":"T\u00e4llaista ei ole aiemmin tapahtunut. Disneyn omistaman Pixarin uutuusanimaatio Eteenp\u00e4in tuli useimmissa maissa valkokankaille 6. maaliskuuta. Se ei ehk\u00e4 olisi muutenkaan ollut Pixarin suurten hittien veroinen menestys, mutta elokuva j\u00e4i sel&hellip;","og_url":"https:\/\/suomenkuvalehti.fi\/kuvien-takaa\/disney-siirsi-karkielokuvan-nettiin-koronan-alta-onko-striimaus-uusi-valkokangas\/","og_site_name":"Kuvien takaa","article_author":"https:\/\/www.facebook.com\/pages\/Kalle-Kinnunen-Kuvien-takaa\/190326157715410?fref=ts","article_published_time":"2020-03-20T14:58:36+00:00","article_modified_time":"2020-03-20T15:06:27+00:00","og_image":[{"width":2560,"height":1707,"url":"https:\/\/suomenkuvalehti.fi\/kuvien-takaa\/wp-content\/uploads\/sites\/11\/2022\/04\/kalle_kinnunen_blogi-1-scaled.jpg","type":"image\/jpeg"}],"author":"Kalle Kinnunen","twitter_card":"summary_large_image","twitter_creator":"@https:\/\/twitter.com\/kallekinnunen","twitter_misc":{"Written by":"Kalle Kinnunen","Est. reading time":"3 minuuttia"},"schema":{"@context":"https:\/\/schema.org","@graph":[{"@type":"WebPage","@id":"https:\/\/suomenkuvalehti.fi\/kuvien-takaa\/disney-siirsi-karkielokuvan-nettiin-koronan-alta-onko-striimaus-uusi-valkokangas\/","url":"https:\/\/suomenkuvalehti.fi\/kuvien-takaa\/disney-siirsi-karkielokuvan-nettiin-koronan-alta-onko-striimaus-uusi-valkokangas\/","name":"Disney siirsi k\u00e4rkielokuvan nettiin koronan alta \u2013 onko striimaus uusi valkokangas? - Kuvien takaa","isPartOf":{"@id":"https:\/\/suomenkuvalehti.fi\/kuvien-takaa\/#website"},"datePublished":"2020-03-20T14:58:36+00:00","dateModified":"2020-03-20T15:06:27+00:00","author":{"@id":"https:\/\/suomenkuvalehti.fi\/kuvien-takaa\/#\/schema\/person\/f3f657e4ad409e008f12af27bec60a23"},"breadcrumb":{"@id":"https:\/\/suomenkuvalehti.fi\/kuvien-takaa\/disney-siirsi-karkielokuvan-nettiin-koronan-alta-onko-striimaus-uusi-valkokangas\/#breadcrumb"},"inLanguage":"fi","potentialAction":[{"@type":"ReadAction","target":["https:\/\/suomenkuvalehti.fi\/kuvien-takaa\/disney-siirsi-karkielokuvan-nettiin-koronan-alta-onko-striimaus-uusi-valkokangas\/"]}]},{"@type":"BreadcrumbList","@id":"https:\/\/suomenkuvalehti.fi\/kuvien-takaa\/disney-siirsi-karkielokuvan-nettiin-koronan-alta-onko-striimaus-uusi-valkokangas\/#breadcrumb","itemListElement":[{"@type":"ListItem","position":1,"name":"Home","item":"https:\/\/suomenkuvalehti.fi\/kuvien-takaa\/"},{"@type":"ListItem","position":2,"name":"Disney siirsi k\u00e4rkielokuvan nettiin koronan alta \u2013 onko striimaus uusi valkokangas?"}]},{"@type":"WebSite","@id":"https:\/\/suomenkuvalehti.fi\/kuvien-takaa\/#website","url":"https:\/\/suomenkuvalehti.fi\/kuvien-takaa\/","name":"Kuvien takaa","description":"Elokuvakriitikko Kalle Kinnusen elokuvablogi.","potentialAction":[{"@type":"SearchAction","target":{"@type":"EntryPoint","urlTemplate":"https:\/\/suomenkuvalehti.fi\/haku\/?q={search_term_string}"},"query-input":{"@type":"PropertyValueSpecification","valueRequired":true,"valueName":"search_term_string"}}],"inLanguage":"fi"},{"@type":"Person","@id":"https:\/\/suomenkuvalehti.fi\/kuvien-takaa\/#\/schema\/person\/f3f657e4ad409e008f12af27bec60a23","name":"Kalle Kinnunen","image":{"@type":"ImageObject","inLanguage":"fi","@id":"https:\/\/suomenkuvalehti.fi\/kuvien-takaa\/#\/schema\/person\/image\/","url":"https:\/\/suomenkuvalehti.fi\/kuvien-takaa\/wp-content\/uploads\/sites\/11\/2022\/04\/kalle_kinnunen_blogi-1-150x150.jpg","contentUrl":"https:\/\/suomenkuvalehti.fi\/kuvien-takaa\/wp-content\/uploads\/sites\/11\/2022\/04\/kalle_kinnunen_blogi-1-150x150.jpg","caption":"Kalle Kinnunen"},"description":"Kalle Kinnunen on vapaa toimittaja ja Suomen Kuvalehden avustaja.","sameAs":["https:\/\/www.facebook.com\/pages\/Kalle-Kinnunen-Kuvien-takaa\/190326157715410?fref=ts","https:\/\/x.com\/https:\/\/twitter.com\/kallekinnunen"]}]}},"_links":{"self":[{"href":"https:\/\/suomenkuvalehti.fi\/kuvien-takaa\/wp-json\/wp\/v2\/posts\/5294","targetHints":{"allow":["GET"]}}],"collection":[{"href":"https:\/\/suomenkuvalehti.fi\/kuvien-takaa\/wp-json\/wp\/v2\/posts"}],"about":[{"href":"https:\/\/suomenkuvalehti.fi\/kuvien-takaa\/wp-json\/wp\/v2\/types\/post"}],"author":[{"embeddable":true,"href":"https:\/\/suomenkuvalehti.fi\/kuvien-takaa\/wp-json\/wp\/v2\/users\/144"}],"replies":[{"embeddable":true,"href":"https:\/\/suomenkuvalehti.fi\/kuvien-takaa\/wp-json\/wp\/v2\/comments?post=5294"}],"version-history":[{"count":3,"href":"https:\/\/suomenkuvalehti.fi\/kuvien-takaa\/wp-json\/wp\/v2\/posts\/5294\/revisions"}],"predecessor-version":[{"id":5297,"href":"https:\/\/suomenkuvalehti.fi\/kuvien-takaa\/wp-json\/wp\/v2\/posts\/5294\/revisions\/5297"}],"wp:attachment":[{"href":"https:\/\/suomenkuvalehti.fi\/kuvien-takaa\/wp-json\/wp\/v2\/media?parent=5294"}],"wp:term":[{"taxonomy":"category","embeddable":true,"href":"https:\/\/suomenkuvalehti.fi\/kuvien-takaa\/wp-json\/wp\/v2\/categories?post=5294"},{"taxonomy":"post_tag","embeddable":true,"href":"https:\/\/suomenkuvalehti.fi\/kuvien-takaa\/wp-json\/wp\/v2\/tags?post=5294"}],"curies":[{"name":"wp","href":"https:\/\/api.w.org\/{rel}","templated":true}]}}