{"id":524,"date":"2011-11-20T08:31:00","date_gmt":"2011-11-20T06:31:00","guid":{"rendered":"https:\/\/suomenkuvalehti.fi\/kuvientakaa\/2011\/11\/20\/arvoituksellinen-alykas-ja-hauska-apinatytot-on-vuoden-parhaita-elokuvia\/"},"modified":"2011-11-20T08:31:00","modified_gmt":"2011-11-20T06:31:00","slug":"arvoituksellinen-alykas-ja-hauska-apinatytot-on-vuoden-parhaita-elokuvia","status":"publish","type":"post","link":"https:\/\/suomenkuvalehti.fi\/kuvien-takaa\/arvoituksellinen-alykas-ja-hauska-apinatytot-on-vuoden-parhaita-elokuvia\/","title":{"rendered":"Arvoituksellinen, \u00e4lyk\u00e4s ja hauska Apinatyt\u00f6t on vuoden parhaita elokuvia"},"content":{"rendered":"\n<p>Kokosin alustavaa listaa vuoden kymmenest\u00e4 parhaasta elokuvasta. Palaan siihen joulun tienoilla, mutta yhden nimikkeen haluan nostaa nyt esiin. Ruotsalaisen <strong>Lisa Aschanin<\/strong> esikoispitk\u00e4 <em>Apinatyt\u00f6t<\/em> on niit\u00e4 elokuvia, joiden katsominen kerran ei riit\u00e4 &#8211; ja jos sit\u00e4 ei ole viel\u00e4 n\u00e4hnyt, tulee pit\u00e4\u00e4 kiirett\u00e4.<\/p>\n\n\n\n\n<p>Apinatytt\u00f6jen nimi ei v\u00e4ltt\u00e4m\u00e4tt\u00e4 tarkoita mit\u00e4\u00e4n yht\u00e4 asiaa, mutta se sopii elokuvalle, joka tarkkailee kahta 15-vuotiasta tytt\u00f6\u00e4 erilaisissa tilanteissa. Samaan tapaan kuin Sodankyl\u00e4ss\u00e4 ja R&amp;A:ssa n\u00e4hty kreikkalainen <em>Attenberg<\/em> se on melkein kuin luontodokumentti ihmisist\u00e4.<\/p>\n\n\n\n<p>T\u00e4ss\u00e4 kaksi otetta Suomen Kuvalehteen kirjoittamastani Aschan-haastattelusta, joka julkaistiin ensi-iltap\u00e4iv\u00e4n lehdess\u00e4 (4.11.).<\/p>\n\n\n\n<p><em>Kaksi noin 15-vuotiasta tytt\u00f6\u00e4 jakavat saman harrastuksen, vikellyksen, eli hevosen sel\u00e4ss\u00e4 harjoitettavan akrobatian. Orastava seksuaalisuus ja vallank\u00e4yt\u00f6n opettelu rikkovat Emman ja Cassandran yst\u00e4vyyden. Aikuisn\u00e4k\u00f6kulmaa ei Apinatyt\u00f6iss\u00e4 ole lainkaan.<br>Erikoista on esimerkiksi tunnelma. Elokuva on hieman kuin trilleri. Silti se on usein hauska.<br>&#8221;Minusta Apinatyt\u00f6t on l\u00e4nnenelokuva&#8221;, ohjaaja-k\u00e4sikirjoittaja Lisa Aschan, 31, kertoo Karlovy Varyn elokuvajuhlilla.<br>&#8221;Siin\u00e4 on hevosia, ase ja kaksintaisteluja. <strong>Ennio Morricone<\/strong>-tyyppist\u00e4 musiikkia. Sek\u00e4 westernille ominaiset kuvan rajaukset.&#8221;<\/em><\/p>\n\n\n\n<p>Sek\u00e4:<\/p>\n\n\n\n<p><em>&#8221;Elokuvani syntyv\u00e4t toimistossani pinosta sekalaista materiaalia. T\u00e4ss\u00e4 kasassa olivat ensin <strong>Georges Bataillen<\/strong> romaani <\/em>Silm\u00e4n tarina<em>, kuva <strong>Shirley Templest\u00e4<\/strong> sek\u00e4 lehdest\u00e4 leikkaamani mainos, jossa pikkutytt\u00f6 bikineiss\u00e4 sy\u00f6 j\u00e4\u00e4tel\u00f6\u00e4&#8221;, Aschan kertoo.<br>&#8221;Mutta en halua analysoida, miksi juuri n\u00e4m\u00e4 ainekset. T\u00e4rkeint\u00e4 on menn\u00e4 pidemm\u00e4lle ja etsi\u00e4 erilaisia n\u00e4k\u00f6kulmia. En halua antaa vastauksia, vaan esitt\u00e4\u00e4 enemm\u00e4n kysymyksi\u00e4.&#8221;<\/em><\/p>\n\n\n\n<p>Mieleen tulee ainakin toinen ruotsalainen esikoiselokuva tytt\u00f6jen v\u00e4lisest\u00e4 yst\u00e4vyydest\u00e4, <strong>Lukas Moodyssonin<\/strong> upea <em>Fucking \u00c5m\u00e5l<\/em>. Apinatyt\u00f6iss\u00e4 ei kuitenkaan ole lainkaan Moodyssonille ominaisia sentimentaalisia aineksia &#8211; mutta huumoria sit\u00e4kin enemm\u00e4n.<\/p>\n\n\n\n<p>On vaikea kuvitella elokuvanyst\u00e4v\u00e4n pitk\u00e4styv\u00e4n Aschanin omalaatuisen elokuvan parissa. Luulisin sen antavan jotain kaikille, jotka ovat joskus olleet nuoria, kunhan k\u00e4rsiv\u00e4llisyytt\u00e4 on edes hitunen. Apinatyt\u00f6t ei ole valtavirtaa, muttei my\u00f6sk\u00e4\u00e4n mik\u00e4\u00e4n katsojalle keljuileva ratkaisuton arvoitus, vaan huippuluokan tunnelmaelokuva.<\/p>\n\n\n\n<p>Nuortenelokuva se ei silti v\u00e4ltt\u00e4m\u00e4tt\u00e4 ole, vaikka kertoo nuorista. Kun tapasin Aschanin Karlovy Varyn festivaaleilla, h\u00e4n kertoi, ett\u00e4 kun Apinatytt\u00f6j\u00e4 on n\u00e4ytetty lukiolaisille, he pit\u00e4v\u00e4t sit\u00e4 hieman kiusallisena. Ymm\u00e4rr\u00e4n &#8211; liippaa liian l\u00e4helt\u00e4.<\/p>\n\n\n\n<p>Finnkinon ohjelmistoon Apinatyt\u00f6t ei mahtunut. Elokuvateatterit olivat sille liian t\u00e4ynn\u00e4. Helsingiss\u00e4 Apinatyt\u00f6t voi n\u00e4hd\u00e4 <a href=\"http:\/\/www.cinemamondo.fi\/?doc=4\">ainoastaan Kino Engeliss\u00e4<\/a>. Se ei l\u00f6yt\u00e4nyt yleis\u00f6\u00e4, ja t\u00e4ll\u00e4 hetkell\u00e4 n\u00e4yt\u00f6s on vain kerran p\u00e4iv\u00e4ss\u00e4.<\/p>\n\n\n\n<p>Suosittelen. Banaalisti mutta ytimekk\u00e4\u00e4sti: &#8221;viisi t\u00e4hte\u00e4&#8221;. <a href=\"https:\/\/www.youtube.com\/watch?v=GHLvsV-0Vjs\">Traileri<\/a> on hyv\u00e4 ja kuvaava.<\/p>\n\n\n\n<p><em>Vapaa toimittaja Kalle Kinnunen kertoo elokuva-alan kuulumisia ja purkaa tuntojaan n\u00e4kem\u00e4st\u00e4\u00e4n my\u00f6s Twitteriss\u00e4: <a href=\"http:\/\/twitter.com\/kallekinnunen\">@kallekinnunen<\/a><\/em><\/p>\n\n\n","protected":false},"excerpt":{"rendered":"<p>Kokosin alustavaa listaa vuoden kymmenest\u00e4 parhaasta elokuvasta. Palaan siihen joulun tienoilla, mutta yhden nimikkeen haluan nostaa nyt esiin. Ruotsalaisen Lisa Aschanin esikoispitk\u00e4 Apinatyt\u00f6t on niit\u00e4 elokuvia, joiden katsominen kerran ei riit\u00e4<br \/>\n&#038;#82&hellip;<\/p>\n","protected":false},"author":144,"featured_media":0,"comment_status":"open","ping_status":"open","sticky":false,"template":"","format":"standard","meta":{"_acf_changed":false,"asauth_required_access_level":0,"asauth_cansharepaid":"","om_header_attributes":[],"footnotes":"","om_featured_image_focal_point":[],"om_primary_tag":0,"om_contributors":[],"om_co_authors":[],"beyondwords_generate_audio":"","beyondwords_project_id":"","beyondwords_content_id":"","beyondwords_preview_token":"","beyondwords_player_content":"","beyondwords_player_style":"","beyondwords_language_code":"","beyondwords_language_id":"","beyondwords_title_voice_id":"","beyondwords_body_voice_id":"","beyondwords_summary_voice_id":"","beyondwords_error_message":"","beyondwords_disabled":"","beyondwords_delete_content":"","beyondwords_podcast_id":"","beyondwords_hash":"","publish_post_to_speechkit":"","speechkit_hash":"","speechkit_generate_audio":"","speechkit_project_id":"","speechkit_podcast_id":"","speechkit_error_message":"","speechkit_disabled":"","speechkit_access_key":"","speechkit_error":"","speechkit_info":"","speechkit_response":"","speechkit_retries":"","speechkit_status":"","speechkit_updated_at":"","_speechkit_link":"","_speechkit_text":""},"categories":[1],"tags":[871,285,872,70,71],"class_list":["post-524","post","type-post","status-publish","format-standard","hentry","category-kuvien-takaa","tag-apinatytot","tag-finnkino","tag-lisa-aschan","tag-lukas-moodysson","tag-ruotsalainen-elokuva"],"om_views":null,"acf":{"tuuma_off":false,"tuuma_kysymys":"","tuuma_vastaus":""},"asauth":{"required_access_level":1,"share_token":"","is_paid":false},"yoast_head":"<!-- This site is optimized with the Yoast SEO plugin v26.4 - https:\/\/yoast.com\/wordpress\/plugins\/seo\/ -->\n<title>Arvoituksellinen, \u00e4lyk\u00e4s ja hauska Apinatyt\u00f6t on vuoden parhaita elokuvia - Kuvien takaa<\/title>\n<meta name=\"robots\" content=\"index, follow, max-snippet:-1, max-image-preview:large, max-video-preview:-1\" \/>\n<link rel=\"canonical\" href=\"https:\/\/suomenkuvalehti.fi\/kuvien-takaa\/arvoituksellinen-alykas-ja-hauska-apinatytot-on-vuoden-parhaita-elokuvia\/\" \/>\n<meta property=\"og:locale\" content=\"fi_FI\" \/>\n<meta property=\"og:type\" content=\"article\" \/>\n<meta property=\"og:title\" content=\"Arvoituksellinen, \u00e4lyk\u00e4s ja hauska Apinatyt\u00f6t on vuoden parhaita elokuvia - Kuvien takaa\" \/>\n<meta property=\"og:description\" content=\"Kokosin alustavaa listaa vuoden kymmenest\u00e4 parhaasta elokuvasta. Palaan siihen joulun tienoilla, mutta yhden nimikkeen haluan nostaa nyt esiin. Ruotsalaisen Lisa Aschanin esikoispitk\u00e4 Apinatyt\u00f6t on niit\u00e4 elokuvia, joiden katsominen kerran ei riit\u00e4 &amp;#82&hellip;\" \/>\n<meta property=\"og:url\" content=\"https:\/\/suomenkuvalehti.fi\/kuvien-takaa\/arvoituksellinen-alykas-ja-hauska-apinatytot-on-vuoden-parhaita-elokuvia\/\" \/>\n<meta property=\"og:site_name\" content=\"Kuvien takaa\" \/>\n<meta property=\"article:author\" content=\"https:\/\/www.facebook.com\/pages\/Kalle-Kinnunen-Kuvien-takaa\/190326157715410?fref=ts\" \/>\n<meta property=\"article:published_time\" content=\"2011-11-20T06:31:00+00:00\" \/>\n<meta property=\"og:image\" content=\"https:\/\/suomenkuvalehti.fi\/kuvien-takaa\/wp-content\/uploads\/sites\/11\/2022\/04\/kalle_kinnunen_blogi-1-scaled.jpg\" \/>\n\t<meta property=\"og:image:width\" content=\"2560\" \/>\n\t<meta property=\"og:image:height\" content=\"1707\" \/>\n\t<meta property=\"og:image:type\" content=\"image\/jpeg\" \/>\n<meta name=\"author\" content=\"Kalle Kinnunen\" \/>\n<meta name=\"twitter:card\" content=\"summary_large_image\" \/>\n<meta name=\"twitter:creator\" content=\"@https:\/\/twitter.com\/kallekinnunen\" \/>\n<meta name=\"twitter:label1\" content=\"Written by\" \/>\n\t<meta name=\"twitter:data1\" content=\"Kalle Kinnunen\" \/>\n\t<meta name=\"twitter:label2\" content=\"Est. reading time\" \/>\n\t<meta name=\"twitter:data2\" content=\"2 minuuttia\" \/>\n<script type=\"application\/ld+json\" class=\"yoast-schema-graph\">{\"@context\":\"https:\/\/schema.org\",\"@graph\":[{\"@type\":\"WebPage\",\"@id\":\"https:\/\/suomenkuvalehti.fi\/kuvien-takaa\/arvoituksellinen-alykas-ja-hauska-apinatytot-on-vuoden-parhaita-elokuvia\/\",\"url\":\"https:\/\/suomenkuvalehti.fi\/kuvien-takaa\/arvoituksellinen-alykas-ja-hauska-apinatytot-on-vuoden-parhaita-elokuvia\/\",\"name\":\"Arvoituksellinen, \u00e4lyk\u00e4s ja hauska Apinatyt\u00f6t on vuoden parhaita elokuvia - Kuvien takaa\",\"isPartOf\":{\"@id\":\"https:\/\/suomenkuvalehti.fi\/kuvien-takaa\/#website\"},\"datePublished\":\"2011-11-20T06:31:00+00:00\",\"author\":{\"@id\":\"https:\/\/suomenkuvalehti.fi\/kuvien-takaa\/#\/schema\/person\/f3f657e4ad409e008f12af27bec60a23\"},\"breadcrumb\":{\"@id\":\"https:\/\/suomenkuvalehti.fi\/kuvien-takaa\/arvoituksellinen-alykas-ja-hauska-apinatytot-on-vuoden-parhaita-elokuvia\/#breadcrumb\"},\"inLanguage\":\"fi\",\"potentialAction\":[{\"@type\":\"ReadAction\",\"target\":[\"https:\/\/suomenkuvalehti.fi\/kuvien-takaa\/arvoituksellinen-alykas-ja-hauska-apinatytot-on-vuoden-parhaita-elokuvia\/\"]}]},{\"@type\":\"BreadcrumbList\",\"@id\":\"https:\/\/suomenkuvalehti.fi\/kuvien-takaa\/arvoituksellinen-alykas-ja-hauska-apinatytot-on-vuoden-parhaita-elokuvia\/#breadcrumb\",\"itemListElement\":[{\"@type\":\"ListItem\",\"position\":1,\"name\":\"Home\",\"item\":\"https:\/\/suomenkuvalehti.fi\/kuvien-takaa\/\"},{\"@type\":\"ListItem\",\"position\":2,\"name\":\"Arvoituksellinen, \u00e4lyk\u00e4s ja hauska Apinatyt\u00f6t on vuoden parhaita elokuvia\"}]},{\"@type\":\"WebSite\",\"@id\":\"https:\/\/suomenkuvalehti.fi\/kuvien-takaa\/#website\",\"url\":\"https:\/\/suomenkuvalehti.fi\/kuvien-takaa\/\",\"name\":\"Kuvien takaa\",\"description\":\"Elokuvakriitikko Kalle Kinnusen elokuvablogi.\",\"potentialAction\":[{\"@type\":\"SearchAction\",\"target\":{\"@type\":\"EntryPoint\",\"urlTemplate\":\"https:\/\/suomenkuvalehti.fi\/haku\/?q={search_term_string}\"},\"query-input\":{\"@type\":\"PropertyValueSpecification\",\"valueRequired\":true,\"valueName\":\"search_term_string\"}}],\"inLanguage\":\"fi\"},{\"@type\":\"Person\",\"@id\":\"https:\/\/suomenkuvalehti.fi\/kuvien-takaa\/#\/schema\/person\/f3f657e4ad409e008f12af27bec60a23\",\"name\":\"Kalle Kinnunen\",\"image\":{\"@type\":\"ImageObject\",\"inLanguage\":\"fi\",\"@id\":\"https:\/\/suomenkuvalehti.fi\/kuvien-takaa\/#\/schema\/person\/image\/\",\"url\":\"https:\/\/suomenkuvalehti.fi\/kuvien-takaa\/wp-content\/uploads\/sites\/11\/2022\/04\/kalle_kinnunen_blogi-1-150x150.jpg\",\"contentUrl\":\"https:\/\/suomenkuvalehti.fi\/kuvien-takaa\/wp-content\/uploads\/sites\/11\/2022\/04\/kalle_kinnunen_blogi-1-150x150.jpg\",\"caption\":\"Kalle Kinnunen\"},\"description\":\"Kalle Kinnunen on vapaa toimittaja ja Suomen Kuvalehden avustaja.\",\"sameAs\":[\"https:\/\/www.facebook.com\/pages\/Kalle-Kinnunen-Kuvien-takaa\/190326157715410?fref=ts\",\"https:\/\/x.com\/https:\/\/twitter.com\/kallekinnunen\"]}]}<\/script>\n<!-- \/ Yoast SEO plugin. -->","yoast_head_json":{"title":"Arvoituksellinen, \u00e4lyk\u00e4s ja hauska Apinatyt\u00f6t on vuoden parhaita elokuvia - Kuvien takaa","robots":{"index":"index","follow":"follow","max-snippet":"max-snippet:-1","max-image-preview":"max-image-preview:large","max-video-preview":"max-video-preview:-1"},"canonical":"https:\/\/suomenkuvalehti.fi\/kuvien-takaa\/arvoituksellinen-alykas-ja-hauska-apinatytot-on-vuoden-parhaita-elokuvia\/","og_locale":"fi_FI","og_type":"article","og_title":"Arvoituksellinen, \u00e4lyk\u00e4s ja hauska Apinatyt\u00f6t on vuoden parhaita elokuvia - Kuvien takaa","og_description":"Kokosin alustavaa listaa vuoden kymmenest\u00e4 parhaasta elokuvasta. Palaan siihen joulun tienoilla, mutta yhden nimikkeen haluan nostaa nyt esiin. Ruotsalaisen Lisa Aschanin esikoispitk\u00e4 Apinatyt\u00f6t on niit\u00e4 elokuvia, joiden katsominen kerran ei riit\u00e4 &#82&hellip;","og_url":"https:\/\/suomenkuvalehti.fi\/kuvien-takaa\/arvoituksellinen-alykas-ja-hauska-apinatytot-on-vuoden-parhaita-elokuvia\/","og_site_name":"Kuvien takaa","article_author":"https:\/\/www.facebook.com\/pages\/Kalle-Kinnunen-Kuvien-takaa\/190326157715410?fref=ts","article_published_time":"2011-11-20T06:31:00+00:00","og_image":[{"width":2560,"height":1707,"url":"https:\/\/suomenkuvalehti.fi\/kuvien-takaa\/wp-content\/uploads\/sites\/11\/2022\/04\/kalle_kinnunen_blogi-1-scaled.jpg","type":"image\/jpeg"}],"author":"Kalle Kinnunen","twitter_card":"summary_large_image","twitter_creator":"@https:\/\/twitter.com\/kallekinnunen","twitter_misc":{"Written by":"Kalle Kinnunen","Est. reading time":"2 minuuttia"},"schema":{"@context":"https:\/\/schema.org","@graph":[{"@type":"WebPage","@id":"https:\/\/suomenkuvalehti.fi\/kuvien-takaa\/arvoituksellinen-alykas-ja-hauska-apinatytot-on-vuoden-parhaita-elokuvia\/","url":"https:\/\/suomenkuvalehti.fi\/kuvien-takaa\/arvoituksellinen-alykas-ja-hauska-apinatytot-on-vuoden-parhaita-elokuvia\/","name":"Arvoituksellinen, \u00e4lyk\u00e4s ja hauska Apinatyt\u00f6t on vuoden parhaita elokuvia - Kuvien takaa","isPartOf":{"@id":"https:\/\/suomenkuvalehti.fi\/kuvien-takaa\/#website"},"datePublished":"2011-11-20T06:31:00+00:00","author":{"@id":"https:\/\/suomenkuvalehti.fi\/kuvien-takaa\/#\/schema\/person\/f3f657e4ad409e008f12af27bec60a23"},"breadcrumb":{"@id":"https:\/\/suomenkuvalehti.fi\/kuvien-takaa\/arvoituksellinen-alykas-ja-hauska-apinatytot-on-vuoden-parhaita-elokuvia\/#breadcrumb"},"inLanguage":"fi","potentialAction":[{"@type":"ReadAction","target":["https:\/\/suomenkuvalehti.fi\/kuvien-takaa\/arvoituksellinen-alykas-ja-hauska-apinatytot-on-vuoden-parhaita-elokuvia\/"]}]},{"@type":"BreadcrumbList","@id":"https:\/\/suomenkuvalehti.fi\/kuvien-takaa\/arvoituksellinen-alykas-ja-hauska-apinatytot-on-vuoden-parhaita-elokuvia\/#breadcrumb","itemListElement":[{"@type":"ListItem","position":1,"name":"Home","item":"https:\/\/suomenkuvalehti.fi\/kuvien-takaa\/"},{"@type":"ListItem","position":2,"name":"Arvoituksellinen, \u00e4lyk\u00e4s ja hauska Apinatyt\u00f6t on vuoden parhaita elokuvia"}]},{"@type":"WebSite","@id":"https:\/\/suomenkuvalehti.fi\/kuvien-takaa\/#website","url":"https:\/\/suomenkuvalehti.fi\/kuvien-takaa\/","name":"Kuvien takaa","description":"Elokuvakriitikko Kalle Kinnusen elokuvablogi.","potentialAction":[{"@type":"SearchAction","target":{"@type":"EntryPoint","urlTemplate":"https:\/\/suomenkuvalehti.fi\/haku\/?q={search_term_string}"},"query-input":{"@type":"PropertyValueSpecification","valueRequired":true,"valueName":"search_term_string"}}],"inLanguage":"fi"},{"@type":"Person","@id":"https:\/\/suomenkuvalehti.fi\/kuvien-takaa\/#\/schema\/person\/f3f657e4ad409e008f12af27bec60a23","name":"Kalle Kinnunen","image":{"@type":"ImageObject","inLanguage":"fi","@id":"https:\/\/suomenkuvalehti.fi\/kuvien-takaa\/#\/schema\/person\/image\/","url":"https:\/\/suomenkuvalehti.fi\/kuvien-takaa\/wp-content\/uploads\/sites\/11\/2022\/04\/kalle_kinnunen_blogi-1-150x150.jpg","contentUrl":"https:\/\/suomenkuvalehti.fi\/kuvien-takaa\/wp-content\/uploads\/sites\/11\/2022\/04\/kalle_kinnunen_blogi-1-150x150.jpg","caption":"Kalle Kinnunen"},"description":"Kalle Kinnunen on vapaa toimittaja ja Suomen Kuvalehden avustaja.","sameAs":["https:\/\/www.facebook.com\/pages\/Kalle-Kinnunen-Kuvien-takaa\/190326157715410?fref=ts","https:\/\/x.com\/https:\/\/twitter.com\/kallekinnunen"]}]}},"_links":{"self":[{"href":"https:\/\/suomenkuvalehti.fi\/kuvien-takaa\/wp-json\/wp\/v2\/posts\/524","targetHints":{"allow":["GET"]}}],"collection":[{"href":"https:\/\/suomenkuvalehti.fi\/kuvien-takaa\/wp-json\/wp\/v2\/posts"}],"about":[{"href":"https:\/\/suomenkuvalehti.fi\/kuvien-takaa\/wp-json\/wp\/v2\/types\/post"}],"author":[{"embeddable":true,"href":"https:\/\/suomenkuvalehti.fi\/kuvien-takaa\/wp-json\/wp\/v2\/users\/144"}],"replies":[{"embeddable":true,"href":"https:\/\/suomenkuvalehti.fi\/kuvien-takaa\/wp-json\/wp\/v2\/comments?post=524"}],"version-history":[{"count":0,"href":"https:\/\/suomenkuvalehti.fi\/kuvien-takaa\/wp-json\/wp\/v2\/posts\/524\/revisions"}],"wp:attachment":[{"href":"https:\/\/suomenkuvalehti.fi\/kuvien-takaa\/wp-json\/wp\/v2\/media?parent=524"}],"wp:term":[{"taxonomy":"category","embeddable":true,"href":"https:\/\/suomenkuvalehti.fi\/kuvien-takaa\/wp-json\/wp\/v2\/categories?post=524"},{"taxonomy":"post_tag","embeddable":true,"href":"https:\/\/suomenkuvalehti.fi\/kuvien-takaa\/wp-json\/wp\/v2\/tags?post=524"}],"curies":[{"name":"wp","href":"https:\/\/api.w.org\/{rel}","templated":true}]}}