{"id":514,"date":"2011-12-19T06:01:00","date_gmt":"2011-12-19T04:01:00","guid":{"rendered":"https:\/\/suomenkuvalehti.fi\/kuvientakaa\/2011\/12\/19\/twitter-katsomo-pian-oopperaan-ja-elokuvateatteriin\/"},"modified":"2013-11-30T16:24:27","modified_gmt":"2013-11-30T14:24:27","slug":"twitter-katsomo-pian-oopperaan-ja-elokuvateatteriin","status":"publish","type":"post","link":"https:\/\/suomenkuvalehti.fi\/kuvien-takaa\/twitter-katsomo-pian-oopperaan-ja-elokuvateatteriin\/","title":{"rendered":"Twitter-katsomo pian oopperaan ja elokuvateatteriin?"},"content":{"rendered":"\n<p>Kirjoitin taannoin Twitterist\u00e4. Sosiaalisen median vaikutusta esimerkiksi positiivisen elokuvakokemuksen jakamisessa (ja kielt\u00e4m\u00e4tt\u00e4 t\u00e4ll\u00e4 tavalla my\u00f6s leffan tuoton kasvattamisessa) ei pid\u00e4 v\u00e4heksy\u00e4. Ehk\u00e4 siin\u00e4 ollaan menossa Yhdysvalloissa kuitenkin liian pitk\u00e4lle.<\/p>\n\n\n\n\n<p><a href=\"http:\/\/www.avclub.com\/articles\/todays-sign-of-the-apocalypse-theaters-setting-asi%2C66072\/\">The Onion AV Clubin jutussa<\/a> kerrotaan, kuinka teattereihin ja oopperataloihin on rajattu katsomoalueita niille, jotka haluavat raportoida el\u00e4myksest\u00e4 suoraan sosiaaliseen mediaan, twiitteina.<\/p>\n\n\n\n<p>Ei, t\u00e4m\u00e4 ei ole mielest\u00e4ni hyv\u00e4\u00e4 Twitterin k\u00e4ytt\u00f6\u00e4 tai suotavaa k\u00e4yt\u00f6st\u00e4 muutenkaan.<\/p>\n\n\n\n<p>Mutta kuten <a href=\"http:\/\/www.hollywoodreporter.com\/race\/david-denby-girl-with-dragon-tattoo-david-fincher-scott-rudin-270143?utm_source=dlvr.it&amp;utm_medium=twitter\"><strong>David Fincher<\/strong> kommentoi<\/a> pari viikkoa sitten <a href=\"https:\/\/suomenkuvalehti.fi\/kuvientakaa\/2011\/12\/06\/the-girl-with-the-dragon-tattoon-ensimmainen-arvostelu-nosti-myrskyn\/\">Dragon Tattoo-embargokohua<\/a>: <em>&#8221;The most valuable film critics are usually those people who come see a movie with their Blackberry and then text their friends &#8217;It sucked,&#8217; or &#8217;It&#8217;s awesome &#8212; You should see it.&#8221;<\/em><\/p>\n\n\n\n<p><a href=\"http:\/\/fi.wikipedia.org\/wiki\/BlackBerry\">(Blackberry<\/a> on siis USA:n yleisin, yksinkertainen \u00e4lypuhelin.)<\/p>\n\n\n\n<p>Fincher on pitk\u00e4lti oikeassa. Kun kyse on isolla markkinointi-iskulla k\u00e4ynnistett\u00e4v\u00e4st\u00e4 valtavirran elokuvasta, ei kriitikoilla ole laatumielikuvan levi\u00e4misess\u00e4 niin paljoa vaikutusta kuin ensimm\u00e4isen aallon katsojilta yst\u00e4ville (etenkin nyt sosiaalisessa mediassa) levi\u00e4v\u00e4ll\u00e4 viestill\u00e4. Elokuva oli joko hyv\u00e4 tai huono, ja se kerrotaan eteenp\u00e4in, koska sen eteenp\u00e4in kertominen on hauskaa ja helppoa.<\/p>\n\n\n\n<p>Kuten kirjoitin, <a href=\"https:\/\/suomenkuvalehti.fi\/kuvientakaa\/2011\/12\/14\/twitter-tarjoaa-miellyttavaa-informaatioahkya-tai-runsaudenpulaa-elokuvaharrastajalle\/\">Twitter tarjoaa paljon<\/a>. Se on enemm\u00e4n kuin ajanvietett\u00e4, siis nimenomaan hy\u00f6dyllisempi kuin Facebook.<\/p>\n\n\n\n<p>Tasapainottelua, t\u00e4m\u00e4kin. Toivottavasti twitter-katsomot ovat kuitenkin vain ylimenokauden ilmi\u00f6.<\/p>\n\n\n","protected":false},"excerpt":{"rendered":"<p>Kirjoitin taannoin Twitterist\u00e4. Sosiaalisen median vaikutusta esimerkiksi positiivisen elokuvakokemuksen jakamisessa (ja kielt\u00e4m\u00e4tt\u00e4 t\u00e4ll\u00e4 tavalla my\u00f6s leffan tuoton kasvattamisessa) ei pid\u00e4 v\u00e4heksy\u00e4. Ehk\u00e4 siin\u00e4 ollaan menossa Yhdysvalloissa kuitenkin liian<br \/>\npitk\u00e4lle. T&hellip;<\/p>\n","protected":false},"author":144,"featured_media":0,"comment_status":"open","ping_status":"open","sticky":false,"template":"","format":"standard","meta":{"_acf_changed":false,"asauth_required_access_level":0,"asauth_cansharepaid":"","om_header_attributes":[],"footnotes":"","om_featured_image_focal_point":[],"om_primary_tag":0,"om_contributors":[],"om_co_authors":[],"beyondwords_generate_audio":"","beyondwords_project_id":"","beyondwords_content_id":"","beyondwords_preview_token":"","beyondwords_player_content":"","beyondwords_player_style":"","beyondwords_language_code":"","beyondwords_language_id":"","beyondwords_title_voice_id":"","beyondwords_body_voice_id":"","beyondwords_summary_voice_id":"","beyondwords_error_message":"","beyondwords_disabled":"","beyondwords_delete_content":"","beyondwords_podcast_id":"","beyondwords_hash":"","publish_post_to_speechkit":"","speechkit_hash":"","speechkit_generate_audio":"","speechkit_project_id":"","speechkit_podcast_id":"","speechkit_error_message":"","speechkit_disabled":"","speechkit_access_key":"","speechkit_error":"","speechkit_info":"","speechkit_response":"","speechkit_retries":"","speechkit_status":"","speechkit_updated_at":"","_speechkit_link":"","_speechkit_text":""},"categories":[1],"tags":[99,51,254],"class_list":["post-514","post","type-post","status-publish","format-standard","hentry","category-kuvien-takaa","tag-elokuvateatterit","tag-sosiaalinen-media","tag-twitter"],"om_views":null,"acf":{"tuuma_off":false,"tuuma_kysymys":"","tuuma_vastaus":""},"asauth":{"required_access_level":1,"share_token":"","is_paid":false},"yoast_head":"<!-- This site is optimized with the Yoast SEO plugin v26.4 - https:\/\/yoast.com\/wordpress\/plugins\/seo\/ -->\n<title>Twitter-katsomo pian oopperaan ja elokuvateatteriin? - Kuvien takaa<\/title>\n<meta name=\"robots\" content=\"index, follow, max-snippet:-1, max-image-preview:large, max-video-preview:-1\" \/>\n<link rel=\"canonical\" href=\"https:\/\/suomenkuvalehti.fi\/kuvien-takaa\/twitter-katsomo-pian-oopperaan-ja-elokuvateatteriin\/\" \/>\n<meta property=\"og:locale\" content=\"fi_FI\" \/>\n<meta property=\"og:type\" content=\"article\" \/>\n<meta property=\"og:title\" content=\"Twitter-katsomo pian oopperaan ja elokuvateatteriin? - Kuvien takaa\" \/>\n<meta property=\"og:description\" content=\"Kirjoitin taannoin Twitterist\u00e4. Sosiaalisen median vaikutusta esimerkiksi positiivisen elokuvakokemuksen jakamisessa (ja kielt\u00e4m\u00e4tt\u00e4 t\u00e4ll\u00e4 tavalla my\u00f6s leffan tuoton kasvattamisessa) ei pid\u00e4 v\u00e4heksy\u00e4. Ehk\u00e4 siin\u00e4 ollaan menossa Yhdysvalloissa kuitenkin liian pitk\u00e4lle. T&hellip;\" \/>\n<meta property=\"og:url\" content=\"https:\/\/suomenkuvalehti.fi\/kuvien-takaa\/twitter-katsomo-pian-oopperaan-ja-elokuvateatteriin\/\" \/>\n<meta property=\"og:site_name\" content=\"Kuvien takaa\" \/>\n<meta property=\"article:author\" content=\"https:\/\/www.facebook.com\/pages\/Kalle-Kinnunen-Kuvien-takaa\/190326157715410?fref=ts\" \/>\n<meta property=\"article:published_time\" content=\"2011-12-19T04:01:00+00:00\" \/>\n<meta property=\"article:modified_time\" content=\"2013-11-30T14:24:27+00:00\" \/>\n<meta property=\"og:image\" content=\"https:\/\/suomenkuvalehti.fi\/kuvien-takaa\/wp-content\/uploads\/sites\/11\/2022\/04\/kalle_kinnunen_blogi-1-scaled.jpg\" \/>\n\t<meta property=\"og:image:width\" content=\"2560\" \/>\n\t<meta property=\"og:image:height\" content=\"1707\" \/>\n\t<meta property=\"og:image:type\" content=\"image\/jpeg\" \/>\n<meta name=\"author\" content=\"Kalle Kinnunen\" \/>\n<meta name=\"twitter:card\" content=\"summary_large_image\" \/>\n<meta name=\"twitter:creator\" content=\"@https:\/\/twitter.com\/kallekinnunen\" \/>\n<meta name=\"twitter:label1\" content=\"Written by\" \/>\n\t<meta name=\"twitter:data1\" content=\"Kalle Kinnunen\" \/>\n\t<meta name=\"twitter:label2\" content=\"Est. reading time\" \/>\n\t<meta name=\"twitter:data2\" content=\"1 minuutti\" \/>\n<script type=\"application\/ld+json\" class=\"yoast-schema-graph\">{\"@context\":\"https:\/\/schema.org\",\"@graph\":[{\"@type\":\"WebPage\",\"@id\":\"https:\/\/suomenkuvalehti.fi\/kuvien-takaa\/twitter-katsomo-pian-oopperaan-ja-elokuvateatteriin\/\",\"url\":\"https:\/\/suomenkuvalehti.fi\/kuvien-takaa\/twitter-katsomo-pian-oopperaan-ja-elokuvateatteriin\/\",\"name\":\"Twitter-katsomo pian oopperaan ja elokuvateatteriin? - Kuvien takaa\",\"isPartOf\":{\"@id\":\"https:\/\/suomenkuvalehti.fi\/kuvien-takaa\/#website\"},\"datePublished\":\"2011-12-19T04:01:00+00:00\",\"dateModified\":\"2013-11-30T14:24:27+00:00\",\"author\":{\"@id\":\"https:\/\/suomenkuvalehti.fi\/kuvien-takaa\/#\/schema\/person\/f3f657e4ad409e008f12af27bec60a23\"},\"breadcrumb\":{\"@id\":\"https:\/\/suomenkuvalehti.fi\/kuvien-takaa\/twitter-katsomo-pian-oopperaan-ja-elokuvateatteriin\/#breadcrumb\"},\"inLanguage\":\"fi\",\"potentialAction\":[{\"@type\":\"ReadAction\",\"target\":[\"https:\/\/suomenkuvalehti.fi\/kuvien-takaa\/twitter-katsomo-pian-oopperaan-ja-elokuvateatteriin\/\"]}]},{\"@type\":\"BreadcrumbList\",\"@id\":\"https:\/\/suomenkuvalehti.fi\/kuvien-takaa\/twitter-katsomo-pian-oopperaan-ja-elokuvateatteriin\/#breadcrumb\",\"itemListElement\":[{\"@type\":\"ListItem\",\"position\":1,\"name\":\"Home\",\"item\":\"https:\/\/suomenkuvalehti.fi\/kuvien-takaa\/\"},{\"@type\":\"ListItem\",\"position\":2,\"name\":\"Twitter-katsomo pian oopperaan ja elokuvateatteriin?\"}]},{\"@type\":\"WebSite\",\"@id\":\"https:\/\/suomenkuvalehti.fi\/kuvien-takaa\/#website\",\"url\":\"https:\/\/suomenkuvalehti.fi\/kuvien-takaa\/\",\"name\":\"Kuvien takaa\",\"description\":\"Elokuvakriitikko Kalle Kinnusen elokuvablogi.\",\"potentialAction\":[{\"@type\":\"SearchAction\",\"target\":{\"@type\":\"EntryPoint\",\"urlTemplate\":\"https:\/\/suomenkuvalehti.fi\/haku\/?q={search_term_string}\"},\"query-input\":{\"@type\":\"PropertyValueSpecification\",\"valueRequired\":true,\"valueName\":\"search_term_string\"}}],\"inLanguage\":\"fi\"},{\"@type\":\"Person\",\"@id\":\"https:\/\/suomenkuvalehti.fi\/kuvien-takaa\/#\/schema\/person\/f3f657e4ad409e008f12af27bec60a23\",\"name\":\"Kalle Kinnunen\",\"image\":{\"@type\":\"ImageObject\",\"inLanguage\":\"fi\",\"@id\":\"https:\/\/suomenkuvalehti.fi\/kuvien-takaa\/#\/schema\/person\/image\/\",\"url\":\"https:\/\/suomenkuvalehti.fi\/kuvien-takaa\/wp-content\/uploads\/sites\/11\/2022\/04\/kalle_kinnunen_blogi-1-150x150.jpg\",\"contentUrl\":\"https:\/\/suomenkuvalehti.fi\/kuvien-takaa\/wp-content\/uploads\/sites\/11\/2022\/04\/kalle_kinnunen_blogi-1-150x150.jpg\",\"caption\":\"Kalle Kinnunen\"},\"description\":\"Kalle Kinnunen on vapaa toimittaja ja Suomen Kuvalehden avustaja.\",\"sameAs\":[\"https:\/\/www.facebook.com\/pages\/Kalle-Kinnunen-Kuvien-takaa\/190326157715410?fref=ts\",\"https:\/\/x.com\/https:\/\/twitter.com\/kallekinnunen\"]}]}<\/script>\n<!-- \/ Yoast SEO plugin. -->","yoast_head_json":{"title":"Twitter-katsomo pian oopperaan ja elokuvateatteriin? - Kuvien takaa","robots":{"index":"index","follow":"follow","max-snippet":"max-snippet:-1","max-image-preview":"max-image-preview:large","max-video-preview":"max-video-preview:-1"},"canonical":"https:\/\/suomenkuvalehti.fi\/kuvien-takaa\/twitter-katsomo-pian-oopperaan-ja-elokuvateatteriin\/","og_locale":"fi_FI","og_type":"article","og_title":"Twitter-katsomo pian oopperaan ja elokuvateatteriin? - Kuvien takaa","og_description":"Kirjoitin taannoin Twitterist\u00e4. Sosiaalisen median vaikutusta esimerkiksi positiivisen elokuvakokemuksen jakamisessa (ja kielt\u00e4m\u00e4tt\u00e4 t\u00e4ll\u00e4 tavalla my\u00f6s leffan tuoton kasvattamisessa) ei pid\u00e4 v\u00e4heksy\u00e4. Ehk\u00e4 siin\u00e4 ollaan menossa Yhdysvalloissa kuitenkin liian pitk\u00e4lle. T&hellip;","og_url":"https:\/\/suomenkuvalehti.fi\/kuvien-takaa\/twitter-katsomo-pian-oopperaan-ja-elokuvateatteriin\/","og_site_name":"Kuvien takaa","article_author":"https:\/\/www.facebook.com\/pages\/Kalle-Kinnunen-Kuvien-takaa\/190326157715410?fref=ts","article_published_time":"2011-12-19T04:01:00+00:00","article_modified_time":"2013-11-30T14:24:27+00:00","og_image":[{"width":2560,"height":1707,"url":"https:\/\/suomenkuvalehti.fi\/kuvien-takaa\/wp-content\/uploads\/sites\/11\/2022\/04\/kalle_kinnunen_blogi-1-scaled.jpg","type":"image\/jpeg"}],"author":"Kalle Kinnunen","twitter_card":"summary_large_image","twitter_creator":"@https:\/\/twitter.com\/kallekinnunen","twitter_misc":{"Written by":"Kalle Kinnunen","Est. reading time":"1 minuutti"},"schema":{"@context":"https:\/\/schema.org","@graph":[{"@type":"WebPage","@id":"https:\/\/suomenkuvalehti.fi\/kuvien-takaa\/twitter-katsomo-pian-oopperaan-ja-elokuvateatteriin\/","url":"https:\/\/suomenkuvalehti.fi\/kuvien-takaa\/twitter-katsomo-pian-oopperaan-ja-elokuvateatteriin\/","name":"Twitter-katsomo pian oopperaan ja elokuvateatteriin? - Kuvien takaa","isPartOf":{"@id":"https:\/\/suomenkuvalehti.fi\/kuvien-takaa\/#website"},"datePublished":"2011-12-19T04:01:00+00:00","dateModified":"2013-11-30T14:24:27+00:00","author":{"@id":"https:\/\/suomenkuvalehti.fi\/kuvien-takaa\/#\/schema\/person\/f3f657e4ad409e008f12af27bec60a23"},"breadcrumb":{"@id":"https:\/\/suomenkuvalehti.fi\/kuvien-takaa\/twitter-katsomo-pian-oopperaan-ja-elokuvateatteriin\/#breadcrumb"},"inLanguage":"fi","potentialAction":[{"@type":"ReadAction","target":["https:\/\/suomenkuvalehti.fi\/kuvien-takaa\/twitter-katsomo-pian-oopperaan-ja-elokuvateatteriin\/"]}]},{"@type":"BreadcrumbList","@id":"https:\/\/suomenkuvalehti.fi\/kuvien-takaa\/twitter-katsomo-pian-oopperaan-ja-elokuvateatteriin\/#breadcrumb","itemListElement":[{"@type":"ListItem","position":1,"name":"Home","item":"https:\/\/suomenkuvalehti.fi\/kuvien-takaa\/"},{"@type":"ListItem","position":2,"name":"Twitter-katsomo pian oopperaan ja elokuvateatteriin?"}]},{"@type":"WebSite","@id":"https:\/\/suomenkuvalehti.fi\/kuvien-takaa\/#website","url":"https:\/\/suomenkuvalehti.fi\/kuvien-takaa\/","name":"Kuvien takaa","description":"Elokuvakriitikko Kalle Kinnusen elokuvablogi.","potentialAction":[{"@type":"SearchAction","target":{"@type":"EntryPoint","urlTemplate":"https:\/\/suomenkuvalehti.fi\/haku\/?q={search_term_string}"},"query-input":{"@type":"PropertyValueSpecification","valueRequired":true,"valueName":"search_term_string"}}],"inLanguage":"fi"},{"@type":"Person","@id":"https:\/\/suomenkuvalehti.fi\/kuvien-takaa\/#\/schema\/person\/f3f657e4ad409e008f12af27bec60a23","name":"Kalle Kinnunen","image":{"@type":"ImageObject","inLanguage":"fi","@id":"https:\/\/suomenkuvalehti.fi\/kuvien-takaa\/#\/schema\/person\/image\/","url":"https:\/\/suomenkuvalehti.fi\/kuvien-takaa\/wp-content\/uploads\/sites\/11\/2022\/04\/kalle_kinnunen_blogi-1-150x150.jpg","contentUrl":"https:\/\/suomenkuvalehti.fi\/kuvien-takaa\/wp-content\/uploads\/sites\/11\/2022\/04\/kalle_kinnunen_blogi-1-150x150.jpg","caption":"Kalle Kinnunen"},"description":"Kalle Kinnunen on vapaa toimittaja ja Suomen Kuvalehden avustaja.","sameAs":["https:\/\/www.facebook.com\/pages\/Kalle-Kinnunen-Kuvien-takaa\/190326157715410?fref=ts","https:\/\/x.com\/https:\/\/twitter.com\/kallekinnunen"]}]}},"_links":{"self":[{"href":"https:\/\/suomenkuvalehti.fi\/kuvien-takaa\/wp-json\/wp\/v2\/posts\/514","targetHints":{"allow":["GET"]}}],"collection":[{"href":"https:\/\/suomenkuvalehti.fi\/kuvien-takaa\/wp-json\/wp\/v2\/posts"}],"about":[{"href":"https:\/\/suomenkuvalehti.fi\/kuvien-takaa\/wp-json\/wp\/v2\/types\/post"}],"author":[{"embeddable":true,"href":"https:\/\/suomenkuvalehti.fi\/kuvien-takaa\/wp-json\/wp\/v2\/users\/144"}],"replies":[{"embeddable":true,"href":"https:\/\/suomenkuvalehti.fi\/kuvien-takaa\/wp-json\/wp\/v2\/comments?post=514"}],"version-history":[{"count":1,"href":"https:\/\/suomenkuvalehti.fi\/kuvien-takaa\/wp-json\/wp\/v2\/posts\/514\/revisions"}],"predecessor-version":[{"id":1296,"href":"https:\/\/suomenkuvalehti.fi\/kuvien-takaa\/wp-json\/wp\/v2\/posts\/514\/revisions\/1296"}],"wp:attachment":[{"href":"https:\/\/suomenkuvalehti.fi\/kuvien-takaa\/wp-json\/wp\/v2\/media?parent=514"}],"wp:term":[{"taxonomy":"category","embeddable":true,"href":"https:\/\/suomenkuvalehti.fi\/kuvien-takaa\/wp-json\/wp\/v2\/categories?post=514"},{"taxonomy":"post_tag","embeddable":true,"href":"https:\/\/suomenkuvalehti.fi\/kuvien-takaa\/wp-json\/wp\/v2\/tags?post=514"}],"curies":[{"name":"wp","href":"https:\/\/api.w.org\/{rel}","templated":true}]}}