{"id":5130,"date":"2019-09-25T10:49:00","date_gmt":"2019-09-25T07:49:00","guid":{"rendered":"https:\/\/suomenkuvalehti.fi\/kuvien-takaa\/?p=5130"},"modified":"2019-09-25T10:53:14","modified_gmt":"2019-09-25T07:53:14","slug":"suomi-ilmio-sadomasorakkauskomedia-koirat-eivat-kayta-housuja-on-pieni-globaali-festivaali-ilmio","status":"publish","type":"post","link":"https:\/\/suomenkuvalehti.fi\/kuvien-takaa\/suomi-ilmio-sadomasorakkauskomedia-koirat-eivat-kayta-housuja-on-pieni-globaali-festivaali-ilmio\/","title":{"rendered":"Suomi-ilmi\u00f6: sadomasorakkauskomedia Koirat eiv\u00e4t k\u00e4yt\u00e4 housuja on jo globaali festivaalihitti"},"content":{"rendered":"\n<p><em>Koirat eiv\u00e4t k\u00e4yt\u00e4 housuja<\/em> voitti Texasin Austinissa eilen palkinnon.<\/p>\n\n\n\n<p>Ei mink\u00e4 tahansa tunnustuksen, leffafestareitahan pallolla piisaa, vaan Yhdysvaltojen t\u00e4rkeimm\u00e4n &#8221;genre-elokuvatapahtuman&#8221; Fantastic Festin p\u00e4\u00e4palkinnon.<\/p>\n\n\n\n<p><strong>Jukka-Pekka Valkeap\u00e4\u00e4n<\/strong> ohjaaman ja kirjoittaman elokuvan noste alkoi Cannesista Directors&#8217; Fortnight -sarjasta \u2013 sinne valituksi tuleminen oli saavutus sin\u00e4ns\u00e4 \u2013 ja jatkui n\u00e4in my\u00f6s kaupallisemmassa kontekstissa suositulla yleis\u00f6festivaalilla. (My\u00f6s palkinnon suhteen kirjaimellisesti: Fantastic Festin kilpasarjan tuomaristo koostui p\u00e4\u00e4asiassa esitys- ja levitysalan ammattilaisista.)<\/p>\n\n\n\n<p>T\u00e4rke\u00e4 <a href=\"https:\/\/variety.com\/2019\/film\/reviews\/dogs-dont-wear-pants-review-1203239243\/\">Varietyn arvio<\/a>, joka ilmestyi Cannes-nosteen j\u00e4lkeen, oli sekin positiivinen.<\/p>\n\n\n\n<p>Sit\u00e4 voi ainakin nyt pit\u00e4\u00e4 melko varmana, ett\u00e4 mustalla huumorilla maustettu BDSM-rakkaus- ja surutarina Koirat eiv\u00e4t k\u00e4yt\u00e4 housuja saa Yhdysvalloissa levityksen. Se on suomalaiselle elokuvalle edelleen harvinaista. Muualle levityssopimuksia on jo tehty. Esimerkiksi Briteiss\u00e4 elokuva tulee valkokankaille pienelt\u00e4, vaihtoehtoelokuvaan erikoistuneelta Antiworldsilta, joka on my\u00f6s <strong>Peter Stricklandin<\/strong> seuraavan elokuvan yhteistuottaja. Valkeap\u00e4\u00e4n teos tulee levi\u00e4m\u00e4\u00e4n my\u00f6s esimerkiksi Ven\u00e4j\u00e4n ja Japanin elokuvateattereihin.<\/p>\n\n\n\n<p>Nyt k\u00e4ynniss\u00e4 on silti viel\u00e4 enemm\u00e4nkin festivaalikierros. Pohjois-Amerikan ensiesitys oli Toronton festivaaleilla jo ennen Austinia. Viikko sitten Koirat sai Crossovers-esityssarjan p\u00e4\u00e4palkinnon Strasbourgin fantasiaelokuvafestivaaleilla. Elokuva ja Valkeap\u00e4\u00e4 ovat matkustamassa seuraavaksi Korean Busaniin ja Lontoon elokuvajuhlille.<\/p>\n\n\n<p><iframe loading=\"lazy\" width=\"630\" height=\"354\" src=\"https:\/\/www.youtube.com\/embed\/qPIDGnpBjZA?feature=oembed\" frameborder=\"0\" allow=\"accelerometer; autoplay; encrypted-media; gyroscope; picture-in-picture\" allowfullscreen><\/iframe><\/p>\n\n<p>Samalla t\u00e4ytyy lis\u00e4t\u00e4, ett\u00e4 kaikki on suhteellista. Koirat eiv\u00e4t k\u00e4yt\u00e4 housuja ei ole suuren yleis\u00f6n elokuva, eik\u00e4 edes suuren genre-yleis\u00f6n elokuva. Se saa varmaankin Suomessa kymmenkertaisen m\u00e4\u00e4r\u00e4n katsojia Valkeap\u00e4\u00e4n edellisiin elokuviin verrattuna, kahdesta syyst\u00e4: se on helpommin l\u00e4hestytt\u00e4v\u00e4 (ja paljon hauskempi) kuin <em>Muukalainen<\/em> ja <em>He ovat paenneet<\/em>, ja nyt kansainv\u00e4liset tapahtumat ja positiivisten uutisten n\u00e4kyvyys markkinoivat sit\u00e4 ns. festarijengi\u00e4 laajemmalle suomalaisyleis\u00f6lle. Valkeap\u00e4\u00e4n edellisten elokuvien katsojam\u00e4\u00e4r\u00e4t olivatkin hyvin pieni\u00e4, mihin jopa Markkinointi &amp; Mainonta -lehti <a href=\"https:\/\/www.marmai.fi\/uutiset\/suomen-paras-elokuva-oli-taysi-floppi\/1d46b74f-445b-3c3e-beb5-cabc50c0904a\">on ottanut kantaa<\/a>. Tietysti Suomessa auttavat my\u00f6s p\u00e4\u00e4osien tutut n\u00e4yttelij\u00e4t <strong>Krista Kosonen<\/strong> ja <strong>Pekka Strang<\/strong>.<\/p>\n\n\n\n<p>Ent\u00e4 muualla?<\/p>\n\n\n\n<p>Nimenomaan &#8221;genre-yleis\u00f6n&#8221; tavoittaminen \u2013 t\u00e4m\u00e4 k\u00e4sitehirvi\u00f6 viittaa oikeastaan kaikkiin tarinallisiin elokuviin, jotka eiv\u00e4t ole realistista draamaa, mutta yleens\u00e4 etenkin kauhuun, fantasiaan tai v\u00e4hint\u00e4\u00e4n eksentrisyyteen \u2013 helpottaa tiet\u00e4 maailmalle. N\u00e4in v\u00e4littyy viesti, ett\u00e4 t\u00e4ss\u00e4 on jotain positiivisesti eriskummallista, vaikka Koirat ei ole miss\u00e4\u00e4n tapauksessa kauhua tai fantasiaakaan.<\/p>\n\n\n\n<p>Se on sek\u00e4 hyv\u00e4 elokuva <em>ett\u00e4<\/em> puheenaihe \u2013 paras mahdollinen yhdistelm\u00e4.<\/p>\n\n\n\n<p>Viimeist\u00e4\u00e4n nyt elokuva asettuu <em>Rare Exportsin<\/em> ja <em>Hymyilev\u00e4n miehen<\/em> kannoille 2010-luvun kotimaisten kansainv\u00e4listen l\u00e4pimurtojen sarjaan. Ne olivat esikoisohjauksia, Valkeap\u00e4\u00e4n uralla teos on kolmas. Festivaalimenestyksen puolesta kategoriaan kuuluvat my\u00f6s ainakin <strong>Selma Vilhusen<\/strong> ja <strong>Dome Karukosken<\/strong> elokuvat sek\u00e4 <strong>Teemu Nikin<\/strong> <em>Armomurhaaja<\/em>.<\/p>\n\n\n\n<p>Suomessa Koirat eiv\u00e4t k\u00e4yt\u00e4 housuja tulee elokuvateattereihin 1.11.<\/p>\n\n\n","protected":false},"excerpt":{"rendered":"<p>Koirat eiv\u00e4t k\u00e4yt\u00e4 housuja voitti Texasin Austinissa eilen palkinnon. Ei mink\u00e4 tahansa tunnustuksen, leffafestareitahan pallolla piisaa, vaan Yhdysvaltojen t\u00e4rkeimm\u00e4n &#8221;genre-elokuvatapahtuman&#8221; Fantastic Festin<br \/>\np\u00e4\u00e4pa&hellip;<\/p>\n","protected":false},"author":144,"featured_media":0,"comment_status":"open","ping_status":"closed","sticky":false,"template":"","format":"standard","meta":{"_acf_changed":false,"asauth_required_access_level":3,"asauth_cansharepaid":"true","om_header_attributes":[],"footnotes":"","om_featured_image_focal_point":[],"om_primary_tag":0,"om_contributors":[],"om_co_authors":[],"beyondwords_generate_audio":"","beyondwords_project_id":"","beyondwords_content_id":"","beyondwords_preview_token":"","beyondwords_player_content":"","beyondwords_player_style":"","beyondwords_language_code":"","beyondwords_language_id":"","beyondwords_title_voice_id":"","beyondwords_body_voice_id":"","beyondwords_summary_voice_id":"","beyondwords_error_message":"","beyondwords_disabled":"","beyondwords_delete_content":"","beyondwords_podcast_id":"","beyondwords_hash":"","publish_post_to_speechkit":"","speechkit_hash":"","speechkit_generate_audio":"","speechkit_project_id":"","speechkit_podcast_id":"","speechkit_error_message":"","speechkit_disabled":"","speechkit_access_key":"","speechkit_error":"","speechkit_info":"","speechkit_response":"","speechkit_retries":"","speechkit_status":"","speechkit_updated_at":"","_speechkit_link":"","_speechkit_text":""},"categories":[1],"tags":[1238,2644],"class_list":["post-5130","post","type-post","status-publish","format-standard","hentry","category-kuvien-takaa","tag-jukka-pekka-valkeapaa","tag-koirat-eivat-kayta-housuja"],"om_views":null,"acf":{"tuuma_off":false,"tuuma_kysymys":"","tuuma_vastaus":""},"asauth":{"required_access_level":1,"share_token":"","is_paid":false},"yoast_head":"<!-- This site is optimized with the Yoast SEO plugin v26.4 - https:\/\/yoast.com\/wordpress\/plugins\/seo\/ -->\n<title>Suomi-ilmi\u00f6: sadomasorakkauskomedia Koirat eiv\u00e4t k\u00e4yt\u00e4 housuja on jo globaali festivaalihitti - Kuvien takaa<\/title>\n<meta name=\"robots\" content=\"index, follow, max-snippet:-1, max-image-preview:large, max-video-preview:-1\" \/>\n<link rel=\"canonical\" href=\"https:\/\/suomenkuvalehti.fi\/kuvien-takaa\/suomi-ilmio-sadomasorakkauskomedia-koirat-eivat-kayta-housuja-on-pieni-globaali-festivaali-ilmio\/\" \/>\n<meta property=\"og:locale\" content=\"fi_FI\" \/>\n<meta property=\"og:type\" content=\"article\" \/>\n<meta property=\"og:title\" content=\"Suomi-ilmi\u00f6: sadomasorakkauskomedia Koirat eiv\u00e4t k\u00e4yt\u00e4 housuja on jo globaali festivaalihitti - Kuvien takaa\" \/>\n<meta property=\"og:description\" content=\"Koirat eiv\u00e4t k\u00e4yt\u00e4 housuja voitti Texasin Austinissa eilen palkinnon. Ei mink\u00e4 tahansa tunnustuksen, leffafestareitahan pallolla piisaa, vaan Yhdysvaltojen t\u00e4rkeimm\u00e4n &#8221;genre-elokuvatapahtuman&#8221; Fantastic Festin p\u00e4\u00e4pa&hellip;\" \/>\n<meta property=\"og:url\" content=\"https:\/\/suomenkuvalehti.fi\/kuvien-takaa\/suomi-ilmio-sadomasorakkauskomedia-koirat-eivat-kayta-housuja-on-pieni-globaali-festivaali-ilmio\/\" \/>\n<meta property=\"og:site_name\" content=\"Kuvien takaa\" \/>\n<meta property=\"article:author\" content=\"https:\/\/www.facebook.com\/pages\/Kalle-Kinnunen-Kuvien-takaa\/190326157715410?fref=ts\" \/>\n<meta property=\"article:published_time\" content=\"2019-09-25T07:49:00+00:00\" \/>\n<meta property=\"article:modified_time\" content=\"2019-09-25T07:53:14+00:00\" \/>\n<meta property=\"og:image\" content=\"https:\/\/suomenkuvalehti.fi\/kuvien-takaa\/wp-content\/uploads\/sites\/11\/2022\/04\/kalle_kinnunen_blogi-1-scaled.jpg\" \/>\n\t<meta property=\"og:image:width\" content=\"2560\" \/>\n\t<meta property=\"og:image:height\" content=\"1707\" \/>\n\t<meta property=\"og:image:type\" content=\"image\/jpeg\" \/>\n<meta name=\"author\" content=\"Kalle Kinnunen\" \/>\n<meta name=\"twitter:card\" content=\"summary_large_image\" \/>\n<meta name=\"twitter:creator\" content=\"@https:\/\/twitter.com\/kallekinnunen\" \/>\n<meta name=\"twitter:label1\" content=\"Written by\" \/>\n\t<meta name=\"twitter:data1\" content=\"Kalle Kinnunen\" \/>\n\t<meta name=\"twitter:label2\" content=\"Est. reading time\" \/>\n\t<meta name=\"twitter:data2\" content=\"2 minuuttia\" \/>\n<script type=\"application\/ld+json\" class=\"yoast-schema-graph\">{\"@context\":\"https:\/\/schema.org\",\"@graph\":[{\"@type\":\"WebPage\",\"@id\":\"https:\/\/suomenkuvalehti.fi\/kuvien-takaa\/suomi-ilmio-sadomasorakkauskomedia-koirat-eivat-kayta-housuja-on-pieni-globaali-festivaali-ilmio\/\",\"url\":\"https:\/\/suomenkuvalehti.fi\/kuvien-takaa\/suomi-ilmio-sadomasorakkauskomedia-koirat-eivat-kayta-housuja-on-pieni-globaali-festivaali-ilmio\/\",\"name\":\"Suomi-ilmi\u00f6: sadomasorakkauskomedia Koirat eiv\u00e4t k\u00e4yt\u00e4 housuja on jo globaali festivaalihitti - Kuvien takaa\",\"isPartOf\":{\"@id\":\"https:\/\/suomenkuvalehti.fi\/kuvien-takaa\/#website\"},\"datePublished\":\"2019-09-25T07:49:00+00:00\",\"dateModified\":\"2019-09-25T07:53:14+00:00\",\"author\":{\"@id\":\"https:\/\/suomenkuvalehti.fi\/kuvien-takaa\/#\/schema\/person\/f3f657e4ad409e008f12af27bec60a23\"},\"breadcrumb\":{\"@id\":\"https:\/\/suomenkuvalehti.fi\/kuvien-takaa\/suomi-ilmio-sadomasorakkauskomedia-koirat-eivat-kayta-housuja-on-pieni-globaali-festivaali-ilmio\/#breadcrumb\"},\"inLanguage\":\"fi\",\"potentialAction\":[{\"@type\":\"ReadAction\",\"target\":[\"https:\/\/suomenkuvalehti.fi\/kuvien-takaa\/suomi-ilmio-sadomasorakkauskomedia-koirat-eivat-kayta-housuja-on-pieni-globaali-festivaali-ilmio\/\"]}]},{\"@type\":\"BreadcrumbList\",\"@id\":\"https:\/\/suomenkuvalehti.fi\/kuvien-takaa\/suomi-ilmio-sadomasorakkauskomedia-koirat-eivat-kayta-housuja-on-pieni-globaali-festivaali-ilmio\/#breadcrumb\",\"itemListElement\":[{\"@type\":\"ListItem\",\"position\":1,\"name\":\"Home\",\"item\":\"https:\/\/suomenkuvalehti.fi\/kuvien-takaa\/\"},{\"@type\":\"ListItem\",\"position\":2,\"name\":\"Suomi-ilmi\u00f6: sadomasorakkauskomedia Koirat eiv\u00e4t k\u00e4yt\u00e4 housuja on jo globaali festivaalihitti\"}]},{\"@type\":\"WebSite\",\"@id\":\"https:\/\/suomenkuvalehti.fi\/kuvien-takaa\/#website\",\"url\":\"https:\/\/suomenkuvalehti.fi\/kuvien-takaa\/\",\"name\":\"Kuvien takaa\",\"description\":\"Elokuvakriitikko Kalle Kinnusen elokuvablogi.\",\"potentialAction\":[{\"@type\":\"SearchAction\",\"target\":{\"@type\":\"EntryPoint\",\"urlTemplate\":\"https:\/\/suomenkuvalehti.fi\/haku\/?q={search_term_string}\"},\"query-input\":{\"@type\":\"PropertyValueSpecification\",\"valueRequired\":true,\"valueName\":\"search_term_string\"}}],\"inLanguage\":\"fi\"},{\"@type\":\"Person\",\"@id\":\"https:\/\/suomenkuvalehti.fi\/kuvien-takaa\/#\/schema\/person\/f3f657e4ad409e008f12af27bec60a23\",\"name\":\"Kalle Kinnunen\",\"image\":{\"@type\":\"ImageObject\",\"inLanguage\":\"fi\",\"@id\":\"https:\/\/suomenkuvalehti.fi\/kuvien-takaa\/#\/schema\/person\/image\/\",\"url\":\"https:\/\/suomenkuvalehti.fi\/kuvien-takaa\/wp-content\/uploads\/sites\/11\/2022\/04\/kalle_kinnunen_blogi-1-150x150.jpg\",\"contentUrl\":\"https:\/\/suomenkuvalehti.fi\/kuvien-takaa\/wp-content\/uploads\/sites\/11\/2022\/04\/kalle_kinnunen_blogi-1-150x150.jpg\",\"caption\":\"Kalle Kinnunen\"},\"description\":\"Kalle Kinnunen on vapaa toimittaja ja Suomen Kuvalehden avustaja.\",\"sameAs\":[\"https:\/\/www.facebook.com\/pages\/Kalle-Kinnunen-Kuvien-takaa\/190326157715410?fref=ts\",\"https:\/\/x.com\/https:\/\/twitter.com\/kallekinnunen\"]}]}<\/script>\n<!-- \/ Yoast SEO plugin. -->","yoast_head_json":{"title":"Suomi-ilmi\u00f6: sadomasorakkauskomedia Koirat eiv\u00e4t k\u00e4yt\u00e4 housuja on jo globaali festivaalihitti - Kuvien takaa","robots":{"index":"index","follow":"follow","max-snippet":"max-snippet:-1","max-image-preview":"max-image-preview:large","max-video-preview":"max-video-preview:-1"},"canonical":"https:\/\/suomenkuvalehti.fi\/kuvien-takaa\/suomi-ilmio-sadomasorakkauskomedia-koirat-eivat-kayta-housuja-on-pieni-globaali-festivaali-ilmio\/","og_locale":"fi_FI","og_type":"article","og_title":"Suomi-ilmi\u00f6: sadomasorakkauskomedia Koirat eiv\u00e4t k\u00e4yt\u00e4 housuja on jo globaali festivaalihitti - Kuvien takaa","og_description":"Koirat eiv\u00e4t k\u00e4yt\u00e4 housuja voitti Texasin Austinissa eilen palkinnon. Ei mink\u00e4 tahansa tunnustuksen, leffafestareitahan pallolla piisaa, vaan Yhdysvaltojen t\u00e4rkeimm\u00e4n &#8221;genre-elokuvatapahtuman&#8221; Fantastic Festin p\u00e4\u00e4pa&hellip;","og_url":"https:\/\/suomenkuvalehti.fi\/kuvien-takaa\/suomi-ilmio-sadomasorakkauskomedia-koirat-eivat-kayta-housuja-on-pieni-globaali-festivaali-ilmio\/","og_site_name":"Kuvien takaa","article_author":"https:\/\/www.facebook.com\/pages\/Kalle-Kinnunen-Kuvien-takaa\/190326157715410?fref=ts","article_published_time":"2019-09-25T07:49:00+00:00","article_modified_time":"2019-09-25T07:53:14+00:00","og_image":[{"width":2560,"height":1707,"url":"https:\/\/suomenkuvalehti.fi\/kuvien-takaa\/wp-content\/uploads\/sites\/11\/2022\/04\/kalle_kinnunen_blogi-1-scaled.jpg","type":"image\/jpeg"}],"author":"Kalle Kinnunen","twitter_card":"summary_large_image","twitter_creator":"@https:\/\/twitter.com\/kallekinnunen","twitter_misc":{"Written by":"Kalle Kinnunen","Est. reading time":"2 minuuttia"},"schema":{"@context":"https:\/\/schema.org","@graph":[{"@type":"WebPage","@id":"https:\/\/suomenkuvalehti.fi\/kuvien-takaa\/suomi-ilmio-sadomasorakkauskomedia-koirat-eivat-kayta-housuja-on-pieni-globaali-festivaali-ilmio\/","url":"https:\/\/suomenkuvalehti.fi\/kuvien-takaa\/suomi-ilmio-sadomasorakkauskomedia-koirat-eivat-kayta-housuja-on-pieni-globaali-festivaali-ilmio\/","name":"Suomi-ilmi\u00f6: sadomasorakkauskomedia Koirat eiv\u00e4t k\u00e4yt\u00e4 housuja on jo globaali festivaalihitti - Kuvien takaa","isPartOf":{"@id":"https:\/\/suomenkuvalehti.fi\/kuvien-takaa\/#website"},"datePublished":"2019-09-25T07:49:00+00:00","dateModified":"2019-09-25T07:53:14+00:00","author":{"@id":"https:\/\/suomenkuvalehti.fi\/kuvien-takaa\/#\/schema\/person\/f3f657e4ad409e008f12af27bec60a23"},"breadcrumb":{"@id":"https:\/\/suomenkuvalehti.fi\/kuvien-takaa\/suomi-ilmio-sadomasorakkauskomedia-koirat-eivat-kayta-housuja-on-pieni-globaali-festivaali-ilmio\/#breadcrumb"},"inLanguage":"fi","potentialAction":[{"@type":"ReadAction","target":["https:\/\/suomenkuvalehti.fi\/kuvien-takaa\/suomi-ilmio-sadomasorakkauskomedia-koirat-eivat-kayta-housuja-on-pieni-globaali-festivaali-ilmio\/"]}]},{"@type":"BreadcrumbList","@id":"https:\/\/suomenkuvalehti.fi\/kuvien-takaa\/suomi-ilmio-sadomasorakkauskomedia-koirat-eivat-kayta-housuja-on-pieni-globaali-festivaali-ilmio\/#breadcrumb","itemListElement":[{"@type":"ListItem","position":1,"name":"Home","item":"https:\/\/suomenkuvalehti.fi\/kuvien-takaa\/"},{"@type":"ListItem","position":2,"name":"Suomi-ilmi\u00f6: sadomasorakkauskomedia Koirat eiv\u00e4t k\u00e4yt\u00e4 housuja on jo globaali festivaalihitti"}]},{"@type":"WebSite","@id":"https:\/\/suomenkuvalehti.fi\/kuvien-takaa\/#website","url":"https:\/\/suomenkuvalehti.fi\/kuvien-takaa\/","name":"Kuvien takaa","description":"Elokuvakriitikko Kalle Kinnusen elokuvablogi.","potentialAction":[{"@type":"SearchAction","target":{"@type":"EntryPoint","urlTemplate":"https:\/\/suomenkuvalehti.fi\/haku\/?q={search_term_string}"},"query-input":{"@type":"PropertyValueSpecification","valueRequired":true,"valueName":"search_term_string"}}],"inLanguage":"fi"},{"@type":"Person","@id":"https:\/\/suomenkuvalehti.fi\/kuvien-takaa\/#\/schema\/person\/f3f657e4ad409e008f12af27bec60a23","name":"Kalle Kinnunen","image":{"@type":"ImageObject","inLanguage":"fi","@id":"https:\/\/suomenkuvalehti.fi\/kuvien-takaa\/#\/schema\/person\/image\/","url":"https:\/\/suomenkuvalehti.fi\/kuvien-takaa\/wp-content\/uploads\/sites\/11\/2022\/04\/kalle_kinnunen_blogi-1-150x150.jpg","contentUrl":"https:\/\/suomenkuvalehti.fi\/kuvien-takaa\/wp-content\/uploads\/sites\/11\/2022\/04\/kalle_kinnunen_blogi-1-150x150.jpg","caption":"Kalle Kinnunen"},"description":"Kalle Kinnunen on vapaa toimittaja ja Suomen Kuvalehden avustaja.","sameAs":["https:\/\/www.facebook.com\/pages\/Kalle-Kinnunen-Kuvien-takaa\/190326157715410?fref=ts","https:\/\/x.com\/https:\/\/twitter.com\/kallekinnunen"]}]}},"_links":{"self":[{"href":"https:\/\/suomenkuvalehti.fi\/kuvien-takaa\/wp-json\/wp\/v2\/posts\/5130","targetHints":{"allow":["GET"]}}],"collection":[{"href":"https:\/\/suomenkuvalehti.fi\/kuvien-takaa\/wp-json\/wp\/v2\/posts"}],"about":[{"href":"https:\/\/suomenkuvalehti.fi\/kuvien-takaa\/wp-json\/wp\/v2\/types\/post"}],"author":[{"embeddable":true,"href":"https:\/\/suomenkuvalehti.fi\/kuvien-takaa\/wp-json\/wp\/v2\/users\/144"}],"replies":[{"embeddable":true,"href":"https:\/\/suomenkuvalehti.fi\/kuvien-takaa\/wp-json\/wp\/v2\/comments?post=5130"}],"version-history":[{"count":5,"href":"https:\/\/suomenkuvalehti.fi\/kuvien-takaa\/wp-json\/wp\/v2\/posts\/5130\/revisions"}],"predecessor-version":[{"id":5136,"href":"https:\/\/suomenkuvalehti.fi\/kuvien-takaa\/wp-json\/wp\/v2\/posts\/5130\/revisions\/5136"}],"wp:attachment":[{"href":"https:\/\/suomenkuvalehti.fi\/kuvien-takaa\/wp-json\/wp\/v2\/media?parent=5130"}],"wp:term":[{"taxonomy":"category","embeddable":true,"href":"https:\/\/suomenkuvalehti.fi\/kuvien-takaa\/wp-json\/wp\/v2\/categories?post=5130"},{"taxonomy":"post_tag","embeddable":true,"href":"https:\/\/suomenkuvalehti.fi\/kuvien-takaa\/wp-json\/wp\/v2\/tags?post=5130"}],"curies":[{"name":"wp","href":"https:\/\/api.w.org\/{rel}","templated":true}]}}