{"id":510,"date":"2012-03-20T15:00:00","date_gmt":"2012-03-20T13:00:00","guid":{"rendered":"https:\/\/suomenkuvalehti.fi\/kuvientakaa\/2012\/03\/20\/tapaus-margaret-ja-elokuvakritiikki-aktivismina\/"},"modified":"2013-11-30T16:24:26","modified_gmt":"2013-11-30T14:24:26","slug":"tapaus-margaret-ja-elokuvakritiikki-aktivismina","status":"publish","type":"post","link":"https:\/\/suomenkuvalehti.fi\/kuvien-takaa\/tapaus-margaret-ja-elokuvakritiikki-aktivismina\/","title":{"rendered":"Tapaus Margaret ja elokuvakritiikki aktivismina"},"content":{"rendered":"\n<p>Kaikki alkoi siit\u00e4, kun levitysyhti\u00f6 Fox Searchlightilla p\u00e4\u00e4tettiin, ettei <strong>Kenneth Lonerganin<\/strong> elokuva <em>Margaret<\/em> ole mink\u00e4\u00e4n arvoinen. Puoli vuotta my\u00f6hemmin sit\u00e4 pidettiin mustana hevosena Oscar-kisan monessa kategoriassa.<\/p>\n\n\n\n\n<p>Elokuva, joka oli kuvattu jo vuonna 2006, saatiin leikkaus- ja oikeusriitojen j\u00e4lkeen valmiiksi ja muutamiin pohjoisamerikkalaisiin teattereihin syyskuun lopulla. Fox ei juuri vaivautunut tiedottamaan siit\u00e4 kriitikoille. Esimerkiksi Chicagossa maan tunnetuin elokuvakriitikko <strong>Roger Ebert<\/strong> ei saanut kutsua lehdist\u00f6n\u00e4yt\u00f6kseen. Chicagossa Margaret py\u00f6ri tyhjille saleille yhden viikon. Ainoa isompi lehti, joka sen siell\u00e4 arvioi, oli Time Out &#8211; joka antoi sille viisi t\u00e4hte\u00e4.<\/p>\n\n\n\n<p>N\u00e4m\u00e4 tiedot ovat <a href=\"http:\/\/timeoutchicago.com\/arts-culture\/film\/15016655\/for-your-consideration-margaret\">Time Out Chicagon my\u00f6hemm\u00e4st\u00e4 jutusta<\/a> &#8211; jossa my\u00f6s todetaan, ett\u00e4 Margaret on <em>Zodiacin<\/em> rinnalla &#8221;<em>definitiivinen post-9\/11-elokuva<\/em>&#8221;.<\/p>\n\n\n\n<p>Briteiss\u00e4 Margaret sai viime joulukuussa ensi-iltansa, ja sanomalehdet The Guardian ja Daily Telegraph antoivat viisi t\u00e4hte\u00e4. Vaikka elokuva oli ollut vaikka kuinka pitk\u00e4\u00e4n valmiina, ainoa lehdist\u00f6n\u00e4yt\u00f6s oli taas niin my\u00f6h\u00e4\u00e4n, ettei paikallinen Time Out (viikkolehti) ehtinyt sit\u00e4 arvioimaan.<\/p>\n\n\n\n<p>Noh: Lontoon Time Outiin painettiin New Yorkin Time Outin arvio, taas t\u00e4ydet viisi t\u00e4hte\u00e4.<\/p>\n\n\n\n\n<p>Yleens\u00e4 loppuvuoden kampanjointi elokuva-alalla tarkoittaa Oscar-tyrkkyjen hieromista AMPAS:in j\u00e4senten naamaan. Joulun alla alkoi erilainen, vapaaehtoinen kampanja. Monet kriitikot ottivat Margaretin puheenaiheeksi. Siit\u00e4 j\u00e4rjestettiin lopulta uusia n\u00e4yt\u00f6ksi\u00e4, se nousi kriitikoiden top 10-listoille ja lopulta siit\u00e4 tuli Lontoossa ihan pieni hitti, toisin kuin levitt\u00e4j\u00e4 oli ajatellut, ehk\u00e4 edes halunnut.<\/p>\n\n\n\n<p><a href=\"http:\/\/entertainment.time.com\/2011\/12\/02\/director-kenneth-lonergan-emerges-to-tell-us-hes-on-team-margaret\/?iid=ent-main-lede\">Timess\u00e4 kerrotaan<\/a>, mist\u00e4 Margaretia hehkuttaneesta Twitter-kampanjassa oli kyse ja haastateltiin Lonergania.<\/p>\n\n\n\n<p>Los Angeles Weeklyss\u00e4 elokuva valittiin <a href=\"http:\/\/www.laweekly.com\/2011-12-22\/film-tv\/l-a-weekly-s-top-10-films-of-2011\/\">vuoden parhaaksi<\/a>.<\/p>\n\n\n\n\n<p>Apropoo: yksi suosikkikriitikoistani, <strong>Glenn Kenny<\/strong>, kirjoitti aikanaan <a href=\"http:\/\/somecamerunning.typepad.com\/some_came_running\/2011\/12\/a-brighter-summer-day-margaret-and-film-criticism-as-activism-andor-service-journalism.html\">pitk\u00e4n blogimerkinn\u00e4n<\/a> Margaretista ja <strong>Edward Yangin<\/strong> loistavasta, harvoin n\u00e4hdyst\u00e4 <em>A Brighter Summer Daysta<\/em>.<\/p>\n\n\n\n<p>En ole viel\u00e4k\u00e4\u00e4n n\u00e4hnyt Margaretia, koska mahdollisuuksia ei ole kerta kaikkiaan ollut.<\/p>\n\n\n\n<p>Odotan jotain erikoista. Berliinin elokuvajuhlilla tapaamani elokuvahistorioitsija <strong>Mark Cousins<\/strong> piti sit\u00e4 yhten\u00e4 viime vuosien tapauksista. Samoin <strong>Meryl Streep<\/strong> hehkutti elokuvaa Berliinin lehdist\u00f6tilaisuudessaan. Panokset ovat korkeat.<\/p>\n\n\n","protected":false},"excerpt":{"rendered":"<p>Kaikki alkoi siit\u00e4, kun levitysyhti\u00f6 Fox Searchlightilla p\u00e4\u00e4tettiin, ettei Kenneth Lonerganin elokuva Margaret ole mink\u00e4\u00e4n arvoinen. Puoli vuotta my\u00f6hemmin sit\u00e4 pidettiin mustana hevosena Oscar-kisan monessa kategoriassa. Elokuva, joka oli kuvattu jo vuonna 2006, saatiin<br \/>\nleikkau&hellip;<\/p>\n","protected":false},"author":144,"featured_media":0,"comment_status":"open","ping_status":"open","sticky":false,"template":"","format":"standard","meta":{"_acf_changed":false,"asauth_required_access_level":0,"asauth_cansharepaid":"","om_header_attributes":[],"footnotes":"","om_featured_image_focal_point":[],"om_primary_tag":0,"om_contributors":[],"om_co_authors":[],"beyondwords_generate_audio":"","beyondwords_project_id":"","beyondwords_content_id":"","beyondwords_preview_token":"","beyondwords_player_content":"","beyondwords_player_style":"","beyondwords_language_code":"","beyondwords_language_id":"","beyondwords_title_voice_id":"","beyondwords_body_voice_id":"","beyondwords_summary_voice_id":"","beyondwords_error_message":"","beyondwords_disabled":"","beyondwords_delete_content":"","beyondwords_podcast_id":"","beyondwords_hash":"","publish_post_to_speechkit":"","speechkit_hash":"","speechkit_generate_audio":"","speechkit_project_id":"","speechkit_podcast_id":"","speechkit_error_message":"","speechkit_disabled":"","speechkit_access_key":"","speechkit_error":"","speechkit_info":"","speechkit_response":"","speechkit_retries":"","speechkit_status":"","speechkit_updated_at":"","_speechkit_link":"","_speechkit_text":""},"categories":[1],"tags":[838,537],"class_list":["post-510","post","type-post","status-publish","format-standard","hentry","category-kuvien-takaa","tag-kenneth-lonergan","tag-margaret"],"om_views":null,"acf":{"tuuma_off":false,"tuuma_kysymys":"","tuuma_vastaus":""},"asauth":{"required_access_level":1,"share_token":"","is_paid":false},"yoast_head":"<!-- This site is optimized with the Yoast SEO plugin v26.4 - https:\/\/yoast.com\/wordpress\/plugins\/seo\/ -->\n<title>Tapaus Margaret ja elokuvakritiikki aktivismina - Kuvien takaa<\/title>\n<meta name=\"robots\" content=\"index, follow, max-snippet:-1, max-image-preview:large, max-video-preview:-1\" \/>\n<link rel=\"canonical\" href=\"https:\/\/suomenkuvalehti.fi\/kuvien-takaa\/tapaus-margaret-ja-elokuvakritiikki-aktivismina\/\" \/>\n<meta property=\"og:locale\" content=\"fi_FI\" \/>\n<meta property=\"og:type\" content=\"article\" \/>\n<meta property=\"og:title\" content=\"Tapaus Margaret ja elokuvakritiikki aktivismina - Kuvien takaa\" \/>\n<meta property=\"og:description\" content=\"Kaikki alkoi siit\u00e4, kun levitysyhti\u00f6 Fox Searchlightilla p\u00e4\u00e4tettiin, ettei Kenneth Lonerganin elokuva Margaret ole mink\u00e4\u00e4n arvoinen. Puoli vuotta my\u00f6hemmin sit\u00e4 pidettiin mustana hevosena Oscar-kisan monessa kategoriassa. Elokuva, joka oli kuvattu jo vuonna 2006, saatiin leikkau&hellip;\" \/>\n<meta property=\"og:url\" content=\"https:\/\/suomenkuvalehti.fi\/kuvien-takaa\/tapaus-margaret-ja-elokuvakritiikki-aktivismina\/\" \/>\n<meta property=\"og:site_name\" content=\"Kuvien takaa\" \/>\n<meta property=\"article:author\" content=\"https:\/\/www.facebook.com\/pages\/Kalle-Kinnunen-Kuvien-takaa\/190326157715410?fref=ts\" \/>\n<meta property=\"article:published_time\" content=\"2012-03-20T13:00:00+00:00\" \/>\n<meta property=\"article:modified_time\" content=\"2013-11-30T14:24:26+00:00\" \/>\n<meta property=\"og:image\" content=\"https:\/\/suomenkuvalehti.fi\/kuvien-takaa\/wp-content\/uploads\/sites\/11\/2022\/04\/kalle_kinnunen_blogi-1-scaled.jpg\" \/>\n\t<meta property=\"og:image:width\" content=\"2560\" \/>\n\t<meta property=\"og:image:height\" content=\"1707\" \/>\n\t<meta property=\"og:image:type\" content=\"image\/jpeg\" \/>\n<meta name=\"author\" content=\"Kalle Kinnunen\" \/>\n<meta name=\"twitter:card\" content=\"summary_large_image\" \/>\n<meta name=\"twitter:creator\" content=\"@https:\/\/twitter.com\/kallekinnunen\" \/>\n<meta name=\"twitter:label1\" content=\"Written by\" \/>\n\t<meta name=\"twitter:data1\" content=\"Kalle Kinnunen\" \/>\n\t<meta name=\"twitter:label2\" content=\"Est. reading time\" \/>\n\t<meta name=\"twitter:data2\" content=\"2 minuuttia\" \/>\n<script type=\"application\/ld+json\" class=\"yoast-schema-graph\">{\"@context\":\"https:\/\/schema.org\",\"@graph\":[{\"@type\":\"WebPage\",\"@id\":\"https:\/\/suomenkuvalehti.fi\/kuvien-takaa\/tapaus-margaret-ja-elokuvakritiikki-aktivismina\/\",\"url\":\"https:\/\/suomenkuvalehti.fi\/kuvien-takaa\/tapaus-margaret-ja-elokuvakritiikki-aktivismina\/\",\"name\":\"Tapaus Margaret ja elokuvakritiikki aktivismina - Kuvien takaa\",\"isPartOf\":{\"@id\":\"https:\/\/suomenkuvalehti.fi\/kuvien-takaa\/#website\"},\"datePublished\":\"2012-03-20T13:00:00+00:00\",\"dateModified\":\"2013-11-30T14:24:26+00:00\",\"author\":{\"@id\":\"https:\/\/suomenkuvalehti.fi\/kuvien-takaa\/#\/schema\/person\/f3f657e4ad409e008f12af27bec60a23\"},\"breadcrumb\":{\"@id\":\"https:\/\/suomenkuvalehti.fi\/kuvien-takaa\/tapaus-margaret-ja-elokuvakritiikki-aktivismina\/#breadcrumb\"},\"inLanguage\":\"fi\",\"potentialAction\":[{\"@type\":\"ReadAction\",\"target\":[\"https:\/\/suomenkuvalehti.fi\/kuvien-takaa\/tapaus-margaret-ja-elokuvakritiikki-aktivismina\/\"]}]},{\"@type\":\"BreadcrumbList\",\"@id\":\"https:\/\/suomenkuvalehti.fi\/kuvien-takaa\/tapaus-margaret-ja-elokuvakritiikki-aktivismina\/#breadcrumb\",\"itemListElement\":[{\"@type\":\"ListItem\",\"position\":1,\"name\":\"Home\",\"item\":\"https:\/\/suomenkuvalehti.fi\/kuvien-takaa\/\"},{\"@type\":\"ListItem\",\"position\":2,\"name\":\"Tapaus Margaret ja elokuvakritiikki aktivismina\"}]},{\"@type\":\"WebSite\",\"@id\":\"https:\/\/suomenkuvalehti.fi\/kuvien-takaa\/#website\",\"url\":\"https:\/\/suomenkuvalehti.fi\/kuvien-takaa\/\",\"name\":\"Kuvien takaa\",\"description\":\"Elokuvakriitikko Kalle Kinnusen elokuvablogi.\",\"potentialAction\":[{\"@type\":\"SearchAction\",\"target\":{\"@type\":\"EntryPoint\",\"urlTemplate\":\"https:\/\/suomenkuvalehti.fi\/haku\/?q={search_term_string}\"},\"query-input\":{\"@type\":\"PropertyValueSpecification\",\"valueRequired\":true,\"valueName\":\"search_term_string\"}}],\"inLanguage\":\"fi\"},{\"@type\":\"Person\",\"@id\":\"https:\/\/suomenkuvalehti.fi\/kuvien-takaa\/#\/schema\/person\/f3f657e4ad409e008f12af27bec60a23\",\"name\":\"Kalle Kinnunen\",\"image\":{\"@type\":\"ImageObject\",\"inLanguage\":\"fi\",\"@id\":\"https:\/\/suomenkuvalehti.fi\/kuvien-takaa\/#\/schema\/person\/image\/\",\"url\":\"https:\/\/suomenkuvalehti.fi\/kuvien-takaa\/wp-content\/uploads\/sites\/11\/2022\/04\/kalle_kinnunen_blogi-1-150x150.jpg\",\"contentUrl\":\"https:\/\/suomenkuvalehti.fi\/kuvien-takaa\/wp-content\/uploads\/sites\/11\/2022\/04\/kalle_kinnunen_blogi-1-150x150.jpg\",\"caption\":\"Kalle Kinnunen\"},\"description\":\"Kalle Kinnunen on vapaa toimittaja ja Suomen Kuvalehden avustaja.\",\"sameAs\":[\"https:\/\/www.facebook.com\/pages\/Kalle-Kinnunen-Kuvien-takaa\/190326157715410?fref=ts\",\"https:\/\/x.com\/https:\/\/twitter.com\/kallekinnunen\"]}]}<\/script>\n<!-- \/ Yoast SEO plugin. -->","yoast_head_json":{"title":"Tapaus Margaret ja elokuvakritiikki aktivismina - Kuvien takaa","robots":{"index":"index","follow":"follow","max-snippet":"max-snippet:-1","max-image-preview":"max-image-preview:large","max-video-preview":"max-video-preview:-1"},"canonical":"https:\/\/suomenkuvalehti.fi\/kuvien-takaa\/tapaus-margaret-ja-elokuvakritiikki-aktivismina\/","og_locale":"fi_FI","og_type":"article","og_title":"Tapaus Margaret ja elokuvakritiikki aktivismina - Kuvien takaa","og_description":"Kaikki alkoi siit\u00e4, kun levitysyhti\u00f6 Fox Searchlightilla p\u00e4\u00e4tettiin, ettei Kenneth Lonerganin elokuva Margaret ole mink\u00e4\u00e4n arvoinen. Puoli vuotta my\u00f6hemmin sit\u00e4 pidettiin mustana hevosena Oscar-kisan monessa kategoriassa. Elokuva, joka oli kuvattu jo vuonna 2006, saatiin leikkau&hellip;","og_url":"https:\/\/suomenkuvalehti.fi\/kuvien-takaa\/tapaus-margaret-ja-elokuvakritiikki-aktivismina\/","og_site_name":"Kuvien takaa","article_author":"https:\/\/www.facebook.com\/pages\/Kalle-Kinnunen-Kuvien-takaa\/190326157715410?fref=ts","article_published_time":"2012-03-20T13:00:00+00:00","article_modified_time":"2013-11-30T14:24:26+00:00","og_image":[{"width":2560,"height":1707,"url":"https:\/\/suomenkuvalehti.fi\/kuvien-takaa\/wp-content\/uploads\/sites\/11\/2022\/04\/kalle_kinnunen_blogi-1-scaled.jpg","type":"image\/jpeg"}],"author":"Kalle Kinnunen","twitter_card":"summary_large_image","twitter_creator":"@https:\/\/twitter.com\/kallekinnunen","twitter_misc":{"Written by":"Kalle Kinnunen","Est. reading time":"2 minuuttia"},"schema":{"@context":"https:\/\/schema.org","@graph":[{"@type":"WebPage","@id":"https:\/\/suomenkuvalehti.fi\/kuvien-takaa\/tapaus-margaret-ja-elokuvakritiikki-aktivismina\/","url":"https:\/\/suomenkuvalehti.fi\/kuvien-takaa\/tapaus-margaret-ja-elokuvakritiikki-aktivismina\/","name":"Tapaus Margaret ja elokuvakritiikki aktivismina - Kuvien takaa","isPartOf":{"@id":"https:\/\/suomenkuvalehti.fi\/kuvien-takaa\/#website"},"datePublished":"2012-03-20T13:00:00+00:00","dateModified":"2013-11-30T14:24:26+00:00","author":{"@id":"https:\/\/suomenkuvalehti.fi\/kuvien-takaa\/#\/schema\/person\/f3f657e4ad409e008f12af27bec60a23"},"breadcrumb":{"@id":"https:\/\/suomenkuvalehti.fi\/kuvien-takaa\/tapaus-margaret-ja-elokuvakritiikki-aktivismina\/#breadcrumb"},"inLanguage":"fi","potentialAction":[{"@type":"ReadAction","target":["https:\/\/suomenkuvalehti.fi\/kuvien-takaa\/tapaus-margaret-ja-elokuvakritiikki-aktivismina\/"]}]},{"@type":"BreadcrumbList","@id":"https:\/\/suomenkuvalehti.fi\/kuvien-takaa\/tapaus-margaret-ja-elokuvakritiikki-aktivismina\/#breadcrumb","itemListElement":[{"@type":"ListItem","position":1,"name":"Home","item":"https:\/\/suomenkuvalehti.fi\/kuvien-takaa\/"},{"@type":"ListItem","position":2,"name":"Tapaus Margaret ja elokuvakritiikki aktivismina"}]},{"@type":"WebSite","@id":"https:\/\/suomenkuvalehti.fi\/kuvien-takaa\/#website","url":"https:\/\/suomenkuvalehti.fi\/kuvien-takaa\/","name":"Kuvien takaa","description":"Elokuvakriitikko Kalle Kinnusen elokuvablogi.","potentialAction":[{"@type":"SearchAction","target":{"@type":"EntryPoint","urlTemplate":"https:\/\/suomenkuvalehti.fi\/haku\/?q={search_term_string}"},"query-input":{"@type":"PropertyValueSpecification","valueRequired":true,"valueName":"search_term_string"}}],"inLanguage":"fi"},{"@type":"Person","@id":"https:\/\/suomenkuvalehti.fi\/kuvien-takaa\/#\/schema\/person\/f3f657e4ad409e008f12af27bec60a23","name":"Kalle Kinnunen","image":{"@type":"ImageObject","inLanguage":"fi","@id":"https:\/\/suomenkuvalehti.fi\/kuvien-takaa\/#\/schema\/person\/image\/","url":"https:\/\/suomenkuvalehti.fi\/kuvien-takaa\/wp-content\/uploads\/sites\/11\/2022\/04\/kalle_kinnunen_blogi-1-150x150.jpg","contentUrl":"https:\/\/suomenkuvalehti.fi\/kuvien-takaa\/wp-content\/uploads\/sites\/11\/2022\/04\/kalle_kinnunen_blogi-1-150x150.jpg","caption":"Kalle Kinnunen"},"description":"Kalle Kinnunen on vapaa toimittaja ja Suomen Kuvalehden avustaja.","sameAs":["https:\/\/www.facebook.com\/pages\/Kalle-Kinnunen-Kuvien-takaa\/190326157715410?fref=ts","https:\/\/x.com\/https:\/\/twitter.com\/kallekinnunen"]}]}},"_links":{"self":[{"href":"https:\/\/suomenkuvalehti.fi\/kuvien-takaa\/wp-json\/wp\/v2\/posts\/510","targetHints":{"allow":["GET"]}}],"collection":[{"href":"https:\/\/suomenkuvalehti.fi\/kuvien-takaa\/wp-json\/wp\/v2\/posts"}],"about":[{"href":"https:\/\/suomenkuvalehti.fi\/kuvien-takaa\/wp-json\/wp\/v2\/types\/post"}],"author":[{"embeddable":true,"href":"https:\/\/suomenkuvalehti.fi\/kuvien-takaa\/wp-json\/wp\/v2\/users\/144"}],"replies":[{"embeddable":true,"href":"https:\/\/suomenkuvalehti.fi\/kuvien-takaa\/wp-json\/wp\/v2\/comments?post=510"}],"version-history":[{"count":1,"href":"https:\/\/suomenkuvalehti.fi\/kuvien-takaa\/wp-json\/wp\/v2\/posts\/510\/revisions"}],"predecessor-version":[{"id":1683,"href":"https:\/\/suomenkuvalehti.fi\/kuvien-takaa\/wp-json\/wp\/v2\/posts\/510\/revisions\/1683"}],"wp:attachment":[{"href":"https:\/\/suomenkuvalehti.fi\/kuvien-takaa\/wp-json\/wp\/v2\/media?parent=510"}],"wp:term":[{"taxonomy":"category","embeddable":true,"href":"https:\/\/suomenkuvalehti.fi\/kuvien-takaa\/wp-json\/wp\/v2\/categories?post=510"},{"taxonomy":"post_tag","embeddable":true,"href":"https:\/\/suomenkuvalehti.fi\/kuvien-takaa\/wp-json\/wp\/v2\/tags?post=510"}],"curies":[{"name":"wp","href":"https:\/\/api.w.org\/{rel}","templated":true}]}}