{"id":4991,"date":"2019-06-10T08:49:46","date_gmt":"2019-06-10T05:49:46","guid":{"rendered":"https:\/\/suomenkuvalehti.fi\/kuvien-takaa\/?p=4991"},"modified":"2019-06-10T09:03:17","modified_gmt":"2019-06-10T06:03:17","slug":"tsernobyl-vuonna-2019-ja-trauman-alku","status":"publish","type":"post","link":"https:\/\/suomenkuvalehti.fi\/kuvien-takaa\/tsernobyl-vuonna-2019-ja-trauman-alku\/","title":{"rendered":"T\u0161ernobyl vuonna 2019 ja trauman alku"},"content":{"rendered":"\n<p>HBO-sarja <em>Chernobyl<\/em> her\u00e4tt\u00e4\u00e4 ajatuksia. On hauskaa, ett\u00e4 onnistuneen ja eritt\u00e4in vakavan sarjan ruotsalainen ohjaaja <strong>Johan Renck<\/strong> tunnetaan paremmin popmuusikko Stakka Bo\u2019na ja ys\u00e4rihitist\u00e4 Here We Go. (Renck on toki tehnyt parinkymmenen vuoden kansainv\u00e4lisen uran muun muassa <strong>Madonnan<\/strong> ja <strong>David Bowien<\/strong> musikkivideoiden ja sitten laatusarjojen, kuten <em>Breaking Badin<\/em> parissa.)<\/p>\n\n\n\n<p>On mahtavaa, ett\u00e4 sarjaa on ollut kuvaamassa suomalainen <strong>JP Passi<\/strong>, joka kuvasi <em>Hymyilev\u00e4n miehen<\/em>.<\/p>\n\n\n\n<p>On valaisevaa pohtia, kuinka paljon ruotsalainen Renck voi tuoda 1980-luvun Neuvostoliiton kuvaukseen detaljeja, joita amerikkalainen ei voisi ymm\u00e4rt\u00e4\u00e4, ja on viihdytt\u00e4v\u00e4\u00e4 arvuutella, olisiko suomalaisohjaaja p\u00e4\u00e4ssyt viel\u00e4 l\u00e4hemm\u00e4s totuutta.<\/p>\n\n\n<p><iframe loading=\"lazy\" width=\"630\" height=\"354\" src=\"https:\/\/www.youtube.com\/embed\/s9APLXM9Ei8?feature=oembed\" frameborder=\"0\" allow=\"accelerometer; autoplay; encrypted-media; gyroscope; picture-in-picture\" allowfullscreen><\/iframe><\/p>\n\n<p>Tuttuja \u00e4\u00e4ni\u00e4 ja kasvoja on j\u00e4nnitt\u00e4v\u00e4\u00e4 bongata: Renck on valinnut ven\u00e4l\u00e4isrooleihin useita ruotsalaisia huippun\u00e4yttelij\u00f6it\u00e4, kuten <strong>Stellan Skarsg\u00e5rdin<\/strong> ja <strong>David Dencikin<\/strong>.<\/p>\n\n\n\n<p>Sarjan voimasta kertoo, ett\u00e4 kriittisiss\u00e4 jutuissa, joissa l\u00f6ydet\u00e4\u00e4n ulospanon ja asetelmien \u201dvirheet\u201d, j\u00e4\u00e4d\u00e4\u00e4n l\u00e4hinn\u00e4 \u201dtoi ei ajatellut oikeasti noin\u201d -tason saivartelun tasolle. Jopa <a href=\"https:\/\/www.newyorker.com\/news\/our-columnists\/what-hbos-chernobyl-got-right-and-what-it-got-terribly-wrong\"><strong>Masha Gessen<\/strong> ihmettelee<\/a>, miten k\u00e4sikirjoitus saattaa yhdist\u00e4\u00e4 useita tosiel\u00e4m\u00e4n hahmoja yhdeksi (<strong>Emily Watsonin<\/strong> roolihahmo), jolle on kehdattu kirjoittaa pyyteett\u00f6mi\u00e4 tavoitteita. Gessen moittii sarjaa jopa siit\u00e4, miksi Pripyatiin j\u00e4tettyjen kotiel\u00e4imien omistajien tuskaa ei eritell\u00e4 dramaattisemmin. (Gessen vihjaa sarjan olevan valhetta. Niin tuota noin. Sarja on fiktio. Se perustuu tositapahtumiin, joista osa j\u00e4\u00e4 ikuisesti selvitt\u00e4m\u00e4tt\u00e4, mutta se on fiktio. Kenties fiktioita ei saa sijoittaa Neuvostoliittoon.)<\/p>\n\n\n\n<p>Itse ihmettelin, miksi juuri t\u00e4m\u00e4 minisarja on sellainen, josta on suorastaan kivuliasta olla katsomatta heti seuraavaa jaksoa.<\/p>\n\n\n\n<p>Miksi Chernobyl tuntuu juuri nyt melkein maailman parhaalta minisarjalta? Ei esteettisesti nerokkaimmalta, ei k\u00e4sikirjoitukseltaan mestariteokselta, ei etevimmin ohjatulta, ainoastaan k\u00e4sitt\u00e4m\u00e4tt\u00f6m\u00e4n voimakkaalta, tiiviilt\u00e4 ja vet\u00e4v\u00e4lt\u00e4.<\/p>\n\n\n\n<p>Suomalaisesta n\u00e4k\u00f6kulmasta syit\u00e4 voi toki olla lukuisia.<\/p>\n\n\n\n<p>Se voi riipaista, koska sek\u00e4 arkkitehtuuriset ett\u00e4 luonnonmaisemat ovat tuttuja. Koska henkinen maailma \u2013 ven\u00e4l\u00e4inen fatalismi, neuvostoliittolainen&nbsp;puhe kansalaisista, jotka h\u00f6lm\u00f6ytt\u00e4\u00e4n voivat tuhota oman ty\u00f6ns\u00e4 hedelm\u00e4t \u2013 ei ole historiallisesti ihan vieras. Se voi johtua my\u00f6s resonoinnista, jota kaupungin evakuointi her\u00e4tt\u00e4\u00e4 meiss\u00e4, jotka olemme kuulleet omakohtaisia muistoja Karjalan j\u00e4tt\u00e4misest\u00e4.<\/p>\n\n\n\n<p>Se voi johtua havainnoista, joita sarja tekee autoritaarisesta, j\u00e4rkev\u00e4t ja v\u00e4ltt\u00e4m\u00e4tt\u00f6m\u00e4t vastalauseet vaientavasta hallinnosta.<\/p>\n\n\n\n<p>Intensiivisyytt\u00e4 varmasti lis\u00e4\u00e4 monen katsojien omakohtainen kosketus Tsernobyl-uutisiin vuonna 1986, kuten muistot koteihin ostetuista joditableteista ja peloista ja ep\u00e4tietoisuudesta.<\/p>\n\n\n\n<p>Chernobyl&nbsp;on lohduttomin mahdollinen sankaritarina. Mutta ennen kaikkea sarja on tarina ihmisist\u00e4 ja hierarkiasta ennenkokemattoman ja k\u00e4sitt\u00e4m\u00e4tt\u00f6m\u00e4n katastrofin partaalla.<\/p>\n\n\n\n<p>Jokin v\u00e4\u00e4j\u00e4\u00e4m\u00e4tt\u00f6m\u00e4sti etenev\u00e4 prosessi on alkanut. Henkil\u00f6hahmot teorisoivat, mit\u00e4 <em>saattaa<\/em> tapahtua. Todenn\u00e4k\u00f6isesti monet kuolevat, mahdollisesti he kuolevat itse.<\/p>\n\n\n\n<p>Onko edess\u00e4 60 miljoonan ihmisen asuinalueen tuho, onko edess\u00e4 miljoonien sy\u00f6p\u00e4kuolema? Voidaanko se viel\u00e4 v\u00e4ltt\u00e4\u00e4? Pohjaton ep\u00e4varmuus seurausten laajuudesta on sarjaa m\u00e4\u00e4ritt\u00e4v\u00e4mpi tunnetila kuin jo tapahtuneen, n\u00e4kyv\u00e4n tuhon her\u00e4tt\u00e4m\u00e4 kauhu.<\/p>\n\n\n\n<p>Toinen hallitseva tunne on ahdistus, joka juontaa p\u00e4\u00e4tt\u00e4jien mielivallan ep\u00e4oikeudenmukaisuudesta. Tuhoavatko itsep\u00e4iset vallanpit\u00e4j\u00e4t tulevaisuuden, koska he pelk\u00e4\u00e4v\u00e4t kasvojen menett\u00e4mist\u00e4 ja suosionsa menetyst\u00e4 systeemiss\u00e4?<\/p>\n\n\n\n<p>Renckin toteava tyyli on armoton. Se tuntuu juuri oikealta.<\/p>\n\n\n\n<p>Mutta ei sarja purisi n\u00e4in armottomasti, ellemme me vuodessa 2019 olisi ilmastomuutoksen ja tiedevastaisen l\u00e4nsimaisen uusautoritaarisuuden \u00e4\u00e4rell\u00e4.<\/p>\n\n\n\n<p>Ollaan rehellisi\u00e4, siit\u00e4 t\u00e4ss\u00e4 ruuvipenkiss\u00e4 on todella kyse \u2013 paradigman j\u00e4ristyksest\u00e4, ennenkokemattomasta turvattomuudesta. Reaktori sulaa jo, mit\u00e4 teet? Ei ole mahdollista, ei virallisesti koske minua. Helpointa on olla katsomatta itse ongelmaa ja tulevaisuuteen ei kukaan kuitenkaan n\u00e4e tarkkaan.<\/p>\n\n\n\n<p>Murhataanko planeetta, koska katastrofin kielt\u00e4minen on monien tapa torjua vastuu ja ahdistus? Mik\u00e4 on minun vastuuni?<\/p>\n\n\n\n<p>Paitsi toteutuneesta ja tulevasta, n\u00e4kym\u00e4tt\u00f6m\u00e4st\u00e4 tuhosta, Chernobyl kertoo vastuun pakoilusta ja toisaalta sankareista, joiden valtavilla uhrauksilla ei ole heille itselleen v\u00e4ltt\u00e4m\u00e4tt\u00e4 arvoa. Joltain ehk\u00e4 v\u00e4ltyttiin, mutta ei se palkinnolta tunnu.<\/p>\n\n\n\n<p>Pidet\u00e4\u00e4nk\u00f6 meist\u00e4 t\u00e4m\u00e4n j\u00e4lkeen huolta, kysyy tappavaan ty\u00f6h\u00f6n k\u00e4sketty kaivosmies. Emme tied\u00e4, kuuluu vastaus.<\/p>\n\n\n\n<p>Olemmeko me t\u00e4ss\u00e4 hetkess\u00e4 kuilun partaalla siin\u00e4 miss\u00e4 sarjan henkil\u00f6t, joille valkenee, ett\u00e4 sulavan reaktorin alla on 7000 kuutiota vett\u00e4, pommi joka tuhoaa jopa puolet maanosasta? Olemmeko kaivosmiehi\u00e4, jotka ryhtyv\u00e4t toimeen ymm\u00e4rt\u00e4en, ett\u00e4 vaihtoehtoa ei ole? Olemmeko kohtalon heittopusseja, kuten alueen asukkaat?<\/p>\n\n\n\n<p>Vetoammeko syyntakeettomuuteen, koska hei, olemme vain koneen osia?<\/p>\n\n\n\n<p>Palkitaanko edes hyvist\u00e4 teoista?<\/p>\n\n\n\n<p>Reaktorionnettomuuden aiheuttajat ajattelivat toimivansa juuri kuten ymp\u00e4r\u00f6iv\u00e4ss\u00e4 hierarkiassa pitikin. Tuulet puhaltavat juuri meid\u00e4n p\u00e4\u00e4llemme.<\/p>\n\n\n\n<p>Chernobylin teho on siin\u00e4, ettei se ainoastaan k\u00e4sittele kauheuksia sin\u00e4ns\u00e4. Se on sarja tuhon ja muodottoman trauman emergenssist\u00e4. Siin\u00e4 olemme nyt.<\/p>\n\n\n","protected":false},"excerpt":{"rendered":"<p>HBO-sarja Chernobyl her\u00e4tt\u00e4\u00e4 ajatuksia. On hauskaa, ett\u00e4 onnistuneen ja eritt\u00e4in vakavan sarjan ruotsalainen ohjaaja Johan Renck tunnetaan paremmin popmuusikko Stakka Bo\u2019na ja ys\u00e4rihitist\u00e4 Here We Go. (Renck on toki tehnyt parinkymmenen vuoden kansainv\u00e4lisen uran muun muassa<br \/>\nMadonnan &hellip;<\/p>\n","protected":false},"author":144,"featured_media":0,"comment_status":"open","ping_status":"closed","sticky":false,"template":"","format":"standard","meta":{"_acf_changed":false,"asauth_required_access_level":3,"asauth_cansharepaid":"true","om_header_attributes":[],"footnotes":"","om_featured_image_focal_point":[],"om_primary_tag":0,"om_contributors":[],"om_co_authors":[],"beyondwords_generate_audio":"","beyondwords_project_id":"","beyondwords_content_id":"","beyondwords_preview_token":"","beyondwords_player_content":"","beyondwords_player_style":"","beyondwords_language_code":"","beyondwords_language_id":"","beyondwords_title_voice_id":"","beyondwords_body_voice_id":"","beyondwords_summary_voice_id":"","beyondwords_error_message":"","beyondwords_disabled":"","beyondwords_delete_content":"","beyondwords_podcast_id":"","beyondwords_hash":"","publish_post_to_speechkit":"","speechkit_hash":"","speechkit_generate_audio":"","speechkit_project_id":"","speechkit_podcast_id":"","speechkit_error_message":"","speechkit_disabled":"","speechkit_access_key":"","speechkit_error":"","speechkit_info":"","speechkit_response":"","speechkit_retries":"","speechkit_status":"","speechkit_updated_at":"","_speechkit_link":"","_speechkit_text":""},"categories":[1],"tags":[2645,1943,2647,2646],"class_list":["post-4991","post","type-post","status-publish","format-standard","hentry","category-kuvien-takaa","tag-chernobyl","tag-hbo","tag-johan-renck","tag-tsernobyl"],"om_views":null,"acf":{"tuuma_off":false,"tuuma_kysymys":"","tuuma_vastaus":""},"asauth":{"required_access_level":1,"share_token":"","is_paid":false},"yoast_head":"<!-- This site is optimized with the Yoast SEO plugin v26.4 - https:\/\/yoast.com\/wordpress\/plugins\/seo\/ -->\n<title>T\u0161ernobyl vuonna 2019 ja trauman alku - Kuvien takaa<\/title>\n<meta name=\"robots\" content=\"index, follow, max-snippet:-1, max-image-preview:large, max-video-preview:-1\" \/>\n<link rel=\"canonical\" href=\"https:\/\/suomenkuvalehti.fi\/kuvien-takaa\/tsernobyl-vuonna-2019-ja-trauman-alku\/\" \/>\n<meta property=\"og:locale\" content=\"fi_FI\" \/>\n<meta property=\"og:type\" content=\"article\" \/>\n<meta property=\"og:title\" content=\"T\u0161ernobyl vuonna 2019 ja trauman alku - Kuvien takaa\" \/>\n<meta property=\"og:description\" content=\"HBO-sarja Chernobyl her\u00e4tt\u00e4\u00e4 ajatuksia. On hauskaa, ett\u00e4 onnistuneen ja eritt\u00e4in vakavan sarjan ruotsalainen ohjaaja Johan Renck tunnetaan paremmin popmuusikko Stakka Bo\u2019na ja ys\u00e4rihitist\u00e4 Here We Go. (Renck on toki tehnyt parinkymmenen vuoden kansainv\u00e4lisen uran muun muassa Madonnan &hellip;\" \/>\n<meta property=\"og:url\" content=\"https:\/\/suomenkuvalehti.fi\/kuvien-takaa\/tsernobyl-vuonna-2019-ja-trauman-alku\/\" \/>\n<meta property=\"og:site_name\" content=\"Kuvien takaa\" \/>\n<meta property=\"article:author\" content=\"https:\/\/www.facebook.com\/pages\/Kalle-Kinnunen-Kuvien-takaa\/190326157715410?fref=ts\" \/>\n<meta property=\"article:published_time\" content=\"2019-06-10T05:49:46+00:00\" \/>\n<meta property=\"article:modified_time\" content=\"2019-06-10T06:03:17+00:00\" \/>\n<meta property=\"og:image\" content=\"https:\/\/suomenkuvalehti.fi\/kuvien-takaa\/wp-content\/uploads\/sites\/11\/2022\/04\/kalle_kinnunen_blogi-1-scaled.jpg\" \/>\n\t<meta property=\"og:image:width\" content=\"2560\" \/>\n\t<meta property=\"og:image:height\" content=\"1707\" \/>\n\t<meta property=\"og:image:type\" content=\"image\/jpeg\" \/>\n<meta name=\"author\" content=\"Kalle Kinnunen\" \/>\n<meta name=\"twitter:card\" content=\"summary_large_image\" \/>\n<meta name=\"twitter:creator\" content=\"@https:\/\/twitter.com\/kallekinnunen\" \/>\n<meta name=\"twitter:label1\" content=\"Written by\" \/>\n\t<meta name=\"twitter:data1\" content=\"Kalle Kinnunen\" \/>\n\t<meta name=\"twitter:label2\" content=\"Est. reading time\" \/>\n\t<meta name=\"twitter:data2\" content=\"4 minuuttia\" \/>\n<script type=\"application\/ld+json\" class=\"yoast-schema-graph\">{\"@context\":\"https:\/\/schema.org\",\"@graph\":[{\"@type\":\"WebPage\",\"@id\":\"https:\/\/suomenkuvalehti.fi\/kuvien-takaa\/tsernobyl-vuonna-2019-ja-trauman-alku\/\",\"url\":\"https:\/\/suomenkuvalehti.fi\/kuvien-takaa\/tsernobyl-vuonna-2019-ja-trauman-alku\/\",\"name\":\"T\u0161ernobyl vuonna 2019 ja trauman alku - Kuvien takaa\",\"isPartOf\":{\"@id\":\"https:\/\/suomenkuvalehti.fi\/kuvien-takaa\/#website\"},\"datePublished\":\"2019-06-10T05:49:46+00:00\",\"dateModified\":\"2019-06-10T06:03:17+00:00\",\"author\":{\"@id\":\"https:\/\/suomenkuvalehti.fi\/kuvien-takaa\/#\/schema\/person\/f3f657e4ad409e008f12af27bec60a23\"},\"breadcrumb\":{\"@id\":\"https:\/\/suomenkuvalehti.fi\/kuvien-takaa\/tsernobyl-vuonna-2019-ja-trauman-alku\/#breadcrumb\"},\"inLanguage\":\"fi\",\"potentialAction\":[{\"@type\":\"ReadAction\",\"target\":[\"https:\/\/suomenkuvalehti.fi\/kuvien-takaa\/tsernobyl-vuonna-2019-ja-trauman-alku\/\"]}]},{\"@type\":\"BreadcrumbList\",\"@id\":\"https:\/\/suomenkuvalehti.fi\/kuvien-takaa\/tsernobyl-vuonna-2019-ja-trauman-alku\/#breadcrumb\",\"itemListElement\":[{\"@type\":\"ListItem\",\"position\":1,\"name\":\"Home\",\"item\":\"https:\/\/suomenkuvalehti.fi\/kuvien-takaa\/\"},{\"@type\":\"ListItem\",\"position\":2,\"name\":\"T\u0161ernobyl vuonna 2019 ja trauman alku\"}]},{\"@type\":\"WebSite\",\"@id\":\"https:\/\/suomenkuvalehti.fi\/kuvien-takaa\/#website\",\"url\":\"https:\/\/suomenkuvalehti.fi\/kuvien-takaa\/\",\"name\":\"Kuvien takaa\",\"description\":\"Elokuvakriitikko Kalle Kinnusen elokuvablogi.\",\"potentialAction\":[{\"@type\":\"SearchAction\",\"target\":{\"@type\":\"EntryPoint\",\"urlTemplate\":\"https:\/\/suomenkuvalehti.fi\/haku\/?q={search_term_string}\"},\"query-input\":{\"@type\":\"PropertyValueSpecification\",\"valueRequired\":true,\"valueName\":\"search_term_string\"}}],\"inLanguage\":\"fi\"},{\"@type\":\"Person\",\"@id\":\"https:\/\/suomenkuvalehti.fi\/kuvien-takaa\/#\/schema\/person\/f3f657e4ad409e008f12af27bec60a23\",\"name\":\"Kalle Kinnunen\",\"image\":{\"@type\":\"ImageObject\",\"inLanguage\":\"fi\",\"@id\":\"https:\/\/suomenkuvalehti.fi\/kuvien-takaa\/#\/schema\/person\/image\/\",\"url\":\"https:\/\/suomenkuvalehti.fi\/kuvien-takaa\/wp-content\/uploads\/sites\/11\/2022\/04\/kalle_kinnunen_blogi-1-150x150.jpg\",\"contentUrl\":\"https:\/\/suomenkuvalehti.fi\/kuvien-takaa\/wp-content\/uploads\/sites\/11\/2022\/04\/kalle_kinnunen_blogi-1-150x150.jpg\",\"caption\":\"Kalle Kinnunen\"},\"description\":\"Kalle Kinnunen on vapaa toimittaja ja Suomen Kuvalehden avustaja.\",\"sameAs\":[\"https:\/\/www.facebook.com\/pages\/Kalle-Kinnunen-Kuvien-takaa\/190326157715410?fref=ts\",\"https:\/\/x.com\/https:\/\/twitter.com\/kallekinnunen\"]}]}<\/script>\n<!-- \/ Yoast SEO plugin. -->","yoast_head_json":{"title":"T\u0161ernobyl vuonna 2019 ja trauman alku - Kuvien takaa","robots":{"index":"index","follow":"follow","max-snippet":"max-snippet:-1","max-image-preview":"max-image-preview:large","max-video-preview":"max-video-preview:-1"},"canonical":"https:\/\/suomenkuvalehti.fi\/kuvien-takaa\/tsernobyl-vuonna-2019-ja-trauman-alku\/","og_locale":"fi_FI","og_type":"article","og_title":"T\u0161ernobyl vuonna 2019 ja trauman alku - Kuvien takaa","og_description":"HBO-sarja Chernobyl her\u00e4tt\u00e4\u00e4 ajatuksia. On hauskaa, ett\u00e4 onnistuneen ja eritt\u00e4in vakavan sarjan ruotsalainen ohjaaja Johan Renck tunnetaan paremmin popmuusikko Stakka Bo\u2019na ja ys\u00e4rihitist\u00e4 Here We Go. (Renck on toki tehnyt parinkymmenen vuoden kansainv\u00e4lisen uran muun muassa Madonnan &hellip;","og_url":"https:\/\/suomenkuvalehti.fi\/kuvien-takaa\/tsernobyl-vuonna-2019-ja-trauman-alku\/","og_site_name":"Kuvien takaa","article_author":"https:\/\/www.facebook.com\/pages\/Kalle-Kinnunen-Kuvien-takaa\/190326157715410?fref=ts","article_published_time":"2019-06-10T05:49:46+00:00","article_modified_time":"2019-06-10T06:03:17+00:00","og_image":[{"width":2560,"height":1707,"url":"https:\/\/suomenkuvalehti.fi\/kuvien-takaa\/wp-content\/uploads\/sites\/11\/2022\/04\/kalle_kinnunen_blogi-1-scaled.jpg","type":"image\/jpeg"}],"author":"Kalle Kinnunen","twitter_card":"summary_large_image","twitter_creator":"@https:\/\/twitter.com\/kallekinnunen","twitter_misc":{"Written by":"Kalle Kinnunen","Est. reading time":"4 minuuttia"},"schema":{"@context":"https:\/\/schema.org","@graph":[{"@type":"WebPage","@id":"https:\/\/suomenkuvalehti.fi\/kuvien-takaa\/tsernobyl-vuonna-2019-ja-trauman-alku\/","url":"https:\/\/suomenkuvalehti.fi\/kuvien-takaa\/tsernobyl-vuonna-2019-ja-trauman-alku\/","name":"T\u0161ernobyl vuonna 2019 ja trauman alku - Kuvien takaa","isPartOf":{"@id":"https:\/\/suomenkuvalehti.fi\/kuvien-takaa\/#website"},"datePublished":"2019-06-10T05:49:46+00:00","dateModified":"2019-06-10T06:03:17+00:00","author":{"@id":"https:\/\/suomenkuvalehti.fi\/kuvien-takaa\/#\/schema\/person\/f3f657e4ad409e008f12af27bec60a23"},"breadcrumb":{"@id":"https:\/\/suomenkuvalehti.fi\/kuvien-takaa\/tsernobyl-vuonna-2019-ja-trauman-alku\/#breadcrumb"},"inLanguage":"fi","potentialAction":[{"@type":"ReadAction","target":["https:\/\/suomenkuvalehti.fi\/kuvien-takaa\/tsernobyl-vuonna-2019-ja-trauman-alku\/"]}]},{"@type":"BreadcrumbList","@id":"https:\/\/suomenkuvalehti.fi\/kuvien-takaa\/tsernobyl-vuonna-2019-ja-trauman-alku\/#breadcrumb","itemListElement":[{"@type":"ListItem","position":1,"name":"Home","item":"https:\/\/suomenkuvalehti.fi\/kuvien-takaa\/"},{"@type":"ListItem","position":2,"name":"T\u0161ernobyl vuonna 2019 ja trauman alku"}]},{"@type":"WebSite","@id":"https:\/\/suomenkuvalehti.fi\/kuvien-takaa\/#website","url":"https:\/\/suomenkuvalehti.fi\/kuvien-takaa\/","name":"Kuvien takaa","description":"Elokuvakriitikko Kalle Kinnusen elokuvablogi.","potentialAction":[{"@type":"SearchAction","target":{"@type":"EntryPoint","urlTemplate":"https:\/\/suomenkuvalehti.fi\/haku\/?q={search_term_string}"},"query-input":{"@type":"PropertyValueSpecification","valueRequired":true,"valueName":"search_term_string"}}],"inLanguage":"fi"},{"@type":"Person","@id":"https:\/\/suomenkuvalehti.fi\/kuvien-takaa\/#\/schema\/person\/f3f657e4ad409e008f12af27bec60a23","name":"Kalle Kinnunen","image":{"@type":"ImageObject","inLanguage":"fi","@id":"https:\/\/suomenkuvalehti.fi\/kuvien-takaa\/#\/schema\/person\/image\/","url":"https:\/\/suomenkuvalehti.fi\/kuvien-takaa\/wp-content\/uploads\/sites\/11\/2022\/04\/kalle_kinnunen_blogi-1-150x150.jpg","contentUrl":"https:\/\/suomenkuvalehti.fi\/kuvien-takaa\/wp-content\/uploads\/sites\/11\/2022\/04\/kalle_kinnunen_blogi-1-150x150.jpg","caption":"Kalle Kinnunen"},"description":"Kalle Kinnunen on vapaa toimittaja ja Suomen Kuvalehden avustaja.","sameAs":["https:\/\/www.facebook.com\/pages\/Kalle-Kinnunen-Kuvien-takaa\/190326157715410?fref=ts","https:\/\/x.com\/https:\/\/twitter.com\/kallekinnunen"]}]}},"_links":{"self":[{"href":"https:\/\/suomenkuvalehti.fi\/kuvien-takaa\/wp-json\/wp\/v2\/posts\/4991","targetHints":{"allow":["GET"]}}],"collection":[{"href":"https:\/\/suomenkuvalehti.fi\/kuvien-takaa\/wp-json\/wp\/v2\/posts"}],"about":[{"href":"https:\/\/suomenkuvalehti.fi\/kuvien-takaa\/wp-json\/wp\/v2\/types\/post"}],"author":[{"embeddable":true,"href":"https:\/\/suomenkuvalehti.fi\/kuvien-takaa\/wp-json\/wp\/v2\/users\/144"}],"replies":[{"embeddable":true,"href":"https:\/\/suomenkuvalehti.fi\/kuvien-takaa\/wp-json\/wp\/v2\/comments?post=4991"}],"version-history":[{"count":6,"href":"https:\/\/suomenkuvalehti.fi\/kuvien-takaa\/wp-json\/wp\/v2\/posts\/4991\/revisions"}],"predecessor-version":[{"id":4998,"href":"https:\/\/suomenkuvalehti.fi\/kuvien-takaa\/wp-json\/wp\/v2\/posts\/4991\/revisions\/4998"}],"wp:attachment":[{"href":"https:\/\/suomenkuvalehti.fi\/kuvien-takaa\/wp-json\/wp\/v2\/media?parent=4991"}],"wp:term":[{"taxonomy":"category","embeddable":true,"href":"https:\/\/suomenkuvalehti.fi\/kuvien-takaa\/wp-json\/wp\/v2\/categories?post=4991"},{"taxonomy":"post_tag","embeddable":true,"href":"https:\/\/suomenkuvalehti.fi\/kuvien-takaa\/wp-json\/wp\/v2\/tags?post=4991"}],"curies":[{"name":"wp","href":"https:\/\/api.w.org\/{rel}","templated":true}]}}