{"id":4961,"date":"2019-05-18T19:12:21","date_gmt":"2019-05-18T16:12:21","guid":{"rendered":"https:\/\/suomenkuvalehti.fi\/kuvien-takaa\/?p=4961"},"modified":"2019-05-18T19:16:10","modified_gmt":"2019-05-18T16:16:10","slug":"ruotsalainen-lauantai-cannesissa-luvassa-ostlundin-oksennusjuhlat","status":"publish","type":"post","link":"https:\/\/suomenkuvalehti.fi\/kuvien-takaa\/ruotsalainen-lauantai-cannesissa-luvassa-ostlundin-oksennusjuhlat\/","title":{"rendered":"Ruotsalainen lauantai Cannesissa \u2013 luvassa \u00d6stlundin oksennusjuhlat"},"content":{"rendered":"\n<p>Suomesta ja Ruotsista kummastakin on t\u00e4n\u00e4 vuonna Cannesissa virallisiin sarjoihin valittuna yht\u00e4 monta elokuvaa, yksi pitk\u00e4 ja yksi lyhyt.<\/p>\n\n\n\n<p>Hyv\u00e4 saavutus Suomelta!<\/p>\n\n\n\n<p>Ruotsalaisen elokuvateollisuuden laajuutta voi kuitenkin hahmottaa realistisemmin toisella tavalla. Lauantaina vietin aamun ja alkuiltap\u00e4iv\u00e4n ruotsalaisten tuotanto- ja jakeluyhti\u00f6iden tilaisuuksissa, joissa esiteltiin heid\u00e4n tulevia nimikkeit\u00e4\u00e4n.<\/p>\n\n\n\n<p>Esimerkiksi n\u00e4in. SF Studios, entinen Svensk Filmindustri, aloitti taannoin uuden tuotantolinjan. Se tekee kansainv\u00e4lisi\u00e4 viihde-elokuvia noin 20 miljoonan dollarin budjeteilla. N\u00e4m\u00e4 tuotannot k\u00e4ynnisti parin vuoden takainen <em>Borg\/McEnroe<\/em>. Nyt tuotantovauhti kiihtyy.<\/p>\n\n\n\n<p>Kansainv\u00e4list\u00e4 osastoa vet\u00e4v\u00e4 <strong>Frederik Wikstr\u00f6m Nicastro<\/strong> kuvaili, ett\u00e4 jatkossa n\u00e4iss\u00e4 tuotannoissa \u2013 seuraava on Mauritiuksella jo kuvattu <em>Horizon Line<\/em> \u2013 kameran takana p\u00e4\u00e4osaajat ovat pohjoismaalaisia, mutta mist\u00e4\u00e4n ei voi p\u00e4\u00e4tell\u00e4, ett\u00e4 kyseess\u00e4 on ruotsalainen tuotanto. <em>Horizon Linen<\/em> t\u00e4hti on <em>Girls<\/em> -sarjan <strong>Allison Williams<\/strong>. Elokuva on Nicastron mukaan \u201d<em>Speed<\/em> pienlentokoneessa\u201d. Yhdysvalloissa sen levitt\u00e4\u00e4 ensi vuoden alussa keskisuuri STX, ja julkaisusta tulee laaja \u2013 todenn\u00e4k\u00f6isesti laajin pohjoismaisen elokuvatuotannon levitys koskaan. (Edellinen enn\u00e4tys lienee yh\u00e4 <em>J\u00e4\u00e4t\u00e4v\u00e4ll\u00e4 poltteella<\/em>.)<\/p>\n\n\n\n<p>Kansainv\u00e4lisen tuotannon osaston todellinen suurhanke on m\u00e4\u00e4r\u00e4 kuvata ensi vuonna. Se on <em>Mies, joka rakasti j\u00e4rjestyst\u00e4<\/em> -elokuvan amerikkalainen remake, jossa <strong>Rolf Lassg\u00e5rdin<\/strong> n\u00e4yttelem\u00e4n roolin ottaa <strong>Tom Hanks<\/strong>. T\u00e4st\u00e4kin elokuvasta tulee ruotsalainen tuotanto, vaikka se kuvataan Yhdysvalloissa.<\/p>\n\n\n\n<p>Iltap\u00e4iv\u00e4ll\u00e4 tuotantoyhti\u00f6 Film i V\u00e4st puolestaan esitteli elokuviaan huvilassa Cannesin it\u00e4puolella. Nyt p\u00e4\u00e4st\u00e4\u00e4nkin ruotsalaisen elokuva-alan laajuuteen, sill\u00e4 yhti\u00f6n nimi oli ensimm\u00e4isi\u00e4 jonka t\u00e4ll\u00e4 reissulla valkokankaalla tiistaina n\u00e4in. Film i V\u00e4st on osatuottaja <strong>Jim Jarmuschin<\/strong> uudessa <em>The Dead Don\u2019t Diess\u00e4<\/em>. Cannesin avajaiselokuvana n\u00e4ytetyn erekokkoslaisen zombih\u00f6p\u00f6ilyn vfx-tehosteet nimitt\u00e4in tehtiin Ruotsissa.<\/p>\n\n\n\n<p>Film i V\u00e4st oli osatuottajana sattumoisin my\u00f6s Berliinin festivaalien avajaiselokuvassa, brittil\u00e4isess\u00e4 <em>The Kindness of Strangersissa<\/em> ja sen tulevia omia tuotantoja ovat esimerkiksi Kultainen palmu -voittaja <strong>Ruben \u00d6stlundin<\/strong> ja <strong>Tarek Salehin<\/strong> uudet elokuvat. Cannesiin asti n\u00e4it\u00e4 tulevia, varsin kansainv\u00e4lisi\u00e4 hankkeita esittelem\u00e4\u00e4n oli tuotu puolentusinaa ohjaajaa. <strong>Ninja Thyberg<\/strong> kertoi <em>Jessicasta<\/em>, joka on p\u00e4\u00e4osin Los Angelesissa kuvattu elokuva pornon\u00e4yttelij\u00e4ksi ryhtyv\u00e4st\u00e4 19-vuotiaasta ruotsalaistyt\u00f6st\u00e4.<\/p>\n\n\n\n<p>Parhaan show\u2019n veti toki t\u00e4llaiseen erikoistunut \u00d6stlund. H\u00e4n ykskantaan ilmoitti seuraavan ohjauksensa <em>Triangle of Sadnessin<\/em> saapuvan Cannesin kilpasarjaan 2021.<\/p>\n\n\n\n<p>Nyt saattaa seurata spoileri.<\/p>\n\n\n<figure class=\"wp-block-image size-large is-resized alignnone\">\n  <div class=\"wp-block-image__inner-container\">\n    <a href=\"https:\/\/suomenkuvalehti.fi\/kuvien-takaa\/wp-content\/uploads\/sites\/11\/2019\/05\/img_1741-e1558195917693.jpg\"><img loading=\"lazy\" decoding=\"async\" src=\"https:\/\/suomenkuvalehti.fi\/kuvien-takaa\/wp-content\/uploads\/sites\/11\/2019\/05\/img_1741-e1558195917693-768x1024.jpg\" alt=\"\" class=\"wp-image-4962\" width=\"768\" height=\"1024\" style=\"--aspect-ratio: 0.75\" srcset=\"https:\/\/suomenkuvalehti.fi\/kuvien-takaa\/wp-content\/uploads\/sites\/11\/2019\/05\/img_1741-e1558195917693-768x1024.jpg 768w, https:\/\/suomenkuvalehti.fi\/kuvien-takaa\/wp-content\/uploads\/sites\/11\/2019\/05\/img_1741-e1558195917693-225x300.jpg 225w, https:\/\/suomenkuvalehti.fi\/kuvien-takaa\/wp-content\/uploads\/sites\/11\/2019\/05\/img_1741-e1558195917693-300x400.jpg 300w, https:\/\/suomenkuvalehti.fi\/kuvien-takaa\/wp-content\/uploads\/sites\/11\/2019\/05\/img_1741-e1558195917693-630x840.jpg 630w, https:\/\/suomenkuvalehti.fi\/kuvien-takaa\/wp-content\/uploads\/sites\/11\/2019\/05\/img_1741-e1558195917693.jpg 1224w\" sizes=\"auto, (max-width: 768px) 100vw, 768px\" \/><\/a>  <\/div>\n<\/figure>\n\n\n\n<p>Englanninkielisen elokuvan p\u00e4\u00e4henkil\u00f6 on miesmalli ja teemana seksuaalisuus ja kauneus valuuttana. \u00d6stlund kertoi koko juonen loppuhuipennusta lukuunottamatta ja kuvaili etenkin jaksoa, josta h\u00e4nen mukaansa tulee hurjin kohtaus koskaan. Siis elokuvahistoriassa.<\/p>\n\n\n\n<p>Jos tied\u00e4tte elokuvista jotain villej\u00e4 kohtauksia, l\u00e4hett\u00e4k\u00e4\u00e4 linkit niihin minulle, \u00d6stlund sanoi, otan opikseni ja teen t\u00e4st\u00e4 viel\u00e4 villimm\u00e4n. Mik\u00e4s siin\u00e4 sitten!<\/p>\n\n\n\n<p>Kohtaus tapahtuu superrikkaiden huvijahdilla, jonka kapteeni on salaa \u00e4\u00e4rimarxisti. Kapteeni j\u00e4rjest\u00e4\u00e4 halveksumilleen laivavieraille k\u00e4llien sarjan. Merisairauden ja ruokamyrkytysten seurauksena mahtavaksi tarkoitettu illallinen muuttuu spektakulaarisiksi oksennus- ja ripulointijuhliksi. Sit\u00e4 varten studioon rakennetaan koko laivan ruokasali keinuvalla lattialla, jotta lavasteen huonekalutkin saadaan liukumaan kunnolla, \u00d6stlund hehkutti.<\/p>\n\n\n\n<p>Kun nyt muistetaan, ett\u00e4 \u00d6stlundin parissa aiemmassakin elokuvassa on ollut yksi <em>iso<\/em> kohtaus \u2013 <em>Turistin<\/em> k\u00e4\u00e4nteentekev\u00e4\u00e4 lumivy\u00f6rytilannetta ohjaaja hehkutti ja kuvaili t\u00e4sm\u00e4llisesti jo vuosia ennen kuin elokuva kuvattiin ja valmistui \u2013 ei t\u00e4ss\u00e4 paljastuksessa mit\u00e4\u00e4n erikoista ole. Varsinainen tarina alkaa tuosta eriter\u00e4j\u00e4hdyksest\u00e4.<\/p>\n\n\n\n<p>Mutta t\u00e4llaista siis tulossa Cannesiin 2021.<\/p>\n\n\n\n<p>Kiitos Ruotsi!<\/p>\n\n\n","protected":false},"excerpt":{"rendered":"<p>Suomesta ja Ruotsista kummastakin on t\u00e4n\u00e4 vuonna Cannesissa virallisiin sarjoihin valittuna yht\u00e4 monta elokuvaa, yksi pitk\u00e4 ja yksi lyhyt. Hyv\u00e4 saavutus Suomelta! Ruotsalaisen elokuvateollisuuden laajuutta voi kuitenkin hahmottaa realistisemmin toisella<br \/>\ntava&hellip;<\/p>\n","protected":false},"author":144,"featured_media":0,"comment_status":"open","ping_status":"closed","sticky":false,"template":"","format":"standard","meta":{"_acf_changed":false,"asauth_required_access_level":3,"asauth_cansharepaid":"true","om_header_attributes":[],"footnotes":"","om_featured_image_focal_point":[],"om_primary_tag":0,"om_contributors":[],"om_co_authors":[],"beyondwords_generate_audio":"","beyondwords_project_id":"","beyondwords_content_id":"","beyondwords_preview_token":"","beyondwords_player_content":"","beyondwords_player_style":"","beyondwords_language_code":"","beyondwords_language_id":"","beyondwords_title_voice_id":"","beyondwords_body_voice_id":"","beyondwords_summary_voice_id":"","beyondwords_error_message":"","beyondwords_disabled":"","beyondwords_delete_content":"","beyondwords_podcast_id":"","beyondwords_hash":"","publish_post_to_speechkit":"","speechkit_hash":"","speechkit_generate_audio":"","speechkit_project_id":"","speechkit_podcast_id":"","speechkit_error_message":"","speechkit_disabled":"","speechkit_access_key":"","speechkit_error":"","speechkit_info":"","speechkit_response":"","speechkit_retries":"","speechkit_status":"","speechkit_updated_at":"","_speechkit_link":"","_speechkit_text":""},"categories":[1],"tags":[645,71],"class_list":["post-4961","post","type-post","status-publish","format-standard","hentry","category-kuvien-takaa","tag-ruben-ostlund","tag-ruotsalainen-elokuva"],"om_views":null,"acf":{"tuuma_off":false,"tuuma_kysymys":"","tuuma_vastaus":""},"asauth":{"required_access_level":1,"share_token":"","is_paid":false},"yoast_head":"<!-- This site is optimized with the Yoast SEO plugin v26.4 - https:\/\/yoast.com\/wordpress\/plugins\/seo\/ -->\n<title>Ruotsalainen lauantai Cannesissa \u2013 luvassa \u00d6stlundin oksennusjuhlat - Kuvien takaa<\/title>\n<meta name=\"robots\" content=\"index, follow, max-snippet:-1, max-image-preview:large, max-video-preview:-1\" \/>\n<link rel=\"canonical\" href=\"https:\/\/suomenkuvalehti.fi\/kuvien-takaa\/ruotsalainen-lauantai-cannesissa-luvassa-ostlundin-oksennusjuhlat\/\" \/>\n<meta property=\"og:locale\" content=\"fi_FI\" \/>\n<meta property=\"og:type\" content=\"article\" \/>\n<meta property=\"og:title\" content=\"Ruotsalainen lauantai Cannesissa \u2013 luvassa \u00d6stlundin oksennusjuhlat - Kuvien takaa\" \/>\n<meta property=\"og:description\" content=\"Suomesta ja Ruotsista kummastakin on t\u00e4n\u00e4 vuonna Cannesissa virallisiin sarjoihin valittuna yht\u00e4 monta elokuvaa, yksi pitk\u00e4 ja yksi lyhyt. Hyv\u00e4 saavutus Suomelta! Ruotsalaisen elokuvateollisuuden laajuutta voi kuitenkin hahmottaa realistisemmin toisella tava&hellip;\" \/>\n<meta property=\"og:url\" content=\"https:\/\/suomenkuvalehti.fi\/kuvien-takaa\/ruotsalainen-lauantai-cannesissa-luvassa-ostlundin-oksennusjuhlat\/\" \/>\n<meta property=\"og:site_name\" content=\"Kuvien takaa\" \/>\n<meta property=\"article:author\" content=\"https:\/\/www.facebook.com\/pages\/Kalle-Kinnunen-Kuvien-takaa\/190326157715410?fref=ts\" \/>\n<meta property=\"article:published_time\" content=\"2019-05-18T16:12:21+00:00\" \/>\n<meta property=\"article:modified_time\" content=\"2019-05-18T16:16:10+00:00\" \/>\n<meta property=\"og:image\" content=\"https:\/\/suomenkuvalehti.fi\/kuvien-takaa\/wp-content\/uploads\/sites\/11\/2019\/05\/img_1741-e1558195917693-768x1024.jpg\" \/>\n<meta name=\"author\" content=\"Kalle Kinnunen\" \/>\n<meta name=\"twitter:card\" content=\"summary_large_image\" \/>\n<meta name=\"twitter:creator\" content=\"@https:\/\/twitter.com\/kallekinnunen\" \/>\n<meta name=\"twitter:label1\" content=\"Written by\" \/>\n\t<meta name=\"twitter:data1\" content=\"Kalle Kinnunen\" \/>\n\t<meta name=\"twitter:label2\" content=\"Est. reading time\" \/>\n\t<meta name=\"twitter:data2\" content=\"3 minuuttia\" \/>\n<script type=\"application\/ld+json\" class=\"yoast-schema-graph\">{\"@context\":\"https:\/\/schema.org\",\"@graph\":[{\"@type\":\"WebPage\",\"@id\":\"https:\/\/suomenkuvalehti.fi\/kuvien-takaa\/ruotsalainen-lauantai-cannesissa-luvassa-ostlundin-oksennusjuhlat\/\",\"url\":\"https:\/\/suomenkuvalehti.fi\/kuvien-takaa\/ruotsalainen-lauantai-cannesissa-luvassa-ostlundin-oksennusjuhlat\/\",\"name\":\"Ruotsalainen lauantai Cannesissa \u2013 luvassa \u00d6stlundin oksennusjuhlat - Kuvien takaa\",\"isPartOf\":{\"@id\":\"https:\/\/suomenkuvalehti.fi\/kuvien-takaa\/#website\"},\"primaryImageOfPage\":{\"@id\":\"https:\/\/suomenkuvalehti.fi\/kuvien-takaa\/ruotsalainen-lauantai-cannesissa-luvassa-ostlundin-oksennusjuhlat\/#primaryimage\"},\"image\":{\"@id\":\"https:\/\/suomenkuvalehti.fi\/kuvien-takaa\/ruotsalainen-lauantai-cannesissa-luvassa-ostlundin-oksennusjuhlat\/#primaryimage\"},\"thumbnailUrl\":\"https:\/\/suomenkuvalehti.fi\/kuvien-takaa\/wp-content\/uploads\/sites\/11\/2019\/05\/img_1741-e1558195917693-768x1024.jpg\",\"datePublished\":\"2019-05-18T16:12:21+00:00\",\"dateModified\":\"2019-05-18T16:16:10+00:00\",\"author\":{\"@id\":\"https:\/\/suomenkuvalehti.fi\/kuvien-takaa\/#\/schema\/person\/f3f657e4ad409e008f12af27bec60a23\"},\"breadcrumb\":{\"@id\":\"https:\/\/suomenkuvalehti.fi\/kuvien-takaa\/ruotsalainen-lauantai-cannesissa-luvassa-ostlundin-oksennusjuhlat\/#breadcrumb\"},\"inLanguage\":\"fi\",\"potentialAction\":[{\"@type\":\"ReadAction\",\"target\":[\"https:\/\/suomenkuvalehti.fi\/kuvien-takaa\/ruotsalainen-lauantai-cannesissa-luvassa-ostlundin-oksennusjuhlat\/\"]}]},{\"@type\":\"ImageObject\",\"inLanguage\":\"fi\",\"@id\":\"https:\/\/suomenkuvalehti.fi\/kuvien-takaa\/ruotsalainen-lauantai-cannesissa-luvassa-ostlundin-oksennusjuhlat\/#primaryimage\",\"url\":\"https:\/\/suomenkuvalehti.fi\/kuvien-takaa\/wp-content\/uploads\/sites\/11\/2019\/05\/img_1741-e1558195917693.jpg\",\"contentUrl\":\"https:\/\/suomenkuvalehti.fi\/kuvien-takaa\/wp-content\/uploads\/sites\/11\/2019\/05\/img_1741-e1558195917693.jpg\",\"width\":1224,\"height\":1632},{\"@type\":\"BreadcrumbList\",\"@id\":\"https:\/\/suomenkuvalehti.fi\/kuvien-takaa\/ruotsalainen-lauantai-cannesissa-luvassa-ostlundin-oksennusjuhlat\/#breadcrumb\",\"itemListElement\":[{\"@type\":\"ListItem\",\"position\":1,\"name\":\"Home\",\"item\":\"https:\/\/suomenkuvalehti.fi\/kuvien-takaa\/\"},{\"@type\":\"ListItem\",\"position\":2,\"name\":\"Ruotsalainen lauantai Cannesissa \u2013 luvassa \u00d6stlundin oksennusjuhlat\"}]},{\"@type\":\"WebSite\",\"@id\":\"https:\/\/suomenkuvalehti.fi\/kuvien-takaa\/#website\",\"url\":\"https:\/\/suomenkuvalehti.fi\/kuvien-takaa\/\",\"name\":\"Kuvien takaa\",\"description\":\"Elokuvakriitikko Kalle Kinnusen elokuvablogi.\",\"potentialAction\":[{\"@type\":\"SearchAction\",\"target\":{\"@type\":\"EntryPoint\",\"urlTemplate\":\"https:\/\/suomenkuvalehti.fi\/haku\/?q={search_term_string}\"},\"query-input\":{\"@type\":\"PropertyValueSpecification\",\"valueRequired\":true,\"valueName\":\"search_term_string\"}}],\"inLanguage\":\"fi\"},{\"@type\":\"Person\",\"@id\":\"https:\/\/suomenkuvalehti.fi\/kuvien-takaa\/#\/schema\/person\/f3f657e4ad409e008f12af27bec60a23\",\"name\":\"Kalle Kinnunen\",\"image\":{\"@type\":\"ImageObject\",\"inLanguage\":\"fi\",\"@id\":\"https:\/\/suomenkuvalehti.fi\/kuvien-takaa\/#\/schema\/person\/image\/\",\"url\":\"https:\/\/suomenkuvalehti.fi\/kuvien-takaa\/wp-content\/uploads\/sites\/11\/2022\/04\/kalle_kinnunen_blogi-1-150x150.jpg\",\"contentUrl\":\"https:\/\/suomenkuvalehti.fi\/kuvien-takaa\/wp-content\/uploads\/sites\/11\/2022\/04\/kalle_kinnunen_blogi-1-150x150.jpg\",\"caption\":\"Kalle Kinnunen\"},\"description\":\"Kalle Kinnunen on vapaa toimittaja ja Suomen Kuvalehden avustaja.\",\"sameAs\":[\"https:\/\/www.facebook.com\/pages\/Kalle-Kinnunen-Kuvien-takaa\/190326157715410?fref=ts\",\"https:\/\/x.com\/https:\/\/twitter.com\/kallekinnunen\"]}]}<\/script>\n<!-- \/ Yoast SEO plugin. -->","yoast_head_json":{"title":"Ruotsalainen lauantai Cannesissa \u2013 luvassa \u00d6stlundin oksennusjuhlat - Kuvien takaa","robots":{"index":"index","follow":"follow","max-snippet":"max-snippet:-1","max-image-preview":"max-image-preview:large","max-video-preview":"max-video-preview:-1"},"canonical":"https:\/\/suomenkuvalehti.fi\/kuvien-takaa\/ruotsalainen-lauantai-cannesissa-luvassa-ostlundin-oksennusjuhlat\/","og_locale":"fi_FI","og_type":"article","og_title":"Ruotsalainen lauantai Cannesissa \u2013 luvassa \u00d6stlundin oksennusjuhlat - Kuvien takaa","og_description":"Suomesta ja Ruotsista kummastakin on t\u00e4n\u00e4 vuonna Cannesissa virallisiin sarjoihin valittuna yht\u00e4 monta elokuvaa, yksi pitk\u00e4 ja yksi lyhyt. Hyv\u00e4 saavutus Suomelta! Ruotsalaisen elokuvateollisuuden laajuutta voi kuitenkin hahmottaa realistisemmin toisella tava&hellip;","og_url":"https:\/\/suomenkuvalehti.fi\/kuvien-takaa\/ruotsalainen-lauantai-cannesissa-luvassa-ostlundin-oksennusjuhlat\/","og_site_name":"Kuvien takaa","article_author":"https:\/\/www.facebook.com\/pages\/Kalle-Kinnunen-Kuvien-takaa\/190326157715410?fref=ts","article_published_time":"2019-05-18T16:12:21+00:00","article_modified_time":"2019-05-18T16:16:10+00:00","og_image":[{"url":"https:\/\/suomenkuvalehti.fi\/kuvien-takaa\/wp-content\/uploads\/sites\/11\/2019\/05\/img_1741-e1558195917693-768x1024.jpg","type":"","width":"","height":""}],"author":"Kalle Kinnunen","twitter_card":"summary_large_image","twitter_creator":"@https:\/\/twitter.com\/kallekinnunen","twitter_misc":{"Written by":"Kalle Kinnunen","Est. reading time":"3 minuuttia"},"schema":{"@context":"https:\/\/schema.org","@graph":[{"@type":"WebPage","@id":"https:\/\/suomenkuvalehti.fi\/kuvien-takaa\/ruotsalainen-lauantai-cannesissa-luvassa-ostlundin-oksennusjuhlat\/","url":"https:\/\/suomenkuvalehti.fi\/kuvien-takaa\/ruotsalainen-lauantai-cannesissa-luvassa-ostlundin-oksennusjuhlat\/","name":"Ruotsalainen lauantai Cannesissa \u2013 luvassa \u00d6stlundin oksennusjuhlat - Kuvien takaa","isPartOf":{"@id":"https:\/\/suomenkuvalehti.fi\/kuvien-takaa\/#website"},"primaryImageOfPage":{"@id":"https:\/\/suomenkuvalehti.fi\/kuvien-takaa\/ruotsalainen-lauantai-cannesissa-luvassa-ostlundin-oksennusjuhlat\/#primaryimage"},"image":{"@id":"https:\/\/suomenkuvalehti.fi\/kuvien-takaa\/ruotsalainen-lauantai-cannesissa-luvassa-ostlundin-oksennusjuhlat\/#primaryimage"},"thumbnailUrl":"https:\/\/suomenkuvalehti.fi\/kuvien-takaa\/wp-content\/uploads\/sites\/11\/2019\/05\/img_1741-e1558195917693-768x1024.jpg","datePublished":"2019-05-18T16:12:21+00:00","dateModified":"2019-05-18T16:16:10+00:00","author":{"@id":"https:\/\/suomenkuvalehti.fi\/kuvien-takaa\/#\/schema\/person\/f3f657e4ad409e008f12af27bec60a23"},"breadcrumb":{"@id":"https:\/\/suomenkuvalehti.fi\/kuvien-takaa\/ruotsalainen-lauantai-cannesissa-luvassa-ostlundin-oksennusjuhlat\/#breadcrumb"},"inLanguage":"fi","potentialAction":[{"@type":"ReadAction","target":["https:\/\/suomenkuvalehti.fi\/kuvien-takaa\/ruotsalainen-lauantai-cannesissa-luvassa-ostlundin-oksennusjuhlat\/"]}]},{"@type":"ImageObject","inLanguage":"fi","@id":"https:\/\/suomenkuvalehti.fi\/kuvien-takaa\/ruotsalainen-lauantai-cannesissa-luvassa-ostlundin-oksennusjuhlat\/#primaryimage","url":"https:\/\/suomenkuvalehti.fi\/kuvien-takaa\/wp-content\/uploads\/sites\/11\/2019\/05\/img_1741-e1558195917693.jpg","contentUrl":"https:\/\/suomenkuvalehti.fi\/kuvien-takaa\/wp-content\/uploads\/sites\/11\/2019\/05\/img_1741-e1558195917693.jpg","width":1224,"height":1632},{"@type":"BreadcrumbList","@id":"https:\/\/suomenkuvalehti.fi\/kuvien-takaa\/ruotsalainen-lauantai-cannesissa-luvassa-ostlundin-oksennusjuhlat\/#breadcrumb","itemListElement":[{"@type":"ListItem","position":1,"name":"Home","item":"https:\/\/suomenkuvalehti.fi\/kuvien-takaa\/"},{"@type":"ListItem","position":2,"name":"Ruotsalainen lauantai Cannesissa \u2013 luvassa \u00d6stlundin oksennusjuhlat"}]},{"@type":"WebSite","@id":"https:\/\/suomenkuvalehti.fi\/kuvien-takaa\/#website","url":"https:\/\/suomenkuvalehti.fi\/kuvien-takaa\/","name":"Kuvien takaa","description":"Elokuvakriitikko Kalle Kinnusen elokuvablogi.","potentialAction":[{"@type":"SearchAction","target":{"@type":"EntryPoint","urlTemplate":"https:\/\/suomenkuvalehti.fi\/haku\/?q={search_term_string}"},"query-input":{"@type":"PropertyValueSpecification","valueRequired":true,"valueName":"search_term_string"}}],"inLanguage":"fi"},{"@type":"Person","@id":"https:\/\/suomenkuvalehti.fi\/kuvien-takaa\/#\/schema\/person\/f3f657e4ad409e008f12af27bec60a23","name":"Kalle Kinnunen","image":{"@type":"ImageObject","inLanguage":"fi","@id":"https:\/\/suomenkuvalehti.fi\/kuvien-takaa\/#\/schema\/person\/image\/","url":"https:\/\/suomenkuvalehti.fi\/kuvien-takaa\/wp-content\/uploads\/sites\/11\/2022\/04\/kalle_kinnunen_blogi-1-150x150.jpg","contentUrl":"https:\/\/suomenkuvalehti.fi\/kuvien-takaa\/wp-content\/uploads\/sites\/11\/2022\/04\/kalle_kinnunen_blogi-1-150x150.jpg","caption":"Kalle Kinnunen"},"description":"Kalle Kinnunen on vapaa toimittaja ja Suomen Kuvalehden avustaja.","sameAs":["https:\/\/www.facebook.com\/pages\/Kalle-Kinnunen-Kuvien-takaa\/190326157715410?fref=ts","https:\/\/x.com\/https:\/\/twitter.com\/kallekinnunen"]}]}},"_links":{"self":[{"href":"https:\/\/suomenkuvalehti.fi\/kuvien-takaa\/wp-json\/wp\/v2\/posts\/4961","targetHints":{"allow":["GET"]}}],"collection":[{"href":"https:\/\/suomenkuvalehti.fi\/kuvien-takaa\/wp-json\/wp\/v2\/posts"}],"about":[{"href":"https:\/\/suomenkuvalehti.fi\/kuvien-takaa\/wp-json\/wp\/v2\/types\/post"}],"author":[{"embeddable":true,"href":"https:\/\/suomenkuvalehti.fi\/kuvien-takaa\/wp-json\/wp\/v2\/users\/144"}],"replies":[{"embeddable":true,"href":"https:\/\/suomenkuvalehti.fi\/kuvien-takaa\/wp-json\/wp\/v2\/comments?post=4961"}],"version-history":[{"count":3,"href":"https:\/\/suomenkuvalehti.fi\/kuvien-takaa\/wp-json\/wp\/v2\/posts\/4961\/revisions"}],"predecessor-version":[{"id":4965,"href":"https:\/\/suomenkuvalehti.fi\/kuvien-takaa\/wp-json\/wp\/v2\/posts\/4961\/revisions\/4965"}],"wp:attachment":[{"href":"https:\/\/suomenkuvalehti.fi\/kuvien-takaa\/wp-json\/wp\/v2\/media?parent=4961"}],"wp:term":[{"taxonomy":"category","embeddable":true,"href":"https:\/\/suomenkuvalehti.fi\/kuvien-takaa\/wp-json\/wp\/v2\/categories?post=4961"},{"taxonomy":"post_tag","embeddable":true,"href":"https:\/\/suomenkuvalehti.fi\/kuvien-takaa\/wp-json\/wp\/v2\/tags?post=4961"}],"curies":[{"name":"wp","href":"https:\/\/api.w.org\/{rel}","templated":true}]}}