{"id":49,"date":"2013-07-17T13:21:01","date_gmt":"2013-07-17T10:21:01","guid":{"rendered":"https:\/\/suomenkuvalehti.fi\/kuvientakaa\/2013\/07\/17\/brad-pittin-zombieepos-world-war-z-vuoden-muovisin-maailmanloppu\/"},"modified":"2013-11-30T16:24:19","modified_gmt":"2013-11-30T14:24:19","slug":"brad-pittin-zombieepos-world-war-z-vuoden-muovisin-maailmanloppu","status":"publish","type":"post","link":"https:\/\/suomenkuvalehti.fi\/kuvien-takaa\/brad-pittin-zombieepos-world-war-z-vuoden-muovisin-maailmanloppu\/","title":{"rendered":"Brad Pittin zombieepos World War Z &#8211; vuoden muovisin maailmanloppu"},"content":{"rendered":"\n<p>P\u00e4\u00e4osassa <strong>Brad Pitt<\/strong>, tarina joka kiit\u00e4\u00e4 ymp\u00e4ri maailmaa. Budjetti pilviss\u00e4. Valmiiksi leikatusta leffasta todetaan, ett\u00e4 kolmannes tulee kuvata uusiksi. Perjantaina ensi-iltaan saapuva <em>World War Z<\/em> oli kes\u00e4n j\u00e4ttielokuvien ongelmatapaus on ennen valmistumistaan. Huono siit\u00e4 tulikin.<\/p>\n\n\n\n\n<p>Elokuva perustuu <strong>Max Brooksin<\/strong> fantasiaromaaniin <em>Sukupolvi Z<\/em>, joka kertoo haastattelureportaasina maailmansota Z:n taisteluista ja veteraaneista. Tuo sota k\u00e4ytiin zombeja vastaan &#8211; tai siis outoa virusta, joka teki ihmisist\u00e4 peruuttamattomasti verenhimoisia pirulaisia.<\/p>\n\n\n\n<p>Brooksin kirja oli leffoista ja Wikipediasta maailmankuvansa koostaneen n\u00f6rtin h\u00f6hl\u00e4 satu ihmiskunnan melkein-tuhoutumisesta. Siit\u00e4 olisi voinut tehd\u00e4 vauhdikkaan ja asiaankuuluvan rujon tiivistelm\u00e4n. Elokuva onnistuu kuitenkin olemaan kirjaa lapsellisempi ja mik\u00e4 pahempaa, l\u00e4ssympi.<\/p>\n\n\n\n<p>Pitt n\u00e4yttelee perheenis\u00e4 Gerry\u00e4, joka saa perheens\u00e4 turvaan zombisodan alkaessa. Alku on vaikuttava. Zombiepidemia levi\u00e4\u00e4 salamannopeasti, purematartunnasta taudin t\u00e4yteen levi\u00e4miseen kuluu vain 15 sekuntia.<\/p>\n\n\n\n<p>L\u00e4hes koko elokuva on johdantoa ja selittely\u00e4 selittelyn per\u00e4\u00e4n. Gerry onkin YK:n vaikeiden paikkojen ekspertti. H\u00e4n siirtyy paikasta toiseen ja n\u00e4emme zombisodan vaiheita, mutta tapahtumien syy-seuraus-dramaturgiaa elokuvassa ole juuri lainkaan. Ilmeett\u00f6m\u00e4lle Gerrylle selitet\u00e4\u00e4n, mit\u00e4 miss\u00e4kin on tapahtunut. Taas rynn\u00e4t\u00e4\u00e4n zombeja pakoon tai maanosasta toiseen.<\/p>\n\n\n\n<p>Rakenne toki mukailee kirjan tyyli\u00e4. Samoin ylin\u00e4ytteleminen mukailee kirjan p\u00f6yhke\u00e4\u00e4 naiiviutta.<\/p>\n\n\n\n<p>Elokuvan pyrkimys on yhdistell\u00e4 kuolemanvakavaa globaalia tartunta- ja katastrofij\u00e4nn\u00e4ri\u00e4, hirvi\u00f6kauhuelokuvaa sek\u00e4 Bourne-tyyppist\u00e4 realistisen rujoa toimintaa. Uskottavuusongelma on kuitenkin ylitt\u00e4m\u00e4t\u00f6n. Stereotyyppien ja jatkuvien ihmeellisten yhteensattumien vuoksi fiilis on l\u00e4hinn\u00e4 Aku Ankan taskukirjoja, noita eurooppalaisia halpatuotantopokkareita, joiden semipsykedeelisesti leijuvien tarinoiden laatijoilta kai vaadittiin jatkuvaa p\u00e4ihtymistilaa.<\/p>\n\n\n\n<p>Latteustasoa kuvaa se, ett\u00e4 kun tavataan meksikolainen, h\u00e4n sanoo <em>mi casa e su casa<\/em>. Tietty.<\/p>\n\n\n\n<p>Lopun ylipaatoksellisuus ei en\u00e4\u00e4 yll\u00e4tt\u00e4nyt, ohjaaja <strong>Marc Forster<\/strong> tunnetaan tomerasta tosikkomaisuudesta.<\/p>\n\n\n\n<p>Elokuvan tuotantokatastrofista kerrottiin laajasti <a href=\"http:\/\/www.vanityfair.com\/hollywood\/2013\/06\/brad-pitt-world-war-z-drama\">Vanity Fairissa<\/a>. Pian sen j\u00e4lkeen damage control -yrityksen\u00e4 muutamia parhaista vauhtijaksoista n\u00e4ytettiin toimittajille eri maissa, Suomessakin.<\/p>\n\n\n\n<p>Ennakkoesitettyj\u00e4 noin viitt\u00e4toista tehominuuttia (elokuvan alkua, Israel-jaksoa ja lentokoneonnettomuutta) lukuunottamatta elokuvasta puuttuu tyystin vaaran saati maailmanlopun tuntu, ja nimenomaan loppu hiippailuineen on tyls\u00e4. Aika kurjaa, kun tehostespektaakkeli on sent\u00e4\u00e4n kertovinaan ihmiskunnan t\u00e4ystuhon hetkist\u00e4.<\/p>\n\n\n\n<p>Keskeinen ongelma on muovisuus ja kompromissien m\u00e4\u00e4r\u00e4.<\/p>\n\n\n\n<p>Kauhutunnelmaa v\u00e4hent\u00e4\u00e4 se, ett\u00e4 alhaisen ik\u00e4rajan vuoksi v\u00e4kivalta on et\u00e4ytetty.&nbsp;Esimerkiksi kun er\u00e4\u00e4n henkil\u00f6n k\u00e4si amputoidaan viidakkoveitsell\u00e4 olennaisena juonenk\u00e4\u00e4nteen\u00e4, ei verta eik\u00e4 tynk\u00e4\u00e4 n\u00e4ytet\u00e4.<\/p>\n\n\n\n<p>Yht\u00e4\u00e4n henkens\u00e4 kuvissa menett\u00e4v\u00e4\u00e4 ihmist\u00e4 ei varsinaisesti esitell\u00e4. Hurmeen lis\u00e4ksi puuttuu siis aito kauhun eli uhkaavan menetyksen tunne &#8211; k\u00e4sikirjoituksen tykinruokahahmot tunnistaa heti.<\/p>\n\n\n\n<p>Nettikriitikko <a href=\"http:\/\/www.outlawvern.com\/2013\/07\/11\/world-war-z\/\">Vern<\/a> sen parhaiten summasi: ensimm\u00e4isess\u00e4 <em>Die Hardissa<\/em> John McClane vuosi verta enemm\u00e4n kuin koko murto-osaan harveneva ihmiskunta World War Z:ssa.<\/p>\n\n\n\n<p>Eik\u00e4 kuohinta siihen lopu. Wikipedian mukaan elokuvasta viilattiin poliittisista syist\u00e4 paitsi <a href=\"http:\/\/www.yorkpress.co.uk\/leisure\/showbiz\/10323267.Brad_Pitt___World_War_Z_bogged_down_in_politics_\/\">Punaiselle torille<\/a> sijoittuva jakso, my\u00f6s maininta <a href=\"http:\/\/www.thewrap.com\/movies\/article\/fearing-chinese-censors-paramount-changes-world-war-z-exclusive-83316\">Kiinasta zombiepidemian alkupaikkana<\/a>.<\/p>\n\n\n\n<p>Huvittavaa sekin, ett\u00e4 trailerissa ei kuultu zombi-termi\u00e4. Er\u00e4\u00e4n henkil\u00f6n puheessa sen tilalle on traileriin dubattu &#8221;ne&#8221;. Ilmeisesti markkinointiosastolla on kovasti pel\u00e4tty, ett\u00e4 zombit eiv\u00e4t sittenk\u00e4\u00e4n ved\u00e4, vaikka on <em>Walking Dead<\/em> ja kaikkea.<\/p>\n\n\n\n<p>T\u00e4t\u00e4 on t\u00e4m\u00e4n p\u00e4iv\u00e4n Hollywood. Kulmia hiotaan, kunnes jokaiselle jotain -ajattelu johtaa asetelmaan &#8221;ei oikein mit\u00e4\u00e4n kenellek\u00e4\u00e4n&#8221;.<\/p>\n\n\n\n<p>Klise, mutta taas kerran totta: kokonaisuus on kuin katsoisi jonkun toisen pelaamaa tietokonepeli\u00e4.<\/p>\n\n\n\n<p><em>Seuraa kirjoittajaa Twitteriss\u00e4: <a href=\"https:\/\/twitter.com\/kallekinnunen\"><strong>@kallekinnunen<\/strong><\/a><\/em><\/p>\n\n\n","protected":false},"excerpt":{"rendered":"<p>P\u00e4\u00e4osassa Brad Pitt, tarina joka kiit\u00e4\u00e4 ymp\u00e4ri maailmaa. Budjetti pilviss\u00e4. Valmiiksi leikatusta leffasta todetaan, ett\u00e4 kolmannes tulee kuvata uusiksi. Perjantaina ensi-iltaan saapuva World War Z oli kes\u00e4n j\u00e4ttielokuvien ongelmatapaus on ennen<br \/>\nvalmistu&hellip;<\/p>\n","protected":false},"author":144,"featured_media":0,"comment_status":"open","ping_status":"open","sticky":false,"template":"","format":"standard","meta":{"_acf_changed":false,"asauth_required_access_level":0,"asauth_cansharepaid":"","om_header_attributes":[],"footnotes":"","om_featured_image_focal_point":[],"om_primary_tag":0,"om_contributors":[],"om_co_authors":[],"beyondwords_generate_audio":"","beyondwords_project_id":"","beyondwords_content_id":"","beyondwords_preview_token":"","beyondwords_player_content":"","beyondwords_player_style":"","beyondwords_language_code":"","beyondwords_language_id":"","beyondwords_title_voice_id":"","beyondwords_body_voice_id":"","beyondwords_summary_voice_id":"","beyondwords_error_message":"","beyondwords_disabled":"","beyondwords_delete_content":"","beyondwords_podcast_id":"","beyondwords_hash":"","publish_post_to_speechkit":"","speechkit_hash":"","speechkit_generate_audio":"","speechkit_project_id":"","speechkit_podcast_id":"","speechkit_error_message":"","speechkit_disabled":"","speechkit_access_key":"","speechkit_error":"","speechkit_info":"","speechkit_response":"","speechkit_retries":"","speechkit_status":"","speechkit_updated_at":"","_speechkit_link":"","_speechkit_text":""},"categories":[1],"tags":[156,146,158,157],"class_list":["post-49","post","type-post","status-publish","format-standard","hentry","category-kuvien-takaa","tag-brad-pitt","tag-hollywood-kulttuuri","tag-world-war-z","tag-zombit"],"om_views":null,"acf":{"tuuma_off":false,"tuuma_kysymys":"","tuuma_vastaus":""},"asauth":{"required_access_level":1,"share_token":"","is_paid":false},"yoast_head":"<!-- This site is optimized with the Yoast SEO plugin v26.4 - https:\/\/yoast.com\/wordpress\/plugins\/seo\/ -->\n<title>Brad Pittin zombieepos World War Z - vuoden muovisin maailmanloppu - Kuvien takaa<\/title>\n<meta name=\"robots\" content=\"index, follow, max-snippet:-1, max-image-preview:large, max-video-preview:-1\" \/>\n<link rel=\"canonical\" href=\"https:\/\/suomenkuvalehti.fi\/kuvien-takaa\/brad-pittin-zombieepos-world-war-z-vuoden-muovisin-maailmanloppu\/\" \/>\n<meta property=\"og:locale\" content=\"fi_FI\" \/>\n<meta property=\"og:type\" content=\"article\" \/>\n<meta property=\"og:title\" content=\"Brad Pittin zombieepos World War Z - vuoden muovisin maailmanloppu - Kuvien takaa\" \/>\n<meta property=\"og:description\" content=\"P\u00e4\u00e4osassa Brad Pitt, tarina joka kiit\u00e4\u00e4 ymp\u00e4ri maailmaa. Budjetti pilviss\u00e4. Valmiiksi leikatusta leffasta todetaan, ett\u00e4 kolmannes tulee kuvata uusiksi. Perjantaina ensi-iltaan saapuva World War Z oli kes\u00e4n j\u00e4ttielokuvien ongelmatapaus on ennen valmistu&hellip;\" \/>\n<meta property=\"og:url\" content=\"https:\/\/suomenkuvalehti.fi\/kuvien-takaa\/brad-pittin-zombieepos-world-war-z-vuoden-muovisin-maailmanloppu\/\" \/>\n<meta property=\"og:site_name\" content=\"Kuvien takaa\" \/>\n<meta property=\"article:author\" content=\"https:\/\/www.facebook.com\/pages\/Kalle-Kinnunen-Kuvien-takaa\/190326157715410?fref=ts\" \/>\n<meta property=\"article:published_time\" content=\"2013-07-17T10:21:01+00:00\" \/>\n<meta property=\"article:modified_time\" content=\"2013-11-30T14:24:19+00:00\" \/>\n<meta property=\"og:image\" content=\"https:\/\/suomenkuvalehti.fi\/kuvien-takaa\/wp-content\/uploads\/sites\/11\/2022\/04\/kalle_kinnunen_blogi-1-scaled.jpg\" \/>\n\t<meta property=\"og:image:width\" content=\"2560\" \/>\n\t<meta property=\"og:image:height\" content=\"1707\" \/>\n\t<meta property=\"og:image:type\" content=\"image\/jpeg\" \/>\n<meta name=\"author\" content=\"Kalle Kinnunen\" \/>\n<meta name=\"twitter:card\" content=\"summary_large_image\" \/>\n<meta name=\"twitter:creator\" content=\"@https:\/\/twitter.com\/kallekinnunen\" \/>\n<meta name=\"twitter:label1\" content=\"Written by\" \/>\n\t<meta name=\"twitter:data1\" content=\"Kalle Kinnunen\" \/>\n\t<meta name=\"twitter:label2\" content=\"Est. reading time\" \/>\n\t<meta name=\"twitter:data2\" content=\"3 minuuttia\" \/>\n<script type=\"application\/ld+json\" class=\"yoast-schema-graph\">{\"@context\":\"https:\/\/schema.org\",\"@graph\":[{\"@type\":\"WebPage\",\"@id\":\"https:\/\/suomenkuvalehti.fi\/kuvien-takaa\/brad-pittin-zombieepos-world-war-z-vuoden-muovisin-maailmanloppu\/\",\"url\":\"https:\/\/suomenkuvalehti.fi\/kuvien-takaa\/brad-pittin-zombieepos-world-war-z-vuoden-muovisin-maailmanloppu\/\",\"name\":\"Brad Pittin zombieepos World War Z - vuoden muovisin maailmanloppu - Kuvien takaa\",\"isPartOf\":{\"@id\":\"https:\/\/suomenkuvalehti.fi\/kuvien-takaa\/#website\"},\"datePublished\":\"2013-07-17T10:21:01+00:00\",\"dateModified\":\"2013-11-30T14:24:19+00:00\",\"author\":{\"@id\":\"https:\/\/suomenkuvalehti.fi\/kuvien-takaa\/#\/schema\/person\/f3f657e4ad409e008f12af27bec60a23\"},\"breadcrumb\":{\"@id\":\"https:\/\/suomenkuvalehti.fi\/kuvien-takaa\/brad-pittin-zombieepos-world-war-z-vuoden-muovisin-maailmanloppu\/#breadcrumb\"},\"inLanguage\":\"fi\",\"potentialAction\":[{\"@type\":\"ReadAction\",\"target\":[\"https:\/\/suomenkuvalehti.fi\/kuvien-takaa\/brad-pittin-zombieepos-world-war-z-vuoden-muovisin-maailmanloppu\/\"]}]},{\"@type\":\"BreadcrumbList\",\"@id\":\"https:\/\/suomenkuvalehti.fi\/kuvien-takaa\/brad-pittin-zombieepos-world-war-z-vuoden-muovisin-maailmanloppu\/#breadcrumb\",\"itemListElement\":[{\"@type\":\"ListItem\",\"position\":1,\"name\":\"Home\",\"item\":\"https:\/\/suomenkuvalehti.fi\/kuvien-takaa\/\"},{\"@type\":\"ListItem\",\"position\":2,\"name\":\"Brad Pittin zombieepos World War Z &#8211; vuoden muovisin maailmanloppu\"}]},{\"@type\":\"WebSite\",\"@id\":\"https:\/\/suomenkuvalehti.fi\/kuvien-takaa\/#website\",\"url\":\"https:\/\/suomenkuvalehti.fi\/kuvien-takaa\/\",\"name\":\"Kuvien takaa\",\"description\":\"Elokuvakriitikko Kalle Kinnusen elokuvablogi.\",\"potentialAction\":[{\"@type\":\"SearchAction\",\"target\":{\"@type\":\"EntryPoint\",\"urlTemplate\":\"https:\/\/suomenkuvalehti.fi\/haku\/?q={search_term_string}\"},\"query-input\":{\"@type\":\"PropertyValueSpecification\",\"valueRequired\":true,\"valueName\":\"search_term_string\"}}],\"inLanguage\":\"fi\"},{\"@type\":\"Person\",\"@id\":\"https:\/\/suomenkuvalehti.fi\/kuvien-takaa\/#\/schema\/person\/f3f657e4ad409e008f12af27bec60a23\",\"name\":\"Kalle Kinnunen\",\"image\":{\"@type\":\"ImageObject\",\"inLanguage\":\"fi\",\"@id\":\"https:\/\/suomenkuvalehti.fi\/kuvien-takaa\/#\/schema\/person\/image\/\",\"url\":\"https:\/\/suomenkuvalehti.fi\/kuvien-takaa\/wp-content\/uploads\/sites\/11\/2022\/04\/kalle_kinnunen_blogi-1-150x150.jpg\",\"contentUrl\":\"https:\/\/suomenkuvalehti.fi\/kuvien-takaa\/wp-content\/uploads\/sites\/11\/2022\/04\/kalle_kinnunen_blogi-1-150x150.jpg\",\"caption\":\"Kalle Kinnunen\"},\"description\":\"Kalle Kinnunen on vapaa toimittaja ja Suomen Kuvalehden avustaja.\",\"sameAs\":[\"https:\/\/www.facebook.com\/pages\/Kalle-Kinnunen-Kuvien-takaa\/190326157715410?fref=ts\",\"https:\/\/x.com\/https:\/\/twitter.com\/kallekinnunen\"]}]}<\/script>\n<!-- \/ Yoast SEO plugin. -->","yoast_head_json":{"title":"Brad Pittin zombieepos World War Z - vuoden muovisin maailmanloppu - Kuvien takaa","robots":{"index":"index","follow":"follow","max-snippet":"max-snippet:-1","max-image-preview":"max-image-preview:large","max-video-preview":"max-video-preview:-1"},"canonical":"https:\/\/suomenkuvalehti.fi\/kuvien-takaa\/brad-pittin-zombieepos-world-war-z-vuoden-muovisin-maailmanloppu\/","og_locale":"fi_FI","og_type":"article","og_title":"Brad Pittin zombieepos World War Z - vuoden muovisin maailmanloppu - Kuvien takaa","og_description":"P\u00e4\u00e4osassa Brad Pitt, tarina joka kiit\u00e4\u00e4 ymp\u00e4ri maailmaa. Budjetti pilviss\u00e4. Valmiiksi leikatusta leffasta todetaan, ett\u00e4 kolmannes tulee kuvata uusiksi. Perjantaina ensi-iltaan saapuva World War Z oli kes\u00e4n j\u00e4ttielokuvien ongelmatapaus on ennen valmistu&hellip;","og_url":"https:\/\/suomenkuvalehti.fi\/kuvien-takaa\/brad-pittin-zombieepos-world-war-z-vuoden-muovisin-maailmanloppu\/","og_site_name":"Kuvien takaa","article_author":"https:\/\/www.facebook.com\/pages\/Kalle-Kinnunen-Kuvien-takaa\/190326157715410?fref=ts","article_published_time":"2013-07-17T10:21:01+00:00","article_modified_time":"2013-11-30T14:24:19+00:00","og_image":[{"width":2560,"height":1707,"url":"https:\/\/suomenkuvalehti.fi\/kuvien-takaa\/wp-content\/uploads\/sites\/11\/2022\/04\/kalle_kinnunen_blogi-1-scaled.jpg","type":"image\/jpeg"}],"author":"Kalle Kinnunen","twitter_card":"summary_large_image","twitter_creator":"@https:\/\/twitter.com\/kallekinnunen","twitter_misc":{"Written by":"Kalle Kinnunen","Est. reading time":"3 minuuttia"},"schema":{"@context":"https:\/\/schema.org","@graph":[{"@type":"WebPage","@id":"https:\/\/suomenkuvalehti.fi\/kuvien-takaa\/brad-pittin-zombieepos-world-war-z-vuoden-muovisin-maailmanloppu\/","url":"https:\/\/suomenkuvalehti.fi\/kuvien-takaa\/brad-pittin-zombieepos-world-war-z-vuoden-muovisin-maailmanloppu\/","name":"Brad Pittin zombieepos World War Z - vuoden muovisin maailmanloppu - Kuvien takaa","isPartOf":{"@id":"https:\/\/suomenkuvalehti.fi\/kuvien-takaa\/#website"},"datePublished":"2013-07-17T10:21:01+00:00","dateModified":"2013-11-30T14:24:19+00:00","author":{"@id":"https:\/\/suomenkuvalehti.fi\/kuvien-takaa\/#\/schema\/person\/f3f657e4ad409e008f12af27bec60a23"},"breadcrumb":{"@id":"https:\/\/suomenkuvalehti.fi\/kuvien-takaa\/brad-pittin-zombieepos-world-war-z-vuoden-muovisin-maailmanloppu\/#breadcrumb"},"inLanguage":"fi","potentialAction":[{"@type":"ReadAction","target":["https:\/\/suomenkuvalehti.fi\/kuvien-takaa\/brad-pittin-zombieepos-world-war-z-vuoden-muovisin-maailmanloppu\/"]}]},{"@type":"BreadcrumbList","@id":"https:\/\/suomenkuvalehti.fi\/kuvien-takaa\/brad-pittin-zombieepos-world-war-z-vuoden-muovisin-maailmanloppu\/#breadcrumb","itemListElement":[{"@type":"ListItem","position":1,"name":"Home","item":"https:\/\/suomenkuvalehti.fi\/kuvien-takaa\/"},{"@type":"ListItem","position":2,"name":"Brad Pittin zombieepos World War Z &#8211; vuoden muovisin maailmanloppu"}]},{"@type":"WebSite","@id":"https:\/\/suomenkuvalehti.fi\/kuvien-takaa\/#website","url":"https:\/\/suomenkuvalehti.fi\/kuvien-takaa\/","name":"Kuvien takaa","description":"Elokuvakriitikko Kalle Kinnusen elokuvablogi.","potentialAction":[{"@type":"SearchAction","target":{"@type":"EntryPoint","urlTemplate":"https:\/\/suomenkuvalehti.fi\/haku\/?q={search_term_string}"},"query-input":{"@type":"PropertyValueSpecification","valueRequired":true,"valueName":"search_term_string"}}],"inLanguage":"fi"},{"@type":"Person","@id":"https:\/\/suomenkuvalehti.fi\/kuvien-takaa\/#\/schema\/person\/f3f657e4ad409e008f12af27bec60a23","name":"Kalle Kinnunen","image":{"@type":"ImageObject","inLanguage":"fi","@id":"https:\/\/suomenkuvalehti.fi\/kuvien-takaa\/#\/schema\/person\/image\/","url":"https:\/\/suomenkuvalehti.fi\/kuvien-takaa\/wp-content\/uploads\/sites\/11\/2022\/04\/kalle_kinnunen_blogi-1-150x150.jpg","contentUrl":"https:\/\/suomenkuvalehti.fi\/kuvien-takaa\/wp-content\/uploads\/sites\/11\/2022\/04\/kalle_kinnunen_blogi-1-150x150.jpg","caption":"Kalle Kinnunen"},"description":"Kalle Kinnunen on vapaa toimittaja ja Suomen Kuvalehden avustaja.","sameAs":["https:\/\/www.facebook.com\/pages\/Kalle-Kinnunen-Kuvien-takaa\/190326157715410?fref=ts","https:\/\/x.com\/https:\/\/twitter.com\/kallekinnunen"]}]}},"_links":{"self":[{"href":"https:\/\/suomenkuvalehti.fi\/kuvien-takaa\/wp-json\/wp\/v2\/posts\/49","targetHints":{"allow":["GET"]}}],"collection":[{"href":"https:\/\/suomenkuvalehti.fi\/kuvien-takaa\/wp-json\/wp\/v2\/posts"}],"about":[{"href":"https:\/\/suomenkuvalehti.fi\/kuvien-takaa\/wp-json\/wp\/v2\/types\/post"}],"author":[{"embeddable":true,"href":"https:\/\/suomenkuvalehti.fi\/kuvien-takaa\/wp-json\/wp\/v2\/users\/144"}],"replies":[{"embeddable":true,"href":"https:\/\/suomenkuvalehti.fi\/kuvien-takaa\/wp-json\/wp\/v2\/comments?post=49"}],"version-history":[{"count":2,"href":"https:\/\/suomenkuvalehti.fi\/kuvien-takaa\/wp-json\/wp\/v2\/posts\/49\/revisions"}],"predecessor-version":[{"id":263,"href":"https:\/\/suomenkuvalehti.fi\/kuvien-takaa\/wp-json\/wp\/v2\/posts\/49\/revisions\/263"}],"wp:attachment":[{"href":"https:\/\/suomenkuvalehti.fi\/kuvien-takaa\/wp-json\/wp\/v2\/media?parent=49"}],"wp:term":[{"taxonomy":"category","embeddable":true,"href":"https:\/\/suomenkuvalehti.fi\/kuvien-takaa\/wp-json\/wp\/v2\/categories?post=49"},{"taxonomy":"post_tag","embeddable":true,"href":"https:\/\/suomenkuvalehti.fi\/kuvien-takaa\/wp-json\/wp\/v2\/tags?post=49"}],"curies":[{"name":"wp","href":"https:\/\/api.w.org\/{rel}","templated":true}]}}