{"id":485,"date":"2012-01-31T16:51:00","date_gmt":"2012-01-31T14:51:00","guid":{"rendered":"https:\/\/suomenkuvalehti.fi\/kuvientakaa\/2012\/01\/31\/dokumenttielokuva-sailottyja-unelmia-ja-suomalaisen-maatalouden-etulyontiasema\/"},"modified":"2013-11-30T16:24:26","modified_gmt":"2013-11-30T14:24:26","slug":"dokumenttielokuva-sailottyja-unelmia-ja-suomalaisen-maatalouden-etulyontiasema","status":"publish","type":"post","link":"https:\/\/suomenkuvalehti.fi\/kuvien-takaa\/dokumenttielokuva-sailottyja-unelmia-ja-suomalaisen-maatalouden-etulyontiasema\/","title":{"rendered":"Dokumenttielokuva S\u00e4il\u00f6ttyj\u00e4 unelmia ja suomalaisen maatalouden etuly\u00f6ntiasema"},"content":{"rendered":"\n<p><strong>Katja Gauriloffin<\/strong> ohjaama, poikkeuksellisen vaikuttava suomalaisdokumentti <em>S\u00e4il\u00f6ttyj\u00e4 unelmia<\/em> n\u00e4ytt\u00e4\u00e4, miten ruoan raaka-aineet tehd\u00e4\u00e4n globaalissa Euroopassa. Sensaatiohakuisena sit\u00e4 on vaikea pit\u00e4\u00e4, kun mit\u00e4\u00e4n ei alleviivata, mutta ajatuksia elokuva her\u00e4tt\u00e4\u00e4 varmasti. Sek\u00e4 kysymyksi\u00e4, joista yksi liikkui sosiaalisessa mediassa jo ennen ensi-iltaa: onko dokkarissa MTK:n rahaa?<\/p>\n\n\n\n\n<p>S\u00e4il\u00f6tyiss\u00e4 unelmissa ei mitenk\u00e4\u00e4n hehkuteta suomalaista ruokaa, mutta ainakin tulee selv\u00e4sksi, ettei monikansallinen ruokateollisuus ole kovin ylv\u00e4st\u00e4 touhua.<\/p>\n\n\n\n<p>Ep\u00e4ilyj\u00e4 on ehk\u00e4 her\u00e4tt\u00e4nyt se, ett\u00e4 viime viikolla elokuvan ymp\u00e4rille oli j\u00e4rjestetty <a href=\"http:\/\/www.mtk.fi\/maatalous\/ajankohtaista_maataloudesta\/maatalousuutiset\/maatalousuutiset_2012\/fi_FI\/sailotty_unelma\/\">keskustelutilaisuus<\/a>, jonka takana olivat levitysyhti\u00f6 sek\u00e4 Maa- ja mets\u00e4taloustuottajain keskusliitto MTK.<\/p>\n\n\n\n<p>Tapasin tuottajan DocPointin yhteydess\u00e4. Siisp\u00e4 <strong>Joonas Bergh\u00e4ll<\/strong>, onko elokuvassanne MTK:n rahaa?<\/p>\n\n\n\n<p>&#8221;Ei yht\u00e4\u00e4n. Tilaisuus MTK:n kanssa oli, koska hekin halusivat nostaa t\u00e4t\u00e4 keskustelua.&#8221;<\/p>\n\n\n\n<p>&#8221;Siell\u00e4 joku kysyi [suomalaisen ruoan paremmuudesta] jotain ja Katja sanoi, ett\u00e4 ehei, t\u00e4m\u00e4 ei ole niin yksinkertaista. Kotimainen ruoka ei ole aina se vastaus.&#8221;<\/p>\n\n\n\n<p>&#8221;Jos on tammikuu ja 20 astetta pakkasta, ja Pohjanmaalla kasvihuone l\u00e4mmitet\u00e4\u00e4n, olisiko silloin fiksumpaa roudata ne tomaatit Espanjasta? Haluamme, ett\u00e4 kuluttaja etsisi vastauksia. Toivomme, ett\u00e4 elokuva tuo n\u00e4it\u00e4 kysymyksi\u00e4 saataisiin enemm\u00e4n kuluttajan naaman eteen.&#8221;<\/p>\n\n\n\n<p>Kausiruoka on kiinnostava idea.<\/p>\n\n\n\n<p>Suosittelen dokumenttia, josta kirjoitin jo <a href=\"https:\/\/suomenkuvalehti.fi\/kuvientakaa\/2012\/01\/25\/poimintoja-docpoint-2012-festivaalin-ohjelmistosta-osa-1-senna-herzog-unelmia-ja-sailyketolkkeja\/\">DocPointin yhteydess\u00e4<\/a> viime viikolla ja jonka arvioin uusimmassa Suomen Kuvalehdess\u00e4. Annoin sille t\u00e4ydet viisi t\u00e4hte\u00e4. Vastaanotto on muutenkin ollut kiitt\u00e4v\u00e4, <a href=\"http:\/\/www.iltalehti.fi\/leffat\/201201260142825_la.shtml\">Iltalehte\u00e4<\/a> lukuunottamatta.<\/p>\n\n\n\n<p>Mit\u00e4\u00e4n propagandaa S\u00e4il\u00f6tyt unelmat eiv\u00e4t ole. Tulkinta j\u00e4\u00e4 katsojalle. Sy\u00f6n sen n\u00e4hty\u00e4ni edelleen mielell\u00e4ni (my\u00f6s ulkomaista) lihaa ja tarvittaessa vaikka kuinka kaukaa lenn\u00e4tettyj\u00e4 kasviksia, mutta ainakin tied\u00e4n taustoista. Ja moni ep\u00e4m\u00e4\u00e4r\u00e4inen s\u00e4ilykeruoka etoo entist\u00e4 enemm\u00e4n.<\/p>\n\n\n\n<p><em>Seuraa kirjoittajaa Twitteriss\u00e4: <a href=\"https:\/\/twitter.com\/kallekinnunen\">@kallekinnunen<\/a><\/em><\/p>\n\n\n","protected":false},"excerpt":{"rendered":"<p>Katja Gauriloffin ohjaama, poikkeuksellisen vaikuttava suomalaisdokumentti S\u00e4il\u00f6ttyj\u00e4 unelmia n\u00e4ytt\u00e4\u00e4, miten ruoan raaka-aineet tehd\u00e4\u00e4n globaalissa Euroopassa. Sensaatiohakuisena sit\u00e4 on vaikea pit\u00e4\u00e4, kun mit\u00e4\u00e4n ei alleviivata, mutta<br \/>\najatuksia el&hellip;<\/p>\n","protected":false},"author":144,"featured_media":0,"comment_status":"open","ping_status":"open","sticky":false,"template":"","format":"standard","meta":{"_acf_changed":false,"asauth_required_access_level":0,"asauth_cansharepaid":"","om_header_attributes":[],"footnotes":"","om_featured_image_focal_point":[],"om_primary_tag":0,"om_contributors":[],"om_co_authors":[],"beyondwords_generate_audio":"","beyondwords_project_id":"","beyondwords_content_id":"","beyondwords_preview_token":"","beyondwords_player_content":"","beyondwords_player_style":"","beyondwords_language_code":"","beyondwords_language_id":"","beyondwords_title_voice_id":"","beyondwords_body_voice_id":"","beyondwords_summary_voice_id":"","beyondwords_error_message":"","beyondwords_disabled":"","beyondwords_delete_content":"","beyondwords_podcast_id":"","beyondwords_hash":"","publish_post_to_speechkit":"","speechkit_hash":"","speechkit_generate_audio":"","speechkit_project_id":"","speechkit_podcast_id":"","speechkit_error_message":"","speechkit_disabled":"","speechkit_access_key":"","speechkit_error":"","speechkit_info":"","speechkit_response":"","speechkit_retries":"","speechkit_status":"","speechkit_updated_at":"","_speechkit_link":"","_speechkit_text":""},"categories":[1],"tags":[41,787,417,786,430,10],"class_list":["post-485","post","type-post","status-publish","format-standard","hentry","category-kuvien-takaa","tag-dokumenttielokuvat","tag-joonas-berghall","tag-katja-gauriloff","tag-mtk","tag-sailottyja-unelmia","tag-suomalainen-elokuva"],"om_views":null,"acf":{"tuuma_off":false,"tuuma_kysymys":"","tuuma_vastaus":""},"asauth":{"required_access_level":1,"share_token":"","is_paid":false},"yoast_head":"<!-- This site is optimized with the Yoast SEO plugin v26.4 - https:\/\/yoast.com\/wordpress\/plugins\/seo\/ -->\n<title>Dokumenttielokuva S\u00e4il\u00f6ttyj\u00e4 unelmia ja suomalaisen maatalouden etuly\u00f6ntiasema - Kuvien takaa<\/title>\n<meta name=\"robots\" content=\"index, follow, max-snippet:-1, max-image-preview:large, max-video-preview:-1\" \/>\n<link rel=\"canonical\" href=\"https:\/\/suomenkuvalehti.fi\/kuvien-takaa\/dokumenttielokuva-sailottyja-unelmia-ja-suomalaisen-maatalouden-etulyontiasema\/\" \/>\n<meta property=\"og:locale\" content=\"fi_FI\" \/>\n<meta property=\"og:type\" content=\"article\" \/>\n<meta property=\"og:title\" content=\"Dokumenttielokuva S\u00e4il\u00f6ttyj\u00e4 unelmia ja suomalaisen maatalouden etuly\u00f6ntiasema - Kuvien takaa\" \/>\n<meta property=\"og:description\" content=\"Katja Gauriloffin ohjaama, poikkeuksellisen vaikuttava suomalaisdokumentti S\u00e4il\u00f6ttyj\u00e4 unelmia n\u00e4ytt\u00e4\u00e4, miten ruoan raaka-aineet tehd\u00e4\u00e4n globaalissa Euroopassa. Sensaatiohakuisena sit\u00e4 on vaikea pit\u00e4\u00e4, kun mit\u00e4\u00e4n ei alleviivata, mutta ajatuksia el&hellip;\" \/>\n<meta property=\"og:url\" content=\"https:\/\/suomenkuvalehti.fi\/kuvien-takaa\/dokumenttielokuva-sailottyja-unelmia-ja-suomalaisen-maatalouden-etulyontiasema\/\" \/>\n<meta property=\"og:site_name\" content=\"Kuvien takaa\" \/>\n<meta property=\"article:author\" content=\"https:\/\/www.facebook.com\/pages\/Kalle-Kinnunen-Kuvien-takaa\/190326157715410?fref=ts\" \/>\n<meta property=\"article:published_time\" content=\"2012-01-31T14:51:00+00:00\" \/>\n<meta property=\"article:modified_time\" content=\"2013-11-30T14:24:26+00:00\" \/>\n<meta property=\"og:image\" content=\"https:\/\/suomenkuvalehti.fi\/kuvien-takaa\/wp-content\/uploads\/sites\/11\/2022\/04\/kalle_kinnunen_blogi-1-scaled.jpg\" \/>\n\t<meta property=\"og:image:width\" content=\"2560\" \/>\n\t<meta property=\"og:image:height\" content=\"1707\" \/>\n\t<meta property=\"og:image:type\" content=\"image\/jpeg\" \/>\n<meta name=\"author\" content=\"Kalle Kinnunen\" \/>\n<meta name=\"twitter:card\" content=\"summary_large_image\" \/>\n<meta name=\"twitter:creator\" content=\"@https:\/\/twitter.com\/kallekinnunen\" \/>\n<meta name=\"twitter:label1\" content=\"Written by\" \/>\n\t<meta name=\"twitter:data1\" content=\"Kalle Kinnunen\" \/>\n\t<meta name=\"twitter:label2\" content=\"Est. reading time\" \/>\n\t<meta name=\"twitter:data2\" content=\"1 minuutti\" \/>\n<script type=\"application\/ld+json\" class=\"yoast-schema-graph\">{\"@context\":\"https:\/\/schema.org\",\"@graph\":[{\"@type\":\"WebPage\",\"@id\":\"https:\/\/suomenkuvalehti.fi\/kuvien-takaa\/dokumenttielokuva-sailottyja-unelmia-ja-suomalaisen-maatalouden-etulyontiasema\/\",\"url\":\"https:\/\/suomenkuvalehti.fi\/kuvien-takaa\/dokumenttielokuva-sailottyja-unelmia-ja-suomalaisen-maatalouden-etulyontiasema\/\",\"name\":\"Dokumenttielokuva S\u00e4il\u00f6ttyj\u00e4 unelmia ja suomalaisen maatalouden etuly\u00f6ntiasema - Kuvien takaa\",\"isPartOf\":{\"@id\":\"https:\/\/suomenkuvalehti.fi\/kuvien-takaa\/#website\"},\"datePublished\":\"2012-01-31T14:51:00+00:00\",\"dateModified\":\"2013-11-30T14:24:26+00:00\",\"author\":{\"@id\":\"https:\/\/suomenkuvalehti.fi\/kuvien-takaa\/#\/schema\/person\/f3f657e4ad409e008f12af27bec60a23\"},\"breadcrumb\":{\"@id\":\"https:\/\/suomenkuvalehti.fi\/kuvien-takaa\/dokumenttielokuva-sailottyja-unelmia-ja-suomalaisen-maatalouden-etulyontiasema\/#breadcrumb\"},\"inLanguage\":\"fi\",\"potentialAction\":[{\"@type\":\"ReadAction\",\"target\":[\"https:\/\/suomenkuvalehti.fi\/kuvien-takaa\/dokumenttielokuva-sailottyja-unelmia-ja-suomalaisen-maatalouden-etulyontiasema\/\"]}]},{\"@type\":\"BreadcrumbList\",\"@id\":\"https:\/\/suomenkuvalehti.fi\/kuvien-takaa\/dokumenttielokuva-sailottyja-unelmia-ja-suomalaisen-maatalouden-etulyontiasema\/#breadcrumb\",\"itemListElement\":[{\"@type\":\"ListItem\",\"position\":1,\"name\":\"Home\",\"item\":\"https:\/\/suomenkuvalehti.fi\/kuvien-takaa\/\"},{\"@type\":\"ListItem\",\"position\":2,\"name\":\"Dokumenttielokuva S\u00e4il\u00f6ttyj\u00e4 unelmia ja suomalaisen maatalouden etuly\u00f6ntiasema\"}]},{\"@type\":\"WebSite\",\"@id\":\"https:\/\/suomenkuvalehti.fi\/kuvien-takaa\/#website\",\"url\":\"https:\/\/suomenkuvalehti.fi\/kuvien-takaa\/\",\"name\":\"Kuvien takaa\",\"description\":\"Elokuvakriitikko Kalle Kinnusen elokuvablogi.\",\"potentialAction\":[{\"@type\":\"SearchAction\",\"target\":{\"@type\":\"EntryPoint\",\"urlTemplate\":\"https:\/\/suomenkuvalehti.fi\/haku\/?q={search_term_string}\"},\"query-input\":{\"@type\":\"PropertyValueSpecification\",\"valueRequired\":true,\"valueName\":\"search_term_string\"}}],\"inLanguage\":\"fi\"},{\"@type\":\"Person\",\"@id\":\"https:\/\/suomenkuvalehti.fi\/kuvien-takaa\/#\/schema\/person\/f3f657e4ad409e008f12af27bec60a23\",\"name\":\"Kalle Kinnunen\",\"image\":{\"@type\":\"ImageObject\",\"inLanguage\":\"fi\",\"@id\":\"https:\/\/suomenkuvalehti.fi\/kuvien-takaa\/#\/schema\/person\/image\/\",\"url\":\"https:\/\/suomenkuvalehti.fi\/kuvien-takaa\/wp-content\/uploads\/sites\/11\/2022\/04\/kalle_kinnunen_blogi-1-150x150.jpg\",\"contentUrl\":\"https:\/\/suomenkuvalehti.fi\/kuvien-takaa\/wp-content\/uploads\/sites\/11\/2022\/04\/kalle_kinnunen_blogi-1-150x150.jpg\",\"caption\":\"Kalle Kinnunen\"},\"description\":\"Kalle Kinnunen on vapaa toimittaja ja Suomen Kuvalehden avustaja.\",\"sameAs\":[\"https:\/\/www.facebook.com\/pages\/Kalle-Kinnunen-Kuvien-takaa\/190326157715410?fref=ts\",\"https:\/\/x.com\/https:\/\/twitter.com\/kallekinnunen\"]}]}<\/script>\n<!-- \/ Yoast SEO plugin. -->","yoast_head_json":{"title":"Dokumenttielokuva S\u00e4il\u00f6ttyj\u00e4 unelmia ja suomalaisen maatalouden etuly\u00f6ntiasema - Kuvien takaa","robots":{"index":"index","follow":"follow","max-snippet":"max-snippet:-1","max-image-preview":"max-image-preview:large","max-video-preview":"max-video-preview:-1"},"canonical":"https:\/\/suomenkuvalehti.fi\/kuvien-takaa\/dokumenttielokuva-sailottyja-unelmia-ja-suomalaisen-maatalouden-etulyontiasema\/","og_locale":"fi_FI","og_type":"article","og_title":"Dokumenttielokuva S\u00e4il\u00f6ttyj\u00e4 unelmia ja suomalaisen maatalouden etuly\u00f6ntiasema - Kuvien takaa","og_description":"Katja Gauriloffin ohjaama, poikkeuksellisen vaikuttava suomalaisdokumentti S\u00e4il\u00f6ttyj\u00e4 unelmia n\u00e4ytt\u00e4\u00e4, miten ruoan raaka-aineet tehd\u00e4\u00e4n globaalissa Euroopassa. Sensaatiohakuisena sit\u00e4 on vaikea pit\u00e4\u00e4, kun mit\u00e4\u00e4n ei alleviivata, mutta ajatuksia el&hellip;","og_url":"https:\/\/suomenkuvalehti.fi\/kuvien-takaa\/dokumenttielokuva-sailottyja-unelmia-ja-suomalaisen-maatalouden-etulyontiasema\/","og_site_name":"Kuvien takaa","article_author":"https:\/\/www.facebook.com\/pages\/Kalle-Kinnunen-Kuvien-takaa\/190326157715410?fref=ts","article_published_time":"2012-01-31T14:51:00+00:00","article_modified_time":"2013-11-30T14:24:26+00:00","og_image":[{"width":2560,"height":1707,"url":"https:\/\/suomenkuvalehti.fi\/kuvien-takaa\/wp-content\/uploads\/sites\/11\/2022\/04\/kalle_kinnunen_blogi-1-scaled.jpg","type":"image\/jpeg"}],"author":"Kalle Kinnunen","twitter_card":"summary_large_image","twitter_creator":"@https:\/\/twitter.com\/kallekinnunen","twitter_misc":{"Written by":"Kalle Kinnunen","Est. reading time":"1 minuutti"},"schema":{"@context":"https:\/\/schema.org","@graph":[{"@type":"WebPage","@id":"https:\/\/suomenkuvalehti.fi\/kuvien-takaa\/dokumenttielokuva-sailottyja-unelmia-ja-suomalaisen-maatalouden-etulyontiasema\/","url":"https:\/\/suomenkuvalehti.fi\/kuvien-takaa\/dokumenttielokuva-sailottyja-unelmia-ja-suomalaisen-maatalouden-etulyontiasema\/","name":"Dokumenttielokuva S\u00e4il\u00f6ttyj\u00e4 unelmia ja suomalaisen maatalouden etuly\u00f6ntiasema - Kuvien takaa","isPartOf":{"@id":"https:\/\/suomenkuvalehti.fi\/kuvien-takaa\/#website"},"datePublished":"2012-01-31T14:51:00+00:00","dateModified":"2013-11-30T14:24:26+00:00","author":{"@id":"https:\/\/suomenkuvalehti.fi\/kuvien-takaa\/#\/schema\/person\/f3f657e4ad409e008f12af27bec60a23"},"breadcrumb":{"@id":"https:\/\/suomenkuvalehti.fi\/kuvien-takaa\/dokumenttielokuva-sailottyja-unelmia-ja-suomalaisen-maatalouden-etulyontiasema\/#breadcrumb"},"inLanguage":"fi","potentialAction":[{"@type":"ReadAction","target":["https:\/\/suomenkuvalehti.fi\/kuvien-takaa\/dokumenttielokuva-sailottyja-unelmia-ja-suomalaisen-maatalouden-etulyontiasema\/"]}]},{"@type":"BreadcrumbList","@id":"https:\/\/suomenkuvalehti.fi\/kuvien-takaa\/dokumenttielokuva-sailottyja-unelmia-ja-suomalaisen-maatalouden-etulyontiasema\/#breadcrumb","itemListElement":[{"@type":"ListItem","position":1,"name":"Home","item":"https:\/\/suomenkuvalehti.fi\/kuvien-takaa\/"},{"@type":"ListItem","position":2,"name":"Dokumenttielokuva S\u00e4il\u00f6ttyj\u00e4 unelmia ja suomalaisen maatalouden etuly\u00f6ntiasema"}]},{"@type":"WebSite","@id":"https:\/\/suomenkuvalehti.fi\/kuvien-takaa\/#website","url":"https:\/\/suomenkuvalehti.fi\/kuvien-takaa\/","name":"Kuvien takaa","description":"Elokuvakriitikko Kalle Kinnusen elokuvablogi.","potentialAction":[{"@type":"SearchAction","target":{"@type":"EntryPoint","urlTemplate":"https:\/\/suomenkuvalehti.fi\/haku\/?q={search_term_string}"},"query-input":{"@type":"PropertyValueSpecification","valueRequired":true,"valueName":"search_term_string"}}],"inLanguage":"fi"},{"@type":"Person","@id":"https:\/\/suomenkuvalehti.fi\/kuvien-takaa\/#\/schema\/person\/f3f657e4ad409e008f12af27bec60a23","name":"Kalle Kinnunen","image":{"@type":"ImageObject","inLanguage":"fi","@id":"https:\/\/suomenkuvalehti.fi\/kuvien-takaa\/#\/schema\/person\/image\/","url":"https:\/\/suomenkuvalehti.fi\/kuvien-takaa\/wp-content\/uploads\/sites\/11\/2022\/04\/kalle_kinnunen_blogi-1-150x150.jpg","contentUrl":"https:\/\/suomenkuvalehti.fi\/kuvien-takaa\/wp-content\/uploads\/sites\/11\/2022\/04\/kalle_kinnunen_blogi-1-150x150.jpg","caption":"Kalle Kinnunen"},"description":"Kalle Kinnunen on vapaa toimittaja ja Suomen Kuvalehden avustaja.","sameAs":["https:\/\/www.facebook.com\/pages\/Kalle-Kinnunen-Kuvien-takaa\/190326157715410?fref=ts","https:\/\/x.com\/https:\/\/twitter.com\/kallekinnunen"]}]}},"_links":{"self":[{"href":"https:\/\/suomenkuvalehti.fi\/kuvien-takaa\/wp-json\/wp\/v2\/posts\/485","targetHints":{"allow":["GET"]}}],"collection":[{"href":"https:\/\/suomenkuvalehti.fi\/kuvien-takaa\/wp-json\/wp\/v2\/posts"}],"about":[{"href":"https:\/\/suomenkuvalehti.fi\/kuvien-takaa\/wp-json\/wp\/v2\/types\/post"}],"author":[{"embeddable":true,"href":"https:\/\/suomenkuvalehti.fi\/kuvien-takaa\/wp-json\/wp\/v2\/users\/144"}],"replies":[{"embeddable":true,"href":"https:\/\/suomenkuvalehti.fi\/kuvien-takaa\/wp-json\/wp\/v2\/comments?post=485"}],"version-history":[{"count":1,"href":"https:\/\/suomenkuvalehti.fi\/kuvien-takaa\/wp-json\/wp\/v2\/posts\/485\/revisions"}],"predecessor-version":[{"id":1282,"href":"https:\/\/suomenkuvalehti.fi\/kuvien-takaa\/wp-json\/wp\/v2\/posts\/485\/revisions\/1282"}],"wp:attachment":[{"href":"https:\/\/suomenkuvalehti.fi\/kuvien-takaa\/wp-json\/wp\/v2\/media?parent=485"}],"wp:term":[{"taxonomy":"category","embeddable":true,"href":"https:\/\/suomenkuvalehti.fi\/kuvien-takaa\/wp-json\/wp\/v2\/categories?post=485"},{"taxonomy":"post_tag","embeddable":true,"href":"https:\/\/suomenkuvalehti.fi\/kuvien-takaa\/wp-json\/wp\/v2\/tags?post=485"}],"curies":[{"name":"wp","href":"https:\/\/api.w.org\/{rel}","templated":true}]}}