{"id":484,"date":"2012-02-02T16:01:01","date_gmt":"2012-02-02T14:01:01","guid":{"rendered":"https:\/\/suomenkuvalehti.fi\/kuvientakaa\/2012\/02\/02\/hulluna-saraan-romanttisen-komedian-esikuvat-nakyvat-turhan-selvasti-lapi\/"},"modified":"2013-11-30T16:24:26","modified_gmt":"2013-11-30T14:24:26","slug":"hulluna-saraan-romanttisen-komedian-esikuvat-nakyvat-turhan-selvasti-lapi","status":"publish","type":"post","link":"https:\/\/suomenkuvalehti.fi\/kuvien-takaa\/hulluna-saraan-romanttisen-komedian-esikuvat-nakyvat-turhan-selvasti-lapi\/","title":{"rendered":"Hulluna Saraan: romanttisen komedian esikuvat n\u00e4kyv\u00e4t turhan selv\u00e4sti l\u00e4pi"},"content":{"rendered":"\n<p>Viikko sitten ensi-iltansa saanut <em>Hulluna Saraan<\/em> on <strong>Samuli Valkaman<\/strong> esikoisohjaus ja pirtsakasti erilainen suomalainen romanttinen komedia. Yhdysvalloista naisp\u00e4\u00e4osaan v\u00e4rv\u00e4tty n\u00e4yttelij\u00e4kin sopeutuu hyvin meik\u00e4l\u00e4isten seuraan. Mutta&#8230;<\/p>\n\n\n\n\n<p>Alla on pari viikkoa sitten kirjoittamani arvostelu, joka j\u00e4i tilaongelman vuoksi pois Suomen Kuvalehden paperilehdest\u00e4. Julkaisen sen nyt muokkaamattomana t\u00e4ss\u00e4. (T\u00e4hti\u00e4 olisin antanut kolme.)<\/p>\n\n\n\n<p>&#8211;<\/p>\n\n\n\n\n<p>Hulluna Saraan on vuosikausiin ensimm\u00e4inen suomalainen elokuva, jonka osatuottaja on Yhdysvalloista. Eurooppalaisissa yhteistuotannoissa liikkuu yleens\u00e4 julkinen raha. Samuli Valkaman alkuper\u00e4isk\u00e4sikirjoitus vakuutti amerikkalaiset ja mukaan on saatu my\u00f6s <strong>Emilie de Ravin<\/strong>, yksi televisiosarjan <em>Lost<\/em> t\u00e4hdist\u00e4. H\u00e4n esitt\u00e4\u00e4 naisp\u00e4\u00e4osaa, Turun n\u00e4k\u00f6iseen kaupunkiin ep\u00e4onnistunutta suhdetta paennutta kai losangeleslaista Saraa.<\/p>\n\n\n\n<p>Hulluna Saraan on aikaansaamattoman pojan kasvutarina. Ville (<strong>Jussi Nikkil\u00e4<\/strong>) on kuihtunut is\u00e4ns\u00e4 varjossa. Tauno (<strong>Ville Virtanen<\/strong>) on entinen rock-t\u00e4hti, joka toimii ennen kuin ajattelee. Poika ja terveysongelmansa salaava is\u00e4 ihastuvat Saraan, joka opettaa monitoimitalolla amerikkalaista rivitanssia.<\/p>\n\n\n\n<p>Osa lakonisesta huumorista on hillit\u00f6nt\u00e4 ja ajaton milj\u00f6\u00f6 on luotu hyvin. Sek\u00e4 Villen ett\u00e4 Taunon todellisuus on j\u00e4m\u00e4ht\u00e4nyt vuosien taa: yhdess\u00e4 pelataan Afrikan t\u00e4hte\u00e4 ja is\u00e4 palvoo <strong>Ronald Reagania<\/strong>. Myyttinen Amerikka on eteenp\u00e4in p\u00e4\u00e4semisen symboli, ei todellinen valtio.<\/p>\n\n\n\n<p>Valkama etsii s\u00f6p\u00f6jen amerikkalaisten indie-draamakomedioiden henke\u00e4. <em>Little Miss Sunshine<\/em>, <em>Garden State<\/em> ja <em>Min\u00e4, sin\u00e4 ja kaikki muut<\/em> on katsottu tarkkaan, <em>(500) Days of Summerista<\/em> lainataan suoraan useita tilanteita ja joitain repliikkej\u00e4kin. Kuten monet esikuvansa, Valkama sortuu my\u00f6s itsetarkoitukselliseen erikoisuuden tavoitteluun. Keinotekoisuuden ohella pahimpia riitasointuja ovat Cosmopolitan-lehden t\u00f6ker\u00f6 mainos keskell\u00e4 elokuvaa ja <strong>Tiina Lymin<\/strong> farssimaisen miestennielij\u00e4n sekoilu.<\/p>\n\n\n","protected":false},"excerpt":{"rendered":"<p>Viikko sitten ensi-iltansa saanut Hulluna Saraan on Samuli Valkaman esikoisohjaus ja pirtsakasti erilainen suomalainen romanttinen komedia. Yhdysvalloista naisp\u00e4\u00e4osaan v\u00e4rv\u00e4tty n\u00e4yttelij\u00e4kin sopeutuu hyvin meik\u00e4l\u00e4isten seuraan. Mutta&#8230; Alla on<br \/>\npari vi&hellip;<\/p>\n","protected":false},"author":144,"featured_media":0,"comment_status":"open","ping_status":"open","sticky":false,"template":"","format":"standard","meta":{"_acf_changed":false,"asauth_required_access_level":0,"asauth_cansharepaid":"","om_header_attributes":[],"footnotes":"","om_featured_image_focal_point":[],"om_primary_tag":0,"om_contributors":[],"om_co_authors":[],"beyondwords_generate_audio":"","beyondwords_project_id":"","beyondwords_content_id":"","beyondwords_preview_token":"","beyondwords_player_content":"","beyondwords_player_style":"","beyondwords_language_code":"","beyondwords_language_id":"","beyondwords_title_voice_id":"","beyondwords_body_voice_id":"","beyondwords_summary_voice_id":"","beyondwords_error_message":"","beyondwords_disabled":"","beyondwords_delete_content":"","beyondwords_podcast_id":"","beyondwords_hash":"","publish_post_to_speechkit":"","speechkit_hash":"","speechkit_generate_audio":"","speechkit_project_id":"","speechkit_podcast_id":"","speechkit_error_message":"","speechkit_disabled":"","speechkit_access_key":"","speechkit_error":"","speechkit_info":"","speechkit_response":"","speechkit_retries":"","speechkit_status":"","speechkit_updated_at":"","_speechkit_link":"","_speechkit_text":""},"categories":[1],"tags":[782,785,784,10,783],"class_list":["post-484","post","type-post","status-publish","format-standard","hentry","category-kuvien-takaa","tag-hulluna-saraan","tag-jussi-nikkila","tag-samuli-valkama","tag-suomalainen-elokuva","tag-ville-virtanen"],"om_views":null,"acf":{"tuuma_off":false,"tuuma_kysymys":"","tuuma_vastaus":""},"asauth":{"required_access_level":1,"share_token":"","is_paid":false},"yoast_head":"<!-- This site is optimized with the Yoast SEO plugin v26.4 - https:\/\/yoast.com\/wordpress\/plugins\/seo\/ -->\n<title>Hulluna Saraan: romanttisen komedian esikuvat n\u00e4kyv\u00e4t turhan selv\u00e4sti l\u00e4pi - Kuvien takaa<\/title>\n<meta name=\"robots\" content=\"index, follow, max-snippet:-1, max-image-preview:large, max-video-preview:-1\" \/>\n<link rel=\"canonical\" href=\"https:\/\/suomenkuvalehti.fi\/kuvien-takaa\/hulluna-saraan-romanttisen-komedian-esikuvat-nakyvat-turhan-selvasti-lapi\/\" \/>\n<meta property=\"og:locale\" content=\"fi_FI\" \/>\n<meta property=\"og:type\" content=\"article\" \/>\n<meta property=\"og:title\" content=\"Hulluna Saraan: romanttisen komedian esikuvat n\u00e4kyv\u00e4t turhan selv\u00e4sti l\u00e4pi - Kuvien takaa\" \/>\n<meta property=\"og:description\" content=\"Viikko sitten ensi-iltansa saanut Hulluna Saraan on Samuli Valkaman esikoisohjaus ja pirtsakasti erilainen suomalainen romanttinen komedia. Yhdysvalloista naisp\u00e4\u00e4osaan v\u00e4rv\u00e4tty n\u00e4yttelij\u00e4kin sopeutuu hyvin meik\u00e4l\u00e4isten seuraan. Mutta&#8230; Alla on pari vi&hellip;\" \/>\n<meta property=\"og:url\" content=\"https:\/\/suomenkuvalehti.fi\/kuvien-takaa\/hulluna-saraan-romanttisen-komedian-esikuvat-nakyvat-turhan-selvasti-lapi\/\" \/>\n<meta property=\"og:site_name\" content=\"Kuvien takaa\" \/>\n<meta property=\"article:author\" content=\"https:\/\/www.facebook.com\/pages\/Kalle-Kinnunen-Kuvien-takaa\/190326157715410?fref=ts\" \/>\n<meta property=\"article:published_time\" content=\"2012-02-02T14:01:01+00:00\" \/>\n<meta property=\"article:modified_time\" content=\"2013-11-30T14:24:26+00:00\" \/>\n<meta property=\"og:image\" content=\"https:\/\/suomenkuvalehti.fi\/kuvien-takaa\/wp-content\/uploads\/sites\/11\/2022\/04\/kalle_kinnunen_blogi-1-scaled.jpg\" \/>\n\t<meta property=\"og:image:width\" content=\"2560\" \/>\n\t<meta property=\"og:image:height\" content=\"1707\" \/>\n\t<meta property=\"og:image:type\" content=\"image\/jpeg\" \/>\n<meta name=\"author\" content=\"Kalle Kinnunen\" \/>\n<meta name=\"twitter:card\" content=\"summary_large_image\" \/>\n<meta name=\"twitter:creator\" content=\"@https:\/\/twitter.com\/kallekinnunen\" \/>\n<meta name=\"twitter:label1\" content=\"Written by\" \/>\n\t<meta name=\"twitter:data1\" content=\"Kalle Kinnunen\" \/>\n\t<meta name=\"twitter:label2\" content=\"Est. reading time\" \/>\n\t<meta name=\"twitter:data2\" content=\"1 minuutti\" \/>\n<script type=\"application\/ld+json\" class=\"yoast-schema-graph\">{\"@context\":\"https:\/\/schema.org\",\"@graph\":[{\"@type\":\"WebPage\",\"@id\":\"https:\/\/suomenkuvalehti.fi\/kuvien-takaa\/hulluna-saraan-romanttisen-komedian-esikuvat-nakyvat-turhan-selvasti-lapi\/\",\"url\":\"https:\/\/suomenkuvalehti.fi\/kuvien-takaa\/hulluna-saraan-romanttisen-komedian-esikuvat-nakyvat-turhan-selvasti-lapi\/\",\"name\":\"Hulluna Saraan: romanttisen komedian esikuvat n\u00e4kyv\u00e4t turhan selv\u00e4sti l\u00e4pi - Kuvien takaa\",\"isPartOf\":{\"@id\":\"https:\/\/suomenkuvalehti.fi\/kuvien-takaa\/#website\"},\"datePublished\":\"2012-02-02T14:01:01+00:00\",\"dateModified\":\"2013-11-30T14:24:26+00:00\",\"author\":{\"@id\":\"https:\/\/suomenkuvalehti.fi\/kuvien-takaa\/#\/schema\/person\/f3f657e4ad409e008f12af27bec60a23\"},\"breadcrumb\":{\"@id\":\"https:\/\/suomenkuvalehti.fi\/kuvien-takaa\/hulluna-saraan-romanttisen-komedian-esikuvat-nakyvat-turhan-selvasti-lapi\/#breadcrumb\"},\"inLanguage\":\"fi\",\"potentialAction\":[{\"@type\":\"ReadAction\",\"target\":[\"https:\/\/suomenkuvalehti.fi\/kuvien-takaa\/hulluna-saraan-romanttisen-komedian-esikuvat-nakyvat-turhan-selvasti-lapi\/\"]}]},{\"@type\":\"BreadcrumbList\",\"@id\":\"https:\/\/suomenkuvalehti.fi\/kuvien-takaa\/hulluna-saraan-romanttisen-komedian-esikuvat-nakyvat-turhan-selvasti-lapi\/#breadcrumb\",\"itemListElement\":[{\"@type\":\"ListItem\",\"position\":1,\"name\":\"Home\",\"item\":\"https:\/\/suomenkuvalehti.fi\/kuvien-takaa\/\"},{\"@type\":\"ListItem\",\"position\":2,\"name\":\"Hulluna Saraan: romanttisen komedian esikuvat n\u00e4kyv\u00e4t turhan selv\u00e4sti l\u00e4pi\"}]},{\"@type\":\"WebSite\",\"@id\":\"https:\/\/suomenkuvalehti.fi\/kuvien-takaa\/#website\",\"url\":\"https:\/\/suomenkuvalehti.fi\/kuvien-takaa\/\",\"name\":\"Kuvien takaa\",\"description\":\"Elokuvakriitikko Kalle Kinnusen elokuvablogi.\",\"potentialAction\":[{\"@type\":\"SearchAction\",\"target\":{\"@type\":\"EntryPoint\",\"urlTemplate\":\"https:\/\/suomenkuvalehti.fi\/haku\/?q={search_term_string}\"},\"query-input\":{\"@type\":\"PropertyValueSpecification\",\"valueRequired\":true,\"valueName\":\"search_term_string\"}}],\"inLanguage\":\"fi\"},{\"@type\":\"Person\",\"@id\":\"https:\/\/suomenkuvalehti.fi\/kuvien-takaa\/#\/schema\/person\/f3f657e4ad409e008f12af27bec60a23\",\"name\":\"Kalle Kinnunen\",\"image\":{\"@type\":\"ImageObject\",\"inLanguage\":\"fi\",\"@id\":\"https:\/\/suomenkuvalehti.fi\/kuvien-takaa\/#\/schema\/person\/image\/\",\"url\":\"https:\/\/suomenkuvalehti.fi\/kuvien-takaa\/wp-content\/uploads\/sites\/11\/2022\/04\/kalle_kinnunen_blogi-1-150x150.jpg\",\"contentUrl\":\"https:\/\/suomenkuvalehti.fi\/kuvien-takaa\/wp-content\/uploads\/sites\/11\/2022\/04\/kalle_kinnunen_blogi-1-150x150.jpg\",\"caption\":\"Kalle Kinnunen\"},\"description\":\"Kalle Kinnunen on vapaa toimittaja ja Suomen Kuvalehden avustaja.\",\"sameAs\":[\"https:\/\/www.facebook.com\/pages\/Kalle-Kinnunen-Kuvien-takaa\/190326157715410?fref=ts\",\"https:\/\/x.com\/https:\/\/twitter.com\/kallekinnunen\"]}]}<\/script>\n<!-- \/ Yoast SEO plugin. -->","yoast_head_json":{"title":"Hulluna Saraan: romanttisen komedian esikuvat n\u00e4kyv\u00e4t turhan selv\u00e4sti l\u00e4pi - Kuvien takaa","robots":{"index":"index","follow":"follow","max-snippet":"max-snippet:-1","max-image-preview":"max-image-preview:large","max-video-preview":"max-video-preview:-1"},"canonical":"https:\/\/suomenkuvalehti.fi\/kuvien-takaa\/hulluna-saraan-romanttisen-komedian-esikuvat-nakyvat-turhan-selvasti-lapi\/","og_locale":"fi_FI","og_type":"article","og_title":"Hulluna Saraan: romanttisen komedian esikuvat n\u00e4kyv\u00e4t turhan selv\u00e4sti l\u00e4pi - Kuvien takaa","og_description":"Viikko sitten ensi-iltansa saanut Hulluna Saraan on Samuli Valkaman esikoisohjaus ja pirtsakasti erilainen suomalainen romanttinen komedia. Yhdysvalloista naisp\u00e4\u00e4osaan v\u00e4rv\u00e4tty n\u00e4yttelij\u00e4kin sopeutuu hyvin meik\u00e4l\u00e4isten seuraan. Mutta&#8230; Alla on pari vi&hellip;","og_url":"https:\/\/suomenkuvalehti.fi\/kuvien-takaa\/hulluna-saraan-romanttisen-komedian-esikuvat-nakyvat-turhan-selvasti-lapi\/","og_site_name":"Kuvien takaa","article_author":"https:\/\/www.facebook.com\/pages\/Kalle-Kinnunen-Kuvien-takaa\/190326157715410?fref=ts","article_published_time":"2012-02-02T14:01:01+00:00","article_modified_time":"2013-11-30T14:24:26+00:00","og_image":[{"width":2560,"height":1707,"url":"https:\/\/suomenkuvalehti.fi\/kuvien-takaa\/wp-content\/uploads\/sites\/11\/2022\/04\/kalle_kinnunen_blogi-1-scaled.jpg","type":"image\/jpeg"}],"author":"Kalle Kinnunen","twitter_card":"summary_large_image","twitter_creator":"@https:\/\/twitter.com\/kallekinnunen","twitter_misc":{"Written by":"Kalle Kinnunen","Est. reading time":"1 minuutti"},"schema":{"@context":"https:\/\/schema.org","@graph":[{"@type":"WebPage","@id":"https:\/\/suomenkuvalehti.fi\/kuvien-takaa\/hulluna-saraan-romanttisen-komedian-esikuvat-nakyvat-turhan-selvasti-lapi\/","url":"https:\/\/suomenkuvalehti.fi\/kuvien-takaa\/hulluna-saraan-romanttisen-komedian-esikuvat-nakyvat-turhan-selvasti-lapi\/","name":"Hulluna Saraan: romanttisen komedian esikuvat n\u00e4kyv\u00e4t turhan selv\u00e4sti l\u00e4pi - Kuvien takaa","isPartOf":{"@id":"https:\/\/suomenkuvalehti.fi\/kuvien-takaa\/#website"},"datePublished":"2012-02-02T14:01:01+00:00","dateModified":"2013-11-30T14:24:26+00:00","author":{"@id":"https:\/\/suomenkuvalehti.fi\/kuvien-takaa\/#\/schema\/person\/f3f657e4ad409e008f12af27bec60a23"},"breadcrumb":{"@id":"https:\/\/suomenkuvalehti.fi\/kuvien-takaa\/hulluna-saraan-romanttisen-komedian-esikuvat-nakyvat-turhan-selvasti-lapi\/#breadcrumb"},"inLanguage":"fi","potentialAction":[{"@type":"ReadAction","target":["https:\/\/suomenkuvalehti.fi\/kuvien-takaa\/hulluna-saraan-romanttisen-komedian-esikuvat-nakyvat-turhan-selvasti-lapi\/"]}]},{"@type":"BreadcrumbList","@id":"https:\/\/suomenkuvalehti.fi\/kuvien-takaa\/hulluna-saraan-romanttisen-komedian-esikuvat-nakyvat-turhan-selvasti-lapi\/#breadcrumb","itemListElement":[{"@type":"ListItem","position":1,"name":"Home","item":"https:\/\/suomenkuvalehti.fi\/kuvien-takaa\/"},{"@type":"ListItem","position":2,"name":"Hulluna Saraan: romanttisen komedian esikuvat n\u00e4kyv\u00e4t turhan selv\u00e4sti l\u00e4pi"}]},{"@type":"WebSite","@id":"https:\/\/suomenkuvalehti.fi\/kuvien-takaa\/#website","url":"https:\/\/suomenkuvalehti.fi\/kuvien-takaa\/","name":"Kuvien takaa","description":"Elokuvakriitikko Kalle Kinnusen elokuvablogi.","potentialAction":[{"@type":"SearchAction","target":{"@type":"EntryPoint","urlTemplate":"https:\/\/suomenkuvalehti.fi\/haku\/?q={search_term_string}"},"query-input":{"@type":"PropertyValueSpecification","valueRequired":true,"valueName":"search_term_string"}}],"inLanguage":"fi"},{"@type":"Person","@id":"https:\/\/suomenkuvalehti.fi\/kuvien-takaa\/#\/schema\/person\/f3f657e4ad409e008f12af27bec60a23","name":"Kalle Kinnunen","image":{"@type":"ImageObject","inLanguage":"fi","@id":"https:\/\/suomenkuvalehti.fi\/kuvien-takaa\/#\/schema\/person\/image\/","url":"https:\/\/suomenkuvalehti.fi\/kuvien-takaa\/wp-content\/uploads\/sites\/11\/2022\/04\/kalle_kinnunen_blogi-1-150x150.jpg","contentUrl":"https:\/\/suomenkuvalehti.fi\/kuvien-takaa\/wp-content\/uploads\/sites\/11\/2022\/04\/kalle_kinnunen_blogi-1-150x150.jpg","caption":"Kalle Kinnunen"},"description":"Kalle Kinnunen on vapaa toimittaja ja Suomen Kuvalehden avustaja.","sameAs":["https:\/\/www.facebook.com\/pages\/Kalle-Kinnunen-Kuvien-takaa\/190326157715410?fref=ts","https:\/\/x.com\/https:\/\/twitter.com\/kallekinnunen"]}]}},"_links":{"self":[{"href":"https:\/\/suomenkuvalehti.fi\/kuvien-takaa\/wp-json\/wp\/v2\/posts\/484","targetHints":{"allow":["GET"]}}],"collection":[{"href":"https:\/\/suomenkuvalehti.fi\/kuvien-takaa\/wp-json\/wp\/v2\/posts"}],"about":[{"href":"https:\/\/suomenkuvalehti.fi\/kuvien-takaa\/wp-json\/wp\/v2\/types\/post"}],"author":[{"embeddable":true,"href":"https:\/\/suomenkuvalehti.fi\/kuvien-takaa\/wp-json\/wp\/v2\/users\/144"}],"replies":[{"embeddable":true,"href":"https:\/\/suomenkuvalehti.fi\/kuvien-takaa\/wp-json\/wp\/v2\/comments?post=484"}],"version-history":[{"count":1,"href":"https:\/\/suomenkuvalehti.fi\/kuvien-takaa\/wp-json\/wp\/v2\/posts\/484\/revisions"}],"predecessor-version":[{"id":1697,"href":"https:\/\/suomenkuvalehti.fi\/kuvien-takaa\/wp-json\/wp\/v2\/posts\/484\/revisions\/1697"}],"wp:attachment":[{"href":"https:\/\/suomenkuvalehti.fi\/kuvien-takaa\/wp-json\/wp\/v2\/media?parent=484"}],"wp:term":[{"taxonomy":"category","embeddable":true,"href":"https:\/\/suomenkuvalehti.fi\/kuvien-takaa\/wp-json\/wp\/v2\/categories?post=484"},{"taxonomy":"post_tag","embeddable":true,"href":"https:\/\/suomenkuvalehti.fi\/kuvien-takaa\/wp-json\/wp\/v2\/tags?post=484"}],"curies":[{"name":"wp","href":"https:\/\/api.w.org\/{rel}","templated":true}]}}