{"id":48,"date":"2013-07-13T09:30:01","date_gmt":"2013-07-13T06:30:01","guid":{"rendered":"https:\/\/suomenkuvalehti.fi\/kuvientakaa\/2013\/07\/13\/emmanuelle-taas-tanaan-tvssa-elokuva-joka-muutti-suomea\/"},"modified":"2013-11-30T16:24:19","modified_gmt":"2013-11-30T14:24:19","slug":"emmanuelle-taas-tanaan-tvssa-elokuva-joka-muutti-suomea","status":"publish","type":"post","link":"https:\/\/suomenkuvalehti.fi\/kuvien-takaa\/emmanuelle-taas-tanaan-tvssa-elokuva-joka-muutti-suomea\/","title":{"rendered":"Emmanuelle taas t\u00e4n\u00e4\u00e4n tv:ss\u00e4 &#8211; elokuva, joka muutti Suomea"},"content":{"rendered":"\n<p>Illalla TV5 esitt\u00e4\u00e4 <em>Emmanuellen<\/em>, ranskalaisen pehmopornon klassikon vuodelta 1974. Elokuva oli aikanaan hurja menestys elokuvateattereissa Suomessakin. Postikorttieroottisen paljastelun suuri p\u00e4iv\u00e4 Suomessa oli kuitenkin vasta 24. kes\u00e4kuuta 1987.<\/p>\n\n\n\n\n<p>Kun Mainostelevisio esitti elokuvan kes\u00e4y\u00f6n\u00e4 TV1-kanavalla (tuolloin sill\u00e4 ei ollut omaa kanavaansa), pehmoporno legitimoitui Suomessa.<\/p>\n\n\n\n<p>Viel\u00e4 1987 elettiin audiovisuaalisessa mediassa niukkuuskulttuurin aikaa. Televisiosta tuli muutama elokuva viikossa. Videokasettitarjontaa oltiin Eduskunnan p\u00e4\u00e4t\u00f6ksell\u00e4 saatu suitsittua Euroopan tiukimmalla videolevityslailla.<\/p>\n\n\n\n<p>Televisio oli suunnattu koko kansalle, ja siksi se oli voimakkaasti kontrolloitu v\u00e4line. Ohjelmien n\u00e4ytt\u00e4miselle piti ik\u00e4\u00e4n kuin olla perusteltava syy.<\/p>\n\n\n\n<p>Mainostelevisio oli t\u00e4ss\u00e4 ajassa ep\u00e4ilytt\u00e4v\u00e4: se ihan avoimesti tuputti &#8221;viihdett\u00e4&#8221;. Pehmopornon eli Emmanuellen tuominen televisioon oli suora isku vasten kontrolliyhteiskunnan kasvoja.<\/p>\n\n\n\n<p>Kaupallisesta erotiikasta tuli tv-esityksen my\u00f6t\u00e4 ik\u00e4\u00e4n kuin sallittua. Jos sadat tuhannet muutkin ovat katsojatilaston mukaan kiinnostuneita, onko t\u00e4m\u00e4n nakuilun tiirailu sittenk\u00e4\u00e4n niin h\u00e4pe\u00e4llist\u00e4 ja likaista?<\/p>\n\n\n\n<p>Auktoriteettien toki piti sit\u00e4 viel\u00e4 paheksua.<\/p>\n\n\n\n<p>&#8221;T\u00e4m\u00e4nkin elokuvan sijasta olisi voinut katsella jotakin hyv\u00e4\u00e4 dokumenttielokuvaa&#8221;, kommentoi virallisen ohjelmaneuvoston j\u00e4sen esityksen j\u00e4lkeen <a href=\"http:\/\/m.iltasanomat.fi\/viihde\/art-1288508808255.html\">Ilta-Sanomille<\/a>.<\/p>\n\n\n\n<p>&#8221;Tietyll\u00e4 tavalla t\u00e4ss\u00e4 on uudesta aluevaltauksesta kysymys.&nbsp;T\u00e4m\u00e4ntyyppisi\u00e4 filmej\u00e4 ei tv:ssa ole minun muistini mukaan aiemmin&nbsp;totuttu katsomaan&#8221;, arvioi toinen enteellisesti.<\/p>\n\n\n\n<p>Emmanuelle on sin\u00e4ns\u00e4 nykykatsojan silmin kesy ja sen &#8221;eksoottiset&#8221; s\u00e4vyt ovat l\u00e4hinn\u00e4 hellyytt\u00e4vi\u00e4. Katsomiskokemus on nostalgisempi nyt, kun p\u00e4\u00e4osan <a href=\"http:\/\/en.wikipedia.org\/wiki\/Sylvia_Kristel\"><strong>Sylvia Kristel<\/strong><\/a> on kuollut.<\/p>\n\n\n\n<p>Mutta kuinka huvittava onkaan ajatus, ett\u00e4 jotain t\u00e4m\u00e4n illan elokuvaesityst\u00e4 yhdell\u00e4 yli tusinasta ilmaiskanavasta arvioitaisiin viralliselta taholta toteamalla h\u00e4mmentyneesti mutta tomerasti, ett\u00e4 kyll\u00e4 katsojan (eli kunnon kansalaisen) tulisi jotain sivist\u00e4v\u00e4mp\u00e4\u00e4 harrastaa.<\/p>\n\n\n\n<p><em>Emmanuelle TV5:ll\u00e4 t\u00e4n\u00e4\u00e4n la 13.7. klo 23.00.<\/em><\/p>\n\n\n\n<p><em>Seuraa kirjoittajaa Twitteriss\u00e4: <a href=\"https:\/\/twitter.com\/kallekinnunen\"><strong>@kallekinnunen<\/strong><\/a><\/em><\/p>\n\n\n","protected":false},"excerpt":{"rendered":"<p>Illalla TV5 esitt\u00e4\u00e4 Emmanuellen, ranskalaisen pehmopornon klassikon vuodelta 1974. Elokuva oli aikanaan hurja menestys elokuvateattereissa Suomessakin. Postikorttieroottisen paljastelun suuri p\u00e4iv\u00e4 Suomessa oli kuitenkin vasta 24. kes\u00e4kuuta 1987. Kun<br \/>\nMain&hellip;<\/p>\n","protected":false},"author":144,"featured_media":0,"comment_status":"open","ping_status":"open","sticky":false,"template":"","format":"standard","meta":{"_acf_changed":false,"asauth_required_access_level":0,"asauth_cansharepaid":"","om_header_attributes":[],"footnotes":"","om_featured_image_focal_point":[],"om_primary_tag":0,"om_contributors":[],"om_co_authors":[],"beyondwords_generate_audio":"","beyondwords_project_id":"","beyondwords_content_id":"","beyondwords_preview_token":"","beyondwords_player_content":"","beyondwords_player_style":"","beyondwords_language_code":"","beyondwords_language_id":"","beyondwords_title_voice_id":"","beyondwords_body_voice_id":"","beyondwords_summary_voice_id":"","beyondwords_error_message":"","beyondwords_disabled":"","beyondwords_delete_content":"","beyondwords_podcast_id":"","beyondwords_hash":"","publish_post_to_speechkit":"","speechkit_hash":"","speechkit_generate_audio":"","speechkit_project_id":"","speechkit_podcast_id":"","speechkit_error_message":"","speechkit_disabled":"","speechkit_access_key":"","speechkit_error":"","speechkit_info":"","speechkit_response":"","speechkit_retries":"","speechkit_status":"","speechkit_updated_at":"","_speechkit_link":"","_speechkit_text":""},"categories":[1],"tags":[151,155,154,153,152],"class_list":["post-48","post","type-post","status-publish","format-standard","hentry","category-kuvien-takaa","tag-emmanuelle","tag-eroottiset-elokuvat","tag-pehmoporno","tag-suomalainen-arvomaailma","tag-televisiokanavat"],"om_views":null,"acf":{"tuuma_off":false,"tuuma_kysymys":"","tuuma_vastaus":""},"asauth":{"required_access_level":1,"share_token":"","is_paid":false},"yoast_head":"<!-- This site is optimized with the Yoast SEO plugin v26.4 - https:\/\/yoast.com\/wordpress\/plugins\/seo\/ -->\n<title>Emmanuelle taas t\u00e4n\u00e4\u00e4n tv:ss\u00e4 - elokuva, joka muutti Suomea - Kuvien takaa<\/title>\n<meta name=\"robots\" content=\"index, follow, max-snippet:-1, max-image-preview:large, max-video-preview:-1\" \/>\n<link rel=\"canonical\" href=\"https:\/\/suomenkuvalehti.fi\/kuvien-takaa\/emmanuelle-taas-tanaan-tvssa-elokuva-joka-muutti-suomea\/\" \/>\n<meta property=\"og:locale\" content=\"fi_FI\" \/>\n<meta property=\"og:type\" content=\"article\" \/>\n<meta property=\"og:title\" content=\"Emmanuelle taas t\u00e4n\u00e4\u00e4n tv:ss\u00e4 - elokuva, joka muutti Suomea - Kuvien takaa\" \/>\n<meta property=\"og:description\" content=\"Illalla TV5 esitt\u00e4\u00e4 Emmanuellen, ranskalaisen pehmopornon klassikon vuodelta 1974. Elokuva oli aikanaan hurja menestys elokuvateattereissa Suomessakin. Postikorttieroottisen paljastelun suuri p\u00e4iv\u00e4 Suomessa oli kuitenkin vasta 24. kes\u00e4kuuta 1987. Kun Main&hellip;\" \/>\n<meta property=\"og:url\" content=\"https:\/\/suomenkuvalehti.fi\/kuvien-takaa\/emmanuelle-taas-tanaan-tvssa-elokuva-joka-muutti-suomea\/\" \/>\n<meta property=\"og:site_name\" content=\"Kuvien takaa\" \/>\n<meta property=\"article:author\" content=\"https:\/\/www.facebook.com\/pages\/Kalle-Kinnunen-Kuvien-takaa\/190326157715410?fref=ts\" \/>\n<meta property=\"article:published_time\" content=\"2013-07-13T06:30:01+00:00\" \/>\n<meta property=\"article:modified_time\" content=\"2013-11-30T14:24:19+00:00\" \/>\n<meta property=\"og:image\" content=\"https:\/\/suomenkuvalehti.fi\/kuvien-takaa\/wp-content\/uploads\/sites\/11\/2022\/04\/kalle_kinnunen_blogi-1-scaled.jpg\" \/>\n\t<meta property=\"og:image:width\" content=\"2560\" \/>\n\t<meta property=\"og:image:height\" content=\"1707\" \/>\n\t<meta property=\"og:image:type\" content=\"image\/jpeg\" \/>\n<meta name=\"author\" content=\"Kalle Kinnunen\" \/>\n<meta name=\"twitter:card\" content=\"summary_large_image\" \/>\n<meta name=\"twitter:creator\" content=\"@https:\/\/twitter.com\/kallekinnunen\" \/>\n<meta name=\"twitter:label1\" content=\"Written by\" \/>\n\t<meta name=\"twitter:data1\" content=\"Kalle Kinnunen\" \/>\n\t<meta name=\"twitter:label2\" content=\"Est. reading time\" \/>\n\t<meta name=\"twitter:data2\" content=\"1 minuutti\" \/>\n<script type=\"application\/ld+json\" class=\"yoast-schema-graph\">{\"@context\":\"https:\/\/schema.org\",\"@graph\":[{\"@type\":\"WebPage\",\"@id\":\"https:\/\/suomenkuvalehti.fi\/kuvien-takaa\/emmanuelle-taas-tanaan-tvssa-elokuva-joka-muutti-suomea\/\",\"url\":\"https:\/\/suomenkuvalehti.fi\/kuvien-takaa\/emmanuelle-taas-tanaan-tvssa-elokuva-joka-muutti-suomea\/\",\"name\":\"Emmanuelle taas t\u00e4n\u00e4\u00e4n tv:ss\u00e4 - elokuva, joka muutti Suomea - Kuvien takaa\",\"isPartOf\":{\"@id\":\"https:\/\/suomenkuvalehti.fi\/kuvien-takaa\/#website\"},\"datePublished\":\"2013-07-13T06:30:01+00:00\",\"dateModified\":\"2013-11-30T14:24:19+00:00\",\"author\":{\"@id\":\"https:\/\/suomenkuvalehti.fi\/kuvien-takaa\/#\/schema\/person\/f3f657e4ad409e008f12af27bec60a23\"},\"breadcrumb\":{\"@id\":\"https:\/\/suomenkuvalehti.fi\/kuvien-takaa\/emmanuelle-taas-tanaan-tvssa-elokuva-joka-muutti-suomea\/#breadcrumb\"},\"inLanguage\":\"fi\",\"potentialAction\":[{\"@type\":\"ReadAction\",\"target\":[\"https:\/\/suomenkuvalehti.fi\/kuvien-takaa\/emmanuelle-taas-tanaan-tvssa-elokuva-joka-muutti-suomea\/\"]}]},{\"@type\":\"BreadcrumbList\",\"@id\":\"https:\/\/suomenkuvalehti.fi\/kuvien-takaa\/emmanuelle-taas-tanaan-tvssa-elokuva-joka-muutti-suomea\/#breadcrumb\",\"itemListElement\":[{\"@type\":\"ListItem\",\"position\":1,\"name\":\"Home\",\"item\":\"https:\/\/suomenkuvalehti.fi\/kuvien-takaa\/\"},{\"@type\":\"ListItem\",\"position\":2,\"name\":\"Emmanuelle taas t\u00e4n\u00e4\u00e4n tv:ss\u00e4 &#8211; elokuva, joka muutti Suomea\"}]},{\"@type\":\"WebSite\",\"@id\":\"https:\/\/suomenkuvalehti.fi\/kuvien-takaa\/#website\",\"url\":\"https:\/\/suomenkuvalehti.fi\/kuvien-takaa\/\",\"name\":\"Kuvien takaa\",\"description\":\"Elokuvakriitikko Kalle Kinnusen elokuvablogi.\",\"potentialAction\":[{\"@type\":\"SearchAction\",\"target\":{\"@type\":\"EntryPoint\",\"urlTemplate\":\"https:\/\/suomenkuvalehti.fi\/haku\/?q={search_term_string}\"},\"query-input\":{\"@type\":\"PropertyValueSpecification\",\"valueRequired\":true,\"valueName\":\"search_term_string\"}}],\"inLanguage\":\"fi\"},{\"@type\":\"Person\",\"@id\":\"https:\/\/suomenkuvalehti.fi\/kuvien-takaa\/#\/schema\/person\/f3f657e4ad409e008f12af27bec60a23\",\"name\":\"Kalle Kinnunen\",\"image\":{\"@type\":\"ImageObject\",\"inLanguage\":\"fi\",\"@id\":\"https:\/\/suomenkuvalehti.fi\/kuvien-takaa\/#\/schema\/person\/image\/\",\"url\":\"https:\/\/suomenkuvalehti.fi\/kuvien-takaa\/wp-content\/uploads\/sites\/11\/2022\/04\/kalle_kinnunen_blogi-1-150x150.jpg\",\"contentUrl\":\"https:\/\/suomenkuvalehti.fi\/kuvien-takaa\/wp-content\/uploads\/sites\/11\/2022\/04\/kalle_kinnunen_blogi-1-150x150.jpg\",\"caption\":\"Kalle Kinnunen\"},\"description\":\"Kalle Kinnunen on vapaa toimittaja ja Suomen Kuvalehden avustaja.\",\"sameAs\":[\"https:\/\/www.facebook.com\/pages\/Kalle-Kinnunen-Kuvien-takaa\/190326157715410?fref=ts\",\"https:\/\/x.com\/https:\/\/twitter.com\/kallekinnunen\"]}]}<\/script>\n<!-- \/ Yoast SEO plugin. -->","yoast_head_json":{"title":"Emmanuelle taas t\u00e4n\u00e4\u00e4n tv:ss\u00e4 - elokuva, joka muutti Suomea - Kuvien takaa","robots":{"index":"index","follow":"follow","max-snippet":"max-snippet:-1","max-image-preview":"max-image-preview:large","max-video-preview":"max-video-preview:-1"},"canonical":"https:\/\/suomenkuvalehti.fi\/kuvien-takaa\/emmanuelle-taas-tanaan-tvssa-elokuva-joka-muutti-suomea\/","og_locale":"fi_FI","og_type":"article","og_title":"Emmanuelle taas t\u00e4n\u00e4\u00e4n tv:ss\u00e4 - elokuva, joka muutti Suomea - Kuvien takaa","og_description":"Illalla TV5 esitt\u00e4\u00e4 Emmanuellen, ranskalaisen pehmopornon klassikon vuodelta 1974. Elokuva oli aikanaan hurja menestys elokuvateattereissa Suomessakin. Postikorttieroottisen paljastelun suuri p\u00e4iv\u00e4 Suomessa oli kuitenkin vasta 24. kes\u00e4kuuta 1987. Kun Main&hellip;","og_url":"https:\/\/suomenkuvalehti.fi\/kuvien-takaa\/emmanuelle-taas-tanaan-tvssa-elokuva-joka-muutti-suomea\/","og_site_name":"Kuvien takaa","article_author":"https:\/\/www.facebook.com\/pages\/Kalle-Kinnunen-Kuvien-takaa\/190326157715410?fref=ts","article_published_time":"2013-07-13T06:30:01+00:00","article_modified_time":"2013-11-30T14:24:19+00:00","og_image":[{"width":2560,"height":1707,"url":"https:\/\/suomenkuvalehti.fi\/kuvien-takaa\/wp-content\/uploads\/sites\/11\/2022\/04\/kalle_kinnunen_blogi-1-scaled.jpg","type":"image\/jpeg"}],"author":"Kalle Kinnunen","twitter_card":"summary_large_image","twitter_creator":"@https:\/\/twitter.com\/kallekinnunen","twitter_misc":{"Written by":"Kalle Kinnunen","Est. reading time":"1 minuutti"},"schema":{"@context":"https:\/\/schema.org","@graph":[{"@type":"WebPage","@id":"https:\/\/suomenkuvalehti.fi\/kuvien-takaa\/emmanuelle-taas-tanaan-tvssa-elokuva-joka-muutti-suomea\/","url":"https:\/\/suomenkuvalehti.fi\/kuvien-takaa\/emmanuelle-taas-tanaan-tvssa-elokuva-joka-muutti-suomea\/","name":"Emmanuelle taas t\u00e4n\u00e4\u00e4n tv:ss\u00e4 - elokuva, joka muutti Suomea - Kuvien takaa","isPartOf":{"@id":"https:\/\/suomenkuvalehti.fi\/kuvien-takaa\/#website"},"datePublished":"2013-07-13T06:30:01+00:00","dateModified":"2013-11-30T14:24:19+00:00","author":{"@id":"https:\/\/suomenkuvalehti.fi\/kuvien-takaa\/#\/schema\/person\/f3f657e4ad409e008f12af27bec60a23"},"breadcrumb":{"@id":"https:\/\/suomenkuvalehti.fi\/kuvien-takaa\/emmanuelle-taas-tanaan-tvssa-elokuva-joka-muutti-suomea\/#breadcrumb"},"inLanguage":"fi","potentialAction":[{"@type":"ReadAction","target":["https:\/\/suomenkuvalehti.fi\/kuvien-takaa\/emmanuelle-taas-tanaan-tvssa-elokuva-joka-muutti-suomea\/"]}]},{"@type":"BreadcrumbList","@id":"https:\/\/suomenkuvalehti.fi\/kuvien-takaa\/emmanuelle-taas-tanaan-tvssa-elokuva-joka-muutti-suomea\/#breadcrumb","itemListElement":[{"@type":"ListItem","position":1,"name":"Home","item":"https:\/\/suomenkuvalehti.fi\/kuvien-takaa\/"},{"@type":"ListItem","position":2,"name":"Emmanuelle taas t\u00e4n\u00e4\u00e4n tv:ss\u00e4 &#8211; elokuva, joka muutti Suomea"}]},{"@type":"WebSite","@id":"https:\/\/suomenkuvalehti.fi\/kuvien-takaa\/#website","url":"https:\/\/suomenkuvalehti.fi\/kuvien-takaa\/","name":"Kuvien takaa","description":"Elokuvakriitikko Kalle Kinnusen elokuvablogi.","potentialAction":[{"@type":"SearchAction","target":{"@type":"EntryPoint","urlTemplate":"https:\/\/suomenkuvalehti.fi\/haku\/?q={search_term_string}"},"query-input":{"@type":"PropertyValueSpecification","valueRequired":true,"valueName":"search_term_string"}}],"inLanguage":"fi"},{"@type":"Person","@id":"https:\/\/suomenkuvalehti.fi\/kuvien-takaa\/#\/schema\/person\/f3f657e4ad409e008f12af27bec60a23","name":"Kalle Kinnunen","image":{"@type":"ImageObject","inLanguage":"fi","@id":"https:\/\/suomenkuvalehti.fi\/kuvien-takaa\/#\/schema\/person\/image\/","url":"https:\/\/suomenkuvalehti.fi\/kuvien-takaa\/wp-content\/uploads\/sites\/11\/2022\/04\/kalle_kinnunen_blogi-1-150x150.jpg","contentUrl":"https:\/\/suomenkuvalehti.fi\/kuvien-takaa\/wp-content\/uploads\/sites\/11\/2022\/04\/kalle_kinnunen_blogi-1-150x150.jpg","caption":"Kalle Kinnunen"},"description":"Kalle Kinnunen on vapaa toimittaja ja Suomen Kuvalehden avustaja.","sameAs":["https:\/\/www.facebook.com\/pages\/Kalle-Kinnunen-Kuvien-takaa\/190326157715410?fref=ts","https:\/\/x.com\/https:\/\/twitter.com\/kallekinnunen"]}]}},"_links":{"self":[{"href":"https:\/\/suomenkuvalehti.fi\/kuvien-takaa\/wp-json\/wp\/v2\/posts\/48","targetHints":{"allow":["GET"]}}],"collection":[{"href":"https:\/\/suomenkuvalehti.fi\/kuvien-takaa\/wp-json\/wp\/v2\/posts"}],"about":[{"href":"https:\/\/suomenkuvalehti.fi\/kuvien-takaa\/wp-json\/wp\/v2\/types\/post"}],"author":[{"embeddable":true,"href":"https:\/\/suomenkuvalehti.fi\/kuvien-takaa\/wp-json\/wp\/v2\/users\/144"}],"replies":[{"embeddable":true,"href":"https:\/\/suomenkuvalehti.fi\/kuvien-takaa\/wp-json\/wp\/v2\/comments?post=48"}],"version-history":[{"count":2,"href":"https:\/\/suomenkuvalehti.fi\/kuvien-takaa\/wp-json\/wp\/v2\/posts\/48\/revisions"}],"predecessor-version":[{"id":262,"href":"https:\/\/suomenkuvalehti.fi\/kuvien-takaa\/wp-json\/wp\/v2\/posts\/48\/revisions\/262"}],"wp:attachment":[{"href":"https:\/\/suomenkuvalehti.fi\/kuvien-takaa\/wp-json\/wp\/v2\/media?parent=48"}],"wp:term":[{"taxonomy":"category","embeddable":true,"href":"https:\/\/suomenkuvalehti.fi\/kuvien-takaa\/wp-json\/wp\/v2\/categories?post=48"},{"taxonomy":"post_tag","embeddable":true,"href":"https:\/\/suomenkuvalehti.fi\/kuvien-takaa\/wp-json\/wp\/v2\/tags?post=48"}],"curies":[{"name":"wp","href":"https:\/\/api.w.org\/{rel}","templated":true}]}}