{"id":4743,"date":"2018-11-21T12:45:18","date_gmt":"2018-11-21T10:45:18","guid":{"rendered":"https:\/\/suomenkuvalehti.fi\/kuvien-takaa\/?p=4743"},"modified":"2018-11-21T12:48:05","modified_gmt":"2018-11-21T10:48:05","slug":"kiiruhda-jos-cold-war-kiinnostaa-ja-miksei-kiinnostaisi","status":"publish","type":"post","link":"https:\/\/suomenkuvalehti.fi\/kuvien-takaa\/kiiruhda-jos-cold-war-kiinnostaa-ja-miksei-kiinnostaisi\/","title":{"rendered":"Kiiruhda, jos Cold War kiinnostaa (ja miksei kiinnostaisi)"},"content":{"rendered":"\n<p><strong>Pawel Pawlikowskin<\/strong> elokuva <em>Cold War<\/em> on erinomainen rakkaustarina ihmisist\u00e4, jotka eiv\u00e4t tule kesken\u00e4\u00e4n toimeen, mutta eiv\u00e4t halua olla erossakaan.<\/p>\n\n\n\n<p>Cold Warin vastaanotto on ollut melkein niin hyv\u00e4 kuin se voi olla. Minua se syk\u00e4hdytti ehk\u00e4 enemm\u00e4n kuin ohjaajan edellinen, <em>Ida<\/em>. (<a href=\"https:\/\/suomenkuvalehti.fi\/jutut\/kulttuuri\/elokuva\/cold-war-on-haikea-puolalainen-rakkaustarina\/?shared=1045865-b28824ee-999\">Arvioni<\/a>.)<\/p>\n\n\n\n<p>Ehk\u00e4 itse l\u00f6ysin Cold Warin ihmissuhdekuvioista ja vaivoin viilennetyist\u00e4 intohimoista jotain itselleni tunnistettavampaa (tai helpommin sulatettavaa?) kuin Idan syyllisyysteemoista. Kenties sen tunnelma vain on voimakkaampi.<\/p>\n\n\n<p><iframe loading=\"lazy\" width=\"630\" height=\"354\" src=\"https:\/\/www.youtube.com\/embed\/8ImvkXgGVWw?feature=oembed\" frameborder=\"0\" allow=\"accelerometer; autoplay; encrypted-media; gyroscope; picture-in-picture\" allowfullscreen><\/iframe><\/p>\n\n<p>Cold Warista on keskusteltu, ja siit\u00e4 laadituista suomalaiskritiikeist\u00e4 on kirjoitettu <a href=\"https:\/\/www.kritiikinuutiset.fi\/2018\/11\/11\/cold-war-puremajalki-sielussa-vai-liian-sentimentaalista-lelutaidetta\/\">analyysi\u00e4kin Kritiikin uutisiin<\/a> (tosin tuossa artikkelissa ne pari ei-innostunutta arviota korostuvat).<\/p>\n\n\n\n<p>Idasta tuli kolme vuotta sitten ilmi\u00f6. Se sai Suomessa 30 895 katsojaa. M\u00e4\u00e4r\u00e4 on huikea mustavalkoiselle puolalaiselle elokuvalle. Parhaan ulkomaisen elokuvan Oscar ei ainakaan haitannut.<\/p>\n\n\n\n<p>T\u00e4ll\u00e4 hetkell\u00e4 Cold War hallitsee European Film Awards -palkintoehdokkuuksia \u2013 se sai kaikki keskeiset ehdokkuudet \u2013 ja se taitaa olla kaikista varmin nimike my\u00f6s kun ennustetaan ensi vuoden alussa julkistettavia ulkomaisen elokuvan Oscar-ehdokkuuksia.<\/p>\n\n\n\n<p>Elokuvayleis\u00f6n tiet ovat mutkaiset. Cold War ei kerta kaikkiaan ved\u00e4 samalla tavalla kuin Ida. Suomessa ero on hyvin selke\u00e4: katsojam\u00e4\u00e4r\u00e4 saattaa j\u00e4\u00e4d\u00e4 noin viidesosaan Idasta. Ehk\u00e4 Idan voimakkaampi naiskeskeisyys houkutteli, ehk\u00e4 nimi Cold War vie joidenkin potentiaalisten katsojien ajatuksia v\u00e4\u00e4r\u00e4\u00e4n suuntaan?<\/p>\n\n\n\n<p>Ehk\u00e4 Cold Waria on vaikeampi pukea (myyviksi) sanoiksi?<\/p>\n\n\n\n<p>Joka tapauksessa Cold War on vain kolmen esitysviikon j\u00e4lkeen jo pudonnut Suomen 20 katsotuimman elokuvan listalta, eli sit\u00e4 ei en\u00e4\u00e4 n\u00e4ek\u00e4\u00e4n kuin muutamissa elokuvateattereissa.<\/p>\n\n\n\n<p>Suosittelen kiiruhtamista, jos hyv\u00e4 elokuva kiinnostaa. T\u00e4ss\u00e4 nyt olisi sellainen aikuisyleis\u00f6n monitasoinen, \u00e4lyk\u00e4s ja tunteikas elokuva, jota niin monet tuntuvat kaipaavan. On ironista, ett\u00e4 se vaativin yleis\u00f6 on usein my\u00f6s hidasliikkeisint\u00e4, eli ei ehdi valkokankaan \u00e4\u00e4reen, ennen kuin on my\u00f6h\u00e4ist\u00e4.<\/p>\n\n\n","protected":false},"excerpt":{"rendered":"<p>Pawel Pawlikowskin elokuva Cold War on erinomainen rakkaustarina ihmisist\u00e4, jotka eiv\u00e4t tule kesken\u00e4\u00e4n toimeen, mutta eiv\u00e4t halua olla erossakaan. Cold Warin vastaanotto on ollut melkein niin hyv\u00e4 kuin se voi olla. Minua se syk\u00e4hdytti ehk\u00e4 enemm\u00e4n kuin ohjaajan<br \/>\nedelline&hellip;<\/p>\n","protected":false},"author":144,"featured_media":0,"comment_status":"open","ping_status":"closed","sticky":false,"template":"","format":"standard","meta":{"_acf_changed":false,"asauth_required_access_level":3,"asauth_cansharepaid":"true","om_header_attributes":[],"footnotes":"","om_featured_image_focal_point":[],"om_primary_tag":0,"om_contributors":[],"om_co_authors":[],"beyondwords_generate_audio":"","beyondwords_project_id":"","beyondwords_content_id":"","beyondwords_preview_token":"","beyondwords_player_content":"","beyondwords_player_style":"","beyondwords_language_code":"","beyondwords_language_id":"","beyondwords_title_voice_id":"","beyondwords_body_voice_id":"","beyondwords_summary_voice_id":"","beyondwords_error_message":"","beyondwords_disabled":"","beyondwords_delete_content":"","beyondwords_podcast_id":"","beyondwords_hash":"","publish_post_to_speechkit":"","speechkit_hash":"","speechkit_generate_audio":"","speechkit_project_id":"","speechkit_podcast_id":"","speechkit_error_message":"","speechkit_disabled":"","speechkit_access_key":"","speechkit_error":"","speechkit_info":"","speechkit_response":"","speechkit_retries":"","speechkit_status":"","speechkit_updated_at":"","_speechkit_link":"","_speechkit_text":""},"categories":[1],"tags":[2613,17,2612],"class_list":["post-4743","post","type-post","status-publish","format-standard","hentry","category-kuvien-takaa","tag-cold-war","tag-elokuvakritiikki","tag-pawel-pawlikowski"],"om_views":null,"acf":{"tuuma_off":false,"tuuma_kysymys":"","tuuma_vastaus":""},"asauth":{"required_access_level":1,"share_token":"","is_paid":false},"yoast_head":"<!-- This site is optimized with the Yoast SEO plugin v26.4 - https:\/\/yoast.com\/wordpress\/plugins\/seo\/ -->\n<title>Kiiruhda, jos Cold War kiinnostaa (ja miksei kiinnostaisi) - Kuvien takaa<\/title>\n<meta name=\"robots\" content=\"index, follow, max-snippet:-1, max-image-preview:large, max-video-preview:-1\" \/>\n<link rel=\"canonical\" href=\"https:\/\/suomenkuvalehti.fi\/kuvien-takaa\/kiiruhda-jos-cold-war-kiinnostaa-ja-miksei-kiinnostaisi\/\" \/>\n<meta property=\"og:locale\" content=\"fi_FI\" \/>\n<meta property=\"og:type\" content=\"article\" \/>\n<meta property=\"og:title\" content=\"Kiiruhda, jos Cold War kiinnostaa (ja miksei kiinnostaisi) - Kuvien takaa\" \/>\n<meta property=\"og:description\" content=\"Pawel Pawlikowskin elokuva Cold War on erinomainen rakkaustarina ihmisist\u00e4, jotka eiv\u00e4t tule kesken\u00e4\u00e4n toimeen, mutta eiv\u00e4t halua olla erossakaan. Cold Warin vastaanotto on ollut melkein niin hyv\u00e4 kuin se voi olla. Minua se syk\u00e4hdytti ehk\u00e4 enemm\u00e4n kuin ohjaajan edelline&hellip;\" \/>\n<meta property=\"og:url\" content=\"https:\/\/suomenkuvalehti.fi\/kuvien-takaa\/kiiruhda-jos-cold-war-kiinnostaa-ja-miksei-kiinnostaisi\/\" \/>\n<meta property=\"og:site_name\" content=\"Kuvien takaa\" \/>\n<meta property=\"article:author\" content=\"https:\/\/www.facebook.com\/pages\/Kalle-Kinnunen-Kuvien-takaa\/190326157715410?fref=ts\" \/>\n<meta property=\"article:published_time\" content=\"2018-11-21T10:45:18+00:00\" \/>\n<meta property=\"article:modified_time\" content=\"2018-11-21T10:48:05+00:00\" \/>\n<meta property=\"og:image\" content=\"https:\/\/suomenkuvalehti.fi\/kuvien-takaa\/wp-content\/uploads\/sites\/11\/2022\/04\/kalle_kinnunen_blogi-1-scaled.jpg\" \/>\n\t<meta property=\"og:image:width\" content=\"2560\" \/>\n\t<meta property=\"og:image:height\" content=\"1707\" \/>\n\t<meta property=\"og:image:type\" content=\"image\/jpeg\" \/>\n<meta name=\"author\" content=\"Kalle Kinnunen\" \/>\n<meta name=\"twitter:card\" content=\"summary_large_image\" \/>\n<meta name=\"twitter:creator\" content=\"@https:\/\/twitter.com\/kallekinnunen\" \/>\n<meta name=\"twitter:label1\" content=\"Written by\" \/>\n\t<meta name=\"twitter:data1\" content=\"Kalle Kinnunen\" \/>\n\t<meta name=\"twitter:label2\" content=\"Est. reading time\" \/>\n\t<meta name=\"twitter:data2\" content=\"1 minuutti\" \/>\n<script type=\"application\/ld+json\" class=\"yoast-schema-graph\">{\"@context\":\"https:\/\/schema.org\",\"@graph\":[{\"@type\":\"WebPage\",\"@id\":\"https:\/\/suomenkuvalehti.fi\/kuvien-takaa\/kiiruhda-jos-cold-war-kiinnostaa-ja-miksei-kiinnostaisi\/\",\"url\":\"https:\/\/suomenkuvalehti.fi\/kuvien-takaa\/kiiruhda-jos-cold-war-kiinnostaa-ja-miksei-kiinnostaisi\/\",\"name\":\"Kiiruhda, jos Cold War kiinnostaa (ja miksei kiinnostaisi) - Kuvien takaa\",\"isPartOf\":{\"@id\":\"https:\/\/suomenkuvalehti.fi\/kuvien-takaa\/#website\"},\"datePublished\":\"2018-11-21T10:45:18+00:00\",\"dateModified\":\"2018-11-21T10:48:05+00:00\",\"author\":{\"@id\":\"https:\/\/suomenkuvalehti.fi\/kuvien-takaa\/#\/schema\/person\/f3f657e4ad409e008f12af27bec60a23\"},\"breadcrumb\":{\"@id\":\"https:\/\/suomenkuvalehti.fi\/kuvien-takaa\/kiiruhda-jos-cold-war-kiinnostaa-ja-miksei-kiinnostaisi\/#breadcrumb\"},\"inLanguage\":\"fi\",\"potentialAction\":[{\"@type\":\"ReadAction\",\"target\":[\"https:\/\/suomenkuvalehti.fi\/kuvien-takaa\/kiiruhda-jos-cold-war-kiinnostaa-ja-miksei-kiinnostaisi\/\"]}]},{\"@type\":\"BreadcrumbList\",\"@id\":\"https:\/\/suomenkuvalehti.fi\/kuvien-takaa\/kiiruhda-jos-cold-war-kiinnostaa-ja-miksei-kiinnostaisi\/#breadcrumb\",\"itemListElement\":[{\"@type\":\"ListItem\",\"position\":1,\"name\":\"Home\",\"item\":\"https:\/\/suomenkuvalehti.fi\/kuvien-takaa\/\"},{\"@type\":\"ListItem\",\"position\":2,\"name\":\"Kiiruhda, jos Cold War kiinnostaa (ja miksei kiinnostaisi)\"}]},{\"@type\":\"WebSite\",\"@id\":\"https:\/\/suomenkuvalehti.fi\/kuvien-takaa\/#website\",\"url\":\"https:\/\/suomenkuvalehti.fi\/kuvien-takaa\/\",\"name\":\"Kuvien takaa\",\"description\":\"Elokuvakriitikko Kalle Kinnusen elokuvablogi.\",\"potentialAction\":[{\"@type\":\"SearchAction\",\"target\":{\"@type\":\"EntryPoint\",\"urlTemplate\":\"https:\/\/suomenkuvalehti.fi\/haku\/?q={search_term_string}\"},\"query-input\":{\"@type\":\"PropertyValueSpecification\",\"valueRequired\":true,\"valueName\":\"search_term_string\"}}],\"inLanguage\":\"fi\"},{\"@type\":\"Person\",\"@id\":\"https:\/\/suomenkuvalehti.fi\/kuvien-takaa\/#\/schema\/person\/f3f657e4ad409e008f12af27bec60a23\",\"name\":\"Kalle Kinnunen\",\"image\":{\"@type\":\"ImageObject\",\"inLanguage\":\"fi\",\"@id\":\"https:\/\/suomenkuvalehti.fi\/kuvien-takaa\/#\/schema\/person\/image\/\",\"url\":\"https:\/\/suomenkuvalehti.fi\/kuvien-takaa\/wp-content\/uploads\/sites\/11\/2022\/04\/kalle_kinnunen_blogi-1-150x150.jpg\",\"contentUrl\":\"https:\/\/suomenkuvalehti.fi\/kuvien-takaa\/wp-content\/uploads\/sites\/11\/2022\/04\/kalle_kinnunen_blogi-1-150x150.jpg\",\"caption\":\"Kalle Kinnunen\"},\"description\":\"Kalle Kinnunen on vapaa toimittaja ja Suomen Kuvalehden avustaja.\",\"sameAs\":[\"https:\/\/www.facebook.com\/pages\/Kalle-Kinnunen-Kuvien-takaa\/190326157715410?fref=ts\",\"https:\/\/x.com\/https:\/\/twitter.com\/kallekinnunen\"]}]}<\/script>\n<!-- \/ Yoast SEO plugin. -->","yoast_head_json":{"title":"Kiiruhda, jos Cold War kiinnostaa (ja miksei kiinnostaisi) - Kuvien takaa","robots":{"index":"index","follow":"follow","max-snippet":"max-snippet:-1","max-image-preview":"max-image-preview:large","max-video-preview":"max-video-preview:-1"},"canonical":"https:\/\/suomenkuvalehti.fi\/kuvien-takaa\/kiiruhda-jos-cold-war-kiinnostaa-ja-miksei-kiinnostaisi\/","og_locale":"fi_FI","og_type":"article","og_title":"Kiiruhda, jos Cold War kiinnostaa (ja miksei kiinnostaisi) - Kuvien takaa","og_description":"Pawel Pawlikowskin elokuva Cold War on erinomainen rakkaustarina ihmisist\u00e4, jotka eiv\u00e4t tule kesken\u00e4\u00e4n toimeen, mutta eiv\u00e4t halua olla erossakaan. Cold Warin vastaanotto on ollut melkein niin hyv\u00e4 kuin se voi olla. Minua se syk\u00e4hdytti ehk\u00e4 enemm\u00e4n kuin ohjaajan edelline&hellip;","og_url":"https:\/\/suomenkuvalehti.fi\/kuvien-takaa\/kiiruhda-jos-cold-war-kiinnostaa-ja-miksei-kiinnostaisi\/","og_site_name":"Kuvien takaa","article_author":"https:\/\/www.facebook.com\/pages\/Kalle-Kinnunen-Kuvien-takaa\/190326157715410?fref=ts","article_published_time":"2018-11-21T10:45:18+00:00","article_modified_time":"2018-11-21T10:48:05+00:00","og_image":[{"width":2560,"height":1707,"url":"https:\/\/suomenkuvalehti.fi\/kuvien-takaa\/wp-content\/uploads\/sites\/11\/2022\/04\/kalle_kinnunen_blogi-1-scaled.jpg","type":"image\/jpeg"}],"author":"Kalle Kinnunen","twitter_card":"summary_large_image","twitter_creator":"@https:\/\/twitter.com\/kallekinnunen","twitter_misc":{"Written by":"Kalle Kinnunen","Est. reading time":"1 minuutti"},"schema":{"@context":"https:\/\/schema.org","@graph":[{"@type":"WebPage","@id":"https:\/\/suomenkuvalehti.fi\/kuvien-takaa\/kiiruhda-jos-cold-war-kiinnostaa-ja-miksei-kiinnostaisi\/","url":"https:\/\/suomenkuvalehti.fi\/kuvien-takaa\/kiiruhda-jos-cold-war-kiinnostaa-ja-miksei-kiinnostaisi\/","name":"Kiiruhda, jos Cold War kiinnostaa (ja miksei kiinnostaisi) - Kuvien takaa","isPartOf":{"@id":"https:\/\/suomenkuvalehti.fi\/kuvien-takaa\/#website"},"datePublished":"2018-11-21T10:45:18+00:00","dateModified":"2018-11-21T10:48:05+00:00","author":{"@id":"https:\/\/suomenkuvalehti.fi\/kuvien-takaa\/#\/schema\/person\/f3f657e4ad409e008f12af27bec60a23"},"breadcrumb":{"@id":"https:\/\/suomenkuvalehti.fi\/kuvien-takaa\/kiiruhda-jos-cold-war-kiinnostaa-ja-miksei-kiinnostaisi\/#breadcrumb"},"inLanguage":"fi","potentialAction":[{"@type":"ReadAction","target":["https:\/\/suomenkuvalehti.fi\/kuvien-takaa\/kiiruhda-jos-cold-war-kiinnostaa-ja-miksei-kiinnostaisi\/"]}]},{"@type":"BreadcrumbList","@id":"https:\/\/suomenkuvalehti.fi\/kuvien-takaa\/kiiruhda-jos-cold-war-kiinnostaa-ja-miksei-kiinnostaisi\/#breadcrumb","itemListElement":[{"@type":"ListItem","position":1,"name":"Home","item":"https:\/\/suomenkuvalehti.fi\/kuvien-takaa\/"},{"@type":"ListItem","position":2,"name":"Kiiruhda, jos Cold War kiinnostaa (ja miksei kiinnostaisi)"}]},{"@type":"WebSite","@id":"https:\/\/suomenkuvalehti.fi\/kuvien-takaa\/#website","url":"https:\/\/suomenkuvalehti.fi\/kuvien-takaa\/","name":"Kuvien takaa","description":"Elokuvakriitikko Kalle Kinnusen elokuvablogi.","potentialAction":[{"@type":"SearchAction","target":{"@type":"EntryPoint","urlTemplate":"https:\/\/suomenkuvalehti.fi\/haku\/?q={search_term_string}"},"query-input":{"@type":"PropertyValueSpecification","valueRequired":true,"valueName":"search_term_string"}}],"inLanguage":"fi"},{"@type":"Person","@id":"https:\/\/suomenkuvalehti.fi\/kuvien-takaa\/#\/schema\/person\/f3f657e4ad409e008f12af27bec60a23","name":"Kalle Kinnunen","image":{"@type":"ImageObject","inLanguage":"fi","@id":"https:\/\/suomenkuvalehti.fi\/kuvien-takaa\/#\/schema\/person\/image\/","url":"https:\/\/suomenkuvalehti.fi\/kuvien-takaa\/wp-content\/uploads\/sites\/11\/2022\/04\/kalle_kinnunen_blogi-1-150x150.jpg","contentUrl":"https:\/\/suomenkuvalehti.fi\/kuvien-takaa\/wp-content\/uploads\/sites\/11\/2022\/04\/kalle_kinnunen_blogi-1-150x150.jpg","caption":"Kalle Kinnunen"},"description":"Kalle Kinnunen on vapaa toimittaja ja Suomen Kuvalehden avustaja.","sameAs":["https:\/\/www.facebook.com\/pages\/Kalle-Kinnunen-Kuvien-takaa\/190326157715410?fref=ts","https:\/\/x.com\/https:\/\/twitter.com\/kallekinnunen"]}]}},"_links":{"self":[{"href":"https:\/\/suomenkuvalehti.fi\/kuvien-takaa\/wp-json\/wp\/v2\/posts\/4743","targetHints":{"allow":["GET"]}}],"collection":[{"href":"https:\/\/suomenkuvalehti.fi\/kuvien-takaa\/wp-json\/wp\/v2\/posts"}],"about":[{"href":"https:\/\/suomenkuvalehti.fi\/kuvien-takaa\/wp-json\/wp\/v2\/types\/post"}],"author":[{"embeddable":true,"href":"https:\/\/suomenkuvalehti.fi\/kuvien-takaa\/wp-json\/wp\/v2\/users\/144"}],"replies":[{"embeddable":true,"href":"https:\/\/suomenkuvalehti.fi\/kuvien-takaa\/wp-json\/wp\/v2\/comments?post=4743"}],"version-history":[{"count":3,"href":"https:\/\/suomenkuvalehti.fi\/kuvien-takaa\/wp-json\/wp\/v2\/posts\/4743\/revisions"}],"predecessor-version":[{"id":4746,"href":"https:\/\/suomenkuvalehti.fi\/kuvien-takaa\/wp-json\/wp\/v2\/posts\/4743\/revisions\/4746"}],"wp:attachment":[{"href":"https:\/\/suomenkuvalehti.fi\/kuvien-takaa\/wp-json\/wp\/v2\/media?parent=4743"}],"wp:term":[{"taxonomy":"category","embeddable":true,"href":"https:\/\/suomenkuvalehti.fi\/kuvien-takaa\/wp-json\/wp\/v2\/categories?post=4743"},{"taxonomy":"post_tag","embeddable":true,"href":"https:\/\/suomenkuvalehti.fi\/kuvien-takaa\/wp-json\/wp\/v2\/tags?post=4743"}],"curies":[{"name":"wp","href":"https:\/\/api.w.org\/{rel}","templated":true}]}}