{"id":4725,"date":"2018-11-11T13:45:19","date_gmt":"2018-11-11T11:45:19","guid":{"rendered":"https:\/\/suomenkuvalehti.fi\/kuvien-takaa\/?p=4725"},"modified":"2018-11-11T13:50:01","modified_gmt":"2018-11-11T11:50:01","slug":"ruben-ostlundin-turistista-tulee-nyt-will-ferrellin-turisti-tama-ei-ole-pilaa","status":"publish","type":"post","link":"https:\/\/suomenkuvalehti.fi\/kuvien-takaa\/ruben-ostlundin-turistista-tulee-nyt-will-ferrellin-turisti-tama-ei-ole-pilaa\/","title":{"rendered":"Ruben \u00d6stlundin Turistista tulee nyt Will Ferrellin Turisti \u2013 t\u00e4m\u00e4 ei ole pilaa"},"content":{"rendered":"\n<p><strong>Ruben \u00d6stlundin<\/strong> elokuvasta <em>Turisti<\/em> tehd\u00e4\u00e4n amerikkalainen remake, ja <strong>Will Ferrell<\/strong> n\u00e4yttelee miesp\u00e4\u00e4osan. Kukapa muukaan!<\/p>\n\n\n\n<p>Uutinen kuulostaa t\u00e4h\u00e4n typistettyn\u00e4 melkein pilalta. Totta hanke kuitenkin on \u2013 <em>Downhill<\/em> -niminen elokuva on ollut tekeill\u00e4 jo siit\u00e4 asti, kun \u00d6stlundin hyvin musta komedia her\u00e4tti huomiota ja lopulta j\u00e4i ilman Oscar-ehdokkuutta. (Siit\u00e4 nohevat ruotsalaistekij\u00e4t saivat melkein enemm\u00e4n irti kuin ehdokkuudesta.)<\/p>\n\n\n\n<p>\u00d6stlundista on t\u00e4ss\u00e4 v\u00e4liss\u00e4 tullut Cannesin Kultaisen palmun voittaja. Turisti on monien mielest\u00e4 edelleen h\u00e4nen paras elokuvansa \u2013 etenkin Ruotsissa Palmu-voittaja <em>The Square<\/em> sai hitusen vaisumman vastaanoton kuin ohjaajan edelliset erikoisuudet. (Itse en osaisi p\u00e4\u00e4tt\u00e4\u00e4 n\u00e4iden v\u00e4lilt\u00e4.)<\/p>\n\n\n\n<p>Mutta Ferrell! Kreisikoomikko, jonka pelikentt\u00e4 on ollut enemm\u00e4n <em>Zoolander<\/em>-sekoulua ja hassuhahmo-maailmaa kuin viile\u00e4nvakavaa yhteiskunnallista komediaa.<\/p>\n\n\n\n<p>Alkuper\u00e4inen Turisti kertoo siis miehest\u00e4, joka lumivy\u00f6ryn uhatessa juoksee rivakasti pakoon ja j\u00e4tt\u00e4\u00e4 perheens\u00e4 laskettelukeskuksen ravintolan terassille. Kun n\u00e4kyvyys palaa, k\u00e4y ilmi, ett\u00e4 vy\u00f6ry j\u00e4i kauas terassista. Vauraan ruotsalaisperheen sis\u00e4inen dynamiikka ei sen j\u00e4lkeen ole aivan entisens\u00e4.<\/p>\n\n\n<p><iframe loading=\"lazy\" width=\"630\" height=\"354\" src=\"https:\/\/www.youtube.com\/embed\/q65yteKQ2K0?feature=oembed\" frameborder=\"0\" allow=\"accelerometer; autoplay; encrypted-media; gyroscope; picture-in-picture\" allowfullscreen><\/iframe><\/p>\n\n<p>Ohjaajiksi Downhilliin on kiinnitetty <strong>Nat Faxon<\/strong> ja <strong>Tim Rash<\/strong>. Kaksikko on tehnyt aiemmin yhden elokuvan, ns. katkeransuloisen ja melkein s\u00e4rmikk\u00e4\u00e4n perhe- ja kasvukomedian <em>The Way, Way Back<\/em>. Ehk\u00e4 enemm\u00e4n oletettavasta s\u00e4vyst\u00e4 kertoo se, ett\u00e4 he my\u00f6s k\u00e4sikirjoittivat <strong>Alexander Paynen<\/strong> elokuvaa <em>The Descendants<\/em>. Suomessakin hyvin menestyneest\u00e4 <em>Sidewaysista<\/em> edelleen parhaiten tunnetun Paynen maailmankuvalla on yhtym\u00e4kohtia \u00d6stlundin havaintoihin.<\/p>\n\n\n\n<p>Ferrell ei ole hankkeen primus motor. Ennen kaikkea se on Fox Searchlightin eli Fox-studion kunnianhimoisempien elokuvien osaston projekti. N\u00e4yttelij\u00f6ist\u00e4 remake-hankkeessa on ollut tuottajien mukana alusta asti <strong>Julia Dreyfus-Louis<\/strong>.<\/p>\n\n\n\n<p><a href=\"https:\/\/deadline.com\/2018\/11\/will-ferrell-julia-louis-dreyfus-fox-searchlight-force-majeure-remake-downhill-nat-faxon-jim-rash-1202494713\/\">Kuvausten pit\u00e4isi Deadlinen mukaan alkaa<\/a> ensi vuoden alussa It\u00e4vallassa. K\u00e4sitt\u00e4\u00e4kseni kuviota varjostaa se, ett\u00e4 Fox myyd\u00e4\u00e4n Disneylle, ja ymm\u00e4rt\u00e4\u00e4kseni Foxin pomoilla ei ole muutostilanteesta johtuen lupaa k\u00e4ynnist\u00e4\u00e4 uusia tuotantoja.<\/p>\n\n\n\n<p>Mit\u00e4 t\u00e4llaisesta hankkeesta pit\u00e4isi ajatella? Selv\u00e4\u00e4 on se, ett\u00e4 Turistia eli kansainv\u00e4lisesti Force Majeurea ei n\u00e4hnyt Yhdysvalloissa suhteellisesti juuri kukaan. Se teki miljoona taalaa leffateattereissa, mik\u00e4 on sik\u00e4l\u00e4isess\u00e4 bisneksess\u00e4 napakka tulos skandileffalle, eik\u00e4 yht\u00e4\u00e4n enemp\u00e4\u00e4.<\/p>\n\n\n\n<p>Dreyfus-Louis on tehnyt briljanttia ja fiksua komediaa esimerkiksi sarjoissa <em>Curb Your Enthusiasm<\/em> ja <em>Veep<\/em> eli <em>Rouva varapresidentti<\/em>. Ehk\u00e4 tasapainottavat s\u00e4vyt l\u00f6ytyv\u00e4t t\u00e4lt\u00e4 suunnalta? Eik\u00e4 Ferrell tietenk\u00e4\u00e4n leimallisesti tee elokuvasta pelleily\u00e4. T\u00e4ss\u00e4h\u00e4n on nimenomaan h\u00e4nelle mahdollisuus astua vakavan n\u00e4yttelemisen ja prestiisielokuvan puolelle. Aiemmat yritykset siihen suuntaan olivat <em>Stranger than Fiction<\/em>, joka ei oikein j\u00e4tt\u00e4nyt j\u00e4lke\u00e4 ja <em>Everything Must Go<\/em>, joka oli melkein onnistunut <strong>Raymond Carver<\/strong> -filmatisointi, mutta jota juuri kukaan ei n\u00e4hnyt.<\/p>\n\n\n\n<p>\u00d6stlundin elokuvan ter\u00e4vyys varmasti taittuu amerikkalaisversiossa. Konseptista tuskin nostetaan niit\u00e4 vaikeimpia kysymyksi\u00e4, joihin Turisti nimenomaan kielt\u00e4ytyy antamasta vastauksia. \u00d6stlundin taitelijabr\u00e4ndi on (t\u00e4m\u00e4 nyt yhten\u00e4, ei summaavana luonnehdintana) er\u00e4\u00e4nlaista kyynist\u00e4 ja itsetietoisesti itse\u00e4 ruoskivaa sosiaalidemokraattista ahdistusta. Tuo l\u00e4hestymistapa on hirvitt\u00e4v\u00e4n kaukana Hollywoodista. Ei ihme, ett\u00e4 \u00d6stlund on toistuvasti sanonut, ettei itse kuvittelekaan pyrkiv\u00e4ns\u00e4 amerikkalaiseen systeemiin.<\/p>\n\n\n\n<p>Toisaalta Turistista voi suodattaa napakkaa tilannekomediaa, joka saattaa olla pisteli\u00e4st\u00e4 ja hyvinkin hauskaa, vaikka se j\u00e4isi kolmasosaan \u00d6stlundin kierroksista. Niin tai n\u00e4in, ruotsalaisille ainakin tulee ihan kiva shekki. Koska \u00d6stlund on ennenkin elokuvissaan puinut omasta el\u00e4m\u00e4st\u00e4\u00e4n l\u00f6yt\u00e4mi\u00e4\u00e4n ristiriitoja, ehk\u00e4 Amerikka-kuvio antaa uutta polttoainetta oman taiteilijuuden ja aseman pohdintaan.<\/p>\n\n\n\n<p>Ruotsissa koko homma n\u00e4ytt\u00e4ytyy varmasti aivan omanlaisessa valossaan. Ferrellin vaimo <strong>Viveca Paulin<\/strong> on ruotsalainen, perheen lapset puhuvat ruotsia ja Ferrell-Paulinit ovat toistuvasti lomailleet Ruotsissa. Ehk\u00e4 Downhill tuntuu jo melkein puoliruotsalaiselta elokuvalta, kun p\u00e4\u00e4osassa on t\u00e4llainen luottomies.<\/p>\n\n\n","protected":false},"excerpt":{"rendered":"<p>Ruben \u00d6stlundin elokuvasta Turisti tehd\u00e4\u00e4n amerikkalainen remake, ja Will Ferrell n\u00e4yttelee miesp\u00e4\u00e4osan. Kukapa muukaan! Uutinen kuulostaa t\u00e4h\u00e4n typistettyn\u00e4 melkein pilalta. Totta hanke kuitenkin on \u2013 Downhill -niminen elokuva on ollut<br \/>\ntekeill\u00e4 j&hellip;<\/p>\n","protected":false},"author":144,"featured_media":0,"comment_status":"open","ping_status":"closed","sticky":false,"template":"","format":"standard","meta":{"_acf_changed":false,"asauth_required_access_level":3,"asauth_cansharepaid":"true","om_header_attributes":[],"footnotes":"","om_featured_image_focal_point":[],"om_primary_tag":0,"om_contributors":[],"om_co_authors":[],"beyondwords_generate_audio":"","beyondwords_project_id":"","beyondwords_content_id":"","beyondwords_preview_token":"","beyondwords_player_content":"","beyondwords_player_style":"","beyondwords_language_code":"","beyondwords_language_id":"","beyondwords_title_voice_id":"","beyondwords_body_voice_id":"","beyondwords_summary_voice_id":"","beyondwords_error_message":"","beyondwords_disabled":"","beyondwords_delete_content":"","beyondwords_podcast_id":"","beyondwords_hash":"","publish_post_to_speechkit":"","speechkit_hash":"","speechkit_generate_audio":"","speechkit_project_id":"","speechkit_podcast_id":"","speechkit_error_message":"","speechkit_disabled":"","speechkit_access_key":"","speechkit_error":"","speechkit_info":"","speechkit_response":"","speechkit_retries":"","speechkit_status":"","speechkit_updated_at":"","_speechkit_link":"","_speechkit_text":""},"categories":[1],"tags":[2608,645,2235,2085],"class_list":["post-4725","post","type-post","status-publish","format-standard","hentry","category-kuvien-takaa","tag-downhill","tag-ruben-ostlund","tag-turisti","tag-will-ferrell"],"om_views":null,"acf":{"tuuma_off":false,"tuuma_kysymys":"","tuuma_vastaus":""},"asauth":{"required_access_level":1,"share_token":"","is_paid":false},"yoast_head":"<!-- This site is optimized with the Yoast SEO plugin v26.4 - https:\/\/yoast.com\/wordpress\/plugins\/seo\/ -->\n<title>Ruben \u00d6stlundin Turistista tulee nyt Will Ferrellin Turisti \u2013 t\u00e4m\u00e4 ei ole pilaa - Kuvien takaa<\/title>\n<meta name=\"description\" content=\"Turisti-elokuvan amerikkalaisen remaken p\u00e4\u00e4osan esitt\u00e4\u00e4 Will Ferrell. Mit\u00e4 voimme odottaa?\" \/>\n<meta name=\"robots\" content=\"index, follow, max-snippet:-1, max-image-preview:large, max-video-preview:-1\" \/>\n<link rel=\"canonical\" href=\"https:\/\/suomenkuvalehti.fi\/kuvien-takaa\/ruben-ostlundin-turistista-tulee-nyt-will-ferrellin-turisti-tama-ei-ole-pilaa\/\" \/>\n<meta property=\"og:locale\" content=\"fi_FI\" \/>\n<meta property=\"og:type\" content=\"article\" \/>\n<meta property=\"og:title\" content=\"Ruben \u00d6stlundin Turistista tulee nyt Will Ferrellin Turisti \u2013 t\u00e4m\u00e4 ei ole pilaa - Kuvien takaa\" \/>\n<meta property=\"og:description\" content=\"Turisti-elokuvan amerikkalaisen remaken p\u00e4\u00e4osan esitt\u00e4\u00e4 Will Ferrell. Mit\u00e4 voimme odottaa?\" \/>\n<meta property=\"og:url\" content=\"https:\/\/suomenkuvalehti.fi\/kuvien-takaa\/ruben-ostlundin-turistista-tulee-nyt-will-ferrellin-turisti-tama-ei-ole-pilaa\/\" \/>\n<meta property=\"og:site_name\" content=\"Kuvien takaa\" \/>\n<meta property=\"article:author\" content=\"https:\/\/www.facebook.com\/pages\/Kalle-Kinnunen-Kuvien-takaa\/190326157715410?fref=ts\" \/>\n<meta property=\"article:published_time\" content=\"2018-11-11T11:45:19+00:00\" \/>\n<meta property=\"article:modified_time\" content=\"2018-11-11T11:50:01+00:00\" \/>\n<meta property=\"og:image\" content=\"https:\/\/suomenkuvalehti.fi\/kuvien-takaa\/wp-content\/uploads\/sites\/11\/2022\/04\/kalle_kinnunen_blogi-1-scaled.jpg\" \/>\n\t<meta property=\"og:image:width\" content=\"2560\" \/>\n\t<meta property=\"og:image:height\" content=\"1707\" \/>\n\t<meta property=\"og:image:type\" content=\"image\/jpeg\" \/>\n<meta name=\"author\" content=\"Kalle Kinnunen\" \/>\n<meta name=\"twitter:card\" content=\"summary_large_image\" \/>\n<meta name=\"twitter:creator\" content=\"@https:\/\/twitter.com\/kallekinnunen\" \/>\n<meta name=\"twitter:label1\" content=\"Written by\" \/>\n\t<meta name=\"twitter:data1\" content=\"Kalle Kinnunen\" \/>\n\t<meta name=\"twitter:label2\" content=\"Est. reading time\" \/>\n\t<meta name=\"twitter:data2\" content=\"3 minuuttia\" \/>\n<script type=\"application\/ld+json\" class=\"yoast-schema-graph\">{\"@context\":\"https:\/\/schema.org\",\"@graph\":[{\"@type\":\"WebPage\",\"@id\":\"https:\/\/suomenkuvalehti.fi\/kuvien-takaa\/ruben-ostlundin-turistista-tulee-nyt-will-ferrellin-turisti-tama-ei-ole-pilaa\/\",\"url\":\"https:\/\/suomenkuvalehti.fi\/kuvien-takaa\/ruben-ostlundin-turistista-tulee-nyt-will-ferrellin-turisti-tama-ei-ole-pilaa\/\",\"name\":\"Ruben \u00d6stlundin Turistista tulee nyt Will Ferrellin Turisti \u2013 t\u00e4m\u00e4 ei ole pilaa - Kuvien takaa\",\"isPartOf\":{\"@id\":\"https:\/\/suomenkuvalehti.fi\/kuvien-takaa\/#website\"},\"datePublished\":\"2018-11-11T11:45:19+00:00\",\"dateModified\":\"2018-11-11T11:50:01+00:00\",\"author\":{\"@id\":\"https:\/\/suomenkuvalehti.fi\/kuvien-takaa\/#\/schema\/person\/f3f657e4ad409e008f12af27bec60a23\"},\"description\":\"Turisti-elokuvan amerikkalaisen remaken p\u00e4\u00e4osan esitt\u00e4\u00e4 Will Ferrell. Mit\u00e4 voimme odottaa?\",\"breadcrumb\":{\"@id\":\"https:\/\/suomenkuvalehti.fi\/kuvien-takaa\/ruben-ostlundin-turistista-tulee-nyt-will-ferrellin-turisti-tama-ei-ole-pilaa\/#breadcrumb\"},\"inLanguage\":\"fi\",\"potentialAction\":[{\"@type\":\"ReadAction\",\"target\":[\"https:\/\/suomenkuvalehti.fi\/kuvien-takaa\/ruben-ostlundin-turistista-tulee-nyt-will-ferrellin-turisti-tama-ei-ole-pilaa\/\"]}]},{\"@type\":\"BreadcrumbList\",\"@id\":\"https:\/\/suomenkuvalehti.fi\/kuvien-takaa\/ruben-ostlundin-turistista-tulee-nyt-will-ferrellin-turisti-tama-ei-ole-pilaa\/#breadcrumb\",\"itemListElement\":[{\"@type\":\"ListItem\",\"position\":1,\"name\":\"Home\",\"item\":\"https:\/\/suomenkuvalehti.fi\/kuvien-takaa\/\"},{\"@type\":\"ListItem\",\"position\":2,\"name\":\"Ruben \u00d6stlundin Turistista tulee nyt Will Ferrellin Turisti \u2013 t\u00e4m\u00e4 ei ole pilaa\"}]},{\"@type\":\"WebSite\",\"@id\":\"https:\/\/suomenkuvalehti.fi\/kuvien-takaa\/#website\",\"url\":\"https:\/\/suomenkuvalehti.fi\/kuvien-takaa\/\",\"name\":\"Kuvien takaa\",\"description\":\"Elokuvakriitikko Kalle Kinnusen elokuvablogi.\",\"potentialAction\":[{\"@type\":\"SearchAction\",\"target\":{\"@type\":\"EntryPoint\",\"urlTemplate\":\"https:\/\/suomenkuvalehti.fi\/haku\/?q={search_term_string}\"},\"query-input\":{\"@type\":\"PropertyValueSpecification\",\"valueRequired\":true,\"valueName\":\"search_term_string\"}}],\"inLanguage\":\"fi\"},{\"@type\":\"Person\",\"@id\":\"https:\/\/suomenkuvalehti.fi\/kuvien-takaa\/#\/schema\/person\/f3f657e4ad409e008f12af27bec60a23\",\"name\":\"Kalle Kinnunen\",\"image\":{\"@type\":\"ImageObject\",\"inLanguage\":\"fi\",\"@id\":\"https:\/\/suomenkuvalehti.fi\/kuvien-takaa\/#\/schema\/person\/image\/\",\"url\":\"https:\/\/suomenkuvalehti.fi\/kuvien-takaa\/wp-content\/uploads\/sites\/11\/2022\/04\/kalle_kinnunen_blogi-1-150x150.jpg\",\"contentUrl\":\"https:\/\/suomenkuvalehti.fi\/kuvien-takaa\/wp-content\/uploads\/sites\/11\/2022\/04\/kalle_kinnunen_blogi-1-150x150.jpg\",\"caption\":\"Kalle Kinnunen\"},\"description\":\"Kalle Kinnunen on vapaa toimittaja ja Suomen Kuvalehden avustaja.\",\"sameAs\":[\"https:\/\/www.facebook.com\/pages\/Kalle-Kinnunen-Kuvien-takaa\/190326157715410?fref=ts\",\"https:\/\/x.com\/https:\/\/twitter.com\/kallekinnunen\"]}]}<\/script>\n<!-- \/ Yoast SEO plugin. -->","yoast_head_json":{"title":"Ruben \u00d6stlundin Turistista tulee nyt Will Ferrellin Turisti \u2013 t\u00e4m\u00e4 ei ole pilaa - Kuvien takaa","description":"Turisti-elokuvan amerikkalaisen remaken p\u00e4\u00e4osan esitt\u00e4\u00e4 Will Ferrell. Mit\u00e4 voimme odottaa?","robots":{"index":"index","follow":"follow","max-snippet":"max-snippet:-1","max-image-preview":"max-image-preview:large","max-video-preview":"max-video-preview:-1"},"canonical":"https:\/\/suomenkuvalehti.fi\/kuvien-takaa\/ruben-ostlundin-turistista-tulee-nyt-will-ferrellin-turisti-tama-ei-ole-pilaa\/","og_locale":"fi_FI","og_type":"article","og_title":"Ruben \u00d6stlundin Turistista tulee nyt Will Ferrellin Turisti \u2013 t\u00e4m\u00e4 ei ole pilaa - Kuvien takaa","og_description":"Turisti-elokuvan amerikkalaisen remaken p\u00e4\u00e4osan esitt\u00e4\u00e4 Will Ferrell. Mit\u00e4 voimme odottaa?","og_url":"https:\/\/suomenkuvalehti.fi\/kuvien-takaa\/ruben-ostlundin-turistista-tulee-nyt-will-ferrellin-turisti-tama-ei-ole-pilaa\/","og_site_name":"Kuvien takaa","article_author":"https:\/\/www.facebook.com\/pages\/Kalle-Kinnunen-Kuvien-takaa\/190326157715410?fref=ts","article_published_time":"2018-11-11T11:45:19+00:00","article_modified_time":"2018-11-11T11:50:01+00:00","og_image":[{"width":2560,"height":1707,"url":"https:\/\/suomenkuvalehti.fi\/kuvien-takaa\/wp-content\/uploads\/sites\/11\/2022\/04\/kalle_kinnunen_blogi-1-scaled.jpg","type":"image\/jpeg"}],"author":"Kalle Kinnunen","twitter_card":"summary_large_image","twitter_creator":"@https:\/\/twitter.com\/kallekinnunen","twitter_misc":{"Written by":"Kalle Kinnunen","Est. reading time":"3 minuuttia"},"schema":{"@context":"https:\/\/schema.org","@graph":[{"@type":"WebPage","@id":"https:\/\/suomenkuvalehti.fi\/kuvien-takaa\/ruben-ostlundin-turistista-tulee-nyt-will-ferrellin-turisti-tama-ei-ole-pilaa\/","url":"https:\/\/suomenkuvalehti.fi\/kuvien-takaa\/ruben-ostlundin-turistista-tulee-nyt-will-ferrellin-turisti-tama-ei-ole-pilaa\/","name":"Ruben \u00d6stlundin Turistista tulee nyt Will Ferrellin Turisti \u2013 t\u00e4m\u00e4 ei ole pilaa - Kuvien takaa","isPartOf":{"@id":"https:\/\/suomenkuvalehti.fi\/kuvien-takaa\/#website"},"datePublished":"2018-11-11T11:45:19+00:00","dateModified":"2018-11-11T11:50:01+00:00","author":{"@id":"https:\/\/suomenkuvalehti.fi\/kuvien-takaa\/#\/schema\/person\/f3f657e4ad409e008f12af27bec60a23"},"description":"Turisti-elokuvan amerikkalaisen remaken p\u00e4\u00e4osan esitt\u00e4\u00e4 Will Ferrell. Mit\u00e4 voimme odottaa?","breadcrumb":{"@id":"https:\/\/suomenkuvalehti.fi\/kuvien-takaa\/ruben-ostlundin-turistista-tulee-nyt-will-ferrellin-turisti-tama-ei-ole-pilaa\/#breadcrumb"},"inLanguage":"fi","potentialAction":[{"@type":"ReadAction","target":["https:\/\/suomenkuvalehti.fi\/kuvien-takaa\/ruben-ostlundin-turistista-tulee-nyt-will-ferrellin-turisti-tama-ei-ole-pilaa\/"]}]},{"@type":"BreadcrumbList","@id":"https:\/\/suomenkuvalehti.fi\/kuvien-takaa\/ruben-ostlundin-turistista-tulee-nyt-will-ferrellin-turisti-tama-ei-ole-pilaa\/#breadcrumb","itemListElement":[{"@type":"ListItem","position":1,"name":"Home","item":"https:\/\/suomenkuvalehti.fi\/kuvien-takaa\/"},{"@type":"ListItem","position":2,"name":"Ruben \u00d6stlundin Turistista tulee nyt Will Ferrellin Turisti \u2013 t\u00e4m\u00e4 ei ole pilaa"}]},{"@type":"WebSite","@id":"https:\/\/suomenkuvalehti.fi\/kuvien-takaa\/#website","url":"https:\/\/suomenkuvalehti.fi\/kuvien-takaa\/","name":"Kuvien takaa","description":"Elokuvakriitikko Kalle Kinnusen elokuvablogi.","potentialAction":[{"@type":"SearchAction","target":{"@type":"EntryPoint","urlTemplate":"https:\/\/suomenkuvalehti.fi\/haku\/?q={search_term_string}"},"query-input":{"@type":"PropertyValueSpecification","valueRequired":true,"valueName":"search_term_string"}}],"inLanguage":"fi"},{"@type":"Person","@id":"https:\/\/suomenkuvalehti.fi\/kuvien-takaa\/#\/schema\/person\/f3f657e4ad409e008f12af27bec60a23","name":"Kalle Kinnunen","image":{"@type":"ImageObject","inLanguage":"fi","@id":"https:\/\/suomenkuvalehti.fi\/kuvien-takaa\/#\/schema\/person\/image\/","url":"https:\/\/suomenkuvalehti.fi\/kuvien-takaa\/wp-content\/uploads\/sites\/11\/2022\/04\/kalle_kinnunen_blogi-1-150x150.jpg","contentUrl":"https:\/\/suomenkuvalehti.fi\/kuvien-takaa\/wp-content\/uploads\/sites\/11\/2022\/04\/kalle_kinnunen_blogi-1-150x150.jpg","caption":"Kalle Kinnunen"},"description":"Kalle Kinnunen on vapaa toimittaja ja Suomen Kuvalehden avustaja.","sameAs":["https:\/\/www.facebook.com\/pages\/Kalle-Kinnunen-Kuvien-takaa\/190326157715410?fref=ts","https:\/\/x.com\/https:\/\/twitter.com\/kallekinnunen"]}]}},"_links":{"self":[{"href":"https:\/\/suomenkuvalehti.fi\/kuvien-takaa\/wp-json\/wp\/v2\/posts\/4725","targetHints":{"allow":["GET"]}}],"collection":[{"href":"https:\/\/suomenkuvalehti.fi\/kuvien-takaa\/wp-json\/wp\/v2\/posts"}],"about":[{"href":"https:\/\/suomenkuvalehti.fi\/kuvien-takaa\/wp-json\/wp\/v2\/types\/post"}],"author":[{"embeddable":true,"href":"https:\/\/suomenkuvalehti.fi\/kuvien-takaa\/wp-json\/wp\/v2\/users\/144"}],"replies":[{"embeddable":true,"href":"https:\/\/suomenkuvalehti.fi\/kuvien-takaa\/wp-json\/wp\/v2\/comments?post=4725"}],"version-history":[{"count":3,"href":"https:\/\/suomenkuvalehti.fi\/kuvien-takaa\/wp-json\/wp\/v2\/posts\/4725\/revisions"}],"predecessor-version":[{"id":4728,"href":"https:\/\/suomenkuvalehti.fi\/kuvien-takaa\/wp-json\/wp\/v2\/posts\/4725\/revisions\/4728"}],"wp:attachment":[{"href":"https:\/\/suomenkuvalehti.fi\/kuvien-takaa\/wp-json\/wp\/v2\/media?parent=4725"}],"wp:term":[{"taxonomy":"category","embeddable":true,"href":"https:\/\/suomenkuvalehti.fi\/kuvien-takaa\/wp-json\/wp\/v2\/categories?post=4725"},{"taxonomy":"post_tag","embeddable":true,"href":"https:\/\/suomenkuvalehti.fi\/kuvien-takaa\/wp-json\/wp\/v2\/tags?post=4725"}],"curies":[{"name":"wp","href":"https:\/\/api.w.org\/{rel}","templated":true}]}}