{"id":4701,"date":"2018-10-17T09:03:50","date_gmt":"2018-10-17T06:03:50","guid":{"rendered":"https:\/\/suomenkuvalehti.fi\/kuvien-takaa\/?p=4701"},"modified":"2018-10-17T09:16:28","modified_gmt":"2018-10-17T06:16:28","slug":"aku-louhimiehen-revanssi-ja-median-mieleton-reaktio","status":"publish","type":"post","link":"https:\/\/suomenkuvalehti.fi\/kuvien-takaa\/aku-louhimiehen-revanssi-ja-median-mieleton-reaktio\/","title":{"rendered":"Aku Louhimiehen revanssi \u2013 ja median mielet\u00f6n reaktio"},"content":{"rendered":"\n<p>Kun toimittaja on tehnyt tutkivaa journalismia, keissi ei v\u00e4ltt\u00e4m\u00e4tt\u00e4 ole ohi jutun ilmestyess\u00e4. Harvemmin se on, sill\u00e4 mik\u00e4\u00e4n tapahtumasarja ei koskaan konkreettisesti lopu. Todellisuus jatkaa olemistaan. Joskus nimenomaan julkaisu poikii uutta tietoa ja uusia vaiheita tapahtumaketjuun.<\/p>\n\n\n\n<p>Polveilevaa ja mutkikasta tapausta seuraavista tutkivan journalismin pitkist\u00e4 keisseist\u00e4 tunnetaan esimerkiksi Suomen Kuvalehden Kittil\u00e4-seuranta. Tapaus Kittil\u00e4 ei ota loppuakseen, ja se ei todellakaan ole toimittajan vika.<\/p>\n\n\n\n<p>Ylen Sara Rigatelli teki pitk\u00e4\u00e4n ty\u00f6t\u00e4 metoo-juttujen parissa. <a href=\"https:\/\/www.hs.fi\/kulttuuri\/art-2000005865830.html\">Nyt h\u00e4n on Yhdysvalloissa<\/a> stipendiaattina eli opintovapaalla.<\/p>\n\n\n\n<p>Aku Louhimies <a href=\"https:\/\/www.facebook.com\/akulouhimies.official\/posts\/1069851993139359\">valitti Facebookissa<\/a> menett\u00e4neens\u00e4 ty\u00f6n BBC-sarjassa, koska Ylen toimittaja oli ollut yhteydess\u00e4 britteihin.<\/p>\n\n\n\n<p>K\u00e4yt\u00e4nn\u00f6ss\u00e4 Louhimiehen uhriutuvan p\u00e4ivityksen idea oli paljastaa vasikka, joka tuhoaa h\u00e4nen kansainv\u00e4list\u00e4 uraansa. Louhimies puhutteli suoraan heit\u00e4, joiden mielest\u00e4 ohjaaja on joutunut k\u00e4rsim\u00e4\u00e4n liikaa tai v\u00e4\u00e4ryydell\u00e4.<\/p>\n\n\n\n<p>Spinnaus taisi onnistua, sill\u00e4 Louhimies on saanut p\u00e4ivityksell\u00e4\u00e4n paljon sympatiaa \u2013 ja viel\u00e4 enemm\u00e4n somessa on haukuttu Rigatellia. Oli selv\u00e4\u00e4, ett\u00e4 kyse on h\u00e4nest\u00e4, vaikka Louhimies j\u00e4tti nimen mainitsematta.<\/p>\n\n\n\n<p>Avainkysymykseksi Louhimiehen Facebook-p\u00e4ivityksess\u00e4 (kuka viestint\u00e4taituri sen onkaan kirjoittanut) oli keksitty nostaa, ett\u00e4 Rigatellilla ei olisi ollut oikeutta tai syyt\u00e4 jutuntekoon, koska h\u00e4n ei ole varsinaisesti t\u00f6iss\u00e4. Superuhriutumiselle oli upea tilaisuus: Rigatellin on oltava ainoastaan vainoaja, jonka motiivi on Louhimiehen uran tuhoaminen.<\/p>\n\n\n\n<p>Kokonaan sivuutetaan se, mist\u00e4 on todella kyse: siit\u00e4, ett\u00e4 BBC:ll\u00e4 saatiin nyt tiet\u00e4\u00e4 Suomen eturivin n\u00e4yttelij\u00f6iden avautuneen Louhimiehen eritt\u00e4in ongelmallisista toimintatavoista.<\/p>\n\n\n\n<p>Rigatelli teki nimenomaan sit\u00e4, mink\u00e4 toimittaja tekee: tiedonhankintaa. Olisi iso uutinen, jos Louhimies ohjaisi ison rahan brittituotantoa, BBC:n Mammoth-yhti\u00f6lt\u00e4 tilaamaa sotasarjaa <em>World on Fire<\/em>, jossa n\u00e4yttelev\u00e4t muiden muassa <strong>Helen Hunt, Lesley Manville<\/strong> ja <strong>Tomasz Kot<\/strong>. On oikeastaan t\u00e4ysin toissijaista, l\u00e4hettik\u00f6 Rigatelli yhden tai kaksi meili\u00e4, ja oliko Ylen v\u00e4ki jatkamassa varsinaisen jutunteon parissa. Totta kai Rigatelli kysyi, tiedet\u00e4\u00e4nk\u00f6 BBC:ll\u00e4 siit\u00e4, mik\u00e4 on Suomessa ollut elokuva-alan suurin uutinen t\u00e4n\u00e4 vuonna. S\u00e4hk\u00f6postin sanamuoto siit\u00e4, mit\u00e4 Louhimies oli tehnyt \u2013 oliko h\u00e4n koko uransa ajan k\u00e4ytt\u00e4ytynyt ongelmallisesti, vai vain tiettyjen n\u00e4yttelij\u00f6iden kanssa \u2013 on monimutkaisempi juttu, mutta ei asian ytimess\u00e4 tai varsinainen journalistinen virhe. On varmaankin tyylit\u00f6nt\u00e4 aloittaa lause kertomalla, ett\u00e4 min\u00e4 paljastin t\u00e4m\u00e4n keissin, mutta ent\u00e4s jos se on totta.<\/p>\n\n\n\n<p>Eilisen uutisjuttuja lukiessa p\u00e4\u00e4 on r\u00e4j\u00e4ht\u00e4\u00e4. Mit\u00e4 t\u00e4m\u00e4 on?&nbsp;Isot mediat julkaisevat juttuja, joissa Ylen johdolta tivataan, onko Rigatelli pilannut Louhimiehen ty\u00f6mahdollisuuden.<\/p>\n\n\n\n<p>Ilta-Sanomissa Ylen kulttuuri- ja el\u00e4m\u00e4ntapa -toimituksen vt. p\u00e4\u00e4llikk\u00f6 <a href=\"https:\/\/www.is.fi\/kotimaa\/art-2000005866063.html\"><strong>Tuomas Fermilt\u00e4<\/strong> tivataan<\/a>, mit\u00e4 tietoa BBC:lle on v\u00e4litetty. STT:n jutussa <a href=\"https:\/\/www.savonsanomat.fi\/kotimaa\/Ylen-Rigatelli-Selvitin-Louhimiehen-BBC-pesti%C3%A4-koska-se-oli-uutisarvoinen\/1271205\">Ylen p\u00e4\u00e4toimittaja <strong>Jouko Jokiselta<\/strong> kysyt\u00e4\u00e4n<\/a>, onko Ylen toimittaja vastuussa siit\u00e4, ett\u00e4 Louhimies menetti pestins\u00e4 ja jopa sit\u00e4, onko Rigatellin s\u00e4hk\u00f6postin taustoistus (eli lause siit\u00e4, mist\u00e4 Suomessa puhutaan) aiheellinen, kun Louhimies on sanonut katuvansa toimintaansa.<\/p>\n\n\n\n<p>Haloo.<\/p>\n\n\n\n<p>Ei Louhimies saanut BBC-sarjasta kenk\u00e4\u00e4 siksi, ett\u00e4 Rigatelli vasikoi, vaan siksi, ett\u00e4 brittil\u00e4inen ty\u00f6nantaja sai tiet\u00e4\u00e4 sen, mink\u00e4 kaikki Suomessa tiet\u00e4v\u00e4t: k\u00e4yt\u00e4nn\u00f6ss\u00e4 kaikki Louhimiehen elokuvissa ty\u00f6skennelleet naisn\u00e4yttelij\u00e4t (ja jotkut miesn\u00e4yttelij\u00e4t) kertoivat liev\u00e4sti ilmaistuna ep\u00e4ammattimaisesta toiminnasta, monet kiusanteosta ja h\u00e4irinn\u00e4st\u00e4, jolla oli seksuaalisia s\u00e4vyj\u00e4.<\/p>\n\n\n\n<p>T\u00e4m\u00e4n tiedon pohjalta tehtiin Britanniassa johtop\u00e4\u00e4t\u00f6ksi\u00e4, eli Louhimiehen mukaan h\u00e4net vapautettiin ohjausteht\u00e4vist\u00e4. Sit\u00e4, oliko Louhimiehell\u00e4 sopimuksia allekirjoitettuna, ei kukaan tuotantotaho ole n\u00e4hd\u00e4kseni edes kommentoinut.<\/p>\n\n\n\n<p>Brittien p\u00e4\u00e4t\u00f6s ei johtunut ilmiannosta tai ep\u00e4reilusta pelist\u00e4. P\u00e4\u00e4t\u00f6s oli aikuisten ihmisten harkinnan seurausta ja vastuullisen tuotantoyhti\u00f6n ratkaisu.<\/p>\n\n\n\n<p>Ajattelevatko Rigatellia moittivat tahot, ett\u00e4 tieto Louhimiehen metodeista olisi j\u00e4\u00e4nyt salaisuudeksi Suomen ulkopuolella? Mill\u00e4 vuosikymmenell\u00e4 t\u00e4ss\u00e4 elet\u00e4\u00e4n?<\/p>\n\n\n\n<p>Toivovatko he, ett\u00e4 tieto olisi nimeomaan pit\u00e4nyt pit\u00e4\u00e4 Suomen rajojen sis\u00e4ll\u00e4 \u2013 tai ett\u00e4 tiedon vuotaminen maailmalle olisi ylip\u00e4\u00e4ns\u00e4 voitu est\u00e4\u00e4? Some-metelin perusteella sadat tai tuhannet suomalaiset todella uskovat, ett\u00e4 toimittajia ajaa ilkeys. Ehk\u00e4 he uskovat, ett\u00e4 paljastukset Louhimiehen ty\u00f6tavoista ovat tosiaan kateellisten panettelua ja naisten hysteriaa tai valehtelua.<\/p>\n\n\n\n<p>Louhimies varoi pitk\u00e4\u00e4n moittimasta h\u00e4nt\u00e4 kritisoineita n\u00e4yttelij\u00f6it\u00e4. Rigatelli oli julkisessa kiistassa oivallisempi vastapuoli. T\u00e4m\u00e4 n\u00e4kyi jo kev\u00e4\u00e4ll\u00e4. Vaikka toimittajan materiaalia ovat asiat, joita haastateltavat ovat h\u00e4nelle kertoneet, ja ne on jutussa eritelty, Louhimies teki ongelman nimenomaan artikkelista.<\/p>\n\n\n\n<p>Eilen tiistaina koko kuvio oli muuttunut arvovaltakysymykseksi, jossa punnitaan Ylen vastuuta ja Rigatellin motiiveja.<\/p>\n\n\n\n<p>On ik\u00e4\u00e4n kuin kokonaan unohtunut, ett\u00e4 Louhimies ei vienyt Ylen alkuper\u00e4ist\u00e4 juttua Julkisen sanan neuvostoon tai juridiseen k\u00e4sittelyyn, vaikka siin\u00e4 h\u00e4nen mukaansa oli paljon virheit\u00e4. Miksi? Miksi h\u00e4n valitsi institutionaalisen totuuden selvitt\u00e4misen sijaan viestint\u00e4toimistot ja monikanavaisen uhriutumisshow\u2019n? Uudessa Facebook-p\u00e4ivityksess\u00e4\u00e4n h\u00e4n viel\u00e4 mainitsi erikseen n\u00e4in: <em>\u201dToimittajan esitt\u00e4mien v\u00e4itteiden todenper\u00e4isyytt\u00e4 ei t\u00e4ss\u00e4 yhteydess\u00e4 [BBC:ll\u00e4] viel\u00e4 ole tutkittu, eik\u00e4 minua viel\u00e4 ole kuultu.\u201d<\/em> Louhimies siis nonchalantisti nollaa Rigatellin maaliskuisen jutun koko uskottavuuden ja vihjaa, ett\u00e4 nyt BBC tutkisi siin\u00e4 esitettyjen v\u00e4itteiden paikkansapit\u00e4vyytt\u00e4, mik\u00e4 onkin aika j\u00e4nnit\u00e4v\u00e4 ajatus.<\/p>\n\n\n\n<p>Louhimiehelle Rigatellin stipendiaattiaika on nyt tietysti taivaan lahja. T\u00e4m\u00e4n \u201dei ollut t\u00f6iss\u00e4, ei saanut olla t\u00f6iss\u00e4\u201d -jengan eli valehtelusta syytt\u00e4misen kautta voi vahingoittaa journalistin uskottavuutta, mik\u00e4 on nyt tapahtunut \u2013 ja ehk\u00e4 yritt\u00e4\u00e4 vauroittaa journalistin uraakin eli tehd\u00e4 tismalleen sit\u00e4, mist\u00e4 Louhimies Rigatellia v\u00e4lillisesti syytt\u00e4\u00e4.<\/p>\n\n\n\n<p>Ei korkean ty\u00f6moraalin ihmist\u00e4 voi tyystin est\u00e4\u00e4 tekem\u00e4st\u00e4 ty\u00f6t\u00e4\u00e4n. Tutkiva journalisti ei ole koskaan t\u00e4ysin lomalla tai pois duunista (ja siksi kyseinen journalismin laji on erityisen haastava). Rigatelli teki aavistuksen verran tiedonhankintaa. Jos tuon ty\u00f6n tekemisen lomassa BBC:lle selvi\u00e4\u00e4 lauseen verran asioita, jotka ovat olleet Suomessa vuoden suurin metoo-uutinen, toimittajan syytt\u00e4minen seurauksista on yksiselitteisesti valheellista ja sen lis\u00e4ksi aivan hullua.<\/p>\n\n\n\n<p>Seh\u00e4n tarkoittaa, ett\u00e4 kaikki olisi parhain p\u00e4in, jos kukaan ei saa tiet\u00e4\u00e4.<\/p>\n\n\n\n<p>Se, ett\u00e4 isot suomalaiset mediat l\u00e4htev\u00e4t mukaan kyseenalaistamaan, saiko Rigatelli ylip\u00e4\u00e4ns\u00e4 l\u00e4hett\u00e4\u00e4 s\u00e4hk\u00f6postia BBC:lle, on todella h\u00e4mment\u00e4v\u00e4\u00e4. Anteeksi, en kykene ymm\u00e4rt\u00e4m\u00e4\u00e4n koko ajatusta.<\/p>\n\n\n\n<p>Louhimies on ollut somessa maaliskuun lopulta alkaen varsin hiljaa. Mik\u00e4li h\u00e4nen yll\u00e4tt\u00e4v\u00e4n avautumisensa tarkoituksena ei ollut nimenomaan Rigatellin m\u00e4\u00e4r\u00e4tietoinen rankaiseminen, p\u00e4ivitysten motiiveiksi j\u00e4\u00e4 vain hyvin lapsellisia vaihtoehtoja.<\/p>\n\n\n\n<p>Viel\u00e4 er\u00e4s asia.<\/p>\n\n\n\n<p>Mit\u00e4 jos koko kohun varsinainen uutinen onkin se, ett\u00e4 Louhimies ja agentti eiv\u00e4t olleet kertoneet Mammothille ja BBC:lle miljoonasarjan ohjaussopimuksen kannalta <em>eritt\u00e4in olennaista asiaa<\/em> ohjaajan metodeista Suomessa tehdyist\u00e4 paljastuksista ja niist\u00e4 k\u00e4ydyst\u00e4 keskustelusta?<\/p>\n\n\n\n<p>Sit\u00e4, mik\u00e4 tulee tulemaan julki joka tapauksessa? Sit\u00e4, mink\u00e4 julkitulolla <em>tulee olemaan seurauksensa<\/em>, kuten nyt n\u00e4htiin.<\/p>\n\n\n\n<p>On \u00e4\u00e4rimm\u00e4isen ep\u00e4ammattimaista j\u00e4tt\u00e4\u00e4 olennainen seikka kertomatta ty\u00f6nantajalle. (Luulisi Louhimiehen ymm\u00e4rt\u00e4v\u00e4n, ett\u00e4 kertomalla asioista uusille tahoille ensimm\u00e4isen\u00e4 voi my\u00f6s kontekstoida ne itselleen suotuisalla tavalla, mutta toisaalta mediaspinnauksethan tekee joku viestint\u00e4toimisto, ei Louhimies itse.)<\/p>\n\n\n\n<p>Olisiko niin, ett\u00e4 potkut ovat ihan herrojen oma vika \u2013 jos mit\u00e4\u00e4n potkuja on edes annettu. Meh\u00e4n olemme t\u00e4ysin Louhimiehen ja h\u00e4nen agenttinsa, siis kahden salaisuuksiin vetoavan henkil\u00f6n antamien tiedon varassa siit\u00e4, mit\u00e4 ohjaajan, Mammoth-tuotantoyhti\u00f6n ja BBC:n v\u00e4lill\u00e4 on tapahtunut.<\/p>\n\n\n","protected":false},"excerpt":{"rendered":"<p>Kun toimittaja on tehnyt tutkivaa journalismia, keissi ei v\u00e4ltt\u00e4m\u00e4tt\u00e4 ole ohi jutun ilmestyess\u00e4. Harvemmin se on, sill\u00e4 mik\u00e4\u00e4n tapahtumasarja ei koskaan konkreettisesti lopu. Todellisuus jatkaa olemistaan. Joskus nimenomaan julkaisu poikii uutta tietoa ja uusia<br \/>\nvaiheit&hellip;<\/p>\n","protected":false},"author":144,"featured_media":0,"comment_status":"open","ping_status":"closed","sticky":false,"template":"","format":"standard","meta":{"_acf_changed":false,"asauth_required_access_level":3,"asauth_cansharepaid":"true","om_header_attributes":[],"footnotes":"","om_featured_image_focal_point":[],"om_primary_tag":0,"om_contributors":[],"om_co_authors":[],"beyondwords_generate_audio":"","beyondwords_project_id":"","beyondwords_content_id":"","beyondwords_preview_token":"","beyondwords_player_content":"","beyondwords_player_style":"","beyondwords_language_code":"","beyondwords_language_id":"","beyondwords_title_voice_id":"","beyondwords_body_voice_id":"","beyondwords_summary_voice_id":"","beyondwords_error_message":"","beyondwords_disabled":"","beyondwords_delete_content":"","beyondwords_podcast_id":"","beyondwords_hash":"","publish_post_to_speechkit":"","speechkit_hash":"","speechkit_generate_audio":"","speechkit_project_id":"","speechkit_podcast_id":"","speechkit_error_message":"","speechkit_disabled":"","speechkit_access_key":"","speechkit_error":"","speechkit_info":"","speechkit_response":"","speechkit_retries":"","speechkit_status":"","speechkit_updated_at":"","_speechkit_link":"","_speechkit_text":""},"categories":[1],"tags":[668,2520,2602,249],"class_list":["post-4701","post","type-post","status-publish","format-standard","hentry","category-kuvien-takaa","tag-aku-louhimies","tag-metoo","tag-sara-rigatelli","tag-yle"],"om_views":null,"acf":{"tuuma_off":false,"tuuma_kysymys":"","tuuma_vastaus":""},"asauth":{"required_access_level":1,"share_token":"","is_paid":false},"yoast_head":"<!-- This site is optimized with the Yoast SEO plugin v26.4 - https:\/\/yoast.com\/wordpress\/plugins\/seo\/ -->\n<title>Aku Louhimiehen revanssi \u2013 ja median mielet\u00f6n reaktio - Kuvien takaa<\/title>\n<meta name=\"description\" content=\"Mik\u00e4 on todellinen uutinen Aku Louhimiehen (v\u00e4itettyjen) potkujen takana? Ehk\u00e4 ei se, mit\u00e4 BBC:lle kerrottiin, vaan se, mik\u00e4 j\u00e4i Louhimiehelt\u00e4 kertomatta.\" \/>\n<meta name=\"robots\" content=\"index, follow, max-snippet:-1, max-image-preview:large, max-video-preview:-1\" \/>\n<link rel=\"canonical\" href=\"https:\/\/suomenkuvalehti.fi\/kuvien-takaa\/aku-louhimiehen-revanssi-ja-median-mieleton-reaktio\/\" \/>\n<meta property=\"og:locale\" content=\"fi_FI\" \/>\n<meta property=\"og:type\" content=\"article\" \/>\n<meta property=\"og:title\" content=\"Aku Louhimiehen revanssi \u2013 ja median mielet\u00f6n reaktio - Kuvien takaa\" \/>\n<meta property=\"og:description\" content=\"Mik\u00e4 on todellinen uutinen Aku Louhimiehen (v\u00e4itettyjen) potkujen takana? Ehk\u00e4 ei se, mit\u00e4 BBC:lle kerrottiin, vaan se, mik\u00e4 j\u00e4i Louhimiehelt\u00e4 kertomatta.\" \/>\n<meta property=\"og:url\" content=\"https:\/\/suomenkuvalehti.fi\/kuvien-takaa\/aku-louhimiehen-revanssi-ja-median-mieleton-reaktio\/\" \/>\n<meta property=\"og:site_name\" content=\"Kuvien takaa\" \/>\n<meta property=\"article:author\" content=\"https:\/\/www.facebook.com\/pages\/Kalle-Kinnunen-Kuvien-takaa\/190326157715410?fref=ts\" \/>\n<meta property=\"article:published_time\" content=\"2018-10-17T06:03:50+00:00\" \/>\n<meta property=\"article:modified_time\" content=\"2018-10-17T06:16:28+00:00\" \/>\n<meta property=\"og:image\" content=\"https:\/\/suomenkuvalehti.fi\/kuvien-takaa\/wp-content\/uploads\/sites\/11\/2022\/04\/kalle_kinnunen_blogi-1-scaled.jpg\" \/>\n\t<meta property=\"og:image:width\" content=\"2560\" \/>\n\t<meta property=\"og:image:height\" content=\"1707\" \/>\n\t<meta property=\"og:image:type\" content=\"image\/jpeg\" \/>\n<meta name=\"author\" content=\"Kalle Kinnunen\" \/>\n<meta name=\"twitter:card\" content=\"summary_large_image\" \/>\n<meta name=\"twitter:creator\" content=\"@https:\/\/twitter.com\/kallekinnunen\" \/>\n<meta name=\"twitter:label1\" content=\"Written by\" \/>\n\t<meta name=\"twitter:data1\" content=\"Kalle Kinnunen\" \/>\n\t<meta name=\"twitter:label2\" content=\"Est. reading time\" \/>\n\t<meta name=\"twitter:data2\" content=\"6 minuuttia\" \/>\n<script type=\"application\/ld+json\" class=\"yoast-schema-graph\">{\"@context\":\"https:\/\/schema.org\",\"@graph\":[{\"@type\":\"WebPage\",\"@id\":\"https:\/\/suomenkuvalehti.fi\/kuvien-takaa\/aku-louhimiehen-revanssi-ja-median-mieleton-reaktio\/\",\"url\":\"https:\/\/suomenkuvalehti.fi\/kuvien-takaa\/aku-louhimiehen-revanssi-ja-median-mieleton-reaktio\/\",\"name\":\"Aku Louhimiehen revanssi \u2013 ja median mielet\u00f6n reaktio - Kuvien takaa\",\"isPartOf\":{\"@id\":\"https:\/\/suomenkuvalehti.fi\/kuvien-takaa\/#website\"},\"datePublished\":\"2018-10-17T06:03:50+00:00\",\"dateModified\":\"2018-10-17T06:16:28+00:00\",\"author\":{\"@id\":\"https:\/\/suomenkuvalehti.fi\/kuvien-takaa\/#\/schema\/person\/f3f657e4ad409e008f12af27bec60a23\"},\"description\":\"Mik\u00e4 on todellinen uutinen Aku Louhimiehen (v\u00e4itettyjen) potkujen takana? Ehk\u00e4 ei se, mit\u00e4 BBC:lle kerrottiin, vaan se, mik\u00e4 j\u00e4i Louhimiehelt\u00e4 kertomatta.\",\"breadcrumb\":{\"@id\":\"https:\/\/suomenkuvalehti.fi\/kuvien-takaa\/aku-louhimiehen-revanssi-ja-median-mieleton-reaktio\/#breadcrumb\"},\"inLanguage\":\"fi\",\"potentialAction\":[{\"@type\":\"ReadAction\",\"target\":[\"https:\/\/suomenkuvalehti.fi\/kuvien-takaa\/aku-louhimiehen-revanssi-ja-median-mieleton-reaktio\/\"]}]},{\"@type\":\"BreadcrumbList\",\"@id\":\"https:\/\/suomenkuvalehti.fi\/kuvien-takaa\/aku-louhimiehen-revanssi-ja-median-mieleton-reaktio\/#breadcrumb\",\"itemListElement\":[{\"@type\":\"ListItem\",\"position\":1,\"name\":\"Home\",\"item\":\"https:\/\/suomenkuvalehti.fi\/kuvien-takaa\/\"},{\"@type\":\"ListItem\",\"position\":2,\"name\":\"Aku Louhimiehen revanssi \u2013 ja median mielet\u00f6n reaktio\"}]},{\"@type\":\"WebSite\",\"@id\":\"https:\/\/suomenkuvalehti.fi\/kuvien-takaa\/#website\",\"url\":\"https:\/\/suomenkuvalehti.fi\/kuvien-takaa\/\",\"name\":\"Kuvien takaa\",\"description\":\"Elokuvakriitikko Kalle Kinnusen elokuvablogi.\",\"potentialAction\":[{\"@type\":\"SearchAction\",\"target\":{\"@type\":\"EntryPoint\",\"urlTemplate\":\"https:\/\/suomenkuvalehti.fi\/haku\/?q={search_term_string}\"},\"query-input\":{\"@type\":\"PropertyValueSpecification\",\"valueRequired\":true,\"valueName\":\"search_term_string\"}}],\"inLanguage\":\"fi\"},{\"@type\":\"Person\",\"@id\":\"https:\/\/suomenkuvalehti.fi\/kuvien-takaa\/#\/schema\/person\/f3f657e4ad409e008f12af27bec60a23\",\"name\":\"Kalle Kinnunen\",\"image\":{\"@type\":\"ImageObject\",\"inLanguage\":\"fi\",\"@id\":\"https:\/\/suomenkuvalehti.fi\/kuvien-takaa\/#\/schema\/person\/image\/\",\"url\":\"https:\/\/suomenkuvalehti.fi\/kuvien-takaa\/wp-content\/uploads\/sites\/11\/2022\/04\/kalle_kinnunen_blogi-1-150x150.jpg\",\"contentUrl\":\"https:\/\/suomenkuvalehti.fi\/kuvien-takaa\/wp-content\/uploads\/sites\/11\/2022\/04\/kalle_kinnunen_blogi-1-150x150.jpg\",\"caption\":\"Kalle Kinnunen\"},\"description\":\"Kalle Kinnunen on vapaa toimittaja ja Suomen Kuvalehden avustaja.\",\"sameAs\":[\"https:\/\/www.facebook.com\/pages\/Kalle-Kinnunen-Kuvien-takaa\/190326157715410?fref=ts\",\"https:\/\/x.com\/https:\/\/twitter.com\/kallekinnunen\"]}]}<\/script>\n<!-- \/ Yoast SEO plugin. -->","yoast_head_json":{"title":"Aku Louhimiehen revanssi \u2013 ja median mielet\u00f6n reaktio - Kuvien takaa","description":"Mik\u00e4 on todellinen uutinen Aku Louhimiehen (v\u00e4itettyjen) potkujen takana? Ehk\u00e4 ei se, mit\u00e4 BBC:lle kerrottiin, vaan se, mik\u00e4 j\u00e4i Louhimiehelt\u00e4 kertomatta.","robots":{"index":"index","follow":"follow","max-snippet":"max-snippet:-1","max-image-preview":"max-image-preview:large","max-video-preview":"max-video-preview:-1"},"canonical":"https:\/\/suomenkuvalehti.fi\/kuvien-takaa\/aku-louhimiehen-revanssi-ja-median-mieleton-reaktio\/","og_locale":"fi_FI","og_type":"article","og_title":"Aku Louhimiehen revanssi \u2013 ja median mielet\u00f6n reaktio - Kuvien takaa","og_description":"Mik\u00e4 on todellinen uutinen Aku Louhimiehen (v\u00e4itettyjen) potkujen takana? Ehk\u00e4 ei se, mit\u00e4 BBC:lle kerrottiin, vaan se, mik\u00e4 j\u00e4i Louhimiehelt\u00e4 kertomatta.","og_url":"https:\/\/suomenkuvalehti.fi\/kuvien-takaa\/aku-louhimiehen-revanssi-ja-median-mieleton-reaktio\/","og_site_name":"Kuvien takaa","article_author":"https:\/\/www.facebook.com\/pages\/Kalle-Kinnunen-Kuvien-takaa\/190326157715410?fref=ts","article_published_time":"2018-10-17T06:03:50+00:00","article_modified_time":"2018-10-17T06:16:28+00:00","og_image":[{"width":2560,"height":1707,"url":"https:\/\/suomenkuvalehti.fi\/kuvien-takaa\/wp-content\/uploads\/sites\/11\/2022\/04\/kalle_kinnunen_blogi-1-scaled.jpg","type":"image\/jpeg"}],"author":"Kalle Kinnunen","twitter_card":"summary_large_image","twitter_creator":"@https:\/\/twitter.com\/kallekinnunen","twitter_misc":{"Written by":"Kalle Kinnunen","Est. reading time":"6 minuuttia"},"schema":{"@context":"https:\/\/schema.org","@graph":[{"@type":"WebPage","@id":"https:\/\/suomenkuvalehti.fi\/kuvien-takaa\/aku-louhimiehen-revanssi-ja-median-mieleton-reaktio\/","url":"https:\/\/suomenkuvalehti.fi\/kuvien-takaa\/aku-louhimiehen-revanssi-ja-median-mieleton-reaktio\/","name":"Aku Louhimiehen revanssi \u2013 ja median mielet\u00f6n reaktio - Kuvien takaa","isPartOf":{"@id":"https:\/\/suomenkuvalehti.fi\/kuvien-takaa\/#website"},"datePublished":"2018-10-17T06:03:50+00:00","dateModified":"2018-10-17T06:16:28+00:00","author":{"@id":"https:\/\/suomenkuvalehti.fi\/kuvien-takaa\/#\/schema\/person\/f3f657e4ad409e008f12af27bec60a23"},"description":"Mik\u00e4 on todellinen uutinen Aku Louhimiehen (v\u00e4itettyjen) potkujen takana? Ehk\u00e4 ei se, mit\u00e4 BBC:lle kerrottiin, vaan se, mik\u00e4 j\u00e4i Louhimiehelt\u00e4 kertomatta.","breadcrumb":{"@id":"https:\/\/suomenkuvalehti.fi\/kuvien-takaa\/aku-louhimiehen-revanssi-ja-median-mieleton-reaktio\/#breadcrumb"},"inLanguage":"fi","potentialAction":[{"@type":"ReadAction","target":["https:\/\/suomenkuvalehti.fi\/kuvien-takaa\/aku-louhimiehen-revanssi-ja-median-mieleton-reaktio\/"]}]},{"@type":"BreadcrumbList","@id":"https:\/\/suomenkuvalehti.fi\/kuvien-takaa\/aku-louhimiehen-revanssi-ja-median-mieleton-reaktio\/#breadcrumb","itemListElement":[{"@type":"ListItem","position":1,"name":"Home","item":"https:\/\/suomenkuvalehti.fi\/kuvien-takaa\/"},{"@type":"ListItem","position":2,"name":"Aku Louhimiehen revanssi \u2013 ja median mielet\u00f6n reaktio"}]},{"@type":"WebSite","@id":"https:\/\/suomenkuvalehti.fi\/kuvien-takaa\/#website","url":"https:\/\/suomenkuvalehti.fi\/kuvien-takaa\/","name":"Kuvien takaa","description":"Elokuvakriitikko Kalle Kinnusen elokuvablogi.","potentialAction":[{"@type":"SearchAction","target":{"@type":"EntryPoint","urlTemplate":"https:\/\/suomenkuvalehti.fi\/haku\/?q={search_term_string}"},"query-input":{"@type":"PropertyValueSpecification","valueRequired":true,"valueName":"search_term_string"}}],"inLanguage":"fi"},{"@type":"Person","@id":"https:\/\/suomenkuvalehti.fi\/kuvien-takaa\/#\/schema\/person\/f3f657e4ad409e008f12af27bec60a23","name":"Kalle Kinnunen","image":{"@type":"ImageObject","inLanguage":"fi","@id":"https:\/\/suomenkuvalehti.fi\/kuvien-takaa\/#\/schema\/person\/image\/","url":"https:\/\/suomenkuvalehti.fi\/kuvien-takaa\/wp-content\/uploads\/sites\/11\/2022\/04\/kalle_kinnunen_blogi-1-150x150.jpg","contentUrl":"https:\/\/suomenkuvalehti.fi\/kuvien-takaa\/wp-content\/uploads\/sites\/11\/2022\/04\/kalle_kinnunen_blogi-1-150x150.jpg","caption":"Kalle Kinnunen"},"description":"Kalle Kinnunen on vapaa toimittaja ja Suomen Kuvalehden avustaja.","sameAs":["https:\/\/www.facebook.com\/pages\/Kalle-Kinnunen-Kuvien-takaa\/190326157715410?fref=ts","https:\/\/x.com\/https:\/\/twitter.com\/kallekinnunen"]}]}},"_links":{"self":[{"href":"https:\/\/suomenkuvalehti.fi\/kuvien-takaa\/wp-json\/wp\/v2\/posts\/4701","targetHints":{"allow":["GET"]}}],"collection":[{"href":"https:\/\/suomenkuvalehti.fi\/kuvien-takaa\/wp-json\/wp\/v2\/posts"}],"about":[{"href":"https:\/\/suomenkuvalehti.fi\/kuvien-takaa\/wp-json\/wp\/v2\/types\/post"}],"author":[{"embeddable":true,"href":"https:\/\/suomenkuvalehti.fi\/kuvien-takaa\/wp-json\/wp\/v2\/users\/144"}],"replies":[{"embeddable":true,"href":"https:\/\/suomenkuvalehti.fi\/kuvien-takaa\/wp-json\/wp\/v2\/comments?post=4701"}],"version-history":[{"count":4,"href":"https:\/\/suomenkuvalehti.fi\/kuvien-takaa\/wp-json\/wp\/v2\/posts\/4701\/revisions"}],"predecessor-version":[{"id":4707,"href":"https:\/\/suomenkuvalehti.fi\/kuvien-takaa\/wp-json\/wp\/v2\/posts\/4701\/revisions\/4707"}],"wp:attachment":[{"href":"https:\/\/suomenkuvalehti.fi\/kuvien-takaa\/wp-json\/wp\/v2\/media?parent=4701"}],"wp:term":[{"taxonomy":"category","embeddable":true,"href":"https:\/\/suomenkuvalehti.fi\/kuvien-takaa\/wp-json\/wp\/v2\/categories?post=4701"},{"taxonomy":"post_tag","embeddable":true,"href":"https:\/\/suomenkuvalehti.fi\/kuvien-takaa\/wp-json\/wp\/v2\/tags?post=4701"}],"curies":[{"name":"wp","href":"https:\/\/api.w.org\/{rel}","templated":true}]}}