{"id":47,"date":"2013-07-15T12:25:22","date_gmt":"2013-07-15T09:25:22","guid":{"rendered":"https:\/\/suomenkuvalehti.fi\/kuvientakaa\/2013\/07\/15\/natascha-kampuschin-tarinaa-kuvittava-elokuva-3096-paivaa-on-vastenmielisyyden-huippu\/"},"modified":"2013-11-30T16:24:19","modified_gmt":"2013-11-30T14:24:19","slug":"natascha-kampuschin-tarinaa-kuvittava-elokuva-3096-paivaa-on-vastenmielisyyden-huippu","status":"publish","type":"post","link":"https:\/\/suomenkuvalehti.fi\/kuvien-takaa\/natascha-kampuschin-tarinaa-kuvittava-elokuva-3096-paivaa-on-vastenmielisyyden-huippu\/","title":{"rendered":"Natascha Kampuschin tarinaa kuvittava elokuva 3096 p\u00e4iv\u00e4\u00e4 on vastenmielisyyden huippu"},"content":{"rendered":"\n<p>Se, ett\u00e4 jokin tarina on totta ja tunteisiin vetoava ei tarkoita, ett\u00e4 siit\u00e4 kannattaisi tai edes voisi tehd\u00e4 hyv\u00e4\u00e4 elokuvaa. Uskon jo tiet\u00e4v\u00e4ni, mik\u00e4 on&nbsp; huonoin Suomessa t\u00e4n\u00e4 vuonna ensi-iltansa saava elokuva. <strong>Natascha Kampuschin<\/strong> koettelemuksista kertova <em>3096 p\u00e4iv\u00e4\u00e4<\/em> on niin k\u00f6kk\u00f6 tekele, ett\u00e4 harvoin moista n\u00e4kee, saati sitten valkokankaalla. Puoliv\u00e4liss\u00e4 se muuttuu my\u00f6s iljett\u00e4v\u00e4ksi.<\/p>\n\n\n\n\n<p>H\u00e4iriintynyt insin\u00f6\u00f6ri <strong>Wolfgang Priklopil<\/strong> sieppasi Kampuschin, kun t\u00e4m\u00e4 oli 10-vuotias. Yli kahdeksan vuotta my\u00f6hemmin Kampusch p\u00e4\u00e4si pakoon.<\/p>\n\n\n\n<p>Elokuva yritt\u00e4\u00e4 kertoa vuosien piinasta wienil\u00e4iskellarissa &#8221;objektiivisesti&#8221;. Siin\u00e4 ei ole n\u00e4k\u00f6kulmahenkil\u00f6\u00e4.<\/p>\n\n\n\n<p>Yritys tehd\u00e4 n\u00e4ist\u00e4 vuosista tasapainoinen draama on tuhoon tuomittu. Ei siit\u00e4 tule t\u00e4ss\u00e4 tapauksessa neutraalia, vaan eloton.<\/p>\n\n\n\n<p>Miksi? Koska tapaus on niin sairas, surullinen ja ennen kaikkea poikkeuksellinen, ettei sit\u00e4 voi kertoa &#8221;yleismaailmallisesti&#8221;. T\u00e4m\u00e4 kauhea tarina ei kerro mist\u00e4\u00e4n itsens\u00e4 ulkopuolelta.<\/p>\n\n\n\n<p>No mist\u00e4 se kertoo?<\/p>\n\n\n\n<p>Siit\u00e4, miten <em>kauhea juttu<\/em> tapahtuu.<\/p>\n\n\n\n<p>Ensin elokuva on vain pitk\u00e4piim\u00e4isen k\u00f6kk\u00f6, mutta osin kieliongelmista (niist\u00e4 my\u00f6hemmin lis\u00e4\u00e4) johtuvasta hahmottomuudessaan niin surrealistinen, ett\u00e4 jos kuvaan k\u00e4velisi vaikka puhuva koira, fiilis ei juuri muuttuisi.<\/p>\n\n\n\n<p>Kohtauksissa ei ole erehdyksess\u00e4k\u00e4\u00e4n el\u00e4m\u00e4n spontaaniutta. Kaikki on lavastetun tuntuista ja n\u00e4ytteleminen itsetietoista, aina hitusen korostettua.<\/p>\n\n\n\n<p>Kun niljainen raasu Priklopil  (<strong>Thure Lindehardt<\/strong>) ryhtyy raiskaamaan puberteetin saavuttanutta Kampuschia (<strong>Antonia Campbell-Hughes<\/strong>), iljett\u00e4vyys l\u00e4m\u00e4ht\u00e4\u00e4 <em>extraordinaire<\/em> -luokkaan. <a href=\"http:\/\/www.elitisti.net\/arvostelu\/2004\/01\/000204\/dvaergen_1973_syntinen_kaapio.html\"><em>Syntinen k\u00e4\u00e4pi\u00f6<\/em><\/a> on t\u00e4t\u00e4 tervehenkisempi filmi.<\/p>\n\n\n\n<p>Iljett\u00e4vyys ei johdu vain seksuaalisesta v\u00e4kivallasta ja sill\u00e4 uhkailusta, vaan siit\u00e4, kuinka halpa k\u00f6mpelyys tekee my\u00f6s katsojasta ik\u00e4\u00e4n kuin osallisen: elokuvahan k\u00e4ytt\u00e4\u00e4 Kampuschin j\u00e4rkytt\u00e4v\u00e4\u00e4 <em>tosi<\/em>tarinaa hyv\u00e4kseen.<\/p>\n\n\n\n<p>3096 p\u00e4iv\u00e4\u00e4 on saksalainen elokuva, mutta se kuvattiin englanniksi. N\u00e4yttelij\u00e4t ovat brittej\u00e4, tanskalaisia ja saksalaiselta kielialueelta. Tuloksena on aksenttipuuroa, jossa kukaan ei ole repliikkien kanssa kotonaan. En tied\u00e4, oliko lehdist\u00f6n\u00e4yt\u00f6ksen (jonka muutamasta osallistujasta liki puolet l\u00e4hti kesken pois!) tekniikassa vika, mutta \u00e4\u00e4nimiksaus oli niin j\u00e4hme\u00e4, ett\u00e4 elokuva vaikutti pesuainemainostyyliin j\u00e4lki\u00e4\u00e4nitetylt\u00e4. Olin yll\u00e4ttynyt lukiessani, ett\u00e4 kuvauskieli tosiaan oli englanti.<\/p>\n\n\n\n<p>T\u00e4ydelliselle ep\u00e4onnistumiselle on ainakin yksi selitys. Saksan kultasormituottaja, k\u00e4sikirjoitustakin laatinut <strong>Berndt Eichinger<\/strong> (mm. <em>Perikato, Baader Meinhof Komplex<\/em>) kuoli ennen kuvauksia. Ohjaaja <strong>Sherry Hormannin<\/strong> edellinen elokuva, supermallin kasvutarina <em>Aavikon kukka<\/em> oli sekin hyvin naiivi, viihteellinen joskin j\u00e4hme\u00e4, muttei esteettisesti sent\u00e4\u00e4n n\u00e4in t\u00f6nkk\u00f6. Tuotannossa lienee ollut vaikeuksia.<\/p>\n\n\n\n<p>Hormann ei edes uskalla k\u00e4sitell\u00e4 Kampuschin sis\u00e4ist\u00e4 mielenmaisemaa ja traumaa. Se olisikin valtava haaste. Olisiko parempi ohjaaja onnistunut? Vaikea sanoa, mutta her\u00e4\u00e4 kysymys, kuka olisi hankkeeseen tarttunut ja miksi. Pit\u00e4isi olla jotain sanottavaa, n\u00e4k\u00f6kulma asiaan.<\/p>\n\n\n\n<p>Tositapahtumia kertaavat <a href=\"https:\/\/suomenkuvalehti.fi\/blogit\/kuvien-takaa\/cannes-2013-fruitvale-station-vetoaa-tunteisiin-mutta-herattaa-myos-vaaria-kysymyksia\">marttyyritarinat<\/a> ovat siksi hankala laji. Mit\u00e4 jos kunnon tarinaa ei ole, on vain kauheuksia? Mit\u00e4 jos elokuvan olemassaolon perusteluna on ainoastaan se, ett\u00e4 jollekin k\u00e4vi <em>kamala juttu<\/em>? Siihen Hormannin elokuva n\u00e4kemykselt\u00e4\u00e4n j\u00e4\u00e4, <em>kamalan jutun<\/em> melko yksityiskohtaiseksi ja jotensakin v\u00e4linpit\u00e4m\u00e4tt\u00f6m\u00e4ksi esittelyksi.<\/p>\n\n\n\n<p>Vaikka elokuva olisi surkea, <em>kamala juttu<\/em> voi vedota tunteisiin. Siit\u00e4 kertovat raivoisat tunteenpurkaukset, jota <a href=\"https:\/\/suomenkuvalehti.fi\/blogit\/kuvien-takaa\/naisen-kivitys-on-elokuvavuoden-pohjanoteeraus\"><em>Naisen kivitys<\/em> -elokuvaa<\/a> k\u00e4sittelev\u00e4 blogimerkint\u00e4ni her\u00e4tti. Moni suuttui, ik\u00e4\u00e4n kuin olisin elokuvassa n\u00e4kem\u00e4\u00e4ni huonoa makua ja halpamaisuutta haukkuessani h\u00e4p\u00e4issyt itse todellisen uhrin.<\/p>\n\n\n\n<p>Natascha Kampusch saa siivun 3096 p\u00e4iv\u00e4\u00e4 -elokuvan tuotoista. Karmeaa, ett\u00e4 korvaus vaurioituneesta el\u00e4m\u00e4st\u00e4 ja seksuaalisesta hyv\u00e4ksik\u00e4yt\u00f6st\u00e4 tulee myym\u00e4ll\u00e4 oma tarina sontaelokuvaksi.<\/p>\n\n\n\n<p><em>3096 p\u00e4iv\u00e4\u00e4 ensi-illassa 2.8.<\/em><\/p>\n\n\n\n<p><em>Seuraa kirjoittajaa Twitteriss\u00e4: <a href=\"https:\/\/twitter.com\/kallekinnunen\"><strong>@kallekinnunen<\/strong><\/a><\/em><\/p>\n\n\n","protected":false},"excerpt":{"rendered":"<p>Se, ett\u00e4 jokin tarina on totta ja tunteisiin vetoava ei tarkoita, ett\u00e4 siit\u00e4 kannattaisi tai edes voisi tehd\u00e4 hyv\u00e4\u00e4 elokuvaa. Uskon jo tiet\u00e4v\u00e4ni, mik\u00e4 on&nbsp; huonoin Suomessa t\u00e4n\u00e4 vuonna ensi-iltansa saava elokuva. Natascha<br \/>\nKampuschin&hellip;<\/p>\n","protected":false},"author":144,"featured_media":0,"comment_status":"open","ping_status":"open","sticky":false,"template":"","format":"standard","meta":{"_acf_changed":false,"asauth_required_access_level":0,"asauth_cansharepaid":"","om_header_attributes":[],"footnotes":"","om_featured_image_focal_point":[],"om_primary_tag":0,"om_contributors":[],"om_co_authors":[],"beyondwords_generate_audio":"","beyondwords_project_id":"","beyondwords_content_id":"","beyondwords_preview_token":"","beyondwords_player_content":"","beyondwords_player_style":"","beyondwords_language_code":"","beyondwords_language_id":"","beyondwords_title_voice_id":"","beyondwords_body_voice_id":"","beyondwords_summary_voice_id":"","beyondwords_error_message":"","beyondwords_disabled":"","beyondwords_delete_content":"","beyondwords_podcast_id":"","beyondwords_hash":"","publish_post_to_speechkit":"","speechkit_hash":"","speechkit_generate_audio":"","speechkit_project_id":"","speechkit_podcast_id":"","speechkit_error_message":"","speechkit_disabled":"","speechkit_access_key":"","speechkit_error":"","speechkit_info":"","speechkit_response":"","speechkit_retries":"","speechkit_status":"","speechkit_updated_at":"","_speechkit_link":"","_speechkit_text":""},"categories":[1],"tags":[149,148,150],"class_list":["post-47","post","type-post","status-publish","format-standard","hentry","category-kuvien-takaa","tag-3096-paivaa","tag-natascha-kampusch","tag-tosipohjaiset-elokuvat"],"om_views":null,"acf":{"tuuma_off":false,"tuuma_kysymys":"","tuuma_vastaus":""},"asauth":{"required_access_level":1,"share_token":"","is_paid":false},"yoast_head":"<!-- This site is optimized with the Yoast SEO plugin v26.4 - https:\/\/yoast.com\/wordpress\/plugins\/seo\/ -->\n<title>Natascha Kampuschin tarinaa kuvittava elokuva 3096 p\u00e4iv\u00e4\u00e4 on vastenmielisyyden huippu - Kuvien takaa<\/title>\n<meta name=\"robots\" content=\"index, follow, max-snippet:-1, max-image-preview:large, max-video-preview:-1\" \/>\n<link rel=\"canonical\" href=\"https:\/\/suomenkuvalehti.fi\/kuvien-takaa\/natascha-kampuschin-tarinaa-kuvittava-elokuva-3096-paivaa-on-vastenmielisyyden-huippu\/\" \/>\n<meta property=\"og:locale\" content=\"fi_FI\" \/>\n<meta property=\"og:type\" content=\"article\" \/>\n<meta property=\"og:title\" content=\"Natascha Kampuschin tarinaa kuvittava elokuva 3096 p\u00e4iv\u00e4\u00e4 on vastenmielisyyden huippu - Kuvien takaa\" \/>\n<meta property=\"og:description\" content=\"Se, ett\u00e4 jokin tarina on totta ja tunteisiin vetoava ei tarkoita, ett\u00e4 siit\u00e4 kannattaisi tai edes voisi tehd\u00e4 hyv\u00e4\u00e4 elokuvaa. Uskon jo tiet\u00e4v\u00e4ni, mik\u00e4 on&nbsp; huonoin Suomessa t\u00e4n\u00e4 vuonna ensi-iltansa saava elokuva. Natascha Kampuschin&hellip;\" \/>\n<meta property=\"og:url\" content=\"https:\/\/suomenkuvalehti.fi\/kuvien-takaa\/natascha-kampuschin-tarinaa-kuvittava-elokuva-3096-paivaa-on-vastenmielisyyden-huippu\/\" \/>\n<meta property=\"og:site_name\" content=\"Kuvien takaa\" \/>\n<meta property=\"article:author\" content=\"https:\/\/www.facebook.com\/pages\/Kalle-Kinnunen-Kuvien-takaa\/190326157715410?fref=ts\" \/>\n<meta property=\"article:published_time\" content=\"2013-07-15T09:25:22+00:00\" \/>\n<meta property=\"article:modified_time\" content=\"2013-11-30T14:24:19+00:00\" \/>\n<meta property=\"og:image\" content=\"https:\/\/suomenkuvalehti.fi\/kuvien-takaa\/wp-content\/uploads\/sites\/11\/2022\/04\/kalle_kinnunen_blogi-1-scaled.jpg\" \/>\n\t<meta property=\"og:image:width\" content=\"2560\" \/>\n\t<meta property=\"og:image:height\" content=\"1707\" \/>\n\t<meta property=\"og:image:type\" content=\"image\/jpeg\" \/>\n<meta name=\"author\" content=\"Kalle Kinnunen\" \/>\n<meta name=\"twitter:card\" content=\"summary_large_image\" \/>\n<meta name=\"twitter:creator\" content=\"@https:\/\/twitter.com\/kallekinnunen\" \/>\n<meta name=\"twitter:label1\" content=\"Written by\" \/>\n\t<meta name=\"twitter:data1\" content=\"Kalle Kinnunen\" \/>\n\t<meta name=\"twitter:label2\" content=\"Est. reading time\" \/>\n\t<meta name=\"twitter:data2\" content=\"3 minuuttia\" \/>\n<script type=\"application\/ld+json\" class=\"yoast-schema-graph\">{\"@context\":\"https:\/\/schema.org\",\"@graph\":[{\"@type\":\"WebPage\",\"@id\":\"https:\/\/suomenkuvalehti.fi\/kuvien-takaa\/natascha-kampuschin-tarinaa-kuvittava-elokuva-3096-paivaa-on-vastenmielisyyden-huippu\/\",\"url\":\"https:\/\/suomenkuvalehti.fi\/kuvien-takaa\/natascha-kampuschin-tarinaa-kuvittava-elokuva-3096-paivaa-on-vastenmielisyyden-huippu\/\",\"name\":\"Natascha Kampuschin tarinaa kuvittava elokuva 3096 p\u00e4iv\u00e4\u00e4 on vastenmielisyyden huippu - Kuvien takaa\",\"isPartOf\":{\"@id\":\"https:\/\/suomenkuvalehti.fi\/kuvien-takaa\/#website\"},\"datePublished\":\"2013-07-15T09:25:22+00:00\",\"dateModified\":\"2013-11-30T14:24:19+00:00\",\"author\":{\"@id\":\"https:\/\/suomenkuvalehti.fi\/kuvien-takaa\/#\/schema\/person\/f3f657e4ad409e008f12af27bec60a23\"},\"breadcrumb\":{\"@id\":\"https:\/\/suomenkuvalehti.fi\/kuvien-takaa\/natascha-kampuschin-tarinaa-kuvittava-elokuva-3096-paivaa-on-vastenmielisyyden-huippu\/#breadcrumb\"},\"inLanguage\":\"fi\",\"potentialAction\":[{\"@type\":\"ReadAction\",\"target\":[\"https:\/\/suomenkuvalehti.fi\/kuvien-takaa\/natascha-kampuschin-tarinaa-kuvittava-elokuva-3096-paivaa-on-vastenmielisyyden-huippu\/\"]}]},{\"@type\":\"BreadcrumbList\",\"@id\":\"https:\/\/suomenkuvalehti.fi\/kuvien-takaa\/natascha-kampuschin-tarinaa-kuvittava-elokuva-3096-paivaa-on-vastenmielisyyden-huippu\/#breadcrumb\",\"itemListElement\":[{\"@type\":\"ListItem\",\"position\":1,\"name\":\"Home\",\"item\":\"https:\/\/suomenkuvalehti.fi\/kuvien-takaa\/\"},{\"@type\":\"ListItem\",\"position\":2,\"name\":\"Natascha Kampuschin tarinaa kuvittava elokuva 3096 p\u00e4iv\u00e4\u00e4 on vastenmielisyyden huippu\"}]},{\"@type\":\"WebSite\",\"@id\":\"https:\/\/suomenkuvalehti.fi\/kuvien-takaa\/#website\",\"url\":\"https:\/\/suomenkuvalehti.fi\/kuvien-takaa\/\",\"name\":\"Kuvien takaa\",\"description\":\"Elokuvakriitikko Kalle Kinnusen elokuvablogi.\",\"potentialAction\":[{\"@type\":\"SearchAction\",\"target\":{\"@type\":\"EntryPoint\",\"urlTemplate\":\"https:\/\/suomenkuvalehti.fi\/haku\/?q={search_term_string}\"},\"query-input\":{\"@type\":\"PropertyValueSpecification\",\"valueRequired\":true,\"valueName\":\"search_term_string\"}}],\"inLanguage\":\"fi\"},{\"@type\":\"Person\",\"@id\":\"https:\/\/suomenkuvalehti.fi\/kuvien-takaa\/#\/schema\/person\/f3f657e4ad409e008f12af27bec60a23\",\"name\":\"Kalle Kinnunen\",\"image\":{\"@type\":\"ImageObject\",\"inLanguage\":\"fi\",\"@id\":\"https:\/\/suomenkuvalehti.fi\/kuvien-takaa\/#\/schema\/person\/image\/\",\"url\":\"https:\/\/suomenkuvalehti.fi\/kuvien-takaa\/wp-content\/uploads\/sites\/11\/2022\/04\/kalle_kinnunen_blogi-1-150x150.jpg\",\"contentUrl\":\"https:\/\/suomenkuvalehti.fi\/kuvien-takaa\/wp-content\/uploads\/sites\/11\/2022\/04\/kalle_kinnunen_blogi-1-150x150.jpg\",\"caption\":\"Kalle Kinnunen\"},\"description\":\"Kalle Kinnunen on vapaa toimittaja ja Suomen Kuvalehden avustaja.\",\"sameAs\":[\"https:\/\/www.facebook.com\/pages\/Kalle-Kinnunen-Kuvien-takaa\/190326157715410?fref=ts\",\"https:\/\/x.com\/https:\/\/twitter.com\/kallekinnunen\"]}]}<\/script>\n<!-- \/ Yoast SEO plugin. -->","yoast_head_json":{"title":"Natascha Kampuschin tarinaa kuvittava elokuva 3096 p\u00e4iv\u00e4\u00e4 on vastenmielisyyden huippu - Kuvien takaa","robots":{"index":"index","follow":"follow","max-snippet":"max-snippet:-1","max-image-preview":"max-image-preview:large","max-video-preview":"max-video-preview:-1"},"canonical":"https:\/\/suomenkuvalehti.fi\/kuvien-takaa\/natascha-kampuschin-tarinaa-kuvittava-elokuva-3096-paivaa-on-vastenmielisyyden-huippu\/","og_locale":"fi_FI","og_type":"article","og_title":"Natascha Kampuschin tarinaa kuvittava elokuva 3096 p\u00e4iv\u00e4\u00e4 on vastenmielisyyden huippu - Kuvien takaa","og_description":"Se, ett\u00e4 jokin tarina on totta ja tunteisiin vetoava ei tarkoita, ett\u00e4 siit\u00e4 kannattaisi tai edes voisi tehd\u00e4 hyv\u00e4\u00e4 elokuvaa. Uskon jo tiet\u00e4v\u00e4ni, mik\u00e4 on&nbsp; huonoin Suomessa t\u00e4n\u00e4 vuonna ensi-iltansa saava elokuva. Natascha Kampuschin&hellip;","og_url":"https:\/\/suomenkuvalehti.fi\/kuvien-takaa\/natascha-kampuschin-tarinaa-kuvittava-elokuva-3096-paivaa-on-vastenmielisyyden-huippu\/","og_site_name":"Kuvien takaa","article_author":"https:\/\/www.facebook.com\/pages\/Kalle-Kinnunen-Kuvien-takaa\/190326157715410?fref=ts","article_published_time":"2013-07-15T09:25:22+00:00","article_modified_time":"2013-11-30T14:24:19+00:00","og_image":[{"width":2560,"height":1707,"url":"https:\/\/suomenkuvalehti.fi\/kuvien-takaa\/wp-content\/uploads\/sites\/11\/2022\/04\/kalle_kinnunen_blogi-1-scaled.jpg","type":"image\/jpeg"}],"author":"Kalle Kinnunen","twitter_card":"summary_large_image","twitter_creator":"@https:\/\/twitter.com\/kallekinnunen","twitter_misc":{"Written by":"Kalle Kinnunen","Est. reading time":"3 minuuttia"},"schema":{"@context":"https:\/\/schema.org","@graph":[{"@type":"WebPage","@id":"https:\/\/suomenkuvalehti.fi\/kuvien-takaa\/natascha-kampuschin-tarinaa-kuvittava-elokuva-3096-paivaa-on-vastenmielisyyden-huippu\/","url":"https:\/\/suomenkuvalehti.fi\/kuvien-takaa\/natascha-kampuschin-tarinaa-kuvittava-elokuva-3096-paivaa-on-vastenmielisyyden-huippu\/","name":"Natascha Kampuschin tarinaa kuvittava elokuva 3096 p\u00e4iv\u00e4\u00e4 on vastenmielisyyden huippu - Kuvien takaa","isPartOf":{"@id":"https:\/\/suomenkuvalehti.fi\/kuvien-takaa\/#website"},"datePublished":"2013-07-15T09:25:22+00:00","dateModified":"2013-11-30T14:24:19+00:00","author":{"@id":"https:\/\/suomenkuvalehti.fi\/kuvien-takaa\/#\/schema\/person\/f3f657e4ad409e008f12af27bec60a23"},"breadcrumb":{"@id":"https:\/\/suomenkuvalehti.fi\/kuvien-takaa\/natascha-kampuschin-tarinaa-kuvittava-elokuva-3096-paivaa-on-vastenmielisyyden-huippu\/#breadcrumb"},"inLanguage":"fi","potentialAction":[{"@type":"ReadAction","target":["https:\/\/suomenkuvalehti.fi\/kuvien-takaa\/natascha-kampuschin-tarinaa-kuvittava-elokuva-3096-paivaa-on-vastenmielisyyden-huippu\/"]}]},{"@type":"BreadcrumbList","@id":"https:\/\/suomenkuvalehti.fi\/kuvien-takaa\/natascha-kampuschin-tarinaa-kuvittava-elokuva-3096-paivaa-on-vastenmielisyyden-huippu\/#breadcrumb","itemListElement":[{"@type":"ListItem","position":1,"name":"Home","item":"https:\/\/suomenkuvalehti.fi\/kuvien-takaa\/"},{"@type":"ListItem","position":2,"name":"Natascha Kampuschin tarinaa kuvittava elokuva 3096 p\u00e4iv\u00e4\u00e4 on vastenmielisyyden huippu"}]},{"@type":"WebSite","@id":"https:\/\/suomenkuvalehti.fi\/kuvien-takaa\/#website","url":"https:\/\/suomenkuvalehti.fi\/kuvien-takaa\/","name":"Kuvien takaa","description":"Elokuvakriitikko Kalle Kinnusen elokuvablogi.","potentialAction":[{"@type":"SearchAction","target":{"@type":"EntryPoint","urlTemplate":"https:\/\/suomenkuvalehti.fi\/haku\/?q={search_term_string}"},"query-input":{"@type":"PropertyValueSpecification","valueRequired":true,"valueName":"search_term_string"}}],"inLanguage":"fi"},{"@type":"Person","@id":"https:\/\/suomenkuvalehti.fi\/kuvien-takaa\/#\/schema\/person\/f3f657e4ad409e008f12af27bec60a23","name":"Kalle Kinnunen","image":{"@type":"ImageObject","inLanguage":"fi","@id":"https:\/\/suomenkuvalehti.fi\/kuvien-takaa\/#\/schema\/person\/image\/","url":"https:\/\/suomenkuvalehti.fi\/kuvien-takaa\/wp-content\/uploads\/sites\/11\/2022\/04\/kalle_kinnunen_blogi-1-150x150.jpg","contentUrl":"https:\/\/suomenkuvalehti.fi\/kuvien-takaa\/wp-content\/uploads\/sites\/11\/2022\/04\/kalle_kinnunen_blogi-1-150x150.jpg","caption":"Kalle Kinnunen"},"description":"Kalle Kinnunen on vapaa toimittaja ja Suomen Kuvalehden avustaja.","sameAs":["https:\/\/www.facebook.com\/pages\/Kalle-Kinnunen-Kuvien-takaa\/190326157715410?fref=ts","https:\/\/x.com\/https:\/\/twitter.com\/kallekinnunen"]}]}},"_links":{"self":[{"href":"https:\/\/suomenkuvalehti.fi\/kuvien-takaa\/wp-json\/wp\/v2\/posts\/47","targetHints":{"allow":["GET"]}}],"collection":[{"href":"https:\/\/suomenkuvalehti.fi\/kuvien-takaa\/wp-json\/wp\/v2\/posts"}],"about":[{"href":"https:\/\/suomenkuvalehti.fi\/kuvien-takaa\/wp-json\/wp\/v2\/types\/post"}],"author":[{"embeddable":true,"href":"https:\/\/suomenkuvalehti.fi\/kuvien-takaa\/wp-json\/wp\/v2\/users\/144"}],"replies":[{"embeddable":true,"href":"https:\/\/suomenkuvalehti.fi\/kuvien-takaa\/wp-json\/wp\/v2\/comments?post=47"}],"version-history":[{"count":2,"href":"https:\/\/suomenkuvalehti.fi\/kuvien-takaa\/wp-json\/wp\/v2\/posts\/47\/revisions"}],"predecessor-version":[{"id":261,"href":"https:\/\/suomenkuvalehti.fi\/kuvien-takaa\/wp-json\/wp\/v2\/posts\/47\/revisions\/261"}],"wp:attachment":[{"href":"https:\/\/suomenkuvalehti.fi\/kuvien-takaa\/wp-json\/wp\/v2\/media?parent=47"}],"wp:term":[{"taxonomy":"category","embeddable":true,"href":"https:\/\/suomenkuvalehti.fi\/kuvien-takaa\/wp-json\/wp\/v2\/categories?post=47"},{"taxonomy":"post_tag","embeddable":true,"href":"https:\/\/suomenkuvalehti.fi\/kuvien-takaa\/wp-json\/wp\/v2\/tags?post=47"}],"curies":[{"name":"wp","href":"https:\/\/api.w.org\/{rel}","templated":true}]}}