{"id":4660,"date":"2018-09-12T13:04:58","date_gmt":"2018-09-12T10:04:58","guid":{"rendered":"https:\/\/suomenkuvalehti.fi\/kuvien-takaa\/?p=4660"},"modified":"2018-09-12T13:13:53","modified_gmt":"2018-09-12T10:13:53","slug":"poimintoja-rakkautta-anarkiaa-2018-festivaalin-ohjelmistosta","status":"publish","type":"post","link":"https:\/\/suomenkuvalehti.fi\/kuvien-takaa\/poimintoja-rakkautta-anarkiaa-2018-festivaalin-ohjelmistosta\/","title":{"rendered":"Poimintoja Rakkautta &#038; Anarkiaa 2018 -festivaalin ohjelmistosta"},"content":{"rendered":"\n<p>Rakkautta &amp; Anarkiaa -festivaalin lipunmyynti alkaa huomenna 13.9. Valitsin ohjelmistosta kymmenen uutuusteosta, jotka olen n\u00e4hnyt eri festareilla ja joita rohkenen suositella.<\/p>\n\n\n\n<p>Kuten n\u00e4iss\u00e4 vuosittaisissa listoissa on ollut tapanani, en poimi mukaan elokuvia, jotka varmuudella tulevat Suomessa kaupalliseen levitykseen. Enk\u00e4 ole n\u00e4hnyt l\u00e4hesk\u00e4\u00e4n kaikkia niit\u00e4 elokuvia, jotka voisivat olla t\u00e4ll\u00e4 listalla. Esimerkiksi <em>Girlist\u00e4<\/em>, <em>Sorry to Bother Yousta<\/em> ja <em>Winter Brothersista<\/em> en ole kuullut muuta kuin hyv\u00e4\u00e4.<\/p>\n\n\n\n<p>Huomio: kuulun l\u00f6yh\u00e4sti festivaalin ohjelmasuunnitteluryhm\u00e4\u00e4n, joten saatan olla j\u00e4\u00e4vi suosittelemaan mit\u00e4\u00e4n.<\/p>\n\n\n\n<p><em>Birds of Passage<\/em>\nKolumbian maaseudulla wayuu-heimon nuoret miehet keksiv\u00e4t, ett\u00e4 gringot maksavat marihuanasta hirve\u00e4n hyvin. Syntyy bisnes, uusi hybridikulttuuri ja vaurauden aikakausi. Kaikesta maksetaan lopulta v\u00e4kivallalla. Seurauksina on riitoja, perinteiden romahdus ja v\u00e4\u00e4j\u00e4\u00e4m\u00e4t\u00f6n tuho. Kuvio on tuttu mutta kerrontatapa on t\u00e4ysin freesi: kahden vuosikymmenen voisi-perustua-tositapahtumiin -tarina kulkee (eik\u00e4 t\u00e4m\u00e4 ole vain p\u00e4\u00e4lleliimattu keino) paikallisen perinnelaulannan rytmiss\u00e4 ja noin niinkuin Amerikan mantereiden tekij\u00f6ist\u00e4 puhuttaessa estetiikka on muutenkin l\u00e4hemp\u00e4n\u00e4 <strong>Glauber Rochaa<\/strong> kuin <strong>Martin Scorsesea<\/strong>. Yksi t\u00e4m\u00e4n vuoden Cannesin k\u00e4rkielokuvista; <strong>Cristina Gallegon<\/strong> ja <strong>Ciro Guerran<\/strong> ohjaukset (edellinen oli Oscar-ehdokas <em>Embrace of the Serpent<\/em>) sopivat heillekin, jotka luulivat ett\u00e4 autenttista vaikutelmaa tavoitteleva etnografinen elokuva on kirosana.<\/p>\n\n\n\n<p><em>Custody<\/em>\nOikeussalidraamana alkava kuvaus avioerosta ja miehen pakkomielteest\u00e4 on mit\u00e4 tiukin, kirjaimellisesti henke\u00e4salpaava trilleri, vaikka sen tyylilajina ei teknisesti ottaen ole j\u00e4nnityselokuva vaan yhteiskunnallinen draama. <strong>Xavier Legrandilla<\/strong> on ns. homma hallussa: on vaikea uskoa, ett\u00e4 t\u00e4m\u00e4 on esikoisohjaus.<\/p>\n\n\n<p><iframe loading=\"lazy\" width=\"630\" height=\"354\" src=\"https:\/\/www.youtube.com\/embed\/srxX-hqPEto?feature=oembed\" frameborder=\"0\" allow=\"autoplay; encrypted-media\" allowfullscreen><\/iframe><\/p>\n\n<p><em>Zama<\/em>\nArgentiinalainen <strong>Lucrecia Martel<\/strong> on mestariluokan tekij\u00e4, joka ei totisesti mielistele suurta yleis\u00f6\u00e4 edes tehdess\u00e4\u00e4n kohtuullisen ison rahan epookkia. 1800-luvun Paraguayn perukoille viev\u00e4 Zama edellytt\u00e4\u00e4 k\u00e4rsiv\u00e4llisyytt\u00e4. Se on rajaseutuelokuvaa sek\u00e4 maantieteellisess\u00e4 ett\u00e4 henkisess\u00e4 mieless\u00e4. Heitt\u00e4ydyn nyt laiskaksi ja lainaan argentiinalaisen Otros Cines -lehden kriitikolta referenssirypp\u00e4\u00e4n: <strong>Terrence Malick, Werner Herzog, John Ford<\/strong> ja <strong>Claire Denis<\/strong>. Tiet\u00e4net jo, pid\u00e4tk\u00f6 t\u00e4st\u00e4.<\/p>\n\n\n\n<p><em>The Real Estate<\/em>\n<strong>M\u00e5ns M\u00e5nssonin<\/strong> ja <strong>Axel Peters\u00e9nin<\/strong> holtiton tyylittelyelokuva tuntuu kasvaneen yksitt\u00e4isist\u00e4 ideoista ja p\u00e4\u00e4osan esitt\u00e4j\u00e4n <strong>L\u00e9onore Ekstrandin<\/strong> tosiel\u00e4m\u00e4n persoonasta. Teemoja ovat ruotsalaiset asuntomarkkinat, yll\u00e4tysperij\u00e4n materiaalinen taakka, vaurauden kulissit ja monenlaiset identiteettikriisit. Tunnelma on absurdisti koominen ja levoton, eik\u00e4 mit\u00e4\u00e4n tolkullisia ratkaisuja kannata odottaa \u2013 konepistooliakin tarvitaan. Elokuvan poimiminen t\u00e4lle listalle saattaa olla vitsi siin\u00e4 miss\u00e4 sen h\u00e4mment\u00e4v\u00e4 nousu Berliinin elokuvajuhlien kilpasarjaan \u2013 suosittelen, silti!<\/p>\n\n\n\n<p><em>Nico, 1988<\/em>\n<strong>Trine Dyrholm<\/strong> el\u00e4ytyy laulaja-<strong>Warhol<\/strong>-t\u00e4hti-mediahahmo <strong>Nicoksi<\/strong> ep\u00e4tavallisessa \u201del\u00e4m\u00e4kerta\u201delokuvassa, joka keskittyy vain p\u00e4\u00e4henkil\u00f6n viimeiseen vuoteen (mutta ei kuolemaan). <strong>Suzanne Nicchiarellin<\/strong> ohjaama tumma ja koominenkin draama on kielt\u00e4m\u00e4tt\u00e4 l\u00e4hell\u00e4 europuddingia, jossa veivataan pitkin maanosaa pimeiss\u00e4 huoneissa ja l\u00e4\u00e4vill\u00e4 keikkapaikoilla, mutta ei j\u00e4yk\u00e4ll\u00e4 vaan eksentrisell\u00e4 tavalla.<\/p>\n\n\n<p><iframe loading=\"lazy\" width=\"630\" height=\"354\" src=\"https:\/\/www.youtube.com\/embed\/rI054ow6KJk?feature=oembed\" frameborder=\"0\" allow=\"autoplay; encrypted-media\" allowfullscreen><\/iframe><\/p>\n\n<p><em>Mandy<\/em>\nNyth\u00e4n on niin, ett\u00e4 Mandy voi vaikuttaa joltain \u201denemm\u00e4n meemi kuin elokuva\u201d -pelleilylt\u00e4 jossa <strong>Nicolas Cage<\/strong> n\u00f6yryytt\u00e4\u00e4 itse\u00e4\u00e4n. Sis\u00e4lt\u00f6: Cagen esitt\u00e4m\u00e4 metsuri siis kostaa biker-jengille \u2013 jonka j\u00e4senet ovatkin demoneita \u2013 maailmassa, joka ei ole kovin tosi, vaikka esitt\u00e4\u00e4 1980-luvun Yhdysvaltoja. Lis\u00e4t\u00e4\u00e4n moottorisahataistelut ja barbaarielokuvaviittaukset, ja kielt\u00e4m\u00e4tt\u00e4 pl\u00e4j\u00e4ys kuulostaakin harvinaisen kovalta suorittamiselta. <strong>Panos Cosmatosin<\/strong> uusi hourefantasia ja splattertrippi on kuitenkin ns. <em>real thing<\/em>; alan olla ved\u00e4tyksille niin herkk\u00e4, ett\u00e4 olisin takuulla h\u00e4ipp\u00e4issyt Cannesin n\u00e4yt\u00e4nn\u00f6st\u00e4 kesken jos olisin kokenut ett\u00e4 juttu on tyhj\u00e4. Ei tullut mieleenk\u00e4\u00e4n poistua. Sin\u00e4kin tied\u00e4t jo, pid\u00e4tk\u00f6 t\u00e4st\u00e4.<\/p>\n\n\n\n<p><em>First Reformed<\/em>\n<strong>Paul Schraderin<\/strong> elokuva alkoholisoituneen, masentuneen ja rakkaudesta luopuneen papin (<strong>Ethan Hawke<\/strong>) kiirastulesta sek\u00e4 her\u00e4\u00e4misest\u00e4 suoraan toimintaan etenee armottomalla voimalla, vaikka se lopussa kertoo nimenomaan armosta. Kamaridraamaa, bergmanilaisuutta, bressonlaisuutta, timanttia.<\/p>\n\n\n\n<p><em>The Happy Prince<\/em>\n<strong>Rupert Everett<\/strong> n\u00e4yttelee p\u00e4\u00e4osaa, <strong>Oscar Wilde\u00e4<\/strong> ohjaamassaan elokuvassa, joka on ainakin tunnetasolla vereslihalla, vaikka pinta on siistihk\u00f6. Tarina Wilden vaikeista vuosista rinnastuu monella tapaa Everettin omaan el\u00e4m\u00e4\u00e4n.<\/p>\n\n\n<p><iframe loading=\"lazy\" width=\"630\" height=\"354\" src=\"https:\/\/www.youtube.com\/embed\/1Fd6gDd2f2k?feature=oembed\" frameborder=\"0\" allow=\"autoplay; encrypted-media\" allowfullscreen><\/iframe><\/p>\n\n<p><em>The Insult<\/em>\nRasistisen libanonilaismiehen ja palestiinalaisduunarin pienest\u00e4 sanasodasta kehkeytyy oikeussalidraama, jossa kaikilla asianomaisilla on siteens\u00e4 Palestiinaan, Israeliin ja Libanonin l\u00e4hihistorian v\u00e4kivaltaisuuksiin. The Insult ei tarjoile valmiita ajatuksia samanmielisille, vaan k\u00e4\u00e4nt\u00e4\u00e4 n\u00e4k\u00f6kulmaa yh\u00e4 uudelleen. Kun n\u00e4in elokuvan Venetsian kilpasarjassa vuosi sitten, ajattelin sen olevan varma iso puheenaihe ja parhaan ulkomaisen elokuvan Oscar-ehdokas ellei todenn\u00e4k\u00f6inen voittajakin: viihdytt\u00e4v\u00e4 (hirtehishumoristinenkin), loistavasti n\u00e4ytelty (<strong>Kamel El Basha<\/strong> sai ao. festareilla parhaan miesn\u00e4yttelij\u00e4n palkinnon), aiheeltaan ajankohtainen ja spesifi mutta tunnelmaltaan ja teemoiltaan universaali. Oscar-ehdokkuus tuli, mutta kovin laajasti elokuvaa ei silti ole n\u00e4hty. Omiin odotuksiini verrattuna <strong>Ziad Doueirin<\/strong> ohjaama teos on siis alisuorittaja, mutta nyt se sent\u00e4\u00e4n on mahdollista n\u00e4hd\u00e4 Helsingiss\u00e4.<\/p>\n\n\n\n<p><em>Foxtrot<\/em>\nJotkut huipputekij\u00e4t palaavat aina samoihin teemoihin. <strong>Samuel Maoz<\/strong> k\u00e4sittelee taas israelilaisia (v\u00e4kivallan) traumoja ja taas nimenomaan omien kokemustensa kautta. Lis\u00e4\u00e4 elokuvasta <a href=\"https:\/\/suomenkuvalehti.fi\/jutut\/kulttuuri\/elokuva\/isa-joka-lahetti-tyttarensa-pommibussiin-samuel-maozin-elokuva-foxtrot-kertoo-surusta-pelosta-ja-israelista\/?shared=1026813-a79e785e-999\">Maoz-haastiksessani<\/a>, joka julkaistiin elokuvan Suomen ensiesityksen (Sodankyl\u00e4) aikaan.<\/p>\n\n\n","protected":false},"excerpt":{"rendered":"<p>Rakkautta &amp; Anarkiaa -festivaalin lipunmyynti alkaa huomenna 13.9. Valitsin ohjelmistosta kymmenen uutuusteosta, jotka olen n\u00e4hnyt eri festareilla ja joita rohkenen suositella. Kuten n\u00e4iss\u00e4 vuosittaisissa listoissa on ollut tapanani, en poimi mukaan<br \/>\nel&hellip;<\/p>\n","protected":false},"author":144,"featured_media":0,"comment_status":"open","ping_status":"closed","sticky":false,"template":"","format":"standard","meta":{"_acf_changed":false,"asauth_required_access_level":3,"asauth_cansharepaid":"true","om_header_attributes":[],"footnotes":"","om_featured_image_focal_point":[],"om_primary_tag":0,"om_contributors":[],"om_co_authors":[],"beyondwords_generate_audio":"","beyondwords_project_id":"","beyondwords_content_id":"","beyondwords_preview_token":"","beyondwords_player_content":"","beyondwords_player_style":"","beyondwords_language_code":"","beyondwords_language_id":"","beyondwords_title_voice_id":"","beyondwords_body_voice_id":"","beyondwords_summary_voice_id":"","beyondwords_error_message":"","beyondwords_disabled":"","beyondwords_delete_content":"","beyondwords_podcast_id":"","beyondwords_hash":"","publish_post_to_speechkit":"","speechkit_hash":"","speechkit_generate_audio":"","speechkit_project_id":"","speechkit_podcast_id":"","speechkit_error_message":"","speechkit_disabled":"","speechkit_access_key":"","speechkit_error":"","speechkit_info":"","speechkit_response":"","speechkit_retries":"","speechkit_status":"","speechkit_updated_at":"","_speechkit_link":"","_speechkit_text":""},"categories":[1],"tags":[1579,2496,2595,2596],"class_list":["post-4660","post","type-post","status-publish","format-standard","hentry","category-kuvien-takaa","tag-nicolas-cage","tag-rakkautta-anarkiaa","tag-the-insult","tag-zama"],"om_views":null,"acf":{"tuuma_off":false,"tuuma_kysymys":"","tuuma_vastaus":""},"asauth":{"required_access_level":1,"share_token":"","is_paid":false},"yoast_head":"<!-- This site is optimized with the Yoast SEO plugin v26.4 - https:\/\/yoast.com\/wordpress\/plugins\/seo\/ -->\n<title>Poimintoja Rakkautta &amp; Anarkiaa 2018 -festivaalin ohjelmistosta - Kuvien takaa<\/title>\n<meta name=\"description\" content=\"Muun muassa etnografinen huumekartellisaaga, Nicon viimeinen vuosi, ekoterrorismiin kallistuva pappi sek\u00e4 moottorisahalla aseistautunut Nicolas Cage...\" \/>\n<meta name=\"robots\" content=\"index, follow, max-snippet:-1, max-image-preview:large, max-video-preview:-1\" \/>\n<link rel=\"canonical\" href=\"https:\/\/suomenkuvalehti.fi\/kuvien-takaa\/poimintoja-rakkautta-anarkiaa-2018-festivaalin-ohjelmistosta\/\" \/>\n<meta property=\"og:locale\" content=\"fi_FI\" \/>\n<meta property=\"og:type\" content=\"article\" \/>\n<meta property=\"og:title\" content=\"Poimintoja Rakkautta &amp; Anarkiaa 2018 -festivaalin ohjelmistosta - Kuvien takaa\" \/>\n<meta property=\"og:description\" content=\"Muun muassa etnografinen huumekartellisaaga, Nicon viimeinen vuosi, ekoterrorismiin kallistuva pappi sek\u00e4 moottorisahalla aseistautunut Nicolas Cage...\" \/>\n<meta property=\"og:url\" content=\"https:\/\/suomenkuvalehti.fi\/kuvien-takaa\/poimintoja-rakkautta-anarkiaa-2018-festivaalin-ohjelmistosta\/\" \/>\n<meta property=\"og:site_name\" content=\"Kuvien takaa\" \/>\n<meta property=\"article:author\" content=\"https:\/\/www.facebook.com\/pages\/Kalle-Kinnunen-Kuvien-takaa\/190326157715410?fref=ts\" \/>\n<meta property=\"article:published_time\" content=\"2018-09-12T10:04:58+00:00\" \/>\n<meta property=\"article:modified_time\" content=\"2018-09-12T10:13:53+00:00\" \/>\n<meta property=\"og:image\" content=\"https:\/\/suomenkuvalehti.fi\/kuvien-takaa\/wp-content\/uploads\/sites\/11\/2022\/04\/kalle_kinnunen_blogi-1-scaled.jpg\" \/>\n\t<meta property=\"og:image:width\" content=\"2560\" \/>\n\t<meta property=\"og:image:height\" content=\"1707\" \/>\n\t<meta property=\"og:image:type\" content=\"image\/jpeg\" \/>\n<meta name=\"author\" content=\"Kalle Kinnunen\" \/>\n<meta name=\"twitter:card\" content=\"summary_large_image\" \/>\n<meta name=\"twitter:creator\" content=\"@https:\/\/twitter.com\/kallekinnunen\" \/>\n<meta name=\"twitter:label1\" content=\"Written by\" \/>\n\t<meta name=\"twitter:data1\" content=\"Kalle Kinnunen\" \/>\n\t<meta name=\"twitter:label2\" content=\"Est. reading time\" \/>\n\t<meta name=\"twitter:data2\" content=\"4 minuuttia\" \/>\n<script type=\"application\/ld+json\" class=\"yoast-schema-graph\">{\"@context\":\"https:\/\/schema.org\",\"@graph\":[{\"@type\":\"WebPage\",\"@id\":\"https:\/\/suomenkuvalehti.fi\/kuvien-takaa\/poimintoja-rakkautta-anarkiaa-2018-festivaalin-ohjelmistosta\/\",\"url\":\"https:\/\/suomenkuvalehti.fi\/kuvien-takaa\/poimintoja-rakkautta-anarkiaa-2018-festivaalin-ohjelmistosta\/\",\"name\":\"Poimintoja Rakkautta & Anarkiaa 2018 -festivaalin ohjelmistosta - Kuvien takaa\",\"isPartOf\":{\"@id\":\"https:\/\/suomenkuvalehti.fi\/kuvien-takaa\/#website\"},\"datePublished\":\"2018-09-12T10:04:58+00:00\",\"dateModified\":\"2018-09-12T10:13:53+00:00\",\"author\":{\"@id\":\"https:\/\/suomenkuvalehti.fi\/kuvien-takaa\/#\/schema\/person\/f3f657e4ad409e008f12af27bec60a23\"},\"description\":\"Muun muassa etnografinen huumekartellisaaga, Nicon viimeinen vuosi, ekoterrorismiin kallistuva pappi sek\u00e4 moottorisahalla aseistautunut Nicolas Cage...\",\"breadcrumb\":{\"@id\":\"https:\/\/suomenkuvalehti.fi\/kuvien-takaa\/poimintoja-rakkautta-anarkiaa-2018-festivaalin-ohjelmistosta\/#breadcrumb\"},\"inLanguage\":\"fi\",\"potentialAction\":[{\"@type\":\"ReadAction\",\"target\":[\"https:\/\/suomenkuvalehti.fi\/kuvien-takaa\/poimintoja-rakkautta-anarkiaa-2018-festivaalin-ohjelmistosta\/\"]}]},{\"@type\":\"BreadcrumbList\",\"@id\":\"https:\/\/suomenkuvalehti.fi\/kuvien-takaa\/poimintoja-rakkautta-anarkiaa-2018-festivaalin-ohjelmistosta\/#breadcrumb\",\"itemListElement\":[{\"@type\":\"ListItem\",\"position\":1,\"name\":\"Home\",\"item\":\"https:\/\/suomenkuvalehti.fi\/kuvien-takaa\/\"},{\"@type\":\"ListItem\",\"position\":2,\"name\":\"Poimintoja Rakkautta &#038; Anarkiaa 2018 -festivaalin ohjelmistosta\"}]},{\"@type\":\"WebSite\",\"@id\":\"https:\/\/suomenkuvalehti.fi\/kuvien-takaa\/#website\",\"url\":\"https:\/\/suomenkuvalehti.fi\/kuvien-takaa\/\",\"name\":\"Kuvien takaa\",\"description\":\"Elokuvakriitikko Kalle Kinnusen elokuvablogi.\",\"potentialAction\":[{\"@type\":\"SearchAction\",\"target\":{\"@type\":\"EntryPoint\",\"urlTemplate\":\"https:\/\/suomenkuvalehti.fi\/haku\/?q={search_term_string}\"},\"query-input\":{\"@type\":\"PropertyValueSpecification\",\"valueRequired\":true,\"valueName\":\"search_term_string\"}}],\"inLanguage\":\"fi\"},{\"@type\":\"Person\",\"@id\":\"https:\/\/suomenkuvalehti.fi\/kuvien-takaa\/#\/schema\/person\/f3f657e4ad409e008f12af27bec60a23\",\"name\":\"Kalle Kinnunen\",\"image\":{\"@type\":\"ImageObject\",\"inLanguage\":\"fi\",\"@id\":\"https:\/\/suomenkuvalehti.fi\/kuvien-takaa\/#\/schema\/person\/image\/\",\"url\":\"https:\/\/suomenkuvalehti.fi\/kuvien-takaa\/wp-content\/uploads\/sites\/11\/2022\/04\/kalle_kinnunen_blogi-1-150x150.jpg\",\"contentUrl\":\"https:\/\/suomenkuvalehti.fi\/kuvien-takaa\/wp-content\/uploads\/sites\/11\/2022\/04\/kalle_kinnunen_blogi-1-150x150.jpg\",\"caption\":\"Kalle Kinnunen\"},\"description\":\"Kalle Kinnunen on vapaa toimittaja ja Suomen Kuvalehden avustaja.\",\"sameAs\":[\"https:\/\/www.facebook.com\/pages\/Kalle-Kinnunen-Kuvien-takaa\/190326157715410?fref=ts\",\"https:\/\/x.com\/https:\/\/twitter.com\/kallekinnunen\"]}]}<\/script>\n<!-- \/ Yoast SEO plugin. -->","yoast_head_json":{"title":"Poimintoja Rakkautta & Anarkiaa 2018 -festivaalin ohjelmistosta - Kuvien takaa","description":"Muun muassa etnografinen huumekartellisaaga, Nicon viimeinen vuosi, ekoterrorismiin kallistuva pappi sek\u00e4 moottorisahalla aseistautunut Nicolas Cage...","robots":{"index":"index","follow":"follow","max-snippet":"max-snippet:-1","max-image-preview":"max-image-preview:large","max-video-preview":"max-video-preview:-1"},"canonical":"https:\/\/suomenkuvalehti.fi\/kuvien-takaa\/poimintoja-rakkautta-anarkiaa-2018-festivaalin-ohjelmistosta\/","og_locale":"fi_FI","og_type":"article","og_title":"Poimintoja Rakkautta & Anarkiaa 2018 -festivaalin ohjelmistosta - Kuvien takaa","og_description":"Muun muassa etnografinen huumekartellisaaga, Nicon viimeinen vuosi, ekoterrorismiin kallistuva pappi sek\u00e4 moottorisahalla aseistautunut Nicolas Cage...","og_url":"https:\/\/suomenkuvalehti.fi\/kuvien-takaa\/poimintoja-rakkautta-anarkiaa-2018-festivaalin-ohjelmistosta\/","og_site_name":"Kuvien takaa","article_author":"https:\/\/www.facebook.com\/pages\/Kalle-Kinnunen-Kuvien-takaa\/190326157715410?fref=ts","article_published_time":"2018-09-12T10:04:58+00:00","article_modified_time":"2018-09-12T10:13:53+00:00","og_image":[{"width":2560,"height":1707,"url":"https:\/\/suomenkuvalehti.fi\/kuvien-takaa\/wp-content\/uploads\/sites\/11\/2022\/04\/kalle_kinnunen_blogi-1-scaled.jpg","type":"image\/jpeg"}],"author":"Kalle Kinnunen","twitter_card":"summary_large_image","twitter_creator":"@https:\/\/twitter.com\/kallekinnunen","twitter_misc":{"Written by":"Kalle Kinnunen","Est. reading time":"4 minuuttia"},"schema":{"@context":"https:\/\/schema.org","@graph":[{"@type":"WebPage","@id":"https:\/\/suomenkuvalehti.fi\/kuvien-takaa\/poimintoja-rakkautta-anarkiaa-2018-festivaalin-ohjelmistosta\/","url":"https:\/\/suomenkuvalehti.fi\/kuvien-takaa\/poimintoja-rakkautta-anarkiaa-2018-festivaalin-ohjelmistosta\/","name":"Poimintoja Rakkautta & Anarkiaa 2018 -festivaalin ohjelmistosta - Kuvien takaa","isPartOf":{"@id":"https:\/\/suomenkuvalehti.fi\/kuvien-takaa\/#website"},"datePublished":"2018-09-12T10:04:58+00:00","dateModified":"2018-09-12T10:13:53+00:00","author":{"@id":"https:\/\/suomenkuvalehti.fi\/kuvien-takaa\/#\/schema\/person\/f3f657e4ad409e008f12af27bec60a23"},"description":"Muun muassa etnografinen huumekartellisaaga, Nicon viimeinen vuosi, ekoterrorismiin kallistuva pappi sek\u00e4 moottorisahalla aseistautunut Nicolas Cage...","breadcrumb":{"@id":"https:\/\/suomenkuvalehti.fi\/kuvien-takaa\/poimintoja-rakkautta-anarkiaa-2018-festivaalin-ohjelmistosta\/#breadcrumb"},"inLanguage":"fi","potentialAction":[{"@type":"ReadAction","target":["https:\/\/suomenkuvalehti.fi\/kuvien-takaa\/poimintoja-rakkautta-anarkiaa-2018-festivaalin-ohjelmistosta\/"]}]},{"@type":"BreadcrumbList","@id":"https:\/\/suomenkuvalehti.fi\/kuvien-takaa\/poimintoja-rakkautta-anarkiaa-2018-festivaalin-ohjelmistosta\/#breadcrumb","itemListElement":[{"@type":"ListItem","position":1,"name":"Home","item":"https:\/\/suomenkuvalehti.fi\/kuvien-takaa\/"},{"@type":"ListItem","position":2,"name":"Poimintoja Rakkautta &#038; Anarkiaa 2018 -festivaalin ohjelmistosta"}]},{"@type":"WebSite","@id":"https:\/\/suomenkuvalehti.fi\/kuvien-takaa\/#website","url":"https:\/\/suomenkuvalehti.fi\/kuvien-takaa\/","name":"Kuvien takaa","description":"Elokuvakriitikko Kalle Kinnusen elokuvablogi.","potentialAction":[{"@type":"SearchAction","target":{"@type":"EntryPoint","urlTemplate":"https:\/\/suomenkuvalehti.fi\/haku\/?q={search_term_string}"},"query-input":{"@type":"PropertyValueSpecification","valueRequired":true,"valueName":"search_term_string"}}],"inLanguage":"fi"},{"@type":"Person","@id":"https:\/\/suomenkuvalehti.fi\/kuvien-takaa\/#\/schema\/person\/f3f657e4ad409e008f12af27bec60a23","name":"Kalle Kinnunen","image":{"@type":"ImageObject","inLanguage":"fi","@id":"https:\/\/suomenkuvalehti.fi\/kuvien-takaa\/#\/schema\/person\/image\/","url":"https:\/\/suomenkuvalehti.fi\/kuvien-takaa\/wp-content\/uploads\/sites\/11\/2022\/04\/kalle_kinnunen_blogi-1-150x150.jpg","contentUrl":"https:\/\/suomenkuvalehti.fi\/kuvien-takaa\/wp-content\/uploads\/sites\/11\/2022\/04\/kalle_kinnunen_blogi-1-150x150.jpg","caption":"Kalle Kinnunen"},"description":"Kalle Kinnunen on vapaa toimittaja ja Suomen Kuvalehden avustaja.","sameAs":["https:\/\/www.facebook.com\/pages\/Kalle-Kinnunen-Kuvien-takaa\/190326157715410?fref=ts","https:\/\/x.com\/https:\/\/twitter.com\/kallekinnunen"]}]}},"_links":{"self":[{"href":"https:\/\/suomenkuvalehti.fi\/kuvien-takaa\/wp-json\/wp\/v2\/posts\/4660","targetHints":{"allow":["GET"]}}],"collection":[{"href":"https:\/\/suomenkuvalehti.fi\/kuvien-takaa\/wp-json\/wp\/v2\/posts"}],"about":[{"href":"https:\/\/suomenkuvalehti.fi\/kuvien-takaa\/wp-json\/wp\/v2\/types\/post"}],"author":[{"embeddable":true,"href":"https:\/\/suomenkuvalehti.fi\/kuvien-takaa\/wp-json\/wp\/v2\/users\/144"}],"replies":[{"embeddable":true,"href":"https:\/\/suomenkuvalehti.fi\/kuvien-takaa\/wp-json\/wp\/v2\/comments?post=4660"}],"version-history":[{"count":3,"href":"https:\/\/suomenkuvalehti.fi\/kuvien-takaa\/wp-json\/wp\/v2\/posts\/4660\/revisions"}],"predecessor-version":[{"id":4666,"href":"https:\/\/suomenkuvalehti.fi\/kuvien-takaa\/wp-json\/wp\/v2\/posts\/4660\/revisions\/4666"}],"wp:attachment":[{"href":"https:\/\/suomenkuvalehti.fi\/kuvien-takaa\/wp-json\/wp\/v2\/media?parent=4660"}],"wp:term":[{"taxonomy":"category","embeddable":true,"href":"https:\/\/suomenkuvalehti.fi\/kuvien-takaa\/wp-json\/wp\/v2\/categories?post=4660"},{"taxonomy":"post_tag","embeddable":true,"href":"https:\/\/suomenkuvalehti.fi\/kuvien-takaa\/wp-json\/wp\/v2\/tags?post=4660"}],"curies":[{"name":"wp","href":"https:\/\/api.w.org\/{rel}","templated":true}]}}