{"id":4657,"date":"2018-09-12T10:31:38","date_gmt":"2018-09-12T07:31:38","guid":{"rendered":"https:\/\/suomenkuvalehti.fi\/kuvien-takaa\/?p=4657"},"modified":"2018-09-12T10:32:47","modified_gmt":"2018-09-12T07:32:47","slug":"elokuva-alan-rakenteiden-on-muututtava-kulttuuriministeri-terho-jyrahti","status":"publish","type":"post","link":"https:\/\/suomenkuvalehti.fi\/kuvien-takaa\/elokuva-alan-rakenteiden-on-muututtava-kulttuuriministeri-terho-jyrahti\/","title":{"rendered":"Elokuva-alan rakenteiden on muututtava, kulttuuriministeri Terho jyr\u00e4hti"},"content":{"rendered":"\n<p>\u201dOn selv\u00e4\u00e4, ettei valtion rahoituksella voi tukea toimintaa, johon liittyy syrjint\u00e4\u00e4 tai seksuaalista h\u00e4irint\u00e4\u00e4\u201d, kulttuuriministeri <strong>Sampo Terho<\/strong> sanoi puheessaan aamup\u00e4iv\u00e4ll\u00e4 Tieteiden talossa.<\/p>\n\n\n\n<p>Kyse on elokuva-alasta.<\/p>\n\n\n\n<p>Aamun tilaisuudessa luovutettiin Terholle h\u00e4nen tilaamansa selvitys elokuva- ja kulttuurialan seksuaalisesta h\u00e4irinn\u00e4st\u00e4 ja muusta ep\u00e4asiallisesta kohtelusta. Selvityksen teki ty\u00f6- ja sosiaalioikeuden dosentti, varatuomari <strong>Jaana Paanetoja<\/strong>.<\/p>\n\n\n\n<p>T\u00e4t\u00e4 blogausta varten en viel\u00e4 ehtinyt lukea koko selvityst\u00e4, mutta katsoin luovutustilaisuuden Yle-striimin. Se ei ollut sin\u00e4ns\u00e4 yll\u00e4tt\u00e4v\u00e4. Terho jatkoi jyrk\u00e4ll\u00e4 linjallaan.<\/p>\n\n\n\n<p>Laaja selvitys ei puutu yksitt\u00e4isiin tapauksiin tai ylip\u00e4\u00e4ns\u00e4 menneisiin tapahtumiin vaan k\u00e4sittelee rakenteita ja sit\u00e4, miten alaa kehitett\u00e4isiin ja k\u00e4yt\u00e4nt\u00f6j\u00e4 parannettaisiin. Ongelmat ovat olleet usein sellaisia, ettei lains\u00e4\u00e4d\u00e4nt\u00f6 ulotu niihin: h\u00e4irint\u00e4\u00e4 ei ole m\u00e4\u00e4ritelty pyk\u00e4l\u00e4tasolla.<\/p>\n\n\n\n<p>Paanetoja kertoi h\u00e4irinn\u00e4n olleen laajaa sek\u00e4 kuvaili, miten vaikeaa siihen on ollut puuttua. Jo aiemmin usein tehty havainto toistui: ep\u00e4asiallisesta toiminnasta ei ole yksinkertaisesti uskallettu kertoa, koska on pel\u00e4tty seurauksia. Asioista puhuminen on tapahtunut j\u00e4lkik\u00e4teen.<\/p>\n\n\n\n<p>Erikseen kysytt\u00e4ess\u00e4 Paanetoja kertoi kuulleensa j\u00e4rkytt\u00e4vi\u00e4 asioita. H\u00e4n kiitti erikseen Metoo-liikehdint\u00e4\u00e4. Useat haastatellut toivat esiin, ett\u00e4 heill\u00e4 oli kahteenkymmeneen vuoteen ensimm\u00e4inen tilaisuus kertoa alalla kohtaamistaan ep\u00e4kohdista, Paanetoja sanoi. Metoo-liikehdint\u00e4 on jo saanut aikaan korjausliikkeit\u00e4, h\u00e4n mainitsi t\u00e4sment\u00e4m\u00e4tt\u00e4 enemp\u00e4\u00e4.<\/p>\n\n\n\n<p>Toisaalta Paanetoja mainitsi, ett\u00e4 vastaavanlaajuisella selvityksell\u00e4 h\u00e4irint\u00e4\u00e4 ja ep\u00e4asiallisuusongelmia todenn\u00e4k\u00f6isesti l\u00f6ytyisi alalta kuin alalta. H\u00e4n siis korosti, ettei kyse ole spesifisti vain elokuva-alaan liittyv\u00e4st\u00e4 vyyhdist\u00e4.<\/p>\n\n\n\n<p>Raportissa on valtavasti toimenpide-ehdotuksia eri tahoille, Paanetoja luonnehti.<\/p>\n\n\n\n<p>Avustusten my\u00f6nt\u00e4misvaiheessa olisi Paanetojan mukaan varmistettava asiallinen ty\u00f6ymp\u00e4rist\u00f6. Vastuuta tuotantojen olosuhteista kuuluisi siis Suomen elokuvas\u00e4\u00e4ti\u00f6lle. Sit\u00e4, miten seuranta toteutetaan ja mekanismi rakennetaan, Paanetoja ei ryhtynyt arvioimaan.<\/p>\n\n\n\n<p>Yksi ehdotus kuului, ett\u00e4 laaditaan alan eettinen normisto ja perustetaan eettinen toimielin.<\/p>\n\n\n\n<p>Raportista k\u00e4y ilmi ett\u00e4 ongelma on olemassa ja ett\u00e4 se on vakava, Terho totesi omassa puheessaan. Alan rakenteiden on muututtava, h\u00e4n totesi.<\/p>\n\n\n\n<p>Pinnan alla oli kuplintaa, jota striimist\u00e4 ei sin\u00e4ns\u00e4 n\u00e4kynyt ja kuulunut. Ep\u00e4kohtien julkitulo ja koko Metoo-liikehdint\u00e4 tapahtui suomalaisittain lains\u00e4\u00e4d\u00e4nn\u00f6llisesti j\u00e4nnitt\u00e4v\u00e4\u00e4n aikaan. Elokuvalaki eli elokuvan julkista rahoitusta koskeva lains\u00e4\u00e4d\u00e4nt\u00f6 on menossa paraikaa uusiksi. Se saattaa tarkoittaa suuria muutoksia Elokuvas\u00e4\u00e4ti\u00f6\u00f6n. My\u00f6s Taiteen edist\u00e4miskeskuksen Taiken apurahak\u00e4yt\u00e4nt\u00f6ihin saattaa tulla muutoksia.<\/p>\n\n\n\n<p>Terho antoi ymm\u00e4rt\u00e4\u00e4, ett\u00e4 elokuvien tukis\u00e4\u00e4nt\u00f6ihin lis\u00e4t\u00e4\u00e4n kohta, jossa eritell\u00e4\u00e4n tuottajien vastuuta. H\u00e4n my\u00f6s kertoi, ett\u00e4 opetus- ja kulttuuriministeri\u00f6 tulee rahoittamaan koulutusta, joka liittyy ty\u00f6nantajavelvollisuuksiin, ja se k\u00e4ynnistyy jo pian.<\/p>\n\n\n\n<p>Keskustelu jatkuu ensi viikolla, kun Elokuvas\u00e4\u00e4ti\u00f6n tiloissa j\u00e4rjestet\u00e4\u00e4n tilaisuus jossa elokuva-alan v\u00e4ki pui ja kommentoi selvityst\u00e4.<\/p>\n\n\n\n<p>\u201dElokuva-alan on katsottava peiliin ja ryhdytt\u00e4v\u00e4 laittamaan toimintatapojaan kuntoon\u201d, Terho sanoi puheensa lopulla.<\/p>\n\n\n\n<p>\u201dJokaisen alalla toimivan on syyt\u00e4 k\u00e4\u00e4ri\u00e4 hihat ja ryhty\u00e4 toimiin.\u201d<\/p>\n\n\n\n<p>Er\u00e4s seikka tilaisuuden virallisten puheenvuorojen j\u00e4lkeisess\u00e4 keskustelussa kiinnitti huomion. Katse kohdistuu ja kritiikki artikuloidaan nyt voimakkaasti elokuvatuotantoihin. Suuri osa tuotantoalasta tekee kuitenkin sarjamuotoista sis\u00e4lt\u00f6\u00e4. Sielt\u00e4 puolelta on kuulunut aivan viime aikoina enemm\u00e4n ty\u00f6olosuhdekritiikki\u00e4 kuin elokuvatuotannoista.<\/p>\n\n\n","protected":false},"excerpt":{"rendered":"<p>\u201dOn selv\u00e4\u00e4, ettei valtion rahoituksella voi tukea toimintaa, johon liittyy syrjint\u00e4\u00e4 tai seksuaalista h\u00e4irint\u00e4\u00e4\u201d, kulttuuriministeri Sampo Terho sanoi puheessaan aamup\u00e4iv\u00e4ll\u00e4 Tieteiden talossa. Kyse on elokuva-alasta. Aamun tilaisuudessa<br \/>\nluovutettiin &hellip;<\/p>\n","protected":false},"author":144,"featured_media":0,"comment_status":"open","ping_status":"closed","sticky":false,"template":"","format":"standard","meta":{"_acf_changed":false,"asauth_required_access_level":3,"asauth_cansharepaid":"true","om_header_attributes":[],"footnotes":"","om_featured_image_focal_point":[],"om_primary_tag":0,"om_contributors":[],"om_co_authors":[],"beyondwords_generate_audio":"","beyondwords_project_id":"","beyondwords_content_id":"","beyondwords_preview_token":"","beyondwords_player_content":"","beyondwords_player_style":"","beyondwords_language_code":"","beyondwords_language_id":"","beyondwords_title_voice_id":"","beyondwords_body_voice_id":"","beyondwords_summary_voice_id":"","beyondwords_error_message":"","beyondwords_disabled":"","beyondwords_delete_content":"","beyondwords_podcast_id":"","beyondwords_hash":"","publish_post_to_speechkit":"","speechkit_hash":"","speechkit_generate_audio":"","speechkit_project_id":"","speechkit_podcast_id":"","speechkit_error_message":"","speechkit_disabled":"","speechkit_access_key":"","speechkit_error":"","speechkit_info":"","speechkit_response":"","speechkit_retries":"","speechkit_status":"","speechkit_updated_at":"","_speechkit_link":"","_speechkit_text":""},"categories":[1],"tags":[2520,2505,10,2594],"class_list":["post-4657","post","type-post","status-publish","format-standard","hentry","category-kuvien-takaa","tag-metoo","tag-seksuaalinen-hairinta","tag-suomalainen-elokuva","tag-tyokulttuuri"],"om_views":null,"acf":{"tuuma_off":false,"tuuma_kysymys":"","tuuma_vastaus":""},"asauth":{"required_access_level":1,"share_token":"","is_paid":false},"yoast_head":"<!-- This site is optimized with the Yoast SEO plugin v26.4 - https:\/\/yoast.com\/wordpress\/plugins\/seo\/ -->\n<title>Elokuva-alan rakenteiden on muututtava, kulttuuriministeri Terho jyr\u00e4hti - Kuvien takaa<\/title>\n<meta name=\"description\" content=\"Sampo Terholle luovutettiin selvitys elokuva- ja kulttuurialan seksuaalisesta h\u00e4irinn\u00e4st\u00e4 ja muusta ep\u00e4asiallisesta kohtelusta. Alkaako nyt rytin\u00e4?\" \/>\n<meta name=\"robots\" content=\"index, follow, max-snippet:-1, max-image-preview:large, max-video-preview:-1\" \/>\n<link rel=\"canonical\" href=\"https:\/\/suomenkuvalehti.fi\/kuvien-takaa\/elokuva-alan-rakenteiden-on-muututtava-kulttuuriministeri-terho-jyrahti\/\" \/>\n<meta property=\"og:locale\" content=\"fi_FI\" \/>\n<meta property=\"og:type\" content=\"article\" \/>\n<meta property=\"og:title\" content=\"Elokuva-alan rakenteiden on muututtava, kulttuuriministeri Terho jyr\u00e4hti - Kuvien takaa\" \/>\n<meta property=\"og:description\" content=\"Sampo Terholle luovutettiin selvitys elokuva- ja kulttuurialan seksuaalisesta h\u00e4irinn\u00e4st\u00e4 ja muusta ep\u00e4asiallisesta kohtelusta. Alkaako nyt rytin\u00e4?\" \/>\n<meta property=\"og:url\" content=\"https:\/\/suomenkuvalehti.fi\/kuvien-takaa\/elokuva-alan-rakenteiden-on-muututtava-kulttuuriministeri-terho-jyrahti\/\" \/>\n<meta property=\"og:site_name\" content=\"Kuvien takaa\" \/>\n<meta property=\"article:author\" content=\"https:\/\/www.facebook.com\/pages\/Kalle-Kinnunen-Kuvien-takaa\/190326157715410?fref=ts\" \/>\n<meta property=\"article:published_time\" content=\"2018-09-12T07:31:38+00:00\" \/>\n<meta property=\"article:modified_time\" content=\"2018-09-12T07:32:47+00:00\" \/>\n<meta property=\"og:image\" content=\"https:\/\/suomenkuvalehti.fi\/kuvien-takaa\/wp-content\/uploads\/sites\/11\/2022\/04\/kalle_kinnunen_blogi-1-scaled.jpg\" \/>\n\t<meta property=\"og:image:width\" content=\"2560\" \/>\n\t<meta property=\"og:image:height\" content=\"1707\" \/>\n\t<meta property=\"og:image:type\" content=\"image\/jpeg\" \/>\n<meta name=\"author\" content=\"Kalle Kinnunen\" \/>\n<meta name=\"twitter:card\" content=\"summary_large_image\" \/>\n<meta name=\"twitter:creator\" content=\"@https:\/\/twitter.com\/kallekinnunen\" \/>\n<meta name=\"twitter:label1\" content=\"Written by\" \/>\n\t<meta name=\"twitter:data1\" content=\"Kalle Kinnunen\" \/>\n\t<meta name=\"twitter:label2\" content=\"Est. reading time\" \/>\n\t<meta name=\"twitter:data2\" content=\"3 minuuttia\" \/>\n<script type=\"application\/ld+json\" class=\"yoast-schema-graph\">{\"@context\":\"https:\/\/schema.org\",\"@graph\":[{\"@type\":\"WebPage\",\"@id\":\"https:\/\/suomenkuvalehti.fi\/kuvien-takaa\/elokuva-alan-rakenteiden-on-muututtava-kulttuuriministeri-terho-jyrahti\/\",\"url\":\"https:\/\/suomenkuvalehti.fi\/kuvien-takaa\/elokuva-alan-rakenteiden-on-muututtava-kulttuuriministeri-terho-jyrahti\/\",\"name\":\"Elokuva-alan rakenteiden on muututtava, kulttuuriministeri Terho jyr\u00e4hti - Kuvien takaa\",\"isPartOf\":{\"@id\":\"https:\/\/suomenkuvalehti.fi\/kuvien-takaa\/#website\"},\"datePublished\":\"2018-09-12T07:31:38+00:00\",\"dateModified\":\"2018-09-12T07:32:47+00:00\",\"author\":{\"@id\":\"https:\/\/suomenkuvalehti.fi\/kuvien-takaa\/#\/schema\/person\/f3f657e4ad409e008f12af27bec60a23\"},\"description\":\"Sampo Terholle luovutettiin selvitys elokuva- ja kulttuurialan seksuaalisesta h\u00e4irinn\u00e4st\u00e4 ja muusta ep\u00e4asiallisesta kohtelusta. Alkaako nyt rytin\u00e4?\",\"breadcrumb\":{\"@id\":\"https:\/\/suomenkuvalehti.fi\/kuvien-takaa\/elokuva-alan-rakenteiden-on-muututtava-kulttuuriministeri-terho-jyrahti\/#breadcrumb\"},\"inLanguage\":\"fi\",\"potentialAction\":[{\"@type\":\"ReadAction\",\"target\":[\"https:\/\/suomenkuvalehti.fi\/kuvien-takaa\/elokuva-alan-rakenteiden-on-muututtava-kulttuuriministeri-terho-jyrahti\/\"]}]},{\"@type\":\"BreadcrumbList\",\"@id\":\"https:\/\/suomenkuvalehti.fi\/kuvien-takaa\/elokuva-alan-rakenteiden-on-muututtava-kulttuuriministeri-terho-jyrahti\/#breadcrumb\",\"itemListElement\":[{\"@type\":\"ListItem\",\"position\":1,\"name\":\"Home\",\"item\":\"https:\/\/suomenkuvalehti.fi\/kuvien-takaa\/\"},{\"@type\":\"ListItem\",\"position\":2,\"name\":\"Elokuva-alan rakenteiden on muututtava, kulttuuriministeri Terho jyr\u00e4hti\"}]},{\"@type\":\"WebSite\",\"@id\":\"https:\/\/suomenkuvalehti.fi\/kuvien-takaa\/#website\",\"url\":\"https:\/\/suomenkuvalehti.fi\/kuvien-takaa\/\",\"name\":\"Kuvien takaa\",\"description\":\"Elokuvakriitikko Kalle Kinnusen elokuvablogi.\",\"potentialAction\":[{\"@type\":\"SearchAction\",\"target\":{\"@type\":\"EntryPoint\",\"urlTemplate\":\"https:\/\/suomenkuvalehti.fi\/haku\/?q={search_term_string}\"},\"query-input\":{\"@type\":\"PropertyValueSpecification\",\"valueRequired\":true,\"valueName\":\"search_term_string\"}}],\"inLanguage\":\"fi\"},{\"@type\":\"Person\",\"@id\":\"https:\/\/suomenkuvalehti.fi\/kuvien-takaa\/#\/schema\/person\/f3f657e4ad409e008f12af27bec60a23\",\"name\":\"Kalle Kinnunen\",\"image\":{\"@type\":\"ImageObject\",\"inLanguage\":\"fi\",\"@id\":\"https:\/\/suomenkuvalehti.fi\/kuvien-takaa\/#\/schema\/person\/image\/\",\"url\":\"https:\/\/suomenkuvalehti.fi\/kuvien-takaa\/wp-content\/uploads\/sites\/11\/2022\/04\/kalle_kinnunen_blogi-1-150x150.jpg\",\"contentUrl\":\"https:\/\/suomenkuvalehti.fi\/kuvien-takaa\/wp-content\/uploads\/sites\/11\/2022\/04\/kalle_kinnunen_blogi-1-150x150.jpg\",\"caption\":\"Kalle Kinnunen\"},\"description\":\"Kalle Kinnunen on vapaa toimittaja ja Suomen Kuvalehden avustaja.\",\"sameAs\":[\"https:\/\/www.facebook.com\/pages\/Kalle-Kinnunen-Kuvien-takaa\/190326157715410?fref=ts\",\"https:\/\/x.com\/https:\/\/twitter.com\/kallekinnunen\"]}]}<\/script>\n<!-- \/ Yoast SEO plugin. -->","yoast_head_json":{"title":"Elokuva-alan rakenteiden on muututtava, kulttuuriministeri Terho jyr\u00e4hti - Kuvien takaa","description":"Sampo Terholle luovutettiin selvitys elokuva- ja kulttuurialan seksuaalisesta h\u00e4irinn\u00e4st\u00e4 ja muusta ep\u00e4asiallisesta kohtelusta. Alkaako nyt rytin\u00e4?","robots":{"index":"index","follow":"follow","max-snippet":"max-snippet:-1","max-image-preview":"max-image-preview:large","max-video-preview":"max-video-preview:-1"},"canonical":"https:\/\/suomenkuvalehti.fi\/kuvien-takaa\/elokuva-alan-rakenteiden-on-muututtava-kulttuuriministeri-terho-jyrahti\/","og_locale":"fi_FI","og_type":"article","og_title":"Elokuva-alan rakenteiden on muututtava, kulttuuriministeri Terho jyr\u00e4hti - Kuvien takaa","og_description":"Sampo Terholle luovutettiin selvitys elokuva- ja kulttuurialan seksuaalisesta h\u00e4irinn\u00e4st\u00e4 ja muusta ep\u00e4asiallisesta kohtelusta. Alkaako nyt rytin\u00e4?","og_url":"https:\/\/suomenkuvalehti.fi\/kuvien-takaa\/elokuva-alan-rakenteiden-on-muututtava-kulttuuriministeri-terho-jyrahti\/","og_site_name":"Kuvien takaa","article_author":"https:\/\/www.facebook.com\/pages\/Kalle-Kinnunen-Kuvien-takaa\/190326157715410?fref=ts","article_published_time":"2018-09-12T07:31:38+00:00","article_modified_time":"2018-09-12T07:32:47+00:00","og_image":[{"width":2560,"height":1707,"url":"https:\/\/suomenkuvalehti.fi\/kuvien-takaa\/wp-content\/uploads\/sites\/11\/2022\/04\/kalle_kinnunen_blogi-1-scaled.jpg","type":"image\/jpeg"}],"author":"Kalle Kinnunen","twitter_card":"summary_large_image","twitter_creator":"@https:\/\/twitter.com\/kallekinnunen","twitter_misc":{"Written by":"Kalle Kinnunen","Est. reading time":"3 minuuttia"},"schema":{"@context":"https:\/\/schema.org","@graph":[{"@type":"WebPage","@id":"https:\/\/suomenkuvalehti.fi\/kuvien-takaa\/elokuva-alan-rakenteiden-on-muututtava-kulttuuriministeri-terho-jyrahti\/","url":"https:\/\/suomenkuvalehti.fi\/kuvien-takaa\/elokuva-alan-rakenteiden-on-muututtava-kulttuuriministeri-terho-jyrahti\/","name":"Elokuva-alan rakenteiden on muututtava, kulttuuriministeri Terho jyr\u00e4hti - Kuvien takaa","isPartOf":{"@id":"https:\/\/suomenkuvalehti.fi\/kuvien-takaa\/#website"},"datePublished":"2018-09-12T07:31:38+00:00","dateModified":"2018-09-12T07:32:47+00:00","author":{"@id":"https:\/\/suomenkuvalehti.fi\/kuvien-takaa\/#\/schema\/person\/f3f657e4ad409e008f12af27bec60a23"},"description":"Sampo Terholle luovutettiin selvitys elokuva- ja kulttuurialan seksuaalisesta h\u00e4irinn\u00e4st\u00e4 ja muusta ep\u00e4asiallisesta kohtelusta. Alkaako nyt rytin\u00e4?","breadcrumb":{"@id":"https:\/\/suomenkuvalehti.fi\/kuvien-takaa\/elokuva-alan-rakenteiden-on-muututtava-kulttuuriministeri-terho-jyrahti\/#breadcrumb"},"inLanguage":"fi","potentialAction":[{"@type":"ReadAction","target":["https:\/\/suomenkuvalehti.fi\/kuvien-takaa\/elokuva-alan-rakenteiden-on-muututtava-kulttuuriministeri-terho-jyrahti\/"]}]},{"@type":"BreadcrumbList","@id":"https:\/\/suomenkuvalehti.fi\/kuvien-takaa\/elokuva-alan-rakenteiden-on-muututtava-kulttuuriministeri-terho-jyrahti\/#breadcrumb","itemListElement":[{"@type":"ListItem","position":1,"name":"Home","item":"https:\/\/suomenkuvalehti.fi\/kuvien-takaa\/"},{"@type":"ListItem","position":2,"name":"Elokuva-alan rakenteiden on muututtava, kulttuuriministeri Terho jyr\u00e4hti"}]},{"@type":"WebSite","@id":"https:\/\/suomenkuvalehti.fi\/kuvien-takaa\/#website","url":"https:\/\/suomenkuvalehti.fi\/kuvien-takaa\/","name":"Kuvien takaa","description":"Elokuvakriitikko Kalle Kinnusen elokuvablogi.","potentialAction":[{"@type":"SearchAction","target":{"@type":"EntryPoint","urlTemplate":"https:\/\/suomenkuvalehti.fi\/haku\/?q={search_term_string}"},"query-input":{"@type":"PropertyValueSpecification","valueRequired":true,"valueName":"search_term_string"}}],"inLanguage":"fi"},{"@type":"Person","@id":"https:\/\/suomenkuvalehti.fi\/kuvien-takaa\/#\/schema\/person\/f3f657e4ad409e008f12af27bec60a23","name":"Kalle Kinnunen","image":{"@type":"ImageObject","inLanguage":"fi","@id":"https:\/\/suomenkuvalehti.fi\/kuvien-takaa\/#\/schema\/person\/image\/","url":"https:\/\/suomenkuvalehti.fi\/kuvien-takaa\/wp-content\/uploads\/sites\/11\/2022\/04\/kalle_kinnunen_blogi-1-150x150.jpg","contentUrl":"https:\/\/suomenkuvalehti.fi\/kuvien-takaa\/wp-content\/uploads\/sites\/11\/2022\/04\/kalle_kinnunen_blogi-1-150x150.jpg","caption":"Kalle Kinnunen"},"description":"Kalle Kinnunen on vapaa toimittaja ja Suomen Kuvalehden avustaja.","sameAs":["https:\/\/www.facebook.com\/pages\/Kalle-Kinnunen-Kuvien-takaa\/190326157715410?fref=ts","https:\/\/x.com\/https:\/\/twitter.com\/kallekinnunen"]}]}},"_links":{"self":[{"href":"https:\/\/suomenkuvalehti.fi\/kuvien-takaa\/wp-json\/wp\/v2\/posts\/4657","targetHints":{"allow":["GET"]}}],"collection":[{"href":"https:\/\/suomenkuvalehti.fi\/kuvien-takaa\/wp-json\/wp\/v2\/posts"}],"about":[{"href":"https:\/\/suomenkuvalehti.fi\/kuvien-takaa\/wp-json\/wp\/v2\/types\/post"}],"author":[{"embeddable":true,"href":"https:\/\/suomenkuvalehti.fi\/kuvien-takaa\/wp-json\/wp\/v2\/users\/144"}],"replies":[{"embeddable":true,"href":"https:\/\/suomenkuvalehti.fi\/kuvien-takaa\/wp-json\/wp\/v2\/comments?post=4657"}],"version-history":[{"count":2,"href":"https:\/\/suomenkuvalehti.fi\/kuvien-takaa\/wp-json\/wp\/v2\/posts\/4657\/revisions"}],"predecessor-version":[{"id":4659,"href":"https:\/\/suomenkuvalehti.fi\/kuvien-takaa\/wp-json\/wp\/v2\/posts\/4657\/revisions\/4659"}],"wp:attachment":[{"href":"https:\/\/suomenkuvalehti.fi\/kuvien-takaa\/wp-json\/wp\/v2\/media?parent=4657"}],"wp:term":[{"taxonomy":"category","embeddable":true,"href":"https:\/\/suomenkuvalehti.fi\/kuvien-takaa\/wp-json\/wp\/v2\/categories?post=4657"},{"taxonomy":"post_tag","embeddable":true,"href":"https:\/\/suomenkuvalehti.fi\/kuvien-takaa\/wp-json\/wp\/v2\/tags?post=4657"}],"curies":[{"name":"wp","href":"https:\/\/api.w.org\/{rel}","templated":true}]}}