{"id":464,"date":"2012-02-24T05:31:00","date_gmt":"2012-02-24T03:31:00","guid":{"rendered":"https:\/\/suomenkuvalehti.fi\/kuvientakaa\/2012\/02\/24\/pappi-lukkari-talonpoika-vakooja-suurenmoinen-elokuva\/"},"modified":"2013-11-30T16:24:26","modified_gmt":"2013-11-30T14:24:26","slug":"pappi-lukkari-talonpoika-vakooja-suurenmoinen-elokuva","status":"publish","type":"post","link":"https:\/\/suomenkuvalehti.fi\/kuvien-takaa\/pappi-lukkari-talonpoika-vakooja-suurenmoinen-elokuva\/","title":{"rendered":"Pappi, lukkari, talonpoika, vakooja, suurenmoinen elokuva"},"content":{"rendered":"\n<p>Jos katsot vuoden 2012 ensimm\u00e4isell\u00e4 puoliskolla vain yhden elokuvan leffateatterissa, t\u00e4n\u00e4\u00e4n ensi-iltansa saava <strong>John Le Carr\u00e9<\/strong> -filmatisointi on ehdotukseni.<\/p>\n\n\n\n\n<p>Surumielisess\u00e4 vakoojakertomuksessa on monta tasoa ja jo pinnalla kaikki oivasti kohdallaan: j\u00e4nnitt\u00e4v\u00e4 tarina, loistavat n\u00e4yttelij\u00e4t (<strong>Gary Oldman<\/strong>, jonka uran silloisesta jamasta kolme vuotta sitten <a href=\"https:\/\/suomenkuvalehti.fi\/kuvientakaa\/2009\/03\/12\/kuka-oli-gary-oldman\/\">kirjoitin<\/a>, <strong>Colin Firth<\/strong>, <strong>Tom Hardy<\/strong>, <strong>Mark Strong<\/strong>, <strong>Ciaran Hinds<\/strong>&#8230;). Elokuva vaatii tarkkaavaisuutta, mutta palkitsee.<\/p>\n\n\n\n<p><em>&#8221;There&#8217;s no emotional exit in these <strong>Escher<\/strong>-like environs, no real &#8221;outside&#8221; or locus of everyday life, nothing beyond the Circus, despite mindless commitment to winning the Cold War for an abstraction called the West. Everyone&#8217;s a permanent insider, encoffined in shabby offices and dim apartments, sky-blocking edifices, even a claustrophobic camper&#8221;<\/em>, tunnelmoi <strong>Kathleen Murphy<\/strong><a href=\"http:\/\/movies.msn.com\/movies\/movie-critic-reviews\/tinker-tailor-soldier-spy.2\/\">MSN Moviesin arviossaan<\/a>.<\/p>\n\n\n\n<p>1970-luvun maailma on luotu taitavasti. Elokuva n\u00e4ytt\u00e4\u00e4 silt\u00e4 &#8221;milt\u00e4 m\u00e4rk\u00e4 tweed tuoksuu&#8221;, kuten k\u00e4sikirjoittaja <strong>Peter Straughan<\/strong> on luonnehtinut. Kirjoitin t\u00e4st\u00e4 n\u00e4k\u00f6kulmasta jutun t\u00e4n\u00e4\u00e4n ilmestyv\u00e4\u00e4n Suomen Kuvalehteen.<\/p>\n\n\n\n<p>Aikakauden rekonstruoiminen ei ole simppeli juttu. Se mik\u00e4 oli totta, ei olisi nyt v\u00e4ltt\u00e4m\u00e4tt\u00e4 katsojan mielest\u00e4 toden n\u00e4k\u00f6ist\u00e4.<\/p>\n\n\n\n<p><em>&#8221;Muistan, ett\u00e4 kun olin ensimm\u00e4isen kerran televisiohaastattelussa <\/em>[tapahtui 1970-luvulla]<em>, poltin ja join viski\u00e4. Jos tuollainen televisioesiintyminen n\u00e4ytett\u00e4isiin <\/em>[osana fiktiota]<em> nykyajan puritaanisessa maailmassa &#8211; vaikka uudessa elokuvassa &#8211; en tied\u00e4 uskoisiko katsoja sit\u00e4&#8221;<\/em>, keskeist\u00e4 sivuosaa n\u00e4yttelev\u00e4 <strong>John Hurt<\/strong> mietti Venetsian festivaaleilla.<\/p>\n\n\n\n<p>T\u00e4m\u00e4n mit\u00e4 brittil\u00e4isimm\u00e4n elokuvan ohjasi eritt\u00e4in lahjakas ruotsalainen <strong>Tomas Alfredson<\/strong>.<\/p>\n\n\n\n<p>Ensi viikolla lis\u00e4\u00e4 elokuvasta ja muutamia oivallisia linkkej\u00e4 sen jo n\u00e4hneille. (Ainoa ongelma: pitk\u00e4lti tarkoituksellisessa h\u00e4m\u00e4r\u00e4ss\u00e4 tapahtuva elokuva <em>on<\/em> v\u00e4h\u00e4n synkk\u00e4 t\u00e4h\u00e4n vuodenaikaan.)<\/p>\n\n\n","protected":false},"excerpt":{"rendered":"<p>Jos katsot vuoden 2012 ensimm\u00e4isell\u00e4 puoliskolla vain yhden elokuvan leffateatterissa, t\u00e4n\u00e4\u00e4n ensi-iltansa saava John Le Carr\u00e9 -filmatisointi on ehdotukseni. Surumielisess\u00e4 vakoojakertomuksessa on monta tasoa ja jo pinnalla kaikki oivasti kohdallaan: j\u00e4nnitt\u00e4v\u00e4<br \/>\ntarina, l&hellip;<\/p>\n","protected":false},"author":144,"featured_media":0,"comment_status":"open","ping_status":"open","sticky":false,"template":"","format":"standard","meta":{"_acf_changed":false,"asauth_required_access_level":0,"asauth_cansharepaid":"","om_header_attributes":[],"footnotes":"","om_featured_image_focal_point":[],"om_primary_tag":0,"om_contributors":[],"om_co_authors":[],"beyondwords_generate_audio":"","beyondwords_project_id":"","beyondwords_content_id":"","beyondwords_preview_token":"","beyondwords_player_content":"","beyondwords_player_style":"","beyondwords_language_code":"","beyondwords_language_id":"","beyondwords_title_voice_id":"","beyondwords_body_voice_id":"","beyondwords_summary_voice_id":"","beyondwords_error_message":"","beyondwords_disabled":"","beyondwords_delete_content":"","beyondwords_podcast_id":"","beyondwords_hash":"","publish_post_to_speechkit":"","speechkit_hash":"","speechkit_generate_audio":"","speechkit_project_id":"","speechkit_podcast_id":"","speechkit_error_message":"","speechkit_disabled":"","speechkit_access_key":"","speechkit_error":"","speechkit_info":"","speechkit_response":"","speechkit_retries":"","speechkit_status":"","speechkit_updated_at":"","_speechkit_link":"","_speechkit_text":""},"categories":[1],"tags":[750,749,752,742,448,751,411],"class_list":["post-464","post","type-post","status-publish","format-standard","hentry","category-kuvien-takaa","tag-colin-firth","tag-gary-oldman","tag-john-hurt","tag-john-le-carre","tag-pappi-lukkari-talonpoika-vakooja","tag-tom-hardy","tag-tomas-alfredson"],"om_views":null,"acf":{"tuuma_off":false,"tuuma_kysymys":"","tuuma_vastaus":""},"asauth":{"required_access_level":1,"share_token":"","is_paid":false},"yoast_head":"<!-- This site is optimized with the Yoast SEO plugin v26.4 - https:\/\/yoast.com\/wordpress\/plugins\/seo\/ -->\n<title>Pappi, lukkari, talonpoika, vakooja, suurenmoinen elokuva - Kuvien takaa<\/title>\n<meta name=\"robots\" content=\"index, follow, max-snippet:-1, max-image-preview:large, max-video-preview:-1\" \/>\n<link rel=\"canonical\" href=\"https:\/\/suomenkuvalehti.fi\/kuvien-takaa\/pappi-lukkari-talonpoika-vakooja-suurenmoinen-elokuva\/\" \/>\n<meta property=\"og:locale\" content=\"fi_FI\" \/>\n<meta property=\"og:type\" content=\"article\" \/>\n<meta property=\"og:title\" content=\"Pappi, lukkari, talonpoika, vakooja, suurenmoinen elokuva - Kuvien takaa\" \/>\n<meta property=\"og:description\" content=\"Jos katsot vuoden 2012 ensimm\u00e4isell\u00e4 puoliskolla vain yhden elokuvan leffateatterissa, t\u00e4n\u00e4\u00e4n ensi-iltansa saava John Le Carr\u00e9 -filmatisointi on ehdotukseni. Surumielisess\u00e4 vakoojakertomuksessa on monta tasoa ja jo pinnalla kaikki oivasti kohdallaan: j\u00e4nnitt\u00e4v\u00e4 tarina, l&hellip;\" \/>\n<meta property=\"og:url\" content=\"https:\/\/suomenkuvalehti.fi\/kuvien-takaa\/pappi-lukkari-talonpoika-vakooja-suurenmoinen-elokuva\/\" \/>\n<meta property=\"og:site_name\" content=\"Kuvien takaa\" \/>\n<meta property=\"article:author\" content=\"https:\/\/www.facebook.com\/pages\/Kalle-Kinnunen-Kuvien-takaa\/190326157715410?fref=ts\" \/>\n<meta property=\"article:published_time\" content=\"2012-02-24T03:31:00+00:00\" \/>\n<meta property=\"article:modified_time\" content=\"2013-11-30T14:24:26+00:00\" \/>\n<meta property=\"og:image\" content=\"https:\/\/suomenkuvalehti.fi\/kuvien-takaa\/wp-content\/uploads\/sites\/11\/2022\/04\/kalle_kinnunen_blogi-1-scaled.jpg\" \/>\n\t<meta property=\"og:image:width\" content=\"2560\" \/>\n\t<meta property=\"og:image:height\" content=\"1707\" \/>\n\t<meta property=\"og:image:type\" content=\"image\/jpeg\" \/>\n<meta name=\"author\" content=\"Kalle Kinnunen\" \/>\n<meta name=\"twitter:card\" content=\"summary_large_image\" \/>\n<meta name=\"twitter:creator\" content=\"@https:\/\/twitter.com\/kallekinnunen\" \/>\n<meta name=\"twitter:label1\" content=\"Written by\" \/>\n\t<meta name=\"twitter:data1\" content=\"Kalle Kinnunen\" \/>\n\t<meta name=\"twitter:label2\" content=\"Est. reading time\" \/>\n\t<meta name=\"twitter:data2\" content=\"1 minuutti\" \/>\n<script type=\"application\/ld+json\" class=\"yoast-schema-graph\">{\"@context\":\"https:\/\/schema.org\",\"@graph\":[{\"@type\":\"WebPage\",\"@id\":\"https:\/\/suomenkuvalehti.fi\/kuvien-takaa\/pappi-lukkari-talonpoika-vakooja-suurenmoinen-elokuva\/\",\"url\":\"https:\/\/suomenkuvalehti.fi\/kuvien-takaa\/pappi-lukkari-talonpoika-vakooja-suurenmoinen-elokuva\/\",\"name\":\"Pappi, lukkari, talonpoika, vakooja, suurenmoinen elokuva - Kuvien takaa\",\"isPartOf\":{\"@id\":\"https:\/\/suomenkuvalehti.fi\/kuvien-takaa\/#website\"},\"datePublished\":\"2012-02-24T03:31:00+00:00\",\"dateModified\":\"2013-11-30T14:24:26+00:00\",\"author\":{\"@id\":\"https:\/\/suomenkuvalehti.fi\/kuvien-takaa\/#\/schema\/person\/f3f657e4ad409e008f12af27bec60a23\"},\"breadcrumb\":{\"@id\":\"https:\/\/suomenkuvalehti.fi\/kuvien-takaa\/pappi-lukkari-talonpoika-vakooja-suurenmoinen-elokuva\/#breadcrumb\"},\"inLanguage\":\"fi\",\"potentialAction\":[{\"@type\":\"ReadAction\",\"target\":[\"https:\/\/suomenkuvalehti.fi\/kuvien-takaa\/pappi-lukkari-talonpoika-vakooja-suurenmoinen-elokuva\/\"]}]},{\"@type\":\"BreadcrumbList\",\"@id\":\"https:\/\/suomenkuvalehti.fi\/kuvien-takaa\/pappi-lukkari-talonpoika-vakooja-suurenmoinen-elokuva\/#breadcrumb\",\"itemListElement\":[{\"@type\":\"ListItem\",\"position\":1,\"name\":\"Home\",\"item\":\"https:\/\/suomenkuvalehti.fi\/kuvien-takaa\/\"},{\"@type\":\"ListItem\",\"position\":2,\"name\":\"Pappi, lukkari, talonpoika, vakooja, suurenmoinen elokuva\"}]},{\"@type\":\"WebSite\",\"@id\":\"https:\/\/suomenkuvalehti.fi\/kuvien-takaa\/#website\",\"url\":\"https:\/\/suomenkuvalehti.fi\/kuvien-takaa\/\",\"name\":\"Kuvien takaa\",\"description\":\"Elokuvakriitikko Kalle Kinnusen elokuvablogi.\",\"potentialAction\":[{\"@type\":\"SearchAction\",\"target\":{\"@type\":\"EntryPoint\",\"urlTemplate\":\"https:\/\/suomenkuvalehti.fi\/haku\/?q={search_term_string}\"},\"query-input\":{\"@type\":\"PropertyValueSpecification\",\"valueRequired\":true,\"valueName\":\"search_term_string\"}}],\"inLanguage\":\"fi\"},{\"@type\":\"Person\",\"@id\":\"https:\/\/suomenkuvalehti.fi\/kuvien-takaa\/#\/schema\/person\/f3f657e4ad409e008f12af27bec60a23\",\"name\":\"Kalle Kinnunen\",\"image\":{\"@type\":\"ImageObject\",\"inLanguage\":\"fi\",\"@id\":\"https:\/\/suomenkuvalehti.fi\/kuvien-takaa\/#\/schema\/person\/image\/\",\"url\":\"https:\/\/suomenkuvalehti.fi\/kuvien-takaa\/wp-content\/uploads\/sites\/11\/2022\/04\/kalle_kinnunen_blogi-1-150x150.jpg\",\"contentUrl\":\"https:\/\/suomenkuvalehti.fi\/kuvien-takaa\/wp-content\/uploads\/sites\/11\/2022\/04\/kalle_kinnunen_blogi-1-150x150.jpg\",\"caption\":\"Kalle Kinnunen\"},\"description\":\"Kalle Kinnunen on vapaa toimittaja ja Suomen Kuvalehden avustaja.\",\"sameAs\":[\"https:\/\/www.facebook.com\/pages\/Kalle-Kinnunen-Kuvien-takaa\/190326157715410?fref=ts\",\"https:\/\/x.com\/https:\/\/twitter.com\/kallekinnunen\"]}]}<\/script>\n<!-- \/ Yoast SEO plugin. -->","yoast_head_json":{"title":"Pappi, lukkari, talonpoika, vakooja, suurenmoinen elokuva - Kuvien takaa","robots":{"index":"index","follow":"follow","max-snippet":"max-snippet:-1","max-image-preview":"max-image-preview:large","max-video-preview":"max-video-preview:-1"},"canonical":"https:\/\/suomenkuvalehti.fi\/kuvien-takaa\/pappi-lukkari-talonpoika-vakooja-suurenmoinen-elokuva\/","og_locale":"fi_FI","og_type":"article","og_title":"Pappi, lukkari, talonpoika, vakooja, suurenmoinen elokuva - Kuvien takaa","og_description":"Jos katsot vuoden 2012 ensimm\u00e4isell\u00e4 puoliskolla vain yhden elokuvan leffateatterissa, t\u00e4n\u00e4\u00e4n ensi-iltansa saava John Le Carr\u00e9 -filmatisointi on ehdotukseni. Surumielisess\u00e4 vakoojakertomuksessa on monta tasoa ja jo pinnalla kaikki oivasti kohdallaan: j\u00e4nnitt\u00e4v\u00e4 tarina, l&hellip;","og_url":"https:\/\/suomenkuvalehti.fi\/kuvien-takaa\/pappi-lukkari-talonpoika-vakooja-suurenmoinen-elokuva\/","og_site_name":"Kuvien takaa","article_author":"https:\/\/www.facebook.com\/pages\/Kalle-Kinnunen-Kuvien-takaa\/190326157715410?fref=ts","article_published_time":"2012-02-24T03:31:00+00:00","article_modified_time":"2013-11-30T14:24:26+00:00","og_image":[{"width":2560,"height":1707,"url":"https:\/\/suomenkuvalehti.fi\/kuvien-takaa\/wp-content\/uploads\/sites\/11\/2022\/04\/kalle_kinnunen_blogi-1-scaled.jpg","type":"image\/jpeg"}],"author":"Kalle Kinnunen","twitter_card":"summary_large_image","twitter_creator":"@https:\/\/twitter.com\/kallekinnunen","twitter_misc":{"Written by":"Kalle Kinnunen","Est. reading time":"1 minuutti"},"schema":{"@context":"https:\/\/schema.org","@graph":[{"@type":"WebPage","@id":"https:\/\/suomenkuvalehti.fi\/kuvien-takaa\/pappi-lukkari-talonpoika-vakooja-suurenmoinen-elokuva\/","url":"https:\/\/suomenkuvalehti.fi\/kuvien-takaa\/pappi-lukkari-talonpoika-vakooja-suurenmoinen-elokuva\/","name":"Pappi, lukkari, talonpoika, vakooja, suurenmoinen elokuva - Kuvien takaa","isPartOf":{"@id":"https:\/\/suomenkuvalehti.fi\/kuvien-takaa\/#website"},"datePublished":"2012-02-24T03:31:00+00:00","dateModified":"2013-11-30T14:24:26+00:00","author":{"@id":"https:\/\/suomenkuvalehti.fi\/kuvien-takaa\/#\/schema\/person\/f3f657e4ad409e008f12af27bec60a23"},"breadcrumb":{"@id":"https:\/\/suomenkuvalehti.fi\/kuvien-takaa\/pappi-lukkari-talonpoika-vakooja-suurenmoinen-elokuva\/#breadcrumb"},"inLanguage":"fi","potentialAction":[{"@type":"ReadAction","target":["https:\/\/suomenkuvalehti.fi\/kuvien-takaa\/pappi-lukkari-talonpoika-vakooja-suurenmoinen-elokuva\/"]}]},{"@type":"BreadcrumbList","@id":"https:\/\/suomenkuvalehti.fi\/kuvien-takaa\/pappi-lukkari-talonpoika-vakooja-suurenmoinen-elokuva\/#breadcrumb","itemListElement":[{"@type":"ListItem","position":1,"name":"Home","item":"https:\/\/suomenkuvalehti.fi\/kuvien-takaa\/"},{"@type":"ListItem","position":2,"name":"Pappi, lukkari, talonpoika, vakooja, suurenmoinen elokuva"}]},{"@type":"WebSite","@id":"https:\/\/suomenkuvalehti.fi\/kuvien-takaa\/#website","url":"https:\/\/suomenkuvalehti.fi\/kuvien-takaa\/","name":"Kuvien takaa","description":"Elokuvakriitikko Kalle Kinnusen elokuvablogi.","potentialAction":[{"@type":"SearchAction","target":{"@type":"EntryPoint","urlTemplate":"https:\/\/suomenkuvalehti.fi\/haku\/?q={search_term_string}"},"query-input":{"@type":"PropertyValueSpecification","valueRequired":true,"valueName":"search_term_string"}}],"inLanguage":"fi"},{"@type":"Person","@id":"https:\/\/suomenkuvalehti.fi\/kuvien-takaa\/#\/schema\/person\/f3f657e4ad409e008f12af27bec60a23","name":"Kalle Kinnunen","image":{"@type":"ImageObject","inLanguage":"fi","@id":"https:\/\/suomenkuvalehti.fi\/kuvien-takaa\/#\/schema\/person\/image\/","url":"https:\/\/suomenkuvalehti.fi\/kuvien-takaa\/wp-content\/uploads\/sites\/11\/2022\/04\/kalle_kinnunen_blogi-1-150x150.jpg","contentUrl":"https:\/\/suomenkuvalehti.fi\/kuvien-takaa\/wp-content\/uploads\/sites\/11\/2022\/04\/kalle_kinnunen_blogi-1-150x150.jpg","caption":"Kalle Kinnunen"},"description":"Kalle Kinnunen on vapaa toimittaja ja Suomen Kuvalehden avustaja.","sameAs":["https:\/\/www.facebook.com\/pages\/Kalle-Kinnunen-Kuvien-takaa\/190326157715410?fref=ts","https:\/\/x.com\/https:\/\/twitter.com\/kallekinnunen"]}]}},"_links":{"self":[{"href":"https:\/\/suomenkuvalehti.fi\/kuvien-takaa\/wp-json\/wp\/v2\/posts\/464","targetHints":{"allow":["GET"]}}],"collection":[{"href":"https:\/\/suomenkuvalehti.fi\/kuvien-takaa\/wp-json\/wp\/v2\/posts"}],"about":[{"href":"https:\/\/suomenkuvalehti.fi\/kuvien-takaa\/wp-json\/wp\/v2\/types\/post"}],"author":[{"embeddable":true,"href":"https:\/\/suomenkuvalehti.fi\/kuvien-takaa\/wp-json\/wp\/v2\/users\/144"}],"replies":[{"embeddable":true,"href":"https:\/\/suomenkuvalehti.fi\/kuvien-takaa\/wp-json\/wp\/v2\/comments?post=464"}],"version-history":[{"count":1,"href":"https:\/\/suomenkuvalehti.fi\/kuvien-takaa\/wp-json\/wp\/v2\/posts\/464\/revisions"}],"predecessor-version":[{"id":1272,"href":"https:\/\/suomenkuvalehti.fi\/kuvien-takaa\/wp-json\/wp\/v2\/posts\/464\/revisions\/1272"}],"wp:attachment":[{"href":"https:\/\/suomenkuvalehti.fi\/kuvien-takaa\/wp-json\/wp\/v2\/media?parent=464"}],"wp:term":[{"taxonomy":"category","embeddable":true,"href":"https:\/\/suomenkuvalehti.fi\/kuvien-takaa\/wp-json\/wp\/v2\/categories?post=464"},{"taxonomy":"post_tag","embeddable":true,"href":"https:\/\/suomenkuvalehti.fi\/kuvien-takaa\/wp-json\/wp\/v2\/tags?post=464"}],"curies":[{"name":"wp","href":"https:\/\/api.w.org\/{rel}","templated":true}]}}