{"id":462,"date":"2012-03-01T08:01:00","date_gmt":"2012-03-01T06:01:00","guid":{"rendered":"https:\/\/suomenkuvalehti.fi\/kuvientakaa\/2012\/03\/01\/pappi-lukkari-talonpoika-vakooja-taustaa-tulkintaa-ja-pohdiskelua\/"},"modified":"2013-11-30T16:24:26","modified_gmt":"2013-11-30T14:24:26","slug":"pappi-lukkari-talonpoika-vakooja-taustaa-tulkintaa-ja-pohdiskelua","status":"publish","type":"post","link":"https:\/\/suomenkuvalehti.fi\/kuvien-takaa\/pappi-lukkari-talonpoika-vakooja-taustaa-tulkintaa-ja-pohdiskelua\/","title":{"rendered":"Pappi, lukkari, talonpoika, vakooja &#8211; taustaa, tulkintaa ja pohdiskelua"},"content":{"rendered":"\n<p>My\u00f6nn\u00e4n auliisti, etten ensimm\u00e4isell\u00e4 katsomiskerralla p\u00e4\u00e4ssyt aivan perille uuden, taiturimaisen <strong>John Le Carr\u00e9<\/strong> -filmatisoinnin juonen kaikista kiemuroista. Palaset loksahtivat nautittavasti kohdalleen, loppu tuntui ter\u00e4v\u00e4n loogiselta olematta ilmeinen, mutta en n\u00e4hnyt koko kuvaa kerralla. Tekij\u00e4tkin ovat kuvailleet elokuvaansa mosaiikiksi.<\/p>\n\n\n\n\n<p>Yksi blogien lahja on kirjoittajien mahdollisuus analysoida elokuvaa monipuolisesti heti tuoreeltaan. Aloitetaan elokuvaprofessori <strong>David Bordwellista<\/strong>, joka on julkaissut <strong>Tomas Alfredsonin<\/strong> taidonn\u00e4ytteest\u00e4 jo kaksi hienoa kirjoitusta.<\/p>\n\n\n\n<p>Linkkien takaa paljastuu spoilereita, joten jos et ole elokuvaa n\u00e4hnyt, eteenp\u00e4in lukemisen sijaan tee itsellesi palvelus ja mene katsomaan se. (Tai jos olet paatunut sohvaperuna, tilaa dvd tai blu-ray Iso-Britanniasta &#8211; se ilmestyi jo viikkoja sitten.)<\/p>\n\n\n\n<p><a href=\"http:\/\/www.davidbordwell.net\/blog\/2012\/01\/23\/tinker-tailor-a-guide-for-the-perplexed\/\"><em>A guide for the perplexed<\/em><\/a> -otsikon alla Bordwell (joka julistautuu le Carr\u00e9 -faniksi) vertailee alkuper\u00e4ist\u00e4 romaania, vuonna 1979 valmistunutta BBC:n sarjaa (jota en ole n\u00e4hnyt) ja nyt Suomessa valkokankailla olevaa elokuvaa.<\/p>\n\n\n\n<p>Bordwell kirjoittaa herkullisesti Alfredsonin s\u00e4\u00e4steli\u00e4\u00e4st\u00e4 kerronasta sek\u00e4 elokuvan lukuisista viittauksista ja sis\u00e4isist\u00e4 yhteyksist\u00e4, joissa harva pysyy t\u00e4ysin k\u00e4rryill\u00e4. H\u00e4n rajaa p\u00e4\u00e4henkil\u00f6n, varjoissa viihtyv\u00e4n Smileyn &#8211; jota on my\u00f6s nimitetty er\u00e4\u00e4ss\u00e4 arviossa Nosferatuksi &#8211; persoonaa tarkkan\u00e4k\u00f6isesti. Kunpa t\u00e4llaisia elokuvakirjoittajia olisi enemm\u00e4n.<\/p>\n\n\n\n<p><em>&#8221;It may be that art films have always tended to be self-consciously wrought genre films. <\/em>L&#8217;Avventura<em>: A mystery-melodrama. <\/em>Blow-Up<em>: A detective story. <\/em>Drive<em>: the thinking person&#8217;s action film. If so, then Tinker Tailor is the smart Bourne movie. Creative novelty needs a familiar base to play off. Movies come from other movies, and originality can take a tradition, even a popular one, as a point of departure for innovation&#8221;<\/em>, Bordwell liitt\u00e4\u00e4 PLTV:t\u00e4 perinteisiin.<\/p>\n\n\n\n<p><a href=\"http:\/\/www.thedailybeast.com\/articles\/2012\/02\/15\/tinker-tailor-soldier-spy-oscar-nominees-gary-oldman-and-peter-straughan.print.html\">The Daily Beastissa<\/a> elokuvan p\u00e4\u00e4osan\u00e4yttelij\u00e4 <strong>Gary Oldman<\/strong> ja k\u00e4sikirjoittaja <strong>Peter Straughan<\/strong> kertova viidest\u00e4 t\u00e4rke\u00e4st\u00e4 kohtauksesta.<\/p>\n\n\n\n<p>Tekij\u00e4t avaavat omin sanoin, miksi kohtaukset ovat niin vaikuttavia (ja ne ovat). My\u00f6s tekniset yksityiskohdat ovat kiinnostavia: <em>&#8221;It was something ridiculous like a 2,000-millimeter lens. We are on the airfield and they were miles and miles away. The crew looked like ants from where we were standing. The lens crushes all the depth of field. The plane stopped a good hundred meters from where we are standing but it looks like it is going to decapitate us. And Esterhase is all panicked. It worked rather well. I think <strong>David<\/strong> (<strong>Dencik<\/strong>) forgot his line&#8221;<\/em>, Oldman kertoo.<\/p>\n\n\n\n<p>Mist\u00e4 tuli mieleeni, ett\u00e4 olipa ruotsalaisn\u00e4yttelij\u00e4 Dencik loistava t\u00e4ss\u00e4kin.<\/p>\n\n\n\n<p>Bordwell jatkoi le Carr\u00e9 -analyysiaan viime viikolla: <a href=\"http:\/\/www.davidbordwell.net\/blog\/2012\/02\/20\/tinker-tailor-once-more-tradecraft\/\">Once more tradecraft<\/a>.<\/p>\n\n\n\n<p>H\u00e4n analysoi tarinan ep\u00e4tavallista muotoa pidemm\u00e4lle ja miettii p\u00e4\u00e4henkil\u00f6 Smileyn arvoituksellisuutta: <em>&#8221;More broadly, the film&#8217;s stinginess about supplying information extends to its protagonist. As I suggested in the first post, Smiley doesn&#8217;t just solve mysteries-he is one. What does he want? Oldman&#8217;s dry, impassive performance bottles the shrewdness, sternness, and pain that Guinness let leak out in the series. It still seems to me that the film&#8217;s Smiley is playing a waiting game; even the Aha! moment near the climax, when he seems to have hit upon something, proves to be obscure.<\/em>&#8221;<\/p>\n\n\n\n<p>T\u00e4m\u00e4 elokuva on harhaanjohtamisen taidetta.<\/p>\n\n\n\n<p><em>&#8221;More than most plot types, I think, a mystery story lures us into \nanalysis. Think of the endless fan probes into <\/em>Memento, Primer, Donnie \nDarko<em>, and the like. The secrets in the action, and the roundabout \ntactics of recounting it, invite us to think about narrative technique \nmore abstractly than we usually do. We&#8217;re encouraged to study how we&#8217;ve \nbeen misled. Analysis is a bit like detective work, but also like \nacademic research. The analyst has a lot in common with Smiley and his \npatient burrowing into the files.&#8221;<\/em><\/p>\n\n\n\n<p>N\u00e4iden tekstien lukemisen j\u00e4lkeen olen palanut halusta n\u00e4hd\u00e4 Pappi, lukkari, talonpoika, vakoojan kolmannen kerran mahdollisimman pian. Valkokankaalla, jossa tunnelmasta ja yksityiskohdista on miellytt\u00e4v\u00e4mp\u00e4\u00e4 nauttia.<\/p>\n\n\n\n<p><em>Linkin takana <a href=\"https:\/\/suomenkuvalehti.fi\/kuvientakaa\/2012\/02\/24\/pappi-lukkari-talonpoika-vakooja-suurenmoinen-elokuva\/\">edellinen blogimerkint\u00e4ni elokuvasta<\/a>.<\/em><\/p>\n\n\n","protected":false},"excerpt":{"rendered":"<p>My\u00f6nn\u00e4n auliisti, etten ensimm\u00e4isell\u00e4 katsomiskerralla p\u00e4\u00e4ssyt aivan perille uuden, taiturimaisen John Le Carr\u00e9 -filmatisoinnin juonen kaikista kiemuroista. Palaset loksahtivat nautittavasti kohdalleen, loppu tuntui ter\u00e4v\u00e4n loogiselta olematta<br \/>\nilmeinen&hellip;<\/p>\n","protected":false},"author":144,"featured_media":0,"comment_status":"open","ping_status":"open","sticky":false,"template":"","format":"standard","meta":{"_acf_changed":false,"asauth_required_access_level":0,"asauth_cansharepaid":"","om_header_attributes":[],"footnotes":"","om_featured_image_focal_point":[],"om_primary_tag":0,"om_contributors":[],"om_co_authors":[],"beyondwords_generate_audio":"","beyondwords_project_id":"","beyondwords_content_id":"","beyondwords_preview_token":"","beyondwords_player_content":"","beyondwords_player_style":"","beyondwords_language_code":"","beyondwords_language_id":"","beyondwords_title_voice_id":"","beyondwords_body_voice_id":"","beyondwords_summary_voice_id":"","beyondwords_error_message":"","beyondwords_disabled":"","beyondwords_delete_content":"","beyondwords_podcast_id":"","beyondwords_hash":"","publish_post_to_speechkit":"","speechkit_hash":"","speechkit_generate_audio":"","speechkit_project_id":"","speechkit_podcast_id":"","speechkit_error_message":"","speechkit_disabled":"","speechkit_access_key":"","speechkit_error":"","speechkit_info":"","speechkit_response":"","speechkit_retries":"","speechkit_status":"","speechkit_updated_at":"","_speechkit_link":"","_speechkit_text":""},"categories":[1],"tags":[743,742,448,411],"class_list":["post-462","post","type-post","status-publish","format-standard","hentry","category-kuvien-takaa","tag-david-bordwell","tag-john-le-carre","tag-pappi-lukkari-talonpoika-vakooja","tag-tomas-alfredson"],"om_views":null,"acf":{"tuuma_off":false,"tuuma_kysymys":"","tuuma_vastaus":""},"asauth":{"required_access_level":1,"share_token":"","is_paid":false},"yoast_head":"<!-- This site is optimized with the Yoast SEO plugin v26.4 - https:\/\/yoast.com\/wordpress\/plugins\/seo\/ -->\n<title>Pappi, lukkari, talonpoika, vakooja - taustaa, tulkintaa ja pohdiskelua - Kuvien takaa<\/title>\n<meta name=\"robots\" content=\"index, follow, max-snippet:-1, max-image-preview:large, max-video-preview:-1\" \/>\n<link rel=\"canonical\" href=\"https:\/\/suomenkuvalehti.fi\/kuvien-takaa\/pappi-lukkari-talonpoika-vakooja-taustaa-tulkintaa-ja-pohdiskelua\/\" \/>\n<meta property=\"og:locale\" content=\"fi_FI\" \/>\n<meta property=\"og:type\" content=\"article\" \/>\n<meta property=\"og:title\" content=\"Pappi, lukkari, talonpoika, vakooja - taustaa, tulkintaa ja pohdiskelua - Kuvien takaa\" \/>\n<meta property=\"og:description\" content=\"My\u00f6nn\u00e4n auliisti, etten ensimm\u00e4isell\u00e4 katsomiskerralla p\u00e4\u00e4ssyt aivan perille uuden, taiturimaisen John Le Carr\u00e9 -filmatisoinnin juonen kaikista kiemuroista. Palaset loksahtivat nautittavasti kohdalleen, loppu tuntui ter\u00e4v\u00e4n loogiselta olematta ilmeinen&hellip;\" \/>\n<meta property=\"og:url\" content=\"https:\/\/suomenkuvalehti.fi\/kuvien-takaa\/pappi-lukkari-talonpoika-vakooja-taustaa-tulkintaa-ja-pohdiskelua\/\" \/>\n<meta property=\"og:site_name\" content=\"Kuvien takaa\" \/>\n<meta property=\"article:author\" content=\"https:\/\/www.facebook.com\/pages\/Kalle-Kinnunen-Kuvien-takaa\/190326157715410?fref=ts\" \/>\n<meta property=\"article:published_time\" content=\"2012-03-01T06:01:00+00:00\" \/>\n<meta property=\"article:modified_time\" content=\"2013-11-30T14:24:26+00:00\" \/>\n<meta property=\"og:image\" content=\"https:\/\/suomenkuvalehti.fi\/kuvien-takaa\/wp-content\/uploads\/sites\/11\/2022\/04\/kalle_kinnunen_blogi-1-scaled.jpg\" \/>\n\t<meta property=\"og:image:width\" content=\"2560\" \/>\n\t<meta property=\"og:image:height\" content=\"1707\" \/>\n\t<meta property=\"og:image:type\" content=\"image\/jpeg\" \/>\n<meta name=\"author\" content=\"Kalle Kinnunen\" \/>\n<meta name=\"twitter:card\" content=\"summary_large_image\" \/>\n<meta name=\"twitter:creator\" content=\"@https:\/\/twitter.com\/kallekinnunen\" \/>\n<meta name=\"twitter:label1\" content=\"Written by\" \/>\n\t<meta name=\"twitter:data1\" content=\"Kalle Kinnunen\" \/>\n\t<meta name=\"twitter:label2\" content=\"Est. reading time\" \/>\n\t<meta name=\"twitter:data2\" content=\"3 minuuttia\" \/>\n<script type=\"application\/ld+json\" class=\"yoast-schema-graph\">{\"@context\":\"https:\/\/schema.org\",\"@graph\":[{\"@type\":\"WebPage\",\"@id\":\"https:\/\/suomenkuvalehti.fi\/kuvien-takaa\/pappi-lukkari-talonpoika-vakooja-taustaa-tulkintaa-ja-pohdiskelua\/\",\"url\":\"https:\/\/suomenkuvalehti.fi\/kuvien-takaa\/pappi-lukkari-talonpoika-vakooja-taustaa-tulkintaa-ja-pohdiskelua\/\",\"name\":\"Pappi, lukkari, talonpoika, vakooja - taustaa, tulkintaa ja pohdiskelua - Kuvien takaa\",\"isPartOf\":{\"@id\":\"https:\/\/suomenkuvalehti.fi\/kuvien-takaa\/#website\"},\"datePublished\":\"2012-03-01T06:01:00+00:00\",\"dateModified\":\"2013-11-30T14:24:26+00:00\",\"author\":{\"@id\":\"https:\/\/suomenkuvalehti.fi\/kuvien-takaa\/#\/schema\/person\/f3f657e4ad409e008f12af27bec60a23\"},\"breadcrumb\":{\"@id\":\"https:\/\/suomenkuvalehti.fi\/kuvien-takaa\/pappi-lukkari-talonpoika-vakooja-taustaa-tulkintaa-ja-pohdiskelua\/#breadcrumb\"},\"inLanguage\":\"fi\",\"potentialAction\":[{\"@type\":\"ReadAction\",\"target\":[\"https:\/\/suomenkuvalehti.fi\/kuvien-takaa\/pappi-lukkari-talonpoika-vakooja-taustaa-tulkintaa-ja-pohdiskelua\/\"]}]},{\"@type\":\"BreadcrumbList\",\"@id\":\"https:\/\/suomenkuvalehti.fi\/kuvien-takaa\/pappi-lukkari-talonpoika-vakooja-taustaa-tulkintaa-ja-pohdiskelua\/#breadcrumb\",\"itemListElement\":[{\"@type\":\"ListItem\",\"position\":1,\"name\":\"Home\",\"item\":\"https:\/\/suomenkuvalehti.fi\/kuvien-takaa\/\"},{\"@type\":\"ListItem\",\"position\":2,\"name\":\"Pappi, lukkari, talonpoika, vakooja &#8211; taustaa, tulkintaa ja pohdiskelua\"}]},{\"@type\":\"WebSite\",\"@id\":\"https:\/\/suomenkuvalehti.fi\/kuvien-takaa\/#website\",\"url\":\"https:\/\/suomenkuvalehti.fi\/kuvien-takaa\/\",\"name\":\"Kuvien takaa\",\"description\":\"Elokuvakriitikko Kalle Kinnusen elokuvablogi.\",\"potentialAction\":[{\"@type\":\"SearchAction\",\"target\":{\"@type\":\"EntryPoint\",\"urlTemplate\":\"https:\/\/suomenkuvalehti.fi\/haku\/?q={search_term_string}\"},\"query-input\":{\"@type\":\"PropertyValueSpecification\",\"valueRequired\":true,\"valueName\":\"search_term_string\"}}],\"inLanguage\":\"fi\"},{\"@type\":\"Person\",\"@id\":\"https:\/\/suomenkuvalehti.fi\/kuvien-takaa\/#\/schema\/person\/f3f657e4ad409e008f12af27bec60a23\",\"name\":\"Kalle Kinnunen\",\"image\":{\"@type\":\"ImageObject\",\"inLanguage\":\"fi\",\"@id\":\"https:\/\/suomenkuvalehti.fi\/kuvien-takaa\/#\/schema\/person\/image\/\",\"url\":\"https:\/\/suomenkuvalehti.fi\/kuvien-takaa\/wp-content\/uploads\/sites\/11\/2022\/04\/kalle_kinnunen_blogi-1-150x150.jpg\",\"contentUrl\":\"https:\/\/suomenkuvalehti.fi\/kuvien-takaa\/wp-content\/uploads\/sites\/11\/2022\/04\/kalle_kinnunen_blogi-1-150x150.jpg\",\"caption\":\"Kalle Kinnunen\"},\"description\":\"Kalle Kinnunen on vapaa toimittaja ja Suomen Kuvalehden avustaja.\",\"sameAs\":[\"https:\/\/www.facebook.com\/pages\/Kalle-Kinnunen-Kuvien-takaa\/190326157715410?fref=ts\",\"https:\/\/x.com\/https:\/\/twitter.com\/kallekinnunen\"]}]}<\/script>\n<!-- \/ Yoast SEO plugin. -->","yoast_head_json":{"title":"Pappi, lukkari, talonpoika, vakooja - taustaa, tulkintaa ja pohdiskelua - Kuvien takaa","robots":{"index":"index","follow":"follow","max-snippet":"max-snippet:-1","max-image-preview":"max-image-preview:large","max-video-preview":"max-video-preview:-1"},"canonical":"https:\/\/suomenkuvalehti.fi\/kuvien-takaa\/pappi-lukkari-talonpoika-vakooja-taustaa-tulkintaa-ja-pohdiskelua\/","og_locale":"fi_FI","og_type":"article","og_title":"Pappi, lukkari, talonpoika, vakooja - taustaa, tulkintaa ja pohdiskelua - Kuvien takaa","og_description":"My\u00f6nn\u00e4n auliisti, etten ensimm\u00e4isell\u00e4 katsomiskerralla p\u00e4\u00e4ssyt aivan perille uuden, taiturimaisen John Le Carr\u00e9 -filmatisoinnin juonen kaikista kiemuroista. Palaset loksahtivat nautittavasti kohdalleen, loppu tuntui ter\u00e4v\u00e4n loogiselta olematta ilmeinen&hellip;","og_url":"https:\/\/suomenkuvalehti.fi\/kuvien-takaa\/pappi-lukkari-talonpoika-vakooja-taustaa-tulkintaa-ja-pohdiskelua\/","og_site_name":"Kuvien takaa","article_author":"https:\/\/www.facebook.com\/pages\/Kalle-Kinnunen-Kuvien-takaa\/190326157715410?fref=ts","article_published_time":"2012-03-01T06:01:00+00:00","article_modified_time":"2013-11-30T14:24:26+00:00","og_image":[{"width":2560,"height":1707,"url":"https:\/\/suomenkuvalehti.fi\/kuvien-takaa\/wp-content\/uploads\/sites\/11\/2022\/04\/kalle_kinnunen_blogi-1-scaled.jpg","type":"image\/jpeg"}],"author":"Kalle Kinnunen","twitter_card":"summary_large_image","twitter_creator":"@https:\/\/twitter.com\/kallekinnunen","twitter_misc":{"Written by":"Kalle Kinnunen","Est. reading time":"3 minuuttia"},"schema":{"@context":"https:\/\/schema.org","@graph":[{"@type":"WebPage","@id":"https:\/\/suomenkuvalehti.fi\/kuvien-takaa\/pappi-lukkari-talonpoika-vakooja-taustaa-tulkintaa-ja-pohdiskelua\/","url":"https:\/\/suomenkuvalehti.fi\/kuvien-takaa\/pappi-lukkari-talonpoika-vakooja-taustaa-tulkintaa-ja-pohdiskelua\/","name":"Pappi, lukkari, talonpoika, vakooja - taustaa, tulkintaa ja pohdiskelua - Kuvien takaa","isPartOf":{"@id":"https:\/\/suomenkuvalehti.fi\/kuvien-takaa\/#website"},"datePublished":"2012-03-01T06:01:00+00:00","dateModified":"2013-11-30T14:24:26+00:00","author":{"@id":"https:\/\/suomenkuvalehti.fi\/kuvien-takaa\/#\/schema\/person\/f3f657e4ad409e008f12af27bec60a23"},"breadcrumb":{"@id":"https:\/\/suomenkuvalehti.fi\/kuvien-takaa\/pappi-lukkari-talonpoika-vakooja-taustaa-tulkintaa-ja-pohdiskelua\/#breadcrumb"},"inLanguage":"fi","potentialAction":[{"@type":"ReadAction","target":["https:\/\/suomenkuvalehti.fi\/kuvien-takaa\/pappi-lukkari-talonpoika-vakooja-taustaa-tulkintaa-ja-pohdiskelua\/"]}]},{"@type":"BreadcrumbList","@id":"https:\/\/suomenkuvalehti.fi\/kuvien-takaa\/pappi-lukkari-talonpoika-vakooja-taustaa-tulkintaa-ja-pohdiskelua\/#breadcrumb","itemListElement":[{"@type":"ListItem","position":1,"name":"Home","item":"https:\/\/suomenkuvalehti.fi\/kuvien-takaa\/"},{"@type":"ListItem","position":2,"name":"Pappi, lukkari, talonpoika, vakooja &#8211; taustaa, tulkintaa ja pohdiskelua"}]},{"@type":"WebSite","@id":"https:\/\/suomenkuvalehti.fi\/kuvien-takaa\/#website","url":"https:\/\/suomenkuvalehti.fi\/kuvien-takaa\/","name":"Kuvien takaa","description":"Elokuvakriitikko Kalle Kinnusen elokuvablogi.","potentialAction":[{"@type":"SearchAction","target":{"@type":"EntryPoint","urlTemplate":"https:\/\/suomenkuvalehti.fi\/haku\/?q={search_term_string}"},"query-input":{"@type":"PropertyValueSpecification","valueRequired":true,"valueName":"search_term_string"}}],"inLanguage":"fi"},{"@type":"Person","@id":"https:\/\/suomenkuvalehti.fi\/kuvien-takaa\/#\/schema\/person\/f3f657e4ad409e008f12af27bec60a23","name":"Kalle Kinnunen","image":{"@type":"ImageObject","inLanguage":"fi","@id":"https:\/\/suomenkuvalehti.fi\/kuvien-takaa\/#\/schema\/person\/image\/","url":"https:\/\/suomenkuvalehti.fi\/kuvien-takaa\/wp-content\/uploads\/sites\/11\/2022\/04\/kalle_kinnunen_blogi-1-150x150.jpg","contentUrl":"https:\/\/suomenkuvalehti.fi\/kuvien-takaa\/wp-content\/uploads\/sites\/11\/2022\/04\/kalle_kinnunen_blogi-1-150x150.jpg","caption":"Kalle Kinnunen"},"description":"Kalle Kinnunen on vapaa toimittaja ja Suomen Kuvalehden avustaja.","sameAs":["https:\/\/www.facebook.com\/pages\/Kalle-Kinnunen-Kuvien-takaa\/190326157715410?fref=ts","https:\/\/x.com\/https:\/\/twitter.com\/kallekinnunen"]}]}},"_links":{"self":[{"href":"https:\/\/suomenkuvalehti.fi\/kuvien-takaa\/wp-json\/wp\/v2\/posts\/462","targetHints":{"allow":["GET"]}}],"collection":[{"href":"https:\/\/suomenkuvalehti.fi\/kuvien-takaa\/wp-json\/wp\/v2\/posts"}],"about":[{"href":"https:\/\/suomenkuvalehti.fi\/kuvien-takaa\/wp-json\/wp\/v2\/types\/post"}],"author":[{"embeddable":true,"href":"https:\/\/suomenkuvalehti.fi\/kuvien-takaa\/wp-json\/wp\/v2\/users\/144"}],"replies":[{"embeddable":true,"href":"https:\/\/suomenkuvalehti.fi\/kuvien-takaa\/wp-json\/wp\/v2\/comments?post=462"}],"version-history":[{"count":1,"href":"https:\/\/suomenkuvalehti.fi\/kuvien-takaa\/wp-json\/wp\/v2\/posts\/462\/revisions"}],"predecessor-version":[{"id":1271,"href":"https:\/\/suomenkuvalehti.fi\/kuvien-takaa\/wp-json\/wp\/v2\/posts\/462\/revisions\/1271"}],"wp:attachment":[{"href":"https:\/\/suomenkuvalehti.fi\/kuvien-takaa\/wp-json\/wp\/v2\/media?parent=462"}],"wp:term":[{"taxonomy":"category","embeddable":true,"href":"https:\/\/suomenkuvalehti.fi\/kuvien-takaa\/wp-json\/wp\/v2\/categories?post=462"},{"taxonomy":"post_tag","embeddable":true,"href":"https:\/\/suomenkuvalehti.fi\/kuvien-takaa\/wp-json\/wp\/v2\/tags?post=462"}],"curies":[{"name":"wp","href":"https:\/\/api.w.org\/{rel}","templated":true}]}}