{"id":4557,"date":"2018-06-22T12:54:09","date_gmt":"2018-06-22T09:54:09","guid":{"rendered":"https:\/\/suomenkuvalehti.fi\/kuvien-takaa\/?p=4557"},"modified":"2018-06-22T13:19:51","modified_gmt":"2018-06-22T10:19:51","slug":"johnny-depp-kertoo-uskomattomassa-haastattelussa-minne-johnny-depp-katosi","status":"publish","type":"post","link":"https:\/\/suomenkuvalehti.fi\/kuvien-takaa\/johnny-depp-kertoo-uskomattomassa-haastattelussa-minne-johnny-depp-katosi\/","title":{"rendered":"Johnny Depp kertoo uskomattomassa haastattelussa, minne Johnny Depp katosi"},"content":{"rendered":"\n<p><strong>Stephen Rodrick<\/strong> on kirjoittanut Rolling Stone -lehteen huikeimman viihdemaailmajutun, jonka on olen t\u00e4n\u00e4 vuonna lukenut. Juttu perustuu kolmen vuorokauden haastattelusessioon. Sen aikana <strong>Johnny Depp<\/strong> juo paljon viini\u00e4 ja polttaa runsaasti hasista.<\/p>\n\n\n\n<p>Deppill\u00e4, joka oli 1990-luvulla suunnilleen maailman coolein tyyppi ja arvostettu n\u00e4yttelij\u00e4 ja sen j\u00e4lkeen viime vuosikymmenell\u00e4 ehk\u00e4 kaikista suurin elokuvat\u00e4hti, menee huonosti.<\/p>\n\n\n\n<p>Jutun nimi onkin <a href=\"https:\/\/www.rollingstone.com\/movies\/features\/johnny-depp-lawsuit-marriage-w521671\"><em>The Trouble with Johnny Depp<\/em><\/a>. Se on sis\u00e4ll\u00f6lt\u00e4\u00e4n suorastaan uskomaton, ja melkein kirjan pituinen.<\/p>\n\n\n\n<p>Rodrick kertoo, ett\u00e4 suurin osa Deppin rahoista (arviolta 650 miljoonasta dollarista, jotka h\u00e4nen arvioidaan tienanneen urallaan) on mennytt\u00e4. Syyp\u00e4\u00e4 on n\u00e4yttelij\u00e4n mielest\u00e4 manageri ja TMG-yhti\u00f6, jonka Depp on haastanut oikeuteen. Tarina on t\u00e4ynn\u00e4 petoksia, Depp sanoo.<\/p>\n\n\n\n<p>Vastakanteessaan manageri tekee suorastaan pilaa Deppist\u00e4. Arvoviinit eiv\u00e4t ole sijoitus, jos juot ne heti, ja sit\u00e4 rataa. Vastakanteen mukaan Deppin el\u00e4m\u00e4ntapa maksaa <em>kaksi miljoonaa dollaria kuussa<\/em>.<\/p>\n\n\n\n<p>Deppin maine on nyt matalalla. H\u00e4nen p\u00e4ihteidenk\u00e4ytt\u00f6ns\u00e4 on runsasta ja my\u00f6s ilmeisen avointa, koska Rolling Stonen toimittaja sit\u00e4 niin v\u00e4rikk\u00e4\u00e4sti kuvailee. Eroon <strong>Amber Heardista<\/strong> liittyi syyt\u00f6ksi\u00e4 Deppin v\u00e4kivaltaisuudesta.<\/p>\n\n\n\n<p>Haastattelujuttu on osin karmea, osin my\u00f6t\u00e4mielinen. Depp kertoo masennuksestaan ja siit\u00e4, kuinka h\u00e4n on kirjoittanut muistelmiaan vodkan voimalla. H\u00e4n puhuu <strong>Tom Pettyn<\/strong> kuolemasta, riidoista <em>Pirates of the Caribbean<\/em> -k\u00e4sikirjoittajien kanssa ja siit\u00e4, miten <strong>Osama bin Laden<\/strong> oltaisiin saatu k\u00e4tev\u00e4mmin kiinni lentokoneista levitetyn lsd:n avulla. Jutussa kerrotaan, kuinka nuori Depp haaveili rock-el\u00e4m\u00e4st\u00e4, mutta p\u00e4\u00e4tyi tavoittelemaan n\u00e4yttelij\u00e4n uraa er\u00e4\u00e4n <strong>Nicolas Cagen<\/strong> suosituksesta.<\/p>\n\n\n\n<p>Toimittaja on saanut tosiaan asua 72 tuntia Deppin luona. H\u00e4n kuvailee elokuvat\u00e4hte\u00e4 usein surullisin sanavalinnoin. Poikamaisuus on vaihtunut ik\u00e4\u00e4ntyv\u00e4n mieslapsen katoilevaan karismaan, joka tuo mieleen <strong>Elvis Presleyn<\/strong> viimeiset ajat, ja niin edelleen.<\/p>\n\n\n\n<p>T\u00e4llainen haastattelu on harvinaisuus, sill\u00e4 Depp on v\u00e4ltt\u00e4nyt alan perusjulkisuutta: h\u00e4n on ollut niin iso t\u00e4hti, ettei h\u00e4nen tarvitse antaa ensi-iltojen yhteydess\u00e4 kuin muutama isompi haastattelu. Vaikeuksistaan h\u00e4n ei ole juuri puhunut.<\/p>\n\n\n\n<p>Juttu on my\u00f6s suorastaan trilleri.<\/p>\n\n\n\n<p>K\u00e4y ilmi, ett\u00e4 haastattelumahdollisuutta on tarjonnut Rolling Stonelle Deppin uusi manageri-lakimies-<em>confidant<\/em> <strong>Adam Waldman<\/strong>. K\u00e4y ilmi, ett\u00e4 Waldman on <strong>Putinin<\/strong> l\u00e4hipiiriin kuuluvan <strong>Oleg Deripaskan<\/strong> lakimies ja h\u00e4nen nimens\u00e4 tulee esiin <strong>Trumpin<\/strong> valintaan ja Ven\u00e4j\u00e4n vaikutukseen liittyv\u00e4ss\u00e4 tutkinnassa.<\/p>\n\n\n\n<p>Depp uskoo voittavansa oikeusjuttunsa ja ett\u00e4 se on suuri ennakkotapaus. Nyt loppuu taiteilijoiden taloudellinen hyv\u00e4ksik\u00e4ytt\u00f6! Toisaalta kun toimittaja kysyy h\u00e4nelt\u00e4 sen yksityiskohdista:<\/p>\n\n\n\n<p><em> &#8221;I&#8217;m just a small part of this,&#8221; he says. &#8221;It&#8217;s the fucking Matrix. I didn&#8217;t see the movie, and I didn&#8217;t understand the script, but here&#8217;s what it is.&#8221;<\/em><\/p>\n\n\n\n<p>Toimittajan mukaan vastakanne on musertava. Depp kulutti rahojaan poskettomasti. 14 asuntoa, arvo yhteens\u00e4 75 miljoonaa dollaria. 45 luksusautoa. 200 000 dollaria kuussa yksityislentokoneisiin. Taidekokoelma, jossa <strong>Basquiatia<\/strong> ja <strong>Warholia<\/strong>. Kun manageri yritti j\u00e4rkeist\u00e4\u00e4 menoa, Depp ei halunnut luopua mist\u00e4\u00e4n.<\/p>\n\n\n\n<p>Riitojen vuoksi t\u00e4hti menetti ne vanhat yst\u00e4v\u00e4ns\u00e4 ja managerinsa, joita h\u00e4n nyt pit\u00e4\u00e4 vihollisinaan. Ne, jotka yrittiv\u00e4t sanoa, ett\u00e4 pid\u00e4 huoli omaisuudestasi ja itsest\u00e4si.<\/p>\n\n\n\n<p>Ja mit\u00e4 Depp sanoo puolustuksekseen? H\u00e4n esimerkiksi korjaa, ettei k\u00e4ytt\u00e4nyt 30 000 dollaria kuussa viiniin, kuten vastakanteessa v\u00e4itet\u00e4\u00e4n.<\/p>\n\n\n\n<p>K\u00e4ytin paljon enemm\u00e4n, Depp sanoo.<\/p>\n\n\n\n<p>Oikeudenk\u00e4ynti on elokuussa. Juttua lukiessa alkaa tuntea sympatiaa Deppi\u00e4 kohtaan, kun h\u00e4n haikeasti muistelee villej\u00e4 ja k\u00f6yhempi\u00e4 nuoruusvuosiaan. H\u00e4nen tarinansa ovat aika lapsellisia. H\u00e4n on poika, joka sai kaiken, eik\u00e4 tied\u00e4 mit\u00e4 sill\u00e4 pit\u00e4isi tehd\u00e4.<\/p>\n\n\n\n<p>Lopussa Rodrick l\u00e4htee kartanosta, Waldman lent\u00e4\u00e4 Sveitsiin murtomaahiiht\u00e4m\u00e4\u00e4n Deripaskan kanssa (!) ja mahdollisesti konkurssikyps\u00e4 Depp j\u00e4\u00e4 yksin.<\/p>\n\n\n\n<p>&nbsp;<\/p>\n\n\n\n<p>&nbsp;<\/p>\n\n\n","protected":false},"excerpt":{"rendered":"<p>Stephen Rodrick on kirjoittanut Rolling Stone -lehteen huikeimman viihdemaailmajutun, jonka on olen t\u00e4n\u00e4 vuonna lukenut. Juttu perustuu kolmen vuorokauden haastattelusessioon. Sen aikana Johnny Depp juo paljon viini\u00e4 ja polttaa runsaasti hasista.<br \/>\nDe&hellip;<\/p>\n","protected":false},"author":144,"featured_media":0,"comment_status":"open","ping_status":"closed","sticky":false,"template":"","format":"standard","meta":{"_acf_changed":false,"asauth_required_access_level":3,"asauth_cansharepaid":"true","om_header_attributes":[],"footnotes":"","om_featured_image_focal_point":[],"om_primary_tag":0,"om_contributors":[],"om_co_authors":[],"beyondwords_generate_audio":"","beyondwords_project_id":"","beyondwords_content_id":"","beyondwords_preview_token":"","beyondwords_player_content":"","beyondwords_player_style":"","beyondwords_language_code":"","beyondwords_language_id":"","beyondwords_title_voice_id":"","beyondwords_body_voice_id":"","beyondwords_summary_voice_id":"","beyondwords_error_message":"","beyondwords_disabled":"","beyondwords_delete_content":"","beyondwords_podcast_id":"","beyondwords_hash":"","publish_post_to_speechkit":"","speechkit_hash":"","speechkit_generate_audio":"","speechkit_project_id":"","speechkit_podcast_id":"","speechkit_error_message":"","speechkit_disabled":"","speechkit_access_key":"","speechkit_error":"","speechkit_info":"","speechkit_response":"","speechkit_retries":"","speechkit_status":"","speechkit_updated_at":"","_speechkit_link":"","_speechkit_text":""},"categories":[1],"tags":[124],"class_list":["post-4557","post","type-post","status-publish","format-standard","hentry","category-kuvien-takaa","tag-johnny-depp"],"om_views":null,"acf":{"tuuma_off":false,"tuuma_kysymys":"","tuuma_vastaus":""},"asauth":{"required_access_level":1,"share_token":"","is_paid":false},"yoast_head":"<!-- This site is optimized with the Yoast SEO plugin v26.4 - https:\/\/yoast.com\/wordpress\/plugins\/seo\/ -->\n<title>Johnny Depp kertoo uskomattomassa haastattelussa, minne Johnny Depp katosi - Kuvien takaa<\/title>\n<meta name=\"robots\" content=\"index, follow, max-snippet:-1, max-image-preview:large, max-video-preview:-1\" \/>\n<link rel=\"canonical\" href=\"https:\/\/suomenkuvalehti.fi\/kuvien-takaa\/johnny-depp-kertoo-uskomattomassa-haastattelussa-minne-johnny-depp-katosi\/\" \/>\n<meta property=\"og:locale\" content=\"fi_FI\" \/>\n<meta property=\"og:type\" content=\"article\" \/>\n<meta property=\"og:title\" content=\"Johnny Depp kertoo uskomattomassa haastattelussa, minne Johnny Depp katosi - Kuvien takaa\" \/>\n<meta property=\"og:description\" content=\"Stephen Rodrick on kirjoittanut Rolling Stone -lehteen huikeimman viihdemaailmajutun, jonka on olen t\u00e4n\u00e4 vuonna lukenut. Juttu perustuu kolmen vuorokauden haastattelusessioon. Sen aikana Johnny Depp juo paljon viini\u00e4 ja polttaa runsaasti hasista. De&hellip;\" \/>\n<meta property=\"og:url\" content=\"https:\/\/suomenkuvalehti.fi\/kuvien-takaa\/johnny-depp-kertoo-uskomattomassa-haastattelussa-minne-johnny-depp-katosi\/\" \/>\n<meta property=\"og:site_name\" content=\"Kuvien takaa\" \/>\n<meta property=\"article:author\" content=\"https:\/\/www.facebook.com\/pages\/Kalle-Kinnunen-Kuvien-takaa\/190326157715410?fref=ts\" \/>\n<meta property=\"article:published_time\" content=\"2018-06-22T09:54:09+00:00\" \/>\n<meta property=\"article:modified_time\" content=\"2018-06-22T10:19:51+00:00\" \/>\n<meta property=\"og:image\" content=\"https:\/\/suomenkuvalehti.fi\/kuvien-takaa\/wp-content\/uploads\/sites\/11\/2022\/04\/kalle_kinnunen_blogi-1-scaled.jpg\" \/>\n\t<meta property=\"og:image:width\" content=\"2560\" \/>\n\t<meta property=\"og:image:height\" content=\"1707\" \/>\n\t<meta property=\"og:image:type\" content=\"image\/jpeg\" \/>\n<meta name=\"author\" content=\"Kalle Kinnunen\" \/>\n<meta name=\"twitter:card\" content=\"summary_large_image\" \/>\n<meta name=\"twitter:creator\" content=\"@https:\/\/twitter.com\/kallekinnunen\" \/>\n<meta name=\"twitter:label1\" content=\"Written by\" \/>\n\t<meta name=\"twitter:data1\" content=\"Kalle Kinnunen\" \/>\n\t<meta name=\"twitter:label2\" content=\"Est. reading time\" \/>\n\t<meta name=\"twitter:data2\" content=\"3 minuuttia\" \/>\n<script type=\"application\/ld+json\" class=\"yoast-schema-graph\">{\"@context\":\"https:\/\/schema.org\",\"@graph\":[{\"@type\":\"WebPage\",\"@id\":\"https:\/\/suomenkuvalehti.fi\/kuvien-takaa\/johnny-depp-kertoo-uskomattomassa-haastattelussa-minne-johnny-depp-katosi\/\",\"url\":\"https:\/\/suomenkuvalehti.fi\/kuvien-takaa\/johnny-depp-kertoo-uskomattomassa-haastattelussa-minne-johnny-depp-katosi\/\",\"name\":\"Johnny Depp kertoo uskomattomassa haastattelussa, minne Johnny Depp katosi - Kuvien takaa\",\"isPartOf\":{\"@id\":\"https:\/\/suomenkuvalehti.fi\/kuvien-takaa\/#website\"},\"datePublished\":\"2018-06-22T09:54:09+00:00\",\"dateModified\":\"2018-06-22T10:19:51+00:00\",\"author\":{\"@id\":\"https:\/\/suomenkuvalehti.fi\/kuvien-takaa\/#\/schema\/person\/f3f657e4ad409e008f12af27bec60a23\"},\"breadcrumb\":{\"@id\":\"https:\/\/suomenkuvalehti.fi\/kuvien-takaa\/johnny-depp-kertoo-uskomattomassa-haastattelussa-minne-johnny-depp-katosi\/#breadcrumb\"},\"inLanguage\":\"fi\",\"potentialAction\":[{\"@type\":\"ReadAction\",\"target\":[\"https:\/\/suomenkuvalehti.fi\/kuvien-takaa\/johnny-depp-kertoo-uskomattomassa-haastattelussa-minne-johnny-depp-katosi\/\"]}]},{\"@type\":\"BreadcrumbList\",\"@id\":\"https:\/\/suomenkuvalehti.fi\/kuvien-takaa\/johnny-depp-kertoo-uskomattomassa-haastattelussa-minne-johnny-depp-katosi\/#breadcrumb\",\"itemListElement\":[{\"@type\":\"ListItem\",\"position\":1,\"name\":\"Home\",\"item\":\"https:\/\/suomenkuvalehti.fi\/kuvien-takaa\/\"},{\"@type\":\"ListItem\",\"position\":2,\"name\":\"Johnny Depp kertoo uskomattomassa haastattelussa, minne Johnny Depp katosi\"}]},{\"@type\":\"WebSite\",\"@id\":\"https:\/\/suomenkuvalehti.fi\/kuvien-takaa\/#website\",\"url\":\"https:\/\/suomenkuvalehti.fi\/kuvien-takaa\/\",\"name\":\"Kuvien takaa\",\"description\":\"Elokuvakriitikko Kalle Kinnusen elokuvablogi.\",\"potentialAction\":[{\"@type\":\"SearchAction\",\"target\":{\"@type\":\"EntryPoint\",\"urlTemplate\":\"https:\/\/suomenkuvalehti.fi\/haku\/?q={search_term_string}\"},\"query-input\":{\"@type\":\"PropertyValueSpecification\",\"valueRequired\":true,\"valueName\":\"search_term_string\"}}],\"inLanguage\":\"fi\"},{\"@type\":\"Person\",\"@id\":\"https:\/\/suomenkuvalehti.fi\/kuvien-takaa\/#\/schema\/person\/f3f657e4ad409e008f12af27bec60a23\",\"name\":\"Kalle Kinnunen\",\"image\":{\"@type\":\"ImageObject\",\"inLanguage\":\"fi\",\"@id\":\"https:\/\/suomenkuvalehti.fi\/kuvien-takaa\/#\/schema\/person\/image\/\",\"url\":\"https:\/\/suomenkuvalehti.fi\/kuvien-takaa\/wp-content\/uploads\/sites\/11\/2022\/04\/kalle_kinnunen_blogi-1-150x150.jpg\",\"contentUrl\":\"https:\/\/suomenkuvalehti.fi\/kuvien-takaa\/wp-content\/uploads\/sites\/11\/2022\/04\/kalle_kinnunen_blogi-1-150x150.jpg\",\"caption\":\"Kalle Kinnunen\"},\"description\":\"Kalle Kinnunen on vapaa toimittaja ja Suomen Kuvalehden avustaja.\",\"sameAs\":[\"https:\/\/www.facebook.com\/pages\/Kalle-Kinnunen-Kuvien-takaa\/190326157715410?fref=ts\",\"https:\/\/x.com\/https:\/\/twitter.com\/kallekinnunen\"]}]}<\/script>\n<!-- \/ Yoast SEO plugin. -->","yoast_head_json":{"title":"Johnny Depp kertoo uskomattomassa haastattelussa, minne Johnny Depp katosi - Kuvien takaa","robots":{"index":"index","follow":"follow","max-snippet":"max-snippet:-1","max-image-preview":"max-image-preview:large","max-video-preview":"max-video-preview:-1"},"canonical":"https:\/\/suomenkuvalehti.fi\/kuvien-takaa\/johnny-depp-kertoo-uskomattomassa-haastattelussa-minne-johnny-depp-katosi\/","og_locale":"fi_FI","og_type":"article","og_title":"Johnny Depp kertoo uskomattomassa haastattelussa, minne Johnny Depp katosi - Kuvien takaa","og_description":"Stephen Rodrick on kirjoittanut Rolling Stone -lehteen huikeimman viihdemaailmajutun, jonka on olen t\u00e4n\u00e4 vuonna lukenut. Juttu perustuu kolmen vuorokauden haastattelusessioon. Sen aikana Johnny Depp juo paljon viini\u00e4 ja polttaa runsaasti hasista. De&hellip;","og_url":"https:\/\/suomenkuvalehti.fi\/kuvien-takaa\/johnny-depp-kertoo-uskomattomassa-haastattelussa-minne-johnny-depp-katosi\/","og_site_name":"Kuvien takaa","article_author":"https:\/\/www.facebook.com\/pages\/Kalle-Kinnunen-Kuvien-takaa\/190326157715410?fref=ts","article_published_time":"2018-06-22T09:54:09+00:00","article_modified_time":"2018-06-22T10:19:51+00:00","og_image":[{"width":2560,"height":1707,"url":"https:\/\/suomenkuvalehti.fi\/kuvien-takaa\/wp-content\/uploads\/sites\/11\/2022\/04\/kalle_kinnunen_blogi-1-scaled.jpg","type":"image\/jpeg"}],"author":"Kalle Kinnunen","twitter_card":"summary_large_image","twitter_creator":"@https:\/\/twitter.com\/kallekinnunen","twitter_misc":{"Written by":"Kalle Kinnunen","Est. reading time":"3 minuuttia"},"schema":{"@context":"https:\/\/schema.org","@graph":[{"@type":"WebPage","@id":"https:\/\/suomenkuvalehti.fi\/kuvien-takaa\/johnny-depp-kertoo-uskomattomassa-haastattelussa-minne-johnny-depp-katosi\/","url":"https:\/\/suomenkuvalehti.fi\/kuvien-takaa\/johnny-depp-kertoo-uskomattomassa-haastattelussa-minne-johnny-depp-katosi\/","name":"Johnny Depp kertoo uskomattomassa haastattelussa, minne Johnny Depp katosi - Kuvien takaa","isPartOf":{"@id":"https:\/\/suomenkuvalehti.fi\/kuvien-takaa\/#website"},"datePublished":"2018-06-22T09:54:09+00:00","dateModified":"2018-06-22T10:19:51+00:00","author":{"@id":"https:\/\/suomenkuvalehti.fi\/kuvien-takaa\/#\/schema\/person\/f3f657e4ad409e008f12af27bec60a23"},"breadcrumb":{"@id":"https:\/\/suomenkuvalehti.fi\/kuvien-takaa\/johnny-depp-kertoo-uskomattomassa-haastattelussa-minne-johnny-depp-katosi\/#breadcrumb"},"inLanguage":"fi","potentialAction":[{"@type":"ReadAction","target":["https:\/\/suomenkuvalehti.fi\/kuvien-takaa\/johnny-depp-kertoo-uskomattomassa-haastattelussa-minne-johnny-depp-katosi\/"]}]},{"@type":"BreadcrumbList","@id":"https:\/\/suomenkuvalehti.fi\/kuvien-takaa\/johnny-depp-kertoo-uskomattomassa-haastattelussa-minne-johnny-depp-katosi\/#breadcrumb","itemListElement":[{"@type":"ListItem","position":1,"name":"Home","item":"https:\/\/suomenkuvalehti.fi\/kuvien-takaa\/"},{"@type":"ListItem","position":2,"name":"Johnny Depp kertoo uskomattomassa haastattelussa, minne Johnny Depp katosi"}]},{"@type":"WebSite","@id":"https:\/\/suomenkuvalehti.fi\/kuvien-takaa\/#website","url":"https:\/\/suomenkuvalehti.fi\/kuvien-takaa\/","name":"Kuvien takaa","description":"Elokuvakriitikko Kalle Kinnusen elokuvablogi.","potentialAction":[{"@type":"SearchAction","target":{"@type":"EntryPoint","urlTemplate":"https:\/\/suomenkuvalehti.fi\/haku\/?q={search_term_string}"},"query-input":{"@type":"PropertyValueSpecification","valueRequired":true,"valueName":"search_term_string"}}],"inLanguage":"fi"},{"@type":"Person","@id":"https:\/\/suomenkuvalehti.fi\/kuvien-takaa\/#\/schema\/person\/f3f657e4ad409e008f12af27bec60a23","name":"Kalle Kinnunen","image":{"@type":"ImageObject","inLanguage":"fi","@id":"https:\/\/suomenkuvalehti.fi\/kuvien-takaa\/#\/schema\/person\/image\/","url":"https:\/\/suomenkuvalehti.fi\/kuvien-takaa\/wp-content\/uploads\/sites\/11\/2022\/04\/kalle_kinnunen_blogi-1-150x150.jpg","contentUrl":"https:\/\/suomenkuvalehti.fi\/kuvien-takaa\/wp-content\/uploads\/sites\/11\/2022\/04\/kalle_kinnunen_blogi-1-150x150.jpg","caption":"Kalle Kinnunen"},"description":"Kalle Kinnunen on vapaa toimittaja ja Suomen Kuvalehden avustaja.","sameAs":["https:\/\/www.facebook.com\/pages\/Kalle-Kinnunen-Kuvien-takaa\/190326157715410?fref=ts","https:\/\/x.com\/https:\/\/twitter.com\/kallekinnunen"]}]}},"_links":{"self":[{"href":"https:\/\/suomenkuvalehti.fi\/kuvien-takaa\/wp-json\/wp\/v2\/posts\/4557","targetHints":{"allow":["GET"]}}],"collection":[{"href":"https:\/\/suomenkuvalehti.fi\/kuvien-takaa\/wp-json\/wp\/v2\/posts"}],"about":[{"href":"https:\/\/suomenkuvalehti.fi\/kuvien-takaa\/wp-json\/wp\/v2\/types\/post"}],"author":[{"embeddable":true,"href":"https:\/\/suomenkuvalehti.fi\/kuvien-takaa\/wp-json\/wp\/v2\/users\/144"}],"replies":[{"embeddable":true,"href":"https:\/\/suomenkuvalehti.fi\/kuvien-takaa\/wp-json\/wp\/v2\/comments?post=4557"}],"version-history":[{"count":4,"href":"https:\/\/suomenkuvalehti.fi\/kuvien-takaa\/wp-json\/wp\/v2\/posts\/4557\/revisions"}],"predecessor-version":[{"id":4561,"href":"https:\/\/suomenkuvalehti.fi\/kuvien-takaa\/wp-json\/wp\/v2\/posts\/4557\/revisions\/4561"}],"wp:attachment":[{"href":"https:\/\/suomenkuvalehti.fi\/kuvien-takaa\/wp-json\/wp\/v2\/media?parent=4557"}],"wp:term":[{"taxonomy":"category","embeddable":true,"href":"https:\/\/suomenkuvalehti.fi\/kuvien-takaa\/wp-json\/wp\/v2\/categories?post=4557"},{"taxonomy":"post_tag","embeddable":true,"href":"https:\/\/suomenkuvalehti.fi\/kuvien-takaa\/wp-json\/wp\/v2\/tags?post=4557"}],"curies":[{"name":"wp","href":"https:\/\/api.w.org\/{rel}","templated":true}]}}