{"id":4548,"date":"2018-06-17T11:57:12","date_gmt":"2018-06-17T08:57:12","guid":{"rendered":"https:\/\/suomenkuvalehti.fi\/kuvien-takaa\/?p=4548"},"modified":"2018-06-17T12:12:48","modified_gmt":"2018-06-17T09:12:48","slug":"huomio-valkoinen-peura-ei-ole-dokumentti-saamelaisuudesta","status":"publish","type":"post","link":"https:\/\/suomenkuvalehti.fi\/kuvien-takaa\/huomio-valkoinen-peura-ei-ole-dokumentti-saamelaisuudesta\/","title":{"rendered":"Huomio: Valkoinen peura ei ole dokumentti saamelaisuudesta"},"content":{"rendered":"\n<p><em>Valkoisen peuran<\/em> esitys Sodankyl\u00e4n elokuvajuhlilla on osoittautunut ongelmalliseksi.<\/p>\n\n\n\n<p>Sin\u00e4ns\u00e4 asiallisessa <a href=\"https:\/\/www.lapinkansa.fi\/lappi\/saamelaisuuden-esittaminen-on-yha-ongelmallista-palkittu-esikoisohjaaja-marja-helander-kertoo-miksi-vaantelehti-tuolissaan-jyvaskylalaiskuoron-joikatessa-201019848\/\">Lapin kansan jutussa<\/a> saamelainen elokuvantekij\u00e4 <strong>Marja Helander<\/strong> kertoo, miksi elokuva aiheuttaa h\u00e4nelle sis\u00e4ist\u00e4 vihlontaa. N\u00e4rk\u00e4styst\u00e4 her\u00e4tti etenkin se, ett\u00e4 Helanderin palkittu lyhytelokuva&nbsp;<em><span class=\"emphasis\">Maan sis\u00e4ll\u00e4 linnut<\/span><\/em> esitettiin Sodankyl\u00e4ss\u00e4 Valkoisen peuran alkukuvana ja Helander ei p\u00e4\u00e4ssyt alkuun kertomaan, ettei Valkoinen peura ole saamelaisten tekem\u00e4 elokuva ja ett\u00e4 se vahvistaa stereotypioita.<\/p>\n\n\n\n<p><strong>Erik Blombergin<\/strong> vuonna 1952 ohjaama Valkoinen peura on unenomainen kertomus noituudesta. P\u00e4\u00e4osaa esitt\u00e4\u00e4 <strong>Mirjami Kuosmanen<\/strong>. Sit\u00e4 pidet\u00e4\u00e4n yleens\u00e4 yhten\u00e4 Suomen kaikkien aikojen parhaista elokuvista. Cannesissa se sai <strong>Jean Cocteaun<\/strong> (huom.) johtamalta tuomaristolta erityisen satuelokuvan palkinnon. KAVIn <a href=\"https:\/\/kavi.fi\/fi\/elokuva\/107867-valkoinen-peura\">esittelytekstiss\u00e4 mainitaan<\/a>, ett\u00e4 se oli vuosikymmenien ajan tunnetuin suomalaiselokuva maailmalla. <em>&#8221;Valkoisen peuran taruaines on kansainv\u00e4list\u00e4, tunnistettavissa eri puolilla maailmaa, samalla kun teos irrationaaliselta perusidealtaan ja sadunomaiselta viritykselt\u00e4\u00e4n edustaa vastakohtaista pyrkimyst\u00e4 elokuvien valtaosan realistiselle suuntaukselle \u2013 edusti etenkin syntyaikanaan jolloin neorealismi eli viel\u00e4 kukoistustaan&#8221;<\/em>, <strong>Sakari Toiviainen<\/strong> kuvailee tuossa tekstiss\u00e4.<\/p>\n\n\n\n<p>Sodankyl\u00e4n elokuvajuhlat on poikkeuksellisenkin voimakkaasti nimenomaan cinefiilien tapahtuma, jonne tullaan muualta Suomesta ja ulkomailtakin katsomaan uusia ja vanhoja elokuvia varsin lumoavassa ymp\u00e4rist\u00f6ss\u00e4. Oletan, ett\u00e4 t\u00e4ll\u00e4 kulttuurisesti valveutuneella yleis\u00f6ll\u00e4 on kykyj\u00e4 k\u00e4sitell\u00e4 n\u00e4kem\u00e4\u00e4ns\u00e4.<\/p>\n\n\n\n<p>Helander ei oleta n\u00e4in. P\u00e4invastoin.<\/p>\n\n\n\n<p><em>&#8221;Valkoinen Peura on n\u00e4hty my\u00f6s alkuper\u00e4iskansojen <span class=\"emphasis\">Sk\u00e1bmagovat<\/span>-elokuvafestivaalilla Inarissa. Helander ep\u00e4ilee ett\u00e4 siell\u00e4 kenellek\u00e4\u00e4n katsojalle ei j\u00e4\u00e4nyt ep\u00e4selv\u00e4ksi elokuvan saamelaisuuteen liittyv\u00e4t ongelmat. H\u00e4n pelk\u00e4\u00e4, ett\u00e4 Sodankyl\u00e4ss\u00e4 k\u00e4vi p\u00e4invastoin&#8221;<\/em>, jutussa kerrotaan.<\/p>\n\n\n\n<p>&#8221;Elokuvaa pidet\u00e4\u00e4n harmittomana viihteen\u00e4, mutta kyll\u00e4 se vahvisti stereotypioita&#8221;, Helander kuvailee Valkoista peuraa jutussa. Eritt\u00e4in taiteellisen ja muun muassa Cannesissa ensimm\u00e4isen\u00e4 (ja vuosikymmeniin ainoana) suomalaiselokuvana palkitun Valkoisen peuran kontekstoiminen &#8221;viihteeksi&#8221; kertoo ehk\u00e4 Helanderin omasta elokuvasivistyksest\u00e4.<\/p>\n\n\n\n<p>Harmillisuuskysymys on monimutkainen ja identiteettipolitiikan aikana kipe\u00e4. Helanderin ja Blombergin elokuvien esitt\u00e4minen samassa n\u00e4yt\u00e4nn\u00f6ss\u00e4 kuulostaa v\u00e4h\u00e4n erikoiselta. Mutta t\u00e4ytyy sanoa, ett\u00e4 Valkoisen peuran esitt\u00e4misen kyseenalaistaminen on kyll\u00e4 muuten uutta!<\/p>\n\n\n\n<p>Debatti on l\u00e4htenyt jo rullaamaan Twitteriss\u00e4.<\/p>\n\n\n\n<p><blockquote class=\"twitter-tweet\" data-width=\"550\" data-dnt=\"true\"><p lang=\"fi\" dir=\"ltr\">\u201dValkoinen Peura on n\u00e4hty my\u00f6s Sk\u00e1bmagovat-elokuvafestivaalilla Inarissa. Helander ep\u00e4ilee ett\u00e4 siell\u00e4 kenellek\u00e4\u00e4n katsojalle ei j\u00e4\u00e4nyt ep\u00e4selv\u00e4ksi elokuvan saamelaisuuteen liittyv\u00e4t ongelmat. H\u00e4n pelk\u00e4\u00e4, ett\u00e4 Sodankyl\u00e4ss\u00e4 k\u00e4vi p\u00e4invastoin.\u201d <a href=\"https:\/\/twitter.com\/hashtag\/msff?src=hash&amp;ref_src=twsrc%5Etfw\">#msff<\/a> <a href=\"https:\/\/t.co\/H0XxPBDKEC\">https:\/\/t.co\/H0XxPBDKEC<\/a><\/p>&mdash; Pirita Nakkalajarvi (@biret) <a href=\"https:\/\/twitter.com\/biret\/status\/1008246047624351744?ref_src=twsrc%5Etfw\">June 17, 2018<\/a><\/blockquote><script async src=\"https:\/\/platform.twitter.com\/widgets.js\" charset=\"utf-8\"><\/script><\/p>\n\n\n\n<p>Ehk\u00e4 elokuvan alkuun pit\u00e4isi esimerkiksi tulevien televisioesitysten yhteydess\u00e4 lis\u00e4t\u00e4 planssi, jossa lukee, ettei se representoi saamelaisuutta oikein.<\/p>\n\n\n\n<p>Subjektiivisia juttuja, mutta sit\u00e4 en itse usko, ett\u00e4 katsojat Sodankyl\u00e4n festareilla erehtyisiv\u00e4t luulemaan 66 vuotta vanhaa fantasiaelokuvaa \u2013 joka on <a href=\"https:\/\/en.wikipedia.org\/wiki\/The_White_Reindeer\">englanninkielisen Wikipedian<\/a> mukaan genrelt\u00e4\u00e4n &#8221;kauhudraama&#8221; ja jota aikoinaan markkinoitiin &#8221;ta<span class=\"st\">runa noidan rakkaudesta&#8221; \u2013 varsinaiseksi <\/span>dokumentiksi. Toki voimme my\u00f6s kysy\u00e4, onko kohtuullista esitt\u00e4\u00e4 elokuvissa yliluonnollisia asioita ja noituutta, koska tosimaailmassa on vain luonnollisia asioita eik\u00e4 noituuskaan toimi.<\/p>\n\n\n","protected":false},"excerpt":{"rendered":"<p>Valkoisen peuran esitys Sodankyl\u00e4n elokuvajuhlilla on osoittautunut ongelmalliseksi. Sin\u00e4ns\u00e4 asiallisessa Lapin kansan jutussa saamelainen elokuvantekij\u00e4 Marja Helander kertoo, miksi elokuva aiheuttaa h\u00e4nelle sis\u00e4ist\u00e4 vihlontaa. N\u00e4rk\u00e4styst\u00e4 her\u00e4tti etenkin se,<br \/>\nett\u00e4 Helan&hellip;<\/p>\n","protected":false},"author":144,"featured_media":0,"comment_status":"open","ping_status":"closed","sticky":false,"template":"","format":"standard","meta":{"_acf_changed":false,"asauth_required_access_level":3,"asauth_cansharepaid":"true","om_header_attributes":[],"footnotes":"","om_featured_image_focal_point":[],"om_primary_tag":0,"om_contributors":[],"om_co_authors":[],"beyondwords_generate_audio":"","beyondwords_project_id":"","beyondwords_content_id":"","beyondwords_preview_token":"","beyondwords_player_content":"","beyondwords_player_style":"","beyondwords_language_code":"","beyondwords_language_id":"","beyondwords_title_voice_id":"","beyondwords_body_voice_id":"","beyondwords_summary_voice_id":"","beyondwords_error_message":"","beyondwords_disabled":"","beyondwords_delete_content":"","beyondwords_podcast_id":"","beyondwords_hash":"","publish_post_to_speechkit":"","speechkit_hash":"","speechkit_generate_audio":"","speechkit_project_id":"","speechkit_podcast_id":"","speechkit_error_message":"","speechkit_disabled":"","speechkit_access_key":"","speechkit_error":"","speechkit_info":"","speechkit_response":"","speechkit_retries":"","speechkit_status":"","speechkit_updated_at":"","_speechkit_link":"","_speechkit_text":""},"categories":[1],"tags":[2566,644,2565],"class_list":["post-4548","post","type-post","status-publish","format-standard","hentry","category-kuvien-takaa","tag-marja-helander","tag-sodankylan-elokuvajuhlat","tag-valkoinen-peura"],"om_views":null,"acf":{"tuuma_off":false,"tuuma_kysymys":"","tuuma_vastaus":""},"asauth":{"required_access_level":1,"share_token":"","is_paid":false},"yoast_head":"<!-- This site is optimized with the Yoast SEO plugin v26.4 - https:\/\/yoast.com\/wordpress\/plugins\/seo\/ -->\n<title>Huomio: Valkoinen peura ei ole dokumentti saamelaisuudesta - Kuvien takaa<\/title>\n<meta name=\"robots\" content=\"index, follow, max-snippet:-1, max-image-preview:large, max-video-preview:-1\" \/>\n<link rel=\"canonical\" href=\"https:\/\/suomenkuvalehti.fi\/kuvien-takaa\/huomio-valkoinen-peura-ei-ole-dokumentti-saamelaisuudesta\/\" \/>\n<meta property=\"og:locale\" content=\"fi_FI\" \/>\n<meta property=\"og:type\" content=\"article\" \/>\n<meta property=\"og:title\" content=\"Huomio: Valkoinen peura ei ole dokumentti saamelaisuudesta - Kuvien takaa\" \/>\n<meta property=\"og:description\" content=\"Valkoisen peuran esitys Sodankyl\u00e4n elokuvajuhlilla on osoittautunut ongelmalliseksi. Sin\u00e4ns\u00e4 asiallisessa Lapin kansan jutussa saamelainen elokuvantekij\u00e4 Marja Helander kertoo, miksi elokuva aiheuttaa h\u00e4nelle sis\u00e4ist\u00e4 vihlontaa. N\u00e4rk\u00e4styst\u00e4 her\u00e4tti etenkin se, ett\u00e4 Helan&hellip;\" \/>\n<meta property=\"og:url\" content=\"https:\/\/suomenkuvalehti.fi\/kuvien-takaa\/huomio-valkoinen-peura-ei-ole-dokumentti-saamelaisuudesta\/\" \/>\n<meta property=\"og:site_name\" content=\"Kuvien takaa\" \/>\n<meta property=\"article:author\" content=\"https:\/\/www.facebook.com\/pages\/Kalle-Kinnunen-Kuvien-takaa\/190326157715410?fref=ts\" \/>\n<meta property=\"article:published_time\" content=\"2018-06-17T08:57:12+00:00\" \/>\n<meta property=\"article:modified_time\" content=\"2018-06-17T09:12:48+00:00\" \/>\n<meta property=\"og:image\" content=\"https:\/\/suomenkuvalehti.fi\/kuvien-takaa\/wp-content\/uploads\/sites\/11\/2022\/04\/kalle_kinnunen_blogi-1-scaled.jpg\" \/>\n\t<meta property=\"og:image:width\" content=\"2560\" \/>\n\t<meta property=\"og:image:height\" content=\"1707\" \/>\n\t<meta property=\"og:image:type\" content=\"image\/jpeg\" \/>\n<meta name=\"author\" content=\"Kalle Kinnunen\" \/>\n<meta name=\"twitter:card\" content=\"summary_large_image\" \/>\n<meta name=\"twitter:creator\" content=\"@https:\/\/twitter.com\/kallekinnunen\" \/>\n<meta name=\"twitter:label1\" content=\"Written by\" \/>\n\t<meta name=\"twitter:data1\" content=\"Kalle Kinnunen\" \/>\n\t<meta name=\"twitter:label2\" content=\"Est. reading time\" \/>\n\t<meta name=\"twitter:data2\" content=\"2 minuuttia\" \/>\n<script type=\"application\/ld+json\" class=\"yoast-schema-graph\">{\"@context\":\"https:\/\/schema.org\",\"@graph\":[{\"@type\":\"WebPage\",\"@id\":\"https:\/\/suomenkuvalehti.fi\/kuvien-takaa\/huomio-valkoinen-peura-ei-ole-dokumentti-saamelaisuudesta\/\",\"url\":\"https:\/\/suomenkuvalehti.fi\/kuvien-takaa\/huomio-valkoinen-peura-ei-ole-dokumentti-saamelaisuudesta\/\",\"name\":\"Huomio: Valkoinen peura ei ole dokumentti saamelaisuudesta - Kuvien takaa\",\"isPartOf\":{\"@id\":\"https:\/\/suomenkuvalehti.fi\/kuvien-takaa\/#website\"},\"datePublished\":\"2018-06-17T08:57:12+00:00\",\"dateModified\":\"2018-06-17T09:12:48+00:00\",\"author\":{\"@id\":\"https:\/\/suomenkuvalehti.fi\/kuvien-takaa\/#\/schema\/person\/f3f657e4ad409e008f12af27bec60a23\"},\"breadcrumb\":{\"@id\":\"https:\/\/suomenkuvalehti.fi\/kuvien-takaa\/huomio-valkoinen-peura-ei-ole-dokumentti-saamelaisuudesta\/#breadcrumb\"},\"inLanguage\":\"fi\",\"potentialAction\":[{\"@type\":\"ReadAction\",\"target\":[\"https:\/\/suomenkuvalehti.fi\/kuvien-takaa\/huomio-valkoinen-peura-ei-ole-dokumentti-saamelaisuudesta\/\"]}]},{\"@type\":\"BreadcrumbList\",\"@id\":\"https:\/\/suomenkuvalehti.fi\/kuvien-takaa\/huomio-valkoinen-peura-ei-ole-dokumentti-saamelaisuudesta\/#breadcrumb\",\"itemListElement\":[{\"@type\":\"ListItem\",\"position\":1,\"name\":\"Home\",\"item\":\"https:\/\/suomenkuvalehti.fi\/kuvien-takaa\/\"},{\"@type\":\"ListItem\",\"position\":2,\"name\":\"Huomio: Valkoinen peura ei ole dokumentti saamelaisuudesta\"}]},{\"@type\":\"WebSite\",\"@id\":\"https:\/\/suomenkuvalehti.fi\/kuvien-takaa\/#website\",\"url\":\"https:\/\/suomenkuvalehti.fi\/kuvien-takaa\/\",\"name\":\"Kuvien takaa\",\"description\":\"Elokuvakriitikko Kalle Kinnusen elokuvablogi.\",\"potentialAction\":[{\"@type\":\"SearchAction\",\"target\":{\"@type\":\"EntryPoint\",\"urlTemplate\":\"https:\/\/suomenkuvalehti.fi\/haku\/?q={search_term_string}\"},\"query-input\":{\"@type\":\"PropertyValueSpecification\",\"valueRequired\":true,\"valueName\":\"search_term_string\"}}],\"inLanguage\":\"fi\"},{\"@type\":\"Person\",\"@id\":\"https:\/\/suomenkuvalehti.fi\/kuvien-takaa\/#\/schema\/person\/f3f657e4ad409e008f12af27bec60a23\",\"name\":\"Kalle Kinnunen\",\"image\":{\"@type\":\"ImageObject\",\"inLanguage\":\"fi\",\"@id\":\"https:\/\/suomenkuvalehti.fi\/kuvien-takaa\/#\/schema\/person\/image\/\",\"url\":\"https:\/\/suomenkuvalehti.fi\/kuvien-takaa\/wp-content\/uploads\/sites\/11\/2022\/04\/kalle_kinnunen_blogi-1-150x150.jpg\",\"contentUrl\":\"https:\/\/suomenkuvalehti.fi\/kuvien-takaa\/wp-content\/uploads\/sites\/11\/2022\/04\/kalle_kinnunen_blogi-1-150x150.jpg\",\"caption\":\"Kalle Kinnunen\"},\"description\":\"Kalle Kinnunen on vapaa toimittaja ja Suomen Kuvalehden avustaja.\",\"sameAs\":[\"https:\/\/www.facebook.com\/pages\/Kalle-Kinnunen-Kuvien-takaa\/190326157715410?fref=ts\",\"https:\/\/x.com\/https:\/\/twitter.com\/kallekinnunen\"]}]}<\/script>\n<!-- \/ Yoast SEO plugin. -->","yoast_head_json":{"title":"Huomio: Valkoinen peura ei ole dokumentti saamelaisuudesta - Kuvien takaa","robots":{"index":"index","follow":"follow","max-snippet":"max-snippet:-1","max-image-preview":"max-image-preview:large","max-video-preview":"max-video-preview:-1"},"canonical":"https:\/\/suomenkuvalehti.fi\/kuvien-takaa\/huomio-valkoinen-peura-ei-ole-dokumentti-saamelaisuudesta\/","og_locale":"fi_FI","og_type":"article","og_title":"Huomio: Valkoinen peura ei ole dokumentti saamelaisuudesta - Kuvien takaa","og_description":"Valkoisen peuran esitys Sodankyl\u00e4n elokuvajuhlilla on osoittautunut ongelmalliseksi. Sin\u00e4ns\u00e4 asiallisessa Lapin kansan jutussa saamelainen elokuvantekij\u00e4 Marja Helander kertoo, miksi elokuva aiheuttaa h\u00e4nelle sis\u00e4ist\u00e4 vihlontaa. N\u00e4rk\u00e4styst\u00e4 her\u00e4tti etenkin se, ett\u00e4 Helan&hellip;","og_url":"https:\/\/suomenkuvalehti.fi\/kuvien-takaa\/huomio-valkoinen-peura-ei-ole-dokumentti-saamelaisuudesta\/","og_site_name":"Kuvien takaa","article_author":"https:\/\/www.facebook.com\/pages\/Kalle-Kinnunen-Kuvien-takaa\/190326157715410?fref=ts","article_published_time":"2018-06-17T08:57:12+00:00","article_modified_time":"2018-06-17T09:12:48+00:00","og_image":[{"width":2560,"height":1707,"url":"https:\/\/suomenkuvalehti.fi\/kuvien-takaa\/wp-content\/uploads\/sites\/11\/2022\/04\/kalle_kinnunen_blogi-1-scaled.jpg","type":"image\/jpeg"}],"author":"Kalle Kinnunen","twitter_card":"summary_large_image","twitter_creator":"@https:\/\/twitter.com\/kallekinnunen","twitter_misc":{"Written by":"Kalle Kinnunen","Est. reading time":"2 minuuttia"},"schema":{"@context":"https:\/\/schema.org","@graph":[{"@type":"WebPage","@id":"https:\/\/suomenkuvalehti.fi\/kuvien-takaa\/huomio-valkoinen-peura-ei-ole-dokumentti-saamelaisuudesta\/","url":"https:\/\/suomenkuvalehti.fi\/kuvien-takaa\/huomio-valkoinen-peura-ei-ole-dokumentti-saamelaisuudesta\/","name":"Huomio: Valkoinen peura ei ole dokumentti saamelaisuudesta - Kuvien takaa","isPartOf":{"@id":"https:\/\/suomenkuvalehti.fi\/kuvien-takaa\/#website"},"datePublished":"2018-06-17T08:57:12+00:00","dateModified":"2018-06-17T09:12:48+00:00","author":{"@id":"https:\/\/suomenkuvalehti.fi\/kuvien-takaa\/#\/schema\/person\/f3f657e4ad409e008f12af27bec60a23"},"breadcrumb":{"@id":"https:\/\/suomenkuvalehti.fi\/kuvien-takaa\/huomio-valkoinen-peura-ei-ole-dokumentti-saamelaisuudesta\/#breadcrumb"},"inLanguage":"fi","potentialAction":[{"@type":"ReadAction","target":["https:\/\/suomenkuvalehti.fi\/kuvien-takaa\/huomio-valkoinen-peura-ei-ole-dokumentti-saamelaisuudesta\/"]}]},{"@type":"BreadcrumbList","@id":"https:\/\/suomenkuvalehti.fi\/kuvien-takaa\/huomio-valkoinen-peura-ei-ole-dokumentti-saamelaisuudesta\/#breadcrumb","itemListElement":[{"@type":"ListItem","position":1,"name":"Home","item":"https:\/\/suomenkuvalehti.fi\/kuvien-takaa\/"},{"@type":"ListItem","position":2,"name":"Huomio: Valkoinen peura ei ole dokumentti saamelaisuudesta"}]},{"@type":"WebSite","@id":"https:\/\/suomenkuvalehti.fi\/kuvien-takaa\/#website","url":"https:\/\/suomenkuvalehti.fi\/kuvien-takaa\/","name":"Kuvien takaa","description":"Elokuvakriitikko Kalle Kinnusen elokuvablogi.","potentialAction":[{"@type":"SearchAction","target":{"@type":"EntryPoint","urlTemplate":"https:\/\/suomenkuvalehti.fi\/haku\/?q={search_term_string}"},"query-input":{"@type":"PropertyValueSpecification","valueRequired":true,"valueName":"search_term_string"}}],"inLanguage":"fi"},{"@type":"Person","@id":"https:\/\/suomenkuvalehti.fi\/kuvien-takaa\/#\/schema\/person\/f3f657e4ad409e008f12af27bec60a23","name":"Kalle Kinnunen","image":{"@type":"ImageObject","inLanguage":"fi","@id":"https:\/\/suomenkuvalehti.fi\/kuvien-takaa\/#\/schema\/person\/image\/","url":"https:\/\/suomenkuvalehti.fi\/kuvien-takaa\/wp-content\/uploads\/sites\/11\/2022\/04\/kalle_kinnunen_blogi-1-150x150.jpg","contentUrl":"https:\/\/suomenkuvalehti.fi\/kuvien-takaa\/wp-content\/uploads\/sites\/11\/2022\/04\/kalle_kinnunen_blogi-1-150x150.jpg","caption":"Kalle Kinnunen"},"description":"Kalle Kinnunen on vapaa toimittaja ja Suomen Kuvalehden avustaja.","sameAs":["https:\/\/www.facebook.com\/pages\/Kalle-Kinnunen-Kuvien-takaa\/190326157715410?fref=ts","https:\/\/x.com\/https:\/\/twitter.com\/kallekinnunen"]}]}},"_links":{"self":[{"href":"https:\/\/suomenkuvalehti.fi\/kuvien-takaa\/wp-json\/wp\/v2\/posts\/4548","targetHints":{"allow":["GET"]}}],"collection":[{"href":"https:\/\/suomenkuvalehti.fi\/kuvien-takaa\/wp-json\/wp\/v2\/posts"}],"about":[{"href":"https:\/\/suomenkuvalehti.fi\/kuvien-takaa\/wp-json\/wp\/v2\/types\/post"}],"author":[{"embeddable":true,"href":"https:\/\/suomenkuvalehti.fi\/kuvien-takaa\/wp-json\/wp\/v2\/users\/144"}],"replies":[{"embeddable":true,"href":"https:\/\/suomenkuvalehti.fi\/kuvien-takaa\/wp-json\/wp\/v2\/comments?post=4548"}],"version-history":[{"count":7,"href":"https:\/\/suomenkuvalehti.fi\/kuvien-takaa\/wp-json\/wp\/v2\/posts\/4548\/revisions"}],"predecessor-version":[{"id":4556,"href":"https:\/\/suomenkuvalehti.fi\/kuvien-takaa\/wp-json\/wp\/v2\/posts\/4548\/revisions\/4556"}],"wp:attachment":[{"href":"https:\/\/suomenkuvalehti.fi\/kuvien-takaa\/wp-json\/wp\/v2\/media?parent=4548"}],"wp:term":[{"taxonomy":"category","embeddable":true,"href":"https:\/\/suomenkuvalehti.fi\/kuvien-takaa\/wp-json\/wp\/v2\/categories?post=4548"},{"taxonomy":"post_tag","embeddable":true,"href":"https:\/\/suomenkuvalehti.fi\/kuvien-takaa\/wp-json\/wp\/v2\/tags?post=4548"}],"curies":[{"name":"wp","href":"https:\/\/api.w.org\/{rel}","templated":true}]}}