{"id":4421,"date":"2018-04-04T11:57:32","date_gmt":"2018-04-04T08:57:32","guid":{"rendered":"https:\/\/suomenkuvalehti.fi\/kuvien-takaa\/?p=4421"},"modified":"2018-04-04T12:22:41","modified_gmt":"2018-04-04T09:22:41","slug":"4421-2","status":"publish","type":"post","link":"https:\/\/suomenkuvalehti.fi\/kuvien-takaa\/4421-2\/","title":{"rendered":"Renny Harlin, Sampo Terho ja miljardin dollarin jutut"},"content":{"rendered":"\n<p>Viime viikon alussa <strong>Renny Harlin<\/strong> \u00e4r\u00e4hti. Se kuulosti Suomessa v\u00e4h\u00e4n kummalliselta, koska meid\u00e4n n\u00e4k\u00f6kulmastamme entinen kultapoika on kadonnut jonnekin kansainv\u00e4listen miljon\u00e4\u00e4rien v\u00e4litilaan: ei Renska en\u00e4\u00e4 Hollywood-leffoja ainakaan tee.<\/p>\n\n\n\n<p>Kun Harlin siis <a href=\"https:\/\/www.is.fi\/viihde\/art-2000005618152.html\">ilmoitti julkisuuteen <strong>Rita Tainolan<\/strong> kautta<\/a>, ettei h\u00e4n osallistu ministeri <strong>Sampo Terhon<\/strong> Kiinan-delegaation ohjelmaan, meill\u00e4 \u00e4\u00e4ni oli kuin dinosauruksen et\u00e4ist\u00e4 karjuntaa.<\/p>\n\n\n\n<p>Harlinin nykyaseman tunnettuutta (eli sen puutetta) Suomessa kuvaa <a href=\"https:\/\/www.hs.fi\/kulttuuri\/art-2000005618236.html\">Helsingin Sanomien jutun otsikko<\/a> &#8221;Renny Harlin ei l\u00e4hde Sampo Terhon mukana Kiinaan&#8221;. Kyse ei kuitenkaan ole siit\u00e4, ett\u00e4 Harlin l\u00e4htisi Kiinaan. H\u00e4n on asunut siell\u00e4 jo vuosia.<\/p>\n\n\n\n<p>Yht\u00e4\u00e4n liioittelematta Harlin on t\u00e4ll\u00e4 hetkell\u00e4 Kiinassa ty\u00f6skentelevien Hollywood-taustaisen ohjaajien ykk\u00f6nen. H\u00e4n tekee kalliimpia elokuvia kuin aikoihin, ja h\u00e4nen uudesta urastaan ovat kirjoittaneet \u2013 innostuneesti! \u2013 paitsi alan bisneslehdet, my\u00f6s <a href=\"https:\/\/www.wsj.com\/articles\/china-wants-to-make-better-movies-so-it-turned-to-the-guy-who-made-die-hard-2-1514477181\">Wall Street Journal<\/a>. Seuraavaksi h\u00e4n ohjaa toimintaseikkailun <em>Operation Somalia<\/em>, joka on jatkoa suosituille ja propagandistisille sotilasseikkailuille, ja j\u00e4lkituotannossa on kaksi Harlinin ohjaamaa elokuvaa, trilleri <em>Bodies at Rest<\/em> ja fantasiaseikkailu <em>Legend of the Ancient Sword<\/em>, jonka tuotti Alibaba.<\/p>\n\n\n\n<p>Todenn\u00e4k\u00f6isesti h\u00e4nen palkkionsa ovat nousseet hyvin l\u00e4helle tasoa, jonka h\u00e4n saavutti Yhdysvalloissa 1990-luvun alussa yhten\u00e4 koko viihde-elokuvabisneksen ykk\u00f6sohjaajanimist\u00e4. Itse elokuvien budjetit eiv\u00e4t ole olleet julkisia, mutta tuotannot ovat samaa mittakaavaa kuin Hollywoodin isommat leffat \u2013 sata miljoonaa dollaria ei ole Kiinassa iso raha.<\/p>\n\n\n\n<p>Kiinan elokuvabisnes kasvaa koko ajan. Vaikka kasvussa on ollut ysk\u00e4htely\u00e4, alkuvuonna 2018 Kiina oli markkina-alueena jo <a href=\"http:\/\/variety.com\/2018\/film\/asia\/china-box-office-global-biggest-first-quarter-2018-1202742159\/\">koko maailman elokuvateatteribisneksen ykk\u00f6nen<\/a>. Se oli ennenkuulumatonta, mutta odotettua. (Asiaan toki vaikuttaa, ett\u00e4 Kiinassa alkuvuosi on suurin sesonki ja Yhdysvalloissa vuoden hiljaisinta aikaa leffateattereissa.)<\/p>\n\n\n\n<p>Menestys perustuu nimenomaan paikalliseen, sis\u00e4ll\u00f6lt\u00e4\u00e4n hyvin kevyeen tuotantoon, joka puolestaan ei hirve\u00e4sti levi\u00e4 Aasian ulkopuolelle.&nbsp;Yksitt\u00e4iset elokuvat voivat jo tavoitella miljardin dollarin lipunmyynti\u00e4 yksinomaan Kiinan markkinoilla, ja sek\u00e4 The Legend of the Ancient Sword ett\u00e4 Operation Somalia kuuluvat oletettuihin l\u00e4hiaikojen hyperhitteihin.<\/p>\n\n\n\n<p>Isojen tuotantojen aikaa on kest\u00e4nyt Kiinassa vasta alle kymmenen vuotta. Ohjaajiksi on v\u00e4rv\u00e4tty kokeneita tekij\u00f6it\u00e4 Hongkongin elokuvateollisuudesta sek\u00e4 Hollywoodista. Parhaiten p\u00e4rj\u00e4\u00e4v\u00e4t ne, jotka osaavat sopeutua, keskittyv\u00e4t kuviin ja hallitsevat ison koneiston. Kielimuuria ei ilmeisesti tarvitse ylitt\u00e4\u00e4, sen aiheuttamia hankaluuksia pit\u00e4\u00e4 vain kest\u00e4\u00e4. Suomi on ollut poikkeuksellisella tavalla edustettuna kiinalaiskent\u00e4ss\u00e4 jo nyt, sill\u00e4 my\u00f6s <strong>Timo Vuorensola<\/strong> tekee siell\u00e4 <em>Iron Sky: The Arkia<\/em>. Sen budjetti (noin 25 miljoonaa euroa) on samaa luokkaa kuin Suomen elokuvas\u00e4\u00e4ti\u00f6n koko vuoden tuet pitkille elokuville.<\/p>\n\n\n\n<p>Kun Harlin boikotoi yhteistuotantosopimuksia (ja tekij\u00e4kontakteja) tavoittelevaa delegaatiota, kyseess\u00e4 oli siis <em>todella<\/em> iso asia. Kiinassa on enemm\u00e4n irrallista ja yll\u00e4tt\u00e4v\u00e4ll\u00e4 tavalla k\u00e4ytt\u00e4ytyv\u00e4\u00e4 tuotantorahaa kuin miss\u00e4\u00e4n muualla. Delegaation toimintaa esimerkiksi televisioitiin Kiinassa maan suurimmalla elokuvakanavalla, kertoi Suomen Peking-suurl\u00e4hetyst\u00f6 Facebook-sivullaan.<\/p>\n\n\n\n<p><a href=\"https:\/\/www.mtv.fi\/viihde\/elokuvat\/artikkeli\/renny-harlin-kieltaytyy-yhteistyosta-kulttuuriministerin-kanssa-luottamus-on-mennyt-perun-sovitut-tapaamiset-kiinassa\/6832312#gs.Zmp6bTo\">Harlinin MTV:lle Terhosta<\/a> antama kommentti <em>&#8221;en n\u00e4e, ett\u00e4 h\u00e4n elokuvan tekemisest\u00e4 ymm\u00e4rt\u00e4\u00e4 paljoakaan tai tukee heit\u00e4 oikealla tavalla. Tietenkin kaikkia niit\u00e4 pit\u00e4\u00e4 tukea, joita on kaltoin kohdeltu. Se ei kuitenkaan ole kulttuuriministerin teht\u00e4v\u00e4 ryhty\u00e4 tuomariksi ja py\u00f6veliksi. T\u00e4m\u00e4 minun puheenvuoro ei ole <span class=\"person\">Akun<\/span> puolesta vaan kulttuurin ja elokuvan puolesta&#8221;<\/em> her\u00e4tt\u00e4\u00e4 toki enemm\u00e4nkin kysymyksi\u00e4, mutta keskityt\u00e4\u00e4n nyt delegaatioboikottiin. Miksi, ja miksi juuri nyt? Vastauksia voi olla useita.<\/p>\n\n\n\n<p>Jotenkin on vaikea kuvitella, ett\u00e4 Harlin olisi painokkaasti asettunut <strong>Aku Louhimiehen<\/strong> taakse, koska eiv\u00e4th\u00e4n Harlinia ole suomalaisen elokuvakent\u00e4n yksitt\u00e4iset ihmiset kiinnostaneet en\u00e4\u00e4 aikoihin. Vaikka h\u00e4n olisi Louhimiehen kaveri, tuskin h\u00e4n sit\u00e4 silti julistaisi t\u00e4ll\u00e4 painoarvolla, johon kuuluu ilmeinen riski dinosaurusten puolelle asettumisessa #metoo-maailmassa.<\/p>\n\n\n\n<p>Ehk\u00e4 Harlin ei halunnut tukea Kiinan-delegaation kuuluneiden suomalaisten elokuva-alan tyyppien edistyst\u00e4, tai ehk\u00e4 delegaatioon eiv\u00e4t nimenomaisesti kuuluneet h\u00e4nen omat suomalaiset kaverinsa.<\/p>\n\n\n\n<p>Niin tai n\u00e4in, ainakin Harlin asettui <em>eritt\u00e4in<\/em> voimakkaasti Terhoa vastaan kaikissa asiasta antamissaan lausunnoissa. Ehk\u00e4 kyseess\u00e4 on v\u00e4lillinen, Harlinin suomalaiskavereilta tuleva kritiikki Terhoa ja muun muassa elokuvatuotantotukien verollepanoa kaavailevaa hallitusta kohtaan. (Verollepano olisi k\u00e4yt\u00e4nn\u00f6ss\u00e4 veron kokoinen v\u00e4hennys Suomessa muutenkin alimitoitettuihin tuotantotukiin, joiden laahaaminen j\u00e4rkytt\u00e4v\u00e4n paljon muita Pohjoismaita j\u00e4ljess\u00e4 ei sek\u00e4\u00e4n ole Terhoa kiinnostanut.) Eli ehk\u00e4 <strong>Markus Selin<\/strong> ja Harlin ovat sopineet riitansa.<\/p>\n\n\n\n<p>Spekulaatiota t\u00e4m\u00e4kin, mutta todetaan silti:<\/p>\n\n\n\n<p>Viime viikolla k\u00e4vi ilmi, ett\u00e4 Amazon kaavailee <a href=\"https:\/\/news.avclub.com\/amazon-might-spend-1-billion-to-adapt-sci-fi-trilogy-1824174388\">miljardin dollarin sarjatuotantoa <em>The Three-Body Problem<\/em> -nimisest\u00e4<\/a> kiinalaisesta scifiromaanitrilogiasta.<\/p>\n\n\n\n<p>Se olisi Amazonin tai tarkemmin Amazon Prime -striimauspalvelun valtava p\u00e4\u00e4navaus Kiinan markkinoille ja tavoitteena olisi toki my\u00f6s maailmanlaajuinen menestys. Miljardin dollarin budjetilla kyseess\u00e4 olisi kaikkien aikojen kallein sarja ja todenn\u00e4k\u00f6isesti maailman kaikkien aikojen kallein yksitt\u00e4inen audiovisuaalinen tuotanto.<\/p>\n\n\n\n<p>Ehk\u00e4 Kiinan menestyneimm\u00e4ll\u00e4 l\u00e4nsiohjaajalla on juuri nyt vain todella, todella kova kiire? T\u00e4llaisen hieman arvoituksellisen kuvan h\u00e4n nimitt\u00e4in julkaisi p\u00e4\u00e4si\u00e4isen\u00e4 Instagramissa.<\/p>\n\n\n\n<p><blockquote class=\"instagram-media\" data-instgrm-captioned data-instgrm-permalink=\"https:\/\/www.instagram.com\/p\/BhAzWR6FyZw\/\" data-instgrm-version=\"8\" style=\" background:#FFF; border:0; border-radius:3px; box-shadow:0 0 1px 0 rgba(0,0,0,0.5),0 1px 10px 0 rgba(0,0,0,0.15); margin: 1px; max-width:630px; padding:0; width:99.375%; width:-webkit-calc(100% - 2px); width:calc(100% - 2px);\"><div style=\"padding:8px;\"> <div style=\" background:#F8F8F8; line-height:0; margin-top:40px; padding:37.407407407407405% 0; text-align:center; width:100%;\"> <div style=\" background:url(data:image\/png;base64,iVBORw0KGgoAAAANSUhEUgAAACwAAAAsCAMAAAApWqozAAAABGdBTUEAALGPC\/xhBQAAAAFzUkdCAK7OHOkAAAAMUExURczMzPf399fX1+bm5mzY9AMAAADiSURBVDjLvZXbEsMgCES5\/P8\/t9FuRVCRmU73JWlzosgSIIZURCjo\/ad+EQJJB4Hv8BFt+IDpQoCx1wjOSBFhh2XssxEIYn3ulI\/6MNReE07UIWJEv8UEOWDS88LY97kqyTliJKKtuYBbruAyVh5wOHiXmpi5we58Ek028czwyuQdLKPG1Bkb4NnM+VeAnfHqn1k4+GPT6uGQcvu2h2OVuIf\/gWUFyy8OWEpdyZSa3aVCqpVoVvzZZ2VTnn2wU8qzVjDDetO90GSy9mVLqtgYSy231MxrY6I2gGqjrTY0L8fxCxfCBbhWrsYYAAAAAElFTkSuQmCC); display:block; height:44px; margin:0 auto -44px; position:relative; top:-22px; width:44px;\"><\/div><\/div> <p style=\" margin:8px 0 0 0; padding:0 4px;\"> <a href=\"https:\/\/www.instagram.com\/p\/BhAzWR6FyZw\/\" style=\" color:#000; font-family:Arial,sans-serif; font-size:14px; font-style:normal; font-weight:normal; line-height:17px; text-decoration:none; word-wrap:break-word;\" target=\"_blank\">Happy Easter! Celebrating with some light weekend reading.<\/a><\/p> <p style=\" color:#c9c8cd; font-family:Arial,sans-serif; font-size:14px; line-height:17px; margin-bottom:0; margin-top:8px; overflow:hidden; padding:8px 0 7px; text-align:center; text-overflow:ellipsis; white-space:nowrap;\">A post shared by <a href=\"https:\/\/www.instagram.com\/rennyharlin\/\" style=\" color:#c9c8cd; font-family:Arial,sans-serif; font-size:14px; font-style:normal; font-weight:normal; line-height:17px;\" target=\"_blank\"> Renny Harlin<\/a> (@rennyharlin) on <time style=\" font-family:Arial,sans-serif; font-size:14px; line-height:17px;\" datetime=\"2018-04-01T03:20:56+00:00\">Mar 31, 2018 at 8:20pm PDT<\/time><\/p><\/div><\/blockquote><script async defer src=\"\/\/www.instagram.com\/embed.js\"><\/script><\/p>\n\n\n\n<p>&nbsp;<\/p>\n\n\n\n<p>&nbsp;<\/p>\n\n\n","protected":false},"excerpt":{"rendered":"<p>Viime viikon alussa Renny Harlin \u00e4r\u00e4hti. Se kuulosti Suomessa v\u00e4h\u00e4n kummalliselta, koska meid\u00e4n n\u00e4k\u00f6kulmastamme entinen kultapoika on kadonnut jonnekin kansainv\u00e4listen miljon\u00e4\u00e4rien v\u00e4litilaan: ei Renska en\u00e4\u00e4 Hollywood-leffoja ainakaan tee. Kun Harlin siis ilmoitti<br \/>\njulkisuuteen&hellip;<\/p>\n","protected":false},"author":144,"featured_media":0,"comment_status":"open","ping_status":"closed","sticky":false,"template":"","format":"standard","meta":{"_acf_changed":false,"asauth_required_access_level":3,"asauth_cansharepaid":"true","om_header_attributes":[],"footnotes":"","om_featured_image_focal_point":[],"om_primary_tag":0,"om_contributors":[],"om_co_authors":[],"beyondwords_generate_audio":"","beyondwords_project_id":"","beyondwords_content_id":"","beyondwords_preview_token":"","beyondwords_player_content":"","beyondwords_player_style":"","beyondwords_language_code":"","beyondwords_language_id":"","beyondwords_title_voice_id":"","beyondwords_body_voice_id":"","beyondwords_summary_voice_id":"","beyondwords_error_message":"","beyondwords_disabled":"","beyondwords_delete_content":"","beyondwords_podcast_id":"","beyondwords_hash":"","publish_post_to_speechkit":"","speechkit_hash":"","speechkit_generate_audio":"","speechkit_project_id":"","speechkit_podcast_id":"","speechkit_error_message":"","speechkit_disabled":"","speechkit_access_key":"","speechkit_error":"","speechkit_info":"","speechkit_response":"","speechkit_retries":"","speechkit_status":"","speechkit_updated_at":"","_speechkit_link":"","_speechkit_text":""},"categories":[1],"tags":[681,345,2537,2536],"class_list":["post-4421","post","type-post","status-publish","format-standard","hentry","category-kuvien-takaa","tag-kiina","tag-renny-harlin","tag-sampo-terho","tag-three-body-problem"],"om_views":null,"acf":{"tuuma_off":false,"tuuma_kysymys":"","tuuma_vastaus":""},"asauth":{"required_access_level":1,"share_token":"","is_paid":false},"yoast_head":"<!-- This site is optimized with the Yoast SEO plugin v26.4 - https:\/\/yoast.com\/wordpress\/plugins\/seo\/ -->\n<title>Renny Harlin, Sampo Terho ja miljardin dollarin jutut - Kuvien takaa<\/title>\n<meta name=\"description\" content=\"Miksi Renny Harlin boikotoi Sampo Terhon ja suomalaisen elokuva-alan delegaatiota Kiinassa?\" \/>\n<meta name=\"robots\" content=\"index, follow, max-snippet:-1, max-image-preview:large, max-video-preview:-1\" \/>\n<link rel=\"canonical\" href=\"https:\/\/suomenkuvalehti.fi\/kuvien-takaa\/4421-2\/\" \/>\n<meta property=\"og:locale\" content=\"fi_FI\" \/>\n<meta property=\"og:type\" content=\"article\" \/>\n<meta property=\"og:title\" content=\"Renny Harlin, Sampo Terho ja miljardin dollarin jutut - Kuvien takaa\" \/>\n<meta property=\"og:description\" content=\"Miksi Renny Harlin boikotoi Sampo Terhon ja suomalaisen elokuva-alan delegaatiota Kiinassa?\" \/>\n<meta property=\"og:url\" content=\"https:\/\/suomenkuvalehti.fi\/kuvien-takaa\/4421-2\/\" \/>\n<meta property=\"og:site_name\" content=\"Kuvien takaa\" \/>\n<meta property=\"article:author\" content=\"https:\/\/www.facebook.com\/pages\/Kalle-Kinnunen-Kuvien-takaa\/190326157715410?fref=ts\" \/>\n<meta property=\"article:published_time\" content=\"2018-04-04T08:57:32+00:00\" \/>\n<meta property=\"article:modified_time\" content=\"2018-04-04T09:22:41+00:00\" \/>\n<meta property=\"og:image\" content=\"https:\/\/suomenkuvalehti.fi\/kuvien-takaa\/wp-content\/uploads\/sites\/11\/2022\/04\/kalle_kinnunen_blogi-1-scaled.jpg\" \/>\n\t<meta property=\"og:image:width\" content=\"2560\" \/>\n\t<meta property=\"og:image:height\" content=\"1707\" \/>\n\t<meta property=\"og:image:type\" content=\"image\/jpeg\" \/>\n<meta name=\"author\" content=\"Kalle Kinnunen\" \/>\n<meta name=\"twitter:card\" content=\"summary_large_image\" \/>\n<meta name=\"twitter:creator\" content=\"@https:\/\/twitter.com\/kallekinnunen\" \/>\n<meta name=\"twitter:label1\" content=\"Written by\" \/>\n\t<meta name=\"twitter:data1\" content=\"Kalle Kinnunen\" \/>\n\t<meta name=\"twitter:label2\" content=\"Est. reading time\" \/>\n\t<meta name=\"twitter:data2\" content=\"4 minuuttia\" \/>\n<script type=\"application\/ld+json\" class=\"yoast-schema-graph\">{\"@context\":\"https:\/\/schema.org\",\"@graph\":[{\"@type\":\"WebPage\",\"@id\":\"https:\/\/suomenkuvalehti.fi\/kuvien-takaa\/4421-2\/\",\"url\":\"https:\/\/suomenkuvalehti.fi\/kuvien-takaa\/4421-2\/\",\"name\":\"Renny Harlin, Sampo Terho ja miljardin dollarin jutut - Kuvien takaa\",\"isPartOf\":{\"@id\":\"https:\/\/suomenkuvalehti.fi\/kuvien-takaa\/#website\"},\"datePublished\":\"2018-04-04T08:57:32+00:00\",\"dateModified\":\"2018-04-04T09:22:41+00:00\",\"author\":{\"@id\":\"https:\/\/suomenkuvalehti.fi\/kuvien-takaa\/#\/schema\/person\/f3f657e4ad409e008f12af27bec60a23\"},\"description\":\"Miksi Renny Harlin boikotoi Sampo Terhon ja suomalaisen elokuva-alan delegaatiota Kiinassa?\",\"breadcrumb\":{\"@id\":\"https:\/\/suomenkuvalehti.fi\/kuvien-takaa\/4421-2\/#breadcrumb\"},\"inLanguage\":\"fi\",\"potentialAction\":[{\"@type\":\"ReadAction\",\"target\":[\"https:\/\/suomenkuvalehti.fi\/kuvien-takaa\/4421-2\/\"]}]},{\"@type\":\"BreadcrumbList\",\"@id\":\"https:\/\/suomenkuvalehti.fi\/kuvien-takaa\/4421-2\/#breadcrumb\",\"itemListElement\":[{\"@type\":\"ListItem\",\"position\":1,\"name\":\"Home\",\"item\":\"https:\/\/suomenkuvalehti.fi\/kuvien-takaa\/\"},{\"@type\":\"ListItem\",\"position\":2,\"name\":\"Renny Harlin, Sampo Terho ja miljardin dollarin jutut\"}]},{\"@type\":\"WebSite\",\"@id\":\"https:\/\/suomenkuvalehti.fi\/kuvien-takaa\/#website\",\"url\":\"https:\/\/suomenkuvalehti.fi\/kuvien-takaa\/\",\"name\":\"Kuvien takaa\",\"description\":\"Elokuvakriitikko Kalle Kinnusen elokuvablogi.\",\"potentialAction\":[{\"@type\":\"SearchAction\",\"target\":{\"@type\":\"EntryPoint\",\"urlTemplate\":\"https:\/\/suomenkuvalehti.fi\/haku\/?q={search_term_string}\"},\"query-input\":{\"@type\":\"PropertyValueSpecification\",\"valueRequired\":true,\"valueName\":\"search_term_string\"}}],\"inLanguage\":\"fi\"},{\"@type\":\"Person\",\"@id\":\"https:\/\/suomenkuvalehti.fi\/kuvien-takaa\/#\/schema\/person\/f3f657e4ad409e008f12af27bec60a23\",\"name\":\"Kalle Kinnunen\",\"image\":{\"@type\":\"ImageObject\",\"inLanguage\":\"fi\",\"@id\":\"https:\/\/suomenkuvalehti.fi\/kuvien-takaa\/#\/schema\/person\/image\/\",\"url\":\"https:\/\/suomenkuvalehti.fi\/kuvien-takaa\/wp-content\/uploads\/sites\/11\/2022\/04\/kalle_kinnunen_blogi-1-150x150.jpg\",\"contentUrl\":\"https:\/\/suomenkuvalehti.fi\/kuvien-takaa\/wp-content\/uploads\/sites\/11\/2022\/04\/kalle_kinnunen_blogi-1-150x150.jpg\",\"caption\":\"Kalle Kinnunen\"},\"description\":\"Kalle Kinnunen on vapaa toimittaja ja Suomen Kuvalehden avustaja.\",\"sameAs\":[\"https:\/\/www.facebook.com\/pages\/Kalle-Kinnunen-Kuvien-takaa\/190326157715410?fref=ts\",\"https:\/\/x.com\/https:\/\/twitter.com\/kallekinnunen\"]}]}<\/script>\n<!-- \/ Yoast SEO plugin. -->","yoast_head_json":{"title":"Renny Harlin, Sampo Terho ja miljardin dollarin jutut - Kuvien takaa","description":"Miksi Renny Harlin boikotoi Sampo Terhon ja suomalaisen elokuva-alan delegaatiota Kiinassa?","robots":{"index":"index","follow":"follow","max-snippet":"max-snippet:-1","max-image-preview":"max-image-preview:large","max-video-preview":"max-video-preview:-1"},"canonical":"https:\/\/suomenkuvalehti.fi\/kuvien-takaa\/4421-2\/","og_locale":"fi_FI","og_type":"article","og_title":"Renny Harlin, Sampo Terho ja miljardin dollarin jutut - Kuvien takaa","og_description":"Miksi Renny Harlin boikotoi Sampo Terhon ja suomalaisen elokuva-alan delegaatiota Kiinassa?","og_url":"https:\/\/suomenkuvalehti.fi\/kuvien-takaa\/4421-2\/","og_site_name":"Kuvien takaa","article_author":"https:\/\/www.facebook.com\/pages\/Kalle-Kinnunen-Kuvien-takaa\/190326157715410?fref=ts","article_published_time":"2018-04-04T08:57:32+00:00","article_modified_time":"2018-04-04T09:22:41+00:00","og_image":[{"width":2560,"height":1707,"url":"https:\/\/suomenkuvalehti.fi\/kuvien-takaa\/wp-content\/uploads\/sites\/11\/2022\/04\/kalle_kinnunen_blogi-1-scaled.jpg","type":"image\/jpeg"}],"author":"Kalle Kinnunen","twitter_card":"summary_large_image","twitter_creator":"@https:\/\/twitter.com\/kallekinnunen","twitter_misc":{"Written by":"Kalle Kinnunen","Est. reading time":"4 minuuttia"},"schema":{"@context":"https:\/\/schema.org","@graph":[{"@type":"WebPage","@id":"https:\/\/suomenkuvalehti.fi\/kuvien-takaa\/4421-2\/","url":"https:\/\/suomenkuvalehti.fi\/kuvien-takaa\/4421-2\/","name":"Renny Harlin, Sampo Terho ja miljardin dollarin jutut - Kuvien takaa","isPartOf":{"@id":"https:\/\/suomenkuvalehti.fi\/kuvien-takaa\/#website"},"datePublished":"2018-04-04T08:57:32+00:00","dateModified":"2018-04-04T09:22:41+00:00","author":{"@id":"https:\/\/suomenkuvalehti.fi\/kuvien-takaa\/#\/schema\/person\/f3f657e4ad409e008f12af27bec60a23"},"description":"Miksi Renny Harlin boikotoi Sampo Terhon ja suomalaisen elokuva-alan delegaatiota Kiinassa?","breadcrumb":{"@id":"https:\/\/suomenkuvalehti.fi\/kuvien-takaa\/4421-2\/#breadcrumb"},"inLanguage":"fi","potentialAction":[{"@type":"ReadAction","target":["https:\/\/suomenkuvalehti.fi\/kuvien-takaa\/4421-2\/"]}]},{"@type":"BreadcrumbList","@id":"https:\/\/suomenkuvalehti.fi\/kuvien-takaa\/4421-2\/#breadcrumb","itemListElement":[{"@type":"ListItem","position":1,"name":"Home","item":"https:\/\/suomenkuvalehti.fi\/kuvien-takaa\/"},{"@type":"ListItem","position":2,"name":"Renny Harlin, Sampo Terho ja miljardin dollarin jutut"}]},{"@type":"WebSite","@id":"https:\/\/suomenkuvalehti.fi\/kuvien-takaa\/#website","url":"https:\/\/suomenkuvalehti.fi\/kuvien-takaa\/","name":"Kuvien takaa","description":"Elokuvakriitikko Kalle Kinnusen elokuvablogi.","potentialAction":[{"@type":"SearchAction","target":{"@type":"EntryPoint","urlTemplate":"https:\/\/suomenkuvalehti.fi\/haku\/?q={search_term_string}"},"query-input":{"@type":"PropertyValueSpecification","valueRequired":true,"valueName":"search_term_string"}}],"inLanguage":"fi"},{"@type":"Person","@id":"https:\/\/suomenkuvalehti.fi\/kuvien-takaa\/#\/schema\/person\/f3f657e4ad409e008f12af27bec60a23","name":"Kalle Kinnunen","image":{"@type":"ImageObject","inLanguage":"fi","@id":"https:\/\/suomenkuvalehti.fi\/kuvien-takaa\/#\/schema\/person\/image\/","url":"https:\/\/suomenkuvalehti.fi\/kuvien-takaa\/wp-content\/uploads\/sites\/11\/2022\/04\/kalle_kinnunen_blogi-1-150x150.jpg","contentUrl":"https:\/\/suomenkuvalehti.fi\/kuvien-takaa\/wp-content\/uploads\/sites\/11\/2022\/04\/kalle_kinnunen_blogi-1-150x150.jpg","caption":"Kalle Kinnunen"},"description":"Kalle Kinnunen on vapaa toimittaja ja Suomen Kuvalehden avustaja.","sameAs":["https:\/\/www.facebook.com\/pages\/Kalle-Kinnunen-Kuvien-takaa\/190326157715410?fref=ts","https:\/\/x.com\/https:\/\/twitter.com\/kallekinnunen"]}]}},"_links":{"self":[{"href":"https:\/\/suomenkuvalehti.fi\/kuvien-takaa\/wp-json\/wp\/v2\/posts\/4421","targetHints":{"allow":["GET"]}}],"collection":[{"href":"https:\/\/suomenkuvalehti.fi\/kuvien-takaa\/wp-json\/wp\/v2\/posts"}],"about":[{"href":"https:\/\/suomenkuvalehti.fi\/kuvien-takaa\/wp-json\/wp\/v2\/types\/post"}],"author":[{"embeddable":true,"href":"https:\/\/suomenkuvalehti.fi\/kuvien-takaa\/wp-json\/wp\/v2\/users\/144"}],"replies":[{"embeddable":true,"href":"https:\/\/suomenkuvalehti.fi\/kuvien-takaa\/wp-json\/wp\/v2\/comments?post=4421"}],"version-history":[{"count":5,"href":"https:\/\/suomenkuvalehti.fi\/kuvien-takaa\/wp-json\/wp\/v2\/posts\/4421\/revisions"}],"predecessor-version":[{"id":4427,"href":"https:\/\/suomenkuvalehti.fi\/kuvien-takaa\/wp-json\/wp\/v2\/posts\/4421\/revisions\/4427"}],"wp:attachment":[{"href":"https:\/\/suomenkuvalehti.fi\/kuvien-takaa\/wp-json\/wp\/v2\/media?parent=4421"}],"wp:term":[{"taxonomy":"category","embeddable":true,"href":"https:\/\/suomenkuvalehti.fi\/kuvien-takaa\/wp-json\/wp\/v2\/categories?post=4421"},{"taxonomy":"post_tag","embeddable":true,"href":"https:\/\/suomenkuvalehti.fi\/kuvien-takaa\/wp-json\/wp\/v2\/tags?post=4421"}],"curies":[{"name":"wp","href":"https:\/\/api.w.org\/{rel}","templated":true}]}}