{"id":440,"date":"2012-05-10T10:40:00","date_gmt":"2012-05-10T07:40:00","guid":{"rendered":"https:\/\/suomenkuvalehti.fi\/kuvientakaa\/2012\/05\/10\/sensuurin-uhri-punainen-vaara-suomen-ensi-illassa-patrick-swayze-ja-charlie-sheen-vastaan-neuvostomiehittajat\/"},"modified":"2013-11-30T16:24:25","modified_gmt":"2013-11-30T14:24:25","slug":"sensuurin-uhri-punainen-vaara-suomen-ensi-illassa-patrick-swayze-ja-charlie-sheen-vastaan-neuvostomiehittajat","status":"publish","type":"post","link":"https:\/\/suomenkuvalehti.fi\/kuvien-takaa\/sensuurin-uhri-punainen-vaara-suomen-ensi-illassa-patrick-swayze-ja-charlie-sheen-vastaan-neuvostomiehittajat\/","title":{"rendered":"Sensuurin uhri Punainen vaara Suomen ensi-illassa: Patrick Swayze ja Charlie Sheen vastaan neuvostomiehitt\u00e4j\u00e4t"},"content":{"rendered":"\n<p>Eilen keskiviikkona sai Suomen valkokangasensi-iltansa <em>Punainen vaara<\/em>. Viivett\u00e4 valmistumisesta on 28 vuotta. Elokuva oli viimeisi\u00e4 meill\u00e4 kylm\u00e4n sodan aikana ulkopoliittisista syist\u00e4 kiellettyj\u00e4. Viel\u00e4 vuotta my\u00f6hemmin sensuuriin joutui <em>J\u00e4\u00e4t\u00e4v\u00e4 polte<\/em>.<\/p>\n\n\n\n\n<p>Hollywood-studion kohtuullisella budjetilla tuottama elokuva on seikkailullinen, mutta verinenkin kertomus kolmannesta maailmansodasta. Ohjaaja <strong>John Milius<\/strong> on itse julistautunut sotahulluksi, joten sellaiseksi h\u00e4nt\u00e4 ei voi kai oikein erikseen syytt\u00e4\u00e4.<\/p>\n\n\n\n<p><strong>Patrick Swayne<\/strong>, <strong>Charlie Sheen<\/strong> ja kumppanit esitt\u00e4v\u00e4t periamerikkalaisen pikkukaupungin high school -j\u00e4tki\u00e4, jotka neukkumiehityksen alkaessa pakenevat vuorilla ja aloittavat sissisodan.<\/p>\n\n\n\n<p>Allekirjoittaneelle Punainen vaara &#8211; <a href=\"https:\/\/www.youtube.com\/watch?v=1_I4WgBfETc\">t\u00e4ss\u00e4 tiukka traileri<\/a> &#8211; on \u00e4lytt\u00f6myydess\u00e4\u00e4nkin 1980-luvun parhaita amerikkalaisia viihde-elokuvia. Suhteeni siihen on v\u00e4h\u00e4n kaksijakoinen. Rakastan elokuvan intohimoisuutta. Sen hyperpatriotismiin taas suhtaudun ajan kulumisen suomalla ironialla. Joka tapauksessa se vet\u00e4\u00e4 imuunsa mielett\u00f6m\u00e4n hyvin. (Kirjoitin blogiini siit\u00e4 ja sen edelleen limbossa olevasta uusintaversiosta blogissani liki vuosi sitten: <em><a href=\"https:\/\/suomenkuvalehti.fi\/kuvientakaa\/2011\/09\/30\/kylman-sodan-patrioottijulistus-punainen-vaara-ja-merkillinen-uusintafilmatisointi\/\">Kylm\u00e4n sodan patrioottijulistus Punainen vaara ja merkillinen uusintafilmatisointi<\/a>.<\/em>)<\/p>\n\n\n\n<p>T\u00e4ll\u00e4 kertaa kannibalisoin muutamia palasia Basso-lehden El\u00e4m\u00e4\u00e4 sairaammat elokuvat -juttusarjaani reilu vuosi sitten kirjoittamastani Punainen vaara-artikkelista. Varoitus, sis\u00e4lt\u00e4\u00e4 sitaatteja sitaattien sis\u00e4ll\u00e4. Varoitus muutenkin.<\/p>\n\n\n\n<p>***<\/p>\n\n\n\n<p><em><strong>Saddam Hussein<\/strong> otettiin kiinni vinkkien perusteella Irakissa joulukuussa 2003. Operaation nimi oli Red Dawn. Iskuyksik\u00f6t oli nimetty Wolverineiksi.<br>Pian hirteen p\u00e4\u00e4tyneen diktaattorin sieppaus sai nimens\u00e4 vuonna 1984 valmistuneesta kulttielokuvasta Red Dawn eli Punainen vaara. Nimi oli operaatiolle oivallinen, koska elokuva on &#8221;is\u00e4nmaallinen ja amerikanmy\u00f6t\u00e4inen&#8221;, ilmoitti operaatioon osallistunut kapteeni <strong>Geoffrey McMurray<\/strong>.<br>&#8221;Olen syv\u00e4sti imarreltu&#8221;, kommentoi k\u00e4sikirjoittaja ja ohjaaja, John Milius.<br>Suomessa Punainen vaara on merkitt\u00e4v\u00e4 siksi, ett\u00e4 se oli yksi viimeisi\u00e4 elokuvia, joita meid\u00e4n elokuvasensuurimme 1980-luvulla kielsi Neuvostoliiton pyynn\u00f6st\u00e4.<br>Nuorisolle suunnattua elokuvaa, jonka p\u00e4\u00e4osissa olivat Patrick Swayze ja Charlie Sheen, ei siis saatu n\u00e4ytt\u00e4\u00e4 Suomessa lainkaan, kenellek\u00e4\u00e4n.<\/em><\/p>\n\n\n\n<p>***<\/p>\n\n\n\n<p><em>Asetelma on absurdi: j\u00e4b\u00e4t, joilla ei viel\u00e4 parta kasva, taistelemassa valloittaja-armeijaa vastaan. C&#8217;mon!<br>Vastarintaliike-elokuva, jonka p\u00e4\u00e4henkil\u00f6t ovat amerikkalaisia teinej\u00e4 &#8211; c&#8217;mon!<br>Seikkailuelokuvan reippaus yhdistettyn\u00e4 \u00e4\u00e4rimilitarismiin ja kaverien teloittamiseen &#8211; c&#8217;mon!<br>Mutta: Punainen vaara ottaa juonensa sataprosenttisen tosissaan. Siksi elokuva tempaa mukaansa ja &#8211; t\u00e4t\u00e4 voi olla vaikea uskoa &#8211; jopa koskettaa aidosti.<br>Punainen vaara on \u00e4lykk\u00e4\u00e4sti kirjoitettu viihdesotaelokuva ja vainoharhafantasia. Se kuuluu &#8221;mit\u00e4 itse tekisit&#8221; -lajityyppiin, jossa mattimeik\u00e4l\u00e4isi\u00e4 vied\u00e4\u00e4n merkillisess\u00e4, mutta silti jotenkin ihan mahdolliselta tuntuvassa tilanteessa. Juoni ei ole kaavamainen. Se tuntuu todelta, vaikkei paperilla silt\u00e4 varmaan kuulosta.<br>Kohtaus, jossa kaverukset teloittavat yst\u00e4v\u00e4ns\u00e4 on aivan siet\u00e4m\u00e4t\u00f6n. Ja mik\u00e4 hulluinta, l\u00e4skip\u00e4\u00e4-Jedin <\/em>(Swayze)<em> ja kumppanien julma ratkaisu heikompaansa kohtaan alkaa tuntua t\u00e4ysin perustellulta: N\u00e4in on toimittava. T\u00e4m\u00e4 on sotaa.<\/em><\/p>\n\n\n\n<p>***<\/p>\n\n\n\n<p><em>Miliuksen visio on vahva, koska h\u00e4n uskoi t\u00e4ysin Punaisen vaaran esitt\u00e4m\u00e4\u00e4n mahdollisuuteen. H\u00e4n teki propagandaelokuvan, jonka katsoi tarpeelliseksi. Kun <\/em>(neuvostoupseeri)<em> Bella puhuu lomakkeesta 4473 <\/em>(joiden perusteella ker\u00e4t\u00e4\u00e4n kaupunkilaisia keskitysleirille)<em>, kyseess\u00e4 ei ole vitsi. Tuo lomake on edelleen vapaata aseenkantoa kannattavien amerikkalaisten painajainen. Niiden perusteellahan kaikki sissivastarintaan kykenev\u00e4t voitaisiin ker\u00e4t\u00e4 ja tuhota, jos vihollinen p\u00e4\u00e4sisi kolmannessa maailmansodassa miehitt\u00e4m\u00e4\u00e4n Yhdysvaltoja.<br>Kaikessa militarismissaankin Punainen vaara on tehty rakkaudesta el\u00e4m\u00e4\u00e4, nimitt\u00e4in sotilasel\u00e4m\u00e4\u00e4 kohtaan. V\u00e4kivalta on luonnollista ja v\u00e4ltt\u00e4m\u00e4t\u00f6nt\u00e4 Miliuksen maailmassa. Mutta esimerkiksi eversti Bella on rehti, todellinen soturi &#8211; h\u00e4n ei halua pahaa siviileille, h\u00e4n haluaa ett\u00e4 taistelu k\u00e4yd\u00e4\u00e4n oikein s\u00e4\u00e4nn\u00f6in.<br>Zen-fasistiksi itse\u00e4\u00e4n luonnehtinut Milius oli 1970-luvun puoliv\u00e4liss\u00e4 samaa nuorten lupausten koplaa kuin <strong>Steven Spielberg<\/strong> ja <strong>Francis Ford Coppola<\/strong>. H\u00e4n kirjoitti <\/em>Ilmestyskirja Nytin<em> ja osan <\/em>Likaisesta Harrysta<em>, mukaan lukien kuuluisimmat repliikit (&#8221;Do you feel lucky, punk?&#8221;). H\u00e4n tohtoroi <\/em>Tappajahain<em> k\u00e4sikirjoitusta ja ohjasi <\/em>Conan Barbaarin<em>.<br>Elokuvahommien ulkopuolella Milius oli ultimate fightingin alkuaikoina lajin aktiivinen kehitt\u00e4j\u00e4 ja keksi, ett\u00e4 siin\u00e4 on parasta k\u00e4ytt\u00e4\u00e4 kahdeksankulmaista keh\u00e4\u00e4.<\/em><\/p>\n\n\n\n<p>***<\/p>\n\n\n\n<p><em>&#8221;Yritin kertoa kaikille, ett\u00e4 Punainen vaara ei kerro vain Neuvostoliitosta, vaan liittohallituksesta&#8221;, Milius kiteytti Uncut-lehdelle vuonna 2003.<br>&#8221;Demokraattihallinnon aikaan vajoan luonnolliseen vainoharhatilaan. Reaganin aikaan olin OK. Vanhemman <strong>Bushin<\/strong> aikaan oli parempi fiilis. <strong>George W. Bushista<\/strong> tykk\u00e4\u00e4n todella. Ei, minulla ei ole h\u00e4nt\u00e4 mainostavaa puskuritarraa, mutta v\u00e4h\u00e4n aikaa sitten minulla oli. Siin\u00e4 luki Give War a Chance.&#8221;<br>Kuten <strong>Quentin Tarantino<\/strong> on todennut, elokuvakerronnan ytimess\u00e4 ollaan silloin, kun katsoja voi upota estoitta jopa maailmaan, jonka ajatukset ja ideologia ovat h\u00e4nelle t\u00e4ysin vieraita.<br>&#8221;Minun yleis\u00f6ni ei koostu Harvardissa eurosentrisi\u00e4 tai afrosentrisi\u00e4 kursseja k\u00e4yvist\u00e4 ihmisist\u00e4. Ei, he ovat enemm\u00e4nkin jengi\u00e4 jolla on rekkamieslippikset.&#8221;<\/em><\/p>\n\n\n\n<p>***<\/p>\n\n\n\n<p>Punaisesta vaarasta on <a href=\"http:\/\/www.kava.fi\/\">Kansallisen audiovisuaalisen arkiston<\/a> Orion-teatterissa toinen esitys viel\u00e4 lauantaina klo 21. Mahdollisuus n\u00e4hd\u00e4 se kankaalta (ruotsalainen esityskopio on kuulemma ensiluokkaisessa kunnossa) on erikoislaatuinen. <em>Count me in<\/em>.<\/p>\n\n\n\n<p>P.S. Elokuvassa n\u00e4hd\u00e4\u00e4n suomalainen <a href=\"http:\/\/fi.wikipedia.org\/wiki\/Jatimatic\">Jatimatic<\/a>.<\/p>\n\n\n","protected":false},"excerpt":{"rendered":"<p>Eilen keskiviikkona sai Suomen valkokangasensi-iltansa Punainen vaara. Viivett\u00e4 valmistumisesta on 28 vuotta. Elokuva oli viimeisi\u00e4 meill\u00e4 kylm\u00e4n sodan aikana ulkopoliittisista syist\u00e4 kiellettyj\u00e4. Viel\u00e4 vuotta<br \/>\nmy\u00f6hem&hellip;<\/p>\n","protected":false},"author":144,"featured_media":0,"comment_status":"open","ping_status":"open","sticky":false,"template":"","format":"standard","meta":{"_acf_changed":false,"asauth_required_access_level":0,"asauth_cansharepaid":"","om_header_attributes":[],"footnotes":"","om_featured_image_focal_point":[],"om_primary_tag":0,"om_contributors":[],"om_co_authors":[],"beyondwords_generate_audio":"","beyondwords_project_id":"","beyondwords_content_id":"","beyondwords_preview_token":"","beyondwords_player_content":"","beyondwords_player_style":"","beyondwords_language_code":"","beyondwords_language_id":"","beyondwords_title_voice_id":"","beyondwords_body_voice_id":"","beyondwords_summary_voice_id":"","beyondwords_error_message":"","beyondwords_disabled":"","beyondwords_delete_content":"","beyondwords_podcast_id":"","beyondwords_hash":"","publish_post_to_speechkit":"","speechkit_hash":"","speechkit_generate_audio":"","speechkit_project_id":"","speechkit_podcast_id":"","speechkit_error_message":"","speechkit_disabled":"","speechkit_access_key":"","speechkit_error":"","speechkit_info":"","speechkit_response":"","speechkit_retries":"","speechkit_status":"","speechkit_updated_at":"","_speechkit_link":"","_speechkit_text":""},"categories":[1],"tags":[34,693,697,698,696,699,695,694],"class_list":["post-440","post","type-post","status-publish","format-standard","hentry","category-kuvien-takaa","tag-elokuvasensuuri","tag-john-milius","tag-kylma-sota","tag-neuvostoliitto","tag-patrick-swayze","tag-propagandaelokuvat","tag-punainen-vaara","tag-red-dawn"],"om_views":null,"acf":{"tuuma_off":false,"tuuma_kysymys":"","tuuma_vastaus":""},"asauth":{"required_access_level":1,"share_token":"","is_paid":false},"yoast_head":"<!-- This site is optimized with the Yoast SEO plugin v26.4 - https:\/\/yoast.com\/wordpress\/plugins\/seo\/ -->\n<title>Sensuurin uhri Punainen vaara Suomen ensi-illassa: Patrick Swayze ja Charlie Sheen vastaan neuvostomiehitt\u00e4j\u00e4t - Kuvien takaa<\/title>\n<meta name=\"robots\" content=\"index, follow, max-snippet:-1, max-image-preview:large, max-video-preview:-1\" \/>\n<link rel=\"canonical\" href=\"https:\/\/suomenkuvalehti.fi\/kuvien-takaa\/sensuurin-uhri-punainen-vaara-suomen-ensi-illassa-patrick-swayze-ja-charlie-sheen-vastaan-neuvostomiehittajat\/\" \/>\n<meta property=\"og:locale\" content=\"fi_FI\" \/>\n<meta property=\"og:type\" content=\"article\" \/>\n<meta property=\"og:title\" content=\"Sensuurin uhri Punainen vaara Suomen ensi-illassa: Patrick Swayze ja Charlie Sheen vastaan neuvostomiehitt\u00e4j\u00e4t - Kuvien takaa\" \/>\n<meta property=\"og:description\" content=\"Eilen keskiviikkona sai Suomen valkokangasensi-iltansa Punainen vaara. Viivett\u00e4 valmistumisesta on 28 vuotta. Elokuva oli viimeisi\u00e4 meill\u00e4 kylm\u00e4n sodan aikana ulkopoliittisista syist\u00e4 kiellettyj\u00e4. Viel\u00e4 vuotta my\u00f6hem&hellip;\" \/>\n<meta property=\"og:url\" content=\"https:\/\/suomenkuvalehti.fi\/kuvien-takaa\/sensuurin-uhri-punainen-vaara-suomen-ensi-illassa-patrick-swayze-ja-charlie-sheen-vastaan-neuvostomiehittajat\/\" \/>\n<meta property=\"og:site_name\" content=\"Kuvien takaa\" \/>\n<meta property=\"article:author\" content=\"https:\/\/www.facebook.com\/pages\/Kalle-Kinnunen-Kuvien-takaa\/190326157715410?fref=ts\" \/>\n<meta property=\"article:published_time\" content=\"2012-05-10T07:40:00+00:00\" \/>\n<meta property=\"article:modified_time\" content=\"2013-11-30T14:24:25+00:00\" \/>\n<meta property=\"og:image\" content=\"https:\/\/suomenkuvalehti.fi\/kuvien-takaa\/wp-content\/uploads\/sites\/11\/2022\/04\/kalle_kinnunen_blogi-1-scaled.jpg\" \/>\n\t<meta property=\"og:image:width\" content=\"2560\" \/>\n\t<meta property=\"og:image:height\" content=\"1707\" \/>\n\t<meta property=\"og:image:type\" content=\"image\/jpeg\" \/>\n<meta name=\"author\" content=\"Kalle Kinnunen\" \/>\n<meta name=\"twitter:card\" content=\"summary_large_image\" \/>\n<meta name=\"twitter:creator\" content=\"@https:\/\/twitter.com\/kallekinnunen\" \/>\n<meta name=\"twitter:label1\" content=\"Written by\" \/>\n\t<meta name=\"twitter:data1\" content=\"Kalle Kinnunen\" \/>\n\t<meta name=\"twitter:label2\" content=\"Est. reading time\" \/>\n\t<meta name=\"twitter:data2\" content=\"4 minuuttia\" \/>\n<script type=\"application\/ld+json\" class=\"yoast-schema-graph\">{\"@context\":\"https:\/\/schema.org\",\"@graph\":[{\"@type\":\"WebPage\",\"@id\":\"https:\/\/suomenkuvalehti.fi\/kuvien-takaa\/sensuurin-uhri-punainen-vaara-suomen-ensi-illassa-patrick-swayze-ja-charlie-sheen-vastaan-neuvostomiehittajat\/\",\"url\":\"https:\/\/suomenkuvalehti.fi\/kuvien-takaa\/sensuurin-uhri-punainen-vaara-suomen-ensi-illassa-patrick-swayze-ja-charlie-sheen-vastaan-neuvostomiehittajat\/\",\"name\":\"Sensuurin uhri Punainen vaara Suomen ensi-illassa: Patrick Swayze ja Charlie Sheen vastaan neuvostomiehitt\u00e4j\u00e4t - Kuvien takaa\",\"isPartOf\":{\"@id\":\"https:\/\/suomenkuvalehti.fi\/kuvien-takaa\/#website\"},\"datePublished\":\"2012-05-10T07:40:00+00:00\",\"dateModified\":\"2013-11-30T14:24:25+00:00\",\"author\":{\"@id\":\"https:\/\/suomenkuvalehti.fi\/kuvien-takaa\/#\/schema\/person\/f3f657e4ad409e008f12af27bec60a23\"},\"breadcrumb\":{\"@id\":\"https:\/\/suomenkuvalehti.fi\/kuvien-takaa\/sensuurin-uhri-punainen-vaara-suomen-ensi-illassa-patrick-swayze-ja-charlie-sheen-vastaan-neuvostomiehittajat\/#breadcrumb\"},\"inLanguage\":\"fi\",\"potentialAction\":[{\"@type\":\"ReadAction\",\"target\":[\"https:\/\/suomenkuvalehti.fi\/kuvien-takaa\/sensuurin-uhri-punainen-vaara-suomen-ensi-illassa-patrick-swayze-ja-charlie-sheen-vastaan-neuvostomiehittajat\/\"]}]},{\"@type\":\"BreadcrumbList\",\"@id\":\"https:\/\/suomenkuvalehti.fi\/kuvien-takaa\/sensuurin-uhri-punainen-vaara-suomen-ensi-illassa-patrick-swayze-ja-charlie-sheen-vastaan-neuvostomiehittajat\/#breadcrumb\",\"itemListElement\":[{\"@type\":\"ListItem\",\"position\":1,\"name\":\"Home\",\"item\":\"https:\/\/suomenkuvalehti.fi\/kuvien-takaa\/\"},{\"@type\":\"ListItem\",\"position\":2,\"name\":\"Sensuurin uhri Punainen vaara Suomen ensi-illassa: Patrick Swayze ja Charlie Sheen vastaan neuvostomiehitt\u00e4j\u00e4t\"}]},{\"@type\":\"WebSite\",\"@id\":\"https:\/\/suomenkuvalehti.fi\/kuvien-takaa\/#website\",\"url\":\"https:\/\/suomenkuvalehti.fi\/kuvien-takaa\/\",\"name\":\"Kuvien takaa\",\"description\":\"Elokuvakriitikko Kalle Kinnusen elokuvablogi.\",\"potentialAction\":[{\"@type\":\"SearchAction\",\"target\":{\"@type\":\"EntryPoint\",\"urlTemplate\":\"https:\/\/suomenkuvalehti.fi\/haku\/?q={search_term_string}\"},\"query-input\":{\"@type\":\"PropertyValueSpecification\",\"valueRequired\":true,\"valueName\":\"search_term_string\"}}],\"inLanguage\":\"fi\"},{\"@type\":\"Person\",\"@id\":\"https:\/\/suomenkuvalehti.fi\/kuvien-takaa\/#\/schema\/person\/f3f657e4ad409e008f12af27bec60a23\",\"name\":\"Kalle Kinnunen\",\"image\":{\"@type\":\"ImageObject\",\"inLanguage\":\"fi\",\"@id\":\"https:\/\/suomenkuvalehti.fi\/kuvien-takaa\/#\/schema\/person\/image\/\",\"url\":\"https:\/\/suomenkuvalehti.fi\/kuvien-takaa\/wp-content\/uploads\/sites\/11\/2022\/04\/kalle_kinnunen_blogi-1-150x150.jpg\",\"contentUrl\":\"https:\/\/suomenkuvalehti.fi\/kuvien-takaa\/wp-content\/uploads\/sites\/11\/2022\/04\/kalle_kinnunen_blogi-1-150x150.jpg\",\"caption\":\"Kalle Kinnunen\"},\"description\":\"Kalle Kinnunen on vapaa toimittaja ja Suomen Kuvalehden avustaja.\",\"sameAs\":[\"https:\/\/www.facebook.com\/pages\/Kalle-Kinnunen-Kuvien-takaa\/190326157715410?fref=ts\",\"https:\/\/x.com\/https:\/\/twitter.com\/kallekinnunen\"]}]}<\/script>\n<!-- \/ Yoast SEO plugin. -->","yoast_head_json":{"title":"Sensuurin uhri Punainen vaara Suomen ensi-illassa: Patrick Swayze ja Charlie Sheen vastaan neuvostomiehitt\u00e4j\u00e4t - Kuvien takaa","robots":{"index":"index","follow":"follow","max-snippet":"max-snippet:-1","max-image-preview":"max-image-preview:large","max-video-preview":"max-video-preview:-1"},"canonical":"https:\/\/suomenkuvalehti.fi\/kuvien-takaa\/sensuurin-uhri-punainen-vaara-suomen-ensi-illassa-patrick-swayze-ja-charlie-sheen-vastaan-neuvostomiehittajat\/","og_locale":"fi_FI","og_type":"article","og_title":"Sensuurin uhri Punainen vaara Suomen ensi-illassa: Patrick Swayze ja Charlie Sheen vastaan neuvostomiehitt\u00e4j\u00e4t - Kuvien takaa","og_description":"Eilen keskiviikkona sai Suomen valkokangasensi-iltansa Punainen vaara. Viivett\u00e4 valmistumisesta on 28 vuotta. Elokuva oli viimeisi\u00e4 meill\u00e4 kylm\u00e4n sodan aikana ulkopoliittisista syist\u00e4 kiellettyj\u00e4. Viel\u00e4 vuotta my\u00f6hem&hellip;","og_url":"https:\/\/suomenkuvalehti.fi\/kuvien-takaa\/sensuurin-uhri-punainen-vaara-suomen-ensi-illassa-patrick-swayze-ja-charlie-sheen-vastaan-neuvostomiehittajat\/","og_site_name":"Kuvien takaa","article_author":"https:\/\/www.facebook.com\/pages\/Kalle-Kinnunen-Kuvien-takaa\/190326157715410?fref=ts","article_published_time":"2012-05-10T07:40:00+00:00","article_modified_time":"2013-11-30T14:24:25+00:00","og_image":[{"width":2560,"height":1707,"url":"https:\/\/suomenkuvalehti.fi\/kuvien-takaa\/wp-content\/uploads\/sites\/11\/2022\/04\/kalle_kinnunen_blogi-1-scaled.jpg","type":"image\/jpeg"}],"author":"Kalle Kinnunen","twitter_card":"summary_large_image","twitter_creator":"@https:\/\/twitter.com\/kallekinnunen","twitter_misc":{"Written by":"Kalle Kinnunen","Est. reading time":"4 minuuttia"},"schema":{"@context":"https:\/\/schema.org","@graph":[{"@type":"WebPage","@id":"https:\/\/suomenkuvalehti.fi\/kuvien-takaa\/sensuurin-uhri-punainen-vaara-suomen-ensi-illassa-patrick-swayze-ja-charlie-sheen-vastaan-neuvostomiehittajat\/","url":"https:\/\/suomenkuvalehti.fi\/kuvien-takaa\/sensuurin-uhri-punainen-vaara-suomen-ensi-illassa-patrick-swayze-ja-charlie-sheen-vastaan-neuvostomiehittajat\/","name":"Sensuurin uhri Punainen vaara Suomen ensi-illassa: Patrick Swayze ja Charlie Sheen vastaan neuvostomiehitt\u00e4j\u00e4t - Kuvien takaa","isPartOf":{"@id":"https:\/\/suomenkuvalehti.fi\/kuvien-takaa\/#website"},"datePublished":"2012-05-10T07:40:00+00:00","dateModified":"2013-11-30T14:24:25+00:00","author":{"@id":"https:\/\/suomenkuvalehti.fi\/kuvien-takaa\/#\/schema\/person\/f3f657e4ad409e008f12af27bec60a23"},"breadcrumb":{"@id":"https:\/\/suomenkuvalehti.fi\/kuvien-takaa\/sensuurin-uhri-punainen-vaara-suomen-ensi-illassa-patrick-swayze-ja-charlie-sheen-vastaan-neuvostomiehittajat\/#breadcrumb"},"inLanguage":"fi","potentialAction":[{"@type":"ReadAction","target":["https:\/\/suomenkuvalehti.fi\/kuvien-takaa\/sensuurin-uhri-punainen-vaara-suomen-ensi-illassa-patrick-swayze-ja-charlie-sheen-vastaan-neuvostomiehittajat\/"]}]},{"@type":"BreadcrumbList","@id":"https:\/\/suomenkuvalehti.fi\/kuvien-takaa\/sensuurin-uhri-punainen-vaara-suomen-ensi-illassa-patrick-swayze-ja-charlie-sheen-vastaan-neuvostomiehittajat\/#breadcrumb","itemListElement":[{"@type":"ListItem","position":1,"name":"Home","item":"https:\/\/suomenkuvalehti.fi\/kuvien-takaa\/"},{"@type":"ListItem","position":2,"name":"Sensuurin uhri Punainen vaara Suomen ensi-illassa: Patrick Swayze ja Charlie Sheen vastaan neuvostomiehitt\u00e4j\u00e4t"}]},{"@type":"WebSite","@id":"https:\/\/suomenkuvalehti.fi\/kuvien-takaa\/#website","url":"https:\/\/suomenkuvalehti.fi\/kuvien-takaa\/","name":"Kuvien takaa","description":"Elokuvakriitikko Kalle Kinnusen elokuvablogi.","potentialAction":[{"@type":"SearchAction","target":{"@type":"EntryPoint","urlTemplate":"https:\/\/suomenkuvalehti.fi\/haku\/?q={search_term_string}"},"query-input":{"@type":"PropertyValueSpecification","valueRequired":true,"valueName":"search_term_string"}}],"inLanguage":"fi"},{"@type":"Person","@id":"https:\/\/suomenkuvalehti.fi\/kuvien-takaa\/#\/schema\/person\/f3f657e4ad409e008f12af27bec60a23","name":"Kalle Kinnunen","image":{"@type":"ImageObject","inLanguage":"fi","@id":"https:\/\/suomenkuvalehti.fi\/kuvien-takaa\/#\/schema\/person\/image\/","url":"https:\/\/suomenkuvalehti.fi\/kuvien-takaa\/wp-content\/uploads\/sites\/11\/2022\/04\/kalle_kinnunen_blogi-1-150x150.jpg","contentUrl":"https:\/\/suomenkuvalehti.fi\/kuvien-takaa\/wp-content\/uploads\/sites\/11\/2022\/04\/kalle_kinnunen_blogi-1-150x150.jpg","caption":"Kalle Kinnunen"},"description":"Kalle Kinnunen on vapaa toimittaja ja Suomen Kuvalehden avustaja.","sameAs":["https:\/\/www.facebook.com\/pages\/Kalle-Kinnunen-Kuvien-takaa\/190326157715410?fref=ts","https:\/\/x.com\/https:\/\/twitter.com\/kallekinnunen"]}]}},"_links":{"self":[{"href":"https:\/\/suomenkuvalehti.fi\/kuvien-takaa\/wp-json\/wp\/v2\/posts\/440","targetHints":{"allow":["GET"]}}],"collection":[{"href":"https:\/\/suomenkuvalehti.fi\/kuvien-takaa\/wp-json\/wp\/v2\/posts"}],"about":[{"href":"https:\/\/suomenkuvalehti.fi\/kuvien-takaa\/wp-json\/wp\/v2\/types\/post"}],"author":[{"embeddable":true,"href":"https:\/\/suomenkuvalehti.fi\/kuvien-takaa\/wp-json\/wp\/v2\/users\/144"}],"replies":[{"embeddable":true,"href":"https:\/\/suomenkuvalehti.fi\/kuvien-takaa\/wp-json\/wp\/v2\/comments?post=440"}],"version-history":[{"count":1,"href":"https:\/\/suomenkuvalehti.fi\/kuvien-takaa\/wp-json\/wp\/v2\/posts\/440\/revisions"}],"predecessor-version":[{"id":1263,"href":"https:\/\/suomenkuvalehti.fi\/kuvien-takaa\/wp-json\/wp\/v2\/posts\/440\/revisions\/1263"}],"wp:attachment":[{"href":"https:\/\/suomenkuvalehti.fi\/kuvien-takaa\/wp-json\/wp\/v2\/media?parent=440"}],"wp:term":[{"taxonomy":"category","embeddable":true,"href":"https:\/\/suomenkuvalehti.fi\/kuvien-takaa\/wp-json\/wp\/v2\/categories?post=440"},{"taxonomy":"post_tag","embeddable":true,"href":"https:\/\/suomenkuvalehti.fi\/kuvien-takaa\/wp-json\/wp\/v2\/tags?post=440"}],"curies":[{"name":"wp","href":"https:\/\/api.w.org\/{rel}","templated":true}]}}