{"id":4352,"date":"2018-02-01T09:28:50","date_gmt":"2018-02-01T07:28:50","guid":{"rendered":"https:\/\/suomenkuvalehti.fi\/kuvien-takaa\/?p=4352"},"modified":"2018-02-01T09:52:35","modified_gmt":"2018-02-01T07:52:35","slug":"torhosen-nimen-julkistaminen-alku-entas-se-rinki-jonka-kaikki-tietavat","status":"publish","type":"post","link":"https:\/\/suomenkuvalehti.fi\/kuvien-takaa\/torhosen-nimen-julkistaminen-alku-entas-se-rinki-jonka-kaikki-tietavat\/","title":{"rendered":"T\u00f6rh\u00f6sen nimen julkistaminen on alku \u2013 ent\u00e4s se &#8221;rinki, jonka kaikki tiet\u00e4v\u00e4t&#8221;"},"content":{"rendered":"\n<p>K\u00e4vin ostamassa Seiska-lehden marraskuussa, kun siin\u00e4 oli luvattu olevan juttu elokuva-alan seksuaalisesta h\u00e4irinn\u00e4st\u00e4 syytetyist\u00e4.<\/p>\n\n\n\n<p>Asia kiinnosti niin paljon, ett\u00e4 olin kioskilla aamulla, ennen kuin lehti oli ehtinyt edes hyllyyn. Petyin. Jutussa ei ollut nimi\u00e4, vaikka viitt\u00e4 syytetty\u00e4 oli haastateltu.<\/p>\n\n\n\n<p>Yksi miehist\u00e4 oli toki helppo tunnistaa, se <a href=\"https:\/\/www.seiska.fi\/Uutiset\/Leffa-alan-ahdistelusta-syytetty-ex-professori-vaikenee-kohusta-Ei-ole-mitaan-sua-vastaan\">ex-professori<\/a>. <strong>Lauri T\u00f6rh\u00f6nen<\/strong>.<\/p>\n\n\n\n<p>Nimi tuli julki vasta eilen, vaikka T\u00f6rh\u00f6sest\u00e4 on puhuttu vuosia.&nbsp;On p\u00f6yristytt\u00e4v\u00e4\u00e4, ett\u00e4 t\u00e4ss\u00e4 meni niin kauan ja on ihmeellist\u00e4, miten Taideteollisen korkeakoulun ex-rehtori <a href=\"https:\/\/www.ksml.fi\/kulttuuri\/Taideteollisen-korkeakoulun-ex-rehtori-Sotamaa-En-koskaan-saanut-tietoa-T%C3%B6rh%C3%B6sen-k%C3%A4yt%C3%B6ksest%C3%A4\/1102758\">asiasta sanoo<\/a>. Tarvittiin rohkeita naisia kertomaan tapahtuneesta, nimill\u00e4\u00e4n ja ilman.<\/p>\n\n\n\n<p>Kenell\u00e4k\u00e4\u00e4n ei silti ole velvollisuutta avautua. Vaikeneminen on sallittua, mutta vaikeneminen on my\u00f6s ongelma, joka liittyy elokuva- ja teatterialojen pienuuteen. <a href=\"https:\/\/yle.fi\/uutiset\/3-10048543\"><strong>Heli Sirvi\u00f6n<\/strong> haastattelu<\/a> Ylelle kertoi t\u00e4st\u00e4 ristiriidasta.<\/p>\n\n\n\n<p>T\u00f6rh\u00f6sen nimen tuominen julki puhdistaa ilmaa. Nyt todella tarvitaan tuuletusta \u2013 my\u00f6s siksi, ett\u00e4 Helsingin Sanomat toi lokakuussa ongelmia julki sanavalinnoin, joita alalla on my\u00f6s ihmetelty. <a href=\"https:\/\/www.hs.fi\/kulttuuri\/art-2000005412960.html\">\u201dKaikki alalla olevat tiet\u00e4v\u00e4t sen ringin\u201d<\/a>, kirjoitettiin Hesarin sin\u00e4ns\u00e4 ansiokkaassa jutussa. Olisipa n\u00e4in, ett\u00e4 kaikki tosiaan tiet\u00e4isiv\u00e4t ringin, jos semmoinen kerran on.<\/p>\n\n\n\n<p>Kukaan alalla ei kuitenkaan tied\u00e4 mit\u00e4\u00e4n j\u00e4rjestelm\u00e4llist\u00e4 rinki\u00e4 tai yhdess\u00e4 rikoksia tekev\u00e4\u00e4 porukkaa. Rinkiv\u00e4itteeseen kuuluu my\u00f6s oletus, ett\u00e4 porukkaa jotenkin suojeltaisiin, kun kerran kaikki siit\u00e4 tiet\u00e4v\u00e4t. V\u00e4ite on hurja ja houkutteleva \u2013 siin\u00e4 on iljett\u00e4v\u00e4 supervihollinen, johon pahan asian voi ruumiillistaa \u2013 mutta valitettavasti se ei pid\u00e4 paikkaansa.<\/p>\n\n\n\n<p>Ei ole tunnettua rinki\u00e4, silti on yksitt\u00e4isi\u00e4 hyv\u00e4ksik\u00e4ytt\u00e4ji\u00e4 ja suuri m\u00e4\u00e4r\u00e4 vastenmielisi\u00e4 tapauksia. Kuiskintaa on, suoraa puhetta hyvin v\u00e4h\u00e4n. Oletettavasti ahdistelijoiden joukossa on nuorempia vaikuttajia kuin T\u00f6rh\u00f6nen, jonka aktiiviura loppui vuosikymmenen alussa viimeisiin Vares-jatko-osiin.<\/p>\n\n\n\n<p>Ahdistelua, n\u00f6yryytt\u00e4mist\u00e4 ja hyv\u00e4ksik\u00e4ytt\u00f6\u00e4 on tapahtunut ja tapahtuu. <strong>Heidi Lind\u00e9nin<\/strong> urheasta ulostulosta alkanut keskustelu sai monia hermostumaan jo ennen T\u00f6rh\u00f6sen <em>outtaamista<\/em>, ja hyv\u00e4 niin.<\/p>\n\n\n\n<p>Toisaalta nyt elokuva-alalla ja -alasta juoruillaan enemm\u00e4n kuin koskaan, ja se tuskin on kenenk\u00e4\u00e4n etu. Vihjailu on johtanut my\u00f6s sellaisten syyt\u00f6sjuorujen levi\u00e4miseen, jotka vaikuttavat ep\u00e4m\u00e4\u00e4r\u00e4isilt\u00e4, ehk\u00e4 liioitelluilta ja ehk\u00e4 per\u00e4tt\u00f6milt\u00e4. Ep\u00e4oikeudenmukaisuuksien paljastuessa her\u00e4\u00e4 ymm\u00e4rrett\u00e4v\u00e4sti lynkkausmielialaa, jonka tiimellyksess\u00e4 saattaa unohtua, ett\u00e4 toisaalta kunnianloukkauskin on rikos.<\/p>\n\n\n\n<p>Juoruja ja arvailua liikkuu siit\u00e4kin, kuka elokuvamies <a href=\"https:\/\/suomenkuvalehti.fi\/jutut\/kotimaa\/puhui-baarissa-elokuva-alan-seksuaalisesta-ahdistelusta-sai-kovistelevan-yhteydenoton-salaisen-elokuvamiehen-juristilta\/?shared=998587-3ffc0d55-999\">palkkasi juristin l\u00e4hett\u00e4m\u00e4\u00e4n s\u00e4hk\u00f6posteja<\/a> baarikeskusteluissa asiaa k\u00e4sitelleille ihmisille. Joku, jolla on jotain salattavaa? Voimme vain arvailla.<\/p>\n\n\n\n<p>Lind\u00e9nin listan julkistamista on vaadittu, mutta jos sellainen lista on (<a href=\"https:\/\/www.seiska.fi\/Uutiset\/Seiska-sai-haltuunsa-kohutun-nimilistan-elokuva-alan-ahdistelijoista-Heidi-Lindenin-outo\">Lind\u00e9nin itse v\u00e4itet\u00e4\u00e4n kielt\u00e4neen<\/a> sen olemassaolon ja h\u00e4n on my\u00f6s <a href=\"https:\/\/suomenkuvalehti.fi\/jutut\/kotimaa\/puhui-baarissa-elokuva-alan-seksuaalisesta-ahdistelusta-sai-kovistelevan-yhteydenoton-salaisen-elokuvamiehen-juristilta\/?shared=998587-3ffc0d55-999\">kielt\u00e4nyt &#8221;pysyv\u00e4n nimiluettelon&#8221; olemassaolon<\/a>), se ei ole journalistisin perustein laadittu.<\/p>\n\n\n\n<p>Sellaisenaan mik\u00e4\u00e4n media ei siis sit\u00e4 voisi julkaista. T\u00e4m\u00e4 tuntuu usein unohtuneen keskustelusta.<\/p>\n\n\n\n<p>Siksi tarvitaan journalismia, faktojen tarkistamista ja lopulta nimien esille tuomista, jos ja kun perusteluja siihen on.<\/p>\n\n\n\n<p>Ennen kaikkea tapausten esille tuominen vaatii rohkeutta uhreilta ja kovaa journalistista ty\u00f6t\u00e4. Siit\u00e4 kiitos Ylelle ja <strong>Sara Rigatellille<\/strong>. <a href=\"https:\/\/yle.fi\/uutiset\/3-10051511\">Eilinen T\u00f6rh\u00f6s-juttu<\/a> on tyrm\u00e4\u00e4v\u00e4, aukoton ja \u00e4\u00e4rimm\u00e4isen odotettu. Toivottavasti hiljaisuuden laki murtuu.<\/p>\n\n\n","protected":false},"excerpt":{"rendered":"<p>K\u00e4vin ostamassa Seiska-lehden marraskuussa, kun siin\u00e4 oli luvattu olevan juttu elokuva-alan seksuaalisesta h\u00e4irinn\u00e4st\u00e4 syytetyist\u00e4. Asia kiinnosti niin paljon, ett\u00e4 olin kioskilla aamulla, ennen kuin lehti oli ehtinyt edes hyllyyn.<br \/>\nPetyin&hellip;<\/p>\n","protected":false},"author":144,"featured_media":0,"comment_status":"open","ping_status":"closed","sticky":false,"template":"","format":"standard","meta":{"_acf_changed":false,"asauth_required_access_level":3,"asauth_cansharepaid":"true","om_header_attributes":[],"footnotes":"","om_featured_image_focal_point":[],"om_primary_tag":0,"om_contributors":[],"om_co_authors":[],"beyondwords_generate_audio":"","beyondwords_project_id":"","beyondwords_content_id":"","beyondwords_preview_token":"","beyondwords_player_content":"","beyondwords_player_style":"","beyondwords_language_code":"","beyondwords_language_id":"","beyondwords_title_voice_id":"","beyondwords_body_voice_id":"","beyondwords_summary_voice_id":"","beyondwords_error_message":"","beyondwords_disabled":"","beyondwords_delete_content":"","beyondwords_podcast_id":"","beyondwords_hash":"","publish_post_to_speechkit":"","speechkit_hash":"","speechkit_generate_audio":"","speechkit_project_id":"","speechkit_podcast_id":"","speechkit_error_message":"","speechkit_disabled":"","speechkit_access_key":"","speechkit_error":"","speechkit_info":"","speechkit_response":"","speechkit_retries":"","speechkit_status":"","speechkit_updated_at":"","_speechkit_link":"","_speechkit_text":""},"categories":[1],"tags":[2524,2525,2505],"class_list":["post-4352","post","type-post","status-publish","format-standard","hentry","category-kuvien-takaa","tag-lauri-torhonen","tag-seiska","tag-seksuaalinen-hairinta"],"om_views":null,"acf":{"tuuma_off":false,"tuuma_kysymys":"","tuuma_vastaus":""},"asauth":{"required_access_level":1,"share_token":"","is_paid":false},"yoast_head":"<!-- This site is optimized with the Yoast SEO plugin v26.4 - https:\/\/yoast.com\/wordpress\/plugins\/seo\/ -->\n<title>T\u00f6rh\u00f6sen nimen julkistaminen on alku \u2013 ent\u00e4s se &quot;rinki, jonka kaikki tiet\u00e4v\u00e4t&quot; - Kuvien takaa<\/title>\n<meta name=\"robots\" content=\"index, follow, max-snippet:-1, max-image-preview:large, max-video-preview:-1\" \/>\n<link rel=\"canonical\" href=\"https:\/\/suomenkuvalehti.fi\/kuvien-takaa\/torhosen-nimen-julkistaminen-alku-entas-se-rinki-jonka-kaikki-tietavat\/\" \/>\n<meta property=\"og:locale\" content=\"fi_FI\" \/>\n<meta property=\"og:type\" content=\"article\" \/>\n<meta property=\"og:title\" content=\"T\u00f6rh\u00f6sen nimen julkistaminen on alku \u2013 ent\u00e4s se &quot;rinki, jonka kaikki tiet\u00e4v\u00e4t&quot; - Kuvien takaa\" \/>\n<meta property=\"og:description\" content=\"K\u00e4vin ostamassa Seiska-lehden marraskuussa, kun siin\u00e4 oli luvattu olevan juttu elokuva-alan seksuaalisesta h\u00e4irinn\u00e4st\u00e4 syytetyist\u00e4. Asia kiinnosti niin paljon, ett\u00e4 olin kioskilla aamulla, ennen kuin lehti oli ehtinyt edes hyllyyn. Petyin&hellip;\" \/>\n<meta property=\"og:url\" content=\"https:\/\/suomenkuvalehti.fi\/kuvien-takaa\/torhosen-nimen-julkistaminen-alku-entas-se-rinki-jonka-kaikki-tietavat\/\" \/>\n<meta property=\"og:site_name\" content=\"Kuvien takaa\" \/>\n<meta property=\"article:author\" content=\"https:\/\/www.facebook.com\/pages\/Kalle-Kinnunen-Kuvien-takaa\/190326157715410?fref=ts\" \/>\n<meta property=\"article:published_time\" content=\"2018-02-01T07:28:50+00:00\" \/>\n<meta property=\"article:modified_time\" content=\"2018-02-01T07:52:35+00:00\" \/>\n<meta property=\"og:image\" content=\"https:\/\/suomenkuvalehti.fi\/kuvien-takaa\/wp-content\/uploads\/sites\/11\/2022\/04\/kalle_kinnunen_blogi-1-scaled.jpg\" \/>\n\t<meta property=\"og:image:width\" content=\"2560\" \/>\n\t<meta property=\"og:image:height\" content=\"1707\" \/>\n\t<meta property=\"og:image:type\" content=\"image\/jpeg\" \/>\n<meta name=\"author\" content=\"Kalle Kinnunen\" \/>\n<meta name=\"twitter:card\" content=\"summary_large_image\" \/>\n<meta name=\"twitter:creator\" content=\"@https:\/\/twitter.com\/kallekinnunen\" \/>\n<meta name=\"twitter:label1\" content=\"Written by\" \/>\n\t<meta name=\"twitter:data1\" content=\"Kalle Kinnunen\" \/>\n\t<meta name=\"twitter:label2\" content=\"Est. reading time\" \/>\n\t<meta name=\"twitter:data2\" content=\"3 minuuttia\" \/>\n<script type=\"application\/ld+json\" class=\"yoast-schema-graph\">{\"@context\":\"https:\/\/schema.org\",\"@graph\":[{\"@type\":\"WebPage\",\"@id\":\"https:\/\/suomenkuvalehti.fi\/kuvien-takaa\/torhosen-nimen-julkistaminen-alku-entas-se-rinki-jonka-kaikki-tietavat\/\",\"url\":\"https:\/\/suomenkuvalehti.fi\/kuvien-takaa\/torhosen-nimen-julkistaminen-alku-entas-se-rinki-jonka-kaikki-tietavat\/\",\"name\":\"T\u00f6rh\u00f6sen nimen julkistaminen on alku \u2013 ent\u00e4s se \\\"rinki, jonka kaikki tiet\u00e4v\u00e4t\\\" - Kuvien takaa\",\"isPartOf\":{\"@id\":\"https:\/\/suomenkuvalehti.fi\/kuvien-takaa\/#website\"},\"datePublished\":\"2018-02-01T07:28:50+00:00\",\"dateModified\":\"2018-02-01T07:52:35+00:00\",\"author\":{\"@id\":\"https:\/\/suomenkuvalehti.fi\/kuvien-takaa\/#\/schema\/person\/f3f657e4ad409e008f12af27bec60a23\"},\"breadcrumb\":{\"@id\":\"https:\/\/suomenkuvalehti.fi\/kuvien-takaa\/torhosen-nimen-julkistaminen-alku-entas-se-rinki-jonka-kaikki-tietavat\/#breadcrumb\"},\"inLanguage\":\"fi\",\"potentialAction\":[{\"@type\":\"ReadAction\",\"target\":[\"https:\/\/suomenkuvalehti.fi\/kuvien-takaa\/torhosen-nimen-julkistaminen-alku-entas-se-rinki-jonka-kaikki-tietavat\/\"]}]},{\"@type\":\"BreadcrumbList\",\"@id\":\"https:\/\/suomenkuvalehti.fi\/kuvien-takaa\/torhosen-nimen-julkistaminen-alku-entas-se-rinki-jonka-kaikki-tietavat\/#breadcrumb\",\"itemListElement\":[{\"@type\":\"ListItem\",\"position\":1,\"name\":\"Home\",\"item\":\"https:\/\/suomenkuvalehti.fi\/kuvien-takaa\/\"},{\"@type\":\"ListItem\",\"position\":2,\"name\":\"T\u00f6rh\u00f6sen nimen julkistaminen on alku \u2013 ent\u00e4s se &#8221;rinki, jonka kaikki tiet\u00e4v\u00e4t&#8221;\"}]},{\"@type\":\"WebSite\",\"@id\":\"https:\/\/suomenkuvalehti.fi\/kuvien-takaa\/#website\",\"url\":\"https:\/\/suomenkuvalehti.fi\/kuvien-takaa\/\",\"name\":\"Kuvien takaa\",\"description\":\"Elokuvakriitikko Kalle Kinnusen elokuvablogi.\",\"potentialAction\":[{\"@type\":\"SearchAction\",\"target\":{\"@type\":\"EntryPoint\",\"urlTemplate\":\"https:\/\/suomenkuvalehti.fi\/haku\/?q={search_term_string}\"},\"query-input\":{\"@type\":\"PropertyValueSpecification\",\"valueRequired\":true,\"valueName\":\"search_term_string\"}}],\"inLanguage\":\"fi\"},{\"@type\":\"Person\",\"@id\":\"https:\/\/suomenkuvalehti.fi\/kuvien-takaa\/#\/schema\/person\/f3f657e4ad409e008f12af27bec60a23\",\"name\":\"Kalle Kinnunen\",\"image\":{\"@type\":\"ImageObject\",\"inLanguage\":\"fi\",\"@id\":\"https:\/\/suomenkuvalehti.fi\/kuvien-takaa\/#\/schema\/person\/image\/\",\"url\":\"https:\/\/suomenkuvalehti.fi\/kuvien-takaa\/wp-content\/uploads\/sites\/11\/2022\/04\/kalle_kinnunen_blogi-1-150x150.jpg\",\"contentUrl\":\"https:\/\/suomenkuvalehti.fi\/kuvien-takaa\/wp-content\/uploads\/sites\/11\/2022\/04\/kalle_kinnunen_blogi-1-150x150.jpg\",\"caption\":\"Kalle Kinnunen\"},\"description\":\"Kalle Kinnunen on vapaa toimittaja ja Suomen Kuvalehden avustaja.\",\"sameAs\":[\"https:\/\/www.facebook.com\/pages\/Kalle-Kinnunen-Kuvien-takaa\/190326157715410?fref=ts\",\"https:\/\/x.com\/https:\/\/twitter.com\/kallekinnunen\"]}]}<\/script>\n<!-- \/ Yoast SEO plugin. -->","yoast_head_json":{"title":"T\u00f6rh\u00f6sen nimen julkistaminen on alku \u2013 ent\u00e4s se \"rinki, jonka kaikki tiet\u00e4v\u00e4t\" - Kuvien takaa","robots":{"index":"index","follow":"follow","max-snippet":"max-snippet:-1","max-image-preview":"max-image-preview:large","max-video-preview":"max-video-preview:-1"},"canonical":"https:\/\/suomenkuvalehti.fi\/kuvien-takaa\/torhosen-nimen-julkistaminen-alku-entas-se-rinki-jonka-kaikki-tietavat\/","og_locale":"fi_FI","og_type":"article","og_title":"T\u00f6rh\u00f6sen nimen julkistaminen on alku \u2013 ent\u00e4s se \"rinki, jonka kaikki tiet\u00e4v\u00e4t\" - Kuvien takaa","og_description":"K\u00e4vin ostamassa Seiska-lehden marraskuussa, kun siin\u00e4 oli luvattu olevan juttu elokuva-alan seksuaalisesta h\u00e4irinn\u00e4st\u00e4 syytetyist\u00e4. Asia kiinnosti niin paljon, ett\u00e4 olin kioskilla aamulla, ennen kuin lehti oli ehtinyt edes hyllyyn. Petyin&hellip;","og_url":"https:\/\/suomenkuvalehti.fi\/kuvien-takaa\/torhosen-nimen-julkistaminen-alku-entas-se-rinki-jonka-kaikki-tietavat\/","og_site_name":"Kuvien takaa","article_author":"https:\/\/www.facebook.com\/pages\/Kalle-Kinnunen-Kuvien-takaa\/190326157715410?fref=ts","article_published_time":"2018-02-01T07:28:50+00:00","article_modified_time":"2018-02-01T07:52:35+00:00","og_image":[{"width":2560,"height":1707,"url":"https:\/\/suomenkuvalehti.fi\/kuvien-takaa\/wp-content\/uploads\/sites\/11\/2022\/04\/kalle_kinnunen_blogi-1-scaled.jpg","type":"image\/jpeg"}],"author":"Kalle Kinnunen","twitter_card":"summary_large_image","twitter_creator":"@https:\/\/twitter.com\/kallekinnunen","twitter_misc":{"Written by":"Kalle Kinnunen","Est. reading time":"3 minuuttia"},"schema":{"@context":"https:\/\/schema.org","@graph":[{"@type":"WebPage","@id":"https:\/\/suomenkuvalehti.fi\/kuvien-takaa\/torhosen-nimen-julkistaminen-alku-entas-se-rinki-jonka-kaikki-tietavat\/","url":"https:\/\/suomenkuvalehti.fi\/kuvien-takaa\/torhosen-nimen-julkistaminen-alku-entas-se-rinki-jonka-kaikki-tietavat\/","name":"T\u00f6rh\u00f6sen nimen julkistaminen on alku \u2013 ent\u00e4s se \"rinki, jonka kaikki tiet\u00e4v\u00e4t\" - Kuvien takaa","isPartOf":{"@id":"https:\/\/suomenkuvalehti.fi\/kuvien-takaa\/#website"},"datePublished":"2018-02-01T07:28:50+00:00","dateModified":"2018-02-01T07:52:35+00:00","author":{"@id":"https:\/\/suomenkuvalehti.fi\/kuvien-takaa\/#\/schema\/person\/f3f657e4ad409e008f12af27bec60a23"},"breadcrumb":{"@id":"https:\/\/suomenkuvalehti.fi\/kuvien-takaa\/torhosen-nimen-julkistaminen-alku-entas-se-rinki-jonka-kaikki-tietavat\/#breadcrumb"},"inLanguage":"fi","potentialAction":[{"@type":"ReadAction","target":["https:\/\/suomenkuvalehti.fi\/kuvien-takaa\/torhosen-nimen-julkistaminen-alku-entas-se-rinki-jonka-kaikki-tietavat\/"]}]},{"@type":"BreadcrumbList","@id":"https:\/\/suomenkuvalehti.fi\/kuvien-takaa\/torhosen-nimen-julkistaminen-alku-entas-se-rinki-jonka-kaikki-tietavat\/#breadcrumb","itemListElement":[{"@type":"ListItem","position":1,"name":"Home","item":"https:\/\/suomenkuvalehti.fi\/kuvien-takaa\/"},{"@type":"ListItem","position":2,"name":"T\u00f6rh\u00f6sen nimen julkistaminen on alku \u2013 ent\u00e4s se &#8221;rinki, jonka kaikki tiet\u00e4v\u00e4t&#8221;"}]},{"@type":"WebSite","@id":"https:\/\/suomenkuvalehti.fi\/kuvien-takaa\/#website","url":"https:\/\/suomenkuvalehti.fi\/kuvien-takaa\/","name":"Kuvien takaa","description":"Elokuvakriitikko Kalle Kinnusen elokuvablogi.","potentialAction":[{"@type":"SearchAction","target":{"@type":"EntryPoint","urlTemplate":"https:\/\/suomenkuvalehti.fi\/haku\/?q={search_term_string}"},"query-input":{"@type":"PropertyValueSpecification","valueRequired":true,"valueName":"search_term_string"}}],"inLanguage":"fi"},{"@type":"Person","@id":"https:\/\/suomenkuvalehti.fi\/kuvien-takaa\/#\/schema\/person\/f3f657e4ad409e008f12af27bec60a23","name":"Kalle Kinnunen","image":{"@type":"ImageObject","inLanguage":"fi","@id":"https:\/\/suomenkuvalehti.fi\/kuvien-takaa\/#\/schema\/person\/image\/","url":"https:\/\/suomenkuvalehti.fi\/kuvien-takaa\/wp-content\/uploads\/sites\/11\/2022\/04\/kalle_kinnunen_blogi-1-150x150.jpg","contentUrl":"https:\/\/suomenkuvalehti.fi\/kuvien-takaa\/wp-content\/uploads\/sites\/11\/2022\/04\/kalle_kinnunen_blogi-1-150x150.jpg","caption":"Kalle Kinnunen"},"description":"Kalle Kinnunen on vapaa toimittaja ja Suomen Kuvalehden avustaja.","sameAs":["https:\/\/www.facebook.com\/pages\/Kalle-Kinnunen-Kuvien-takaa\/190326157715410?fref=ts","https:\/\/x.com\/https:\/\/twitter.com\/kallekinnunen"]}]}},"_links":{"self":[{"href":"https:\/\/suomenkuvalehti.fi\/kuvien-takaa\/wp-json\/wp\/v2\/posts\/4352","targetHints":{"allow":["GET"]}}],"collection":[{"href":"https:\/\/suomenkuvalehti.fi\/kuvien-takaa\/wp-json\/wp\/v2\/posts"}],"about":[{"href":"https:\/\/suomenkuvalehti.fi\/kuvien-takaa\/wp-json\/wp\/v2\/types\/post"}],"author":[{"embeddable":true,"href":"https:\/\/suomenkuvalehti.fi\/kuvien-takaa\/wp-json\/wp\/v2\/users\/144"}],"replies":[{"embeddable":true,"href":"https:\/\/suomenkuvalehti.fi\/kuvien-takaa\/wp-json\/wp\/v2\/comments?post=4352"}],"version-history":[{"count":4,"href":"https:\/\/suomenkuvalehti.fi\/kuvien-takaa\/wp-json\/wp\/v2\/posts\/4352\/revisions"}],"predecessor-version":[{"id":4356,"href":"https:\/\/suomenkuvalehti.fi\/kuvien-takaa\/wp-json\/wp\/v2\/posts\/4352\/revisions\/4356"}],"wp:attachment":[{"href":"https:\/\/suomenkuvalehti.fi\/kuvien-takaa\/wp-json\/wp\/v2\/media?parent=4352"}],"wp:term":[{"taxonomy":"category","embeddable":true,"href":"https:\/\/suomenkuvalehti.fi\/kuvien-takaa\/wp-json\/wp\/v2\/categories?post=4352"},{"taxonomy":"post_tag","embeddable":true,"href":"https:\/\/suomenkuvalehti.fi\/kuvien-takaa\/wp-json\/wp\/v2\/tags?post=4352"}],"curies":[{"name":"wp","href":"https:\/\/api.w.org\/{rel}","templated":true}]}}