{"id":4337,"date":"2018-01-16T08:24:08","date_gmt":"2018-01-16T06:24:08","guid":{"rendered":"https:\/\/suomenkuvalehti.fi\/kuvien-takaa\/?p=4337"},"modified":"2018-01-16T08:30:18","modified_gmt":"2018-01-16T06:30:18","slug":"times-woody-allen-hieno-urasi-taitaa-olla-ohi","status":"publish","type":"post","link":"https:\/\/suomenkuvalehti.fi\/kuvien-takaa\/times-woody-allen-hieno-urasi-taitaa-olla-ohi\/","title":{"rendered":"Time\u2019s Up, Woody Allen &#8211; hieno urasi taitaa olla ohi"},"content":{"rendered":"\n<p><strong>Woody Allenin<\/strong> seuraava elokuva <em>A Rainy Day in New York<\/em> saanee ensi-iltansa kev\u00e4\u00e4ll\u00e4 tai kes\u00e4ll\u00e4. Ehk\u00e4 se n\u00e4hd\u00e4\u00e4n Cannesin elokuvajuhlilla.<\/p>\n\n\n\n<p>Nyt alkaa n\u00e4ytt\u00e4\u00e4 v\u00e4\u00e4j\u00e4\u00e4m\u00e4tt\u00f6m\u00e4sti silt\u00e4, ett\u00e4 A Rainy Day in New York j\u00e4\u00e4 Allenin viimeiseksi elokuvaksi.<\/p>\n\n\n\n<p>Oven sulkeutuminen ei liity 82-vuotiaan Allenin kuntoon tai elokuvien taiteellisen tason heikkenemiseen, ei v\u00e4ltt\u00e4m\u00e4tt\u00e4 edes k\u00e4yr\u00e4n laskuun kaupallisessa menestyksess\u00e4, vaan syyt\u00f6ksiin seksuaalisesta hyv\u00e4ksik\u00e4yt\u00f6st\u00e4.<\/p>\n\n\n\n<p>Uusia todisteita ei pitk\u00e4\u00e4n puituihin tapauksiin ole lis\u00e4tty, mutta nyt Allenin kanssa ty\u00f6skentelev\u00e4t n\u00e4yttelij\u00e4t ovat ottaneet kantaa. Eiv\u00e4tk\u00e4 ketk\u00e4 tahansa niist\u00e4 jopa sadoista isoista nimist\u00e4, jotka ovat ty\u00f6skennelleet Allenille vuosikymmenien aikana, vaan nimenomaan tuon tulevan elokuvan t\u00e4hdet.<\/p>\n\n\n\n<p>Nuoremman polven n\u00e4yttelij\u00e4t ovat ottaneet kantaa jo aiemminkin. Jo marraskuussa <a href=\"http:\/\/people.com\/movies\/ellen-page-woody-allen-regret\/\"><strong>Ellen Page<\/strong> kirjoitti Allenin kanssa ty\u00f6skentelyn<\/a> olleen h\u00e4nen uransa suurin virhe.<\/p>\n\n\n\n<p>Rymin\u00e4 alkoi viime viikolla, kun <strong>Greta Gerwig<\/strong> totesi toimittajien ryhm\u00e4haastattelussa, ettei olisi n\u00e4ytellyt Allenin elokuvassa <em>To Rome with Love<\/em>, jos olisi tiennyt sen mit\u00e4 nyt tiet\u00e4\u00e4.<\/p>\n\n\n\n<p>Lausunnosta voi p\u00e4\u00e4tell\u00e4 <a href=\"https:\/\/www.is.fi\/ulkomaat\/art-2000000710544.html?nomobile=4\"><strong>Dylan Farrowin<\/strong> vuonna 2014 julkaistun selonteon<\/a> vaikuttaneen Gerwigiin. Toki voi olla, ett\u00e4 Gerwig muutenkin tiet\u00e4\u00e4 Alleniin kohdistuneista syyt\u00f6ksist\u00e4 enemm\u00e4n kuin me tied\u00e4mme.<\/p>\n\n\n\n<p>Samana p\u00e4iv\u00e4n\u00e4 julkaistiin <strong>Mira Sorvinon<\/strong> kirje, jossa h\u00e4n pahoitteli p\u00e4\u00e4t\u00f6st\u00e4\u00e4n n\u00e4ytell\u00e4 Allenin elokuvassa <em>Rakkauden jumalatar<\/em> vuonna 1996.<\/p>\n\n\n\n<p>Poikkeuksellisia ja Allenin kannalta todella tyrm\u00e4\u00e4vi\u00e4 ovat kuitenkin <em>A Rainy Day in New Yorkin<\/em> n\u00e4yttelij\u00f6iden ratkaisut. Jos vasta tekeill\u00e4 olevan elokuvan n\u00e4yttelij\u00e4t kritisoivat elokuvaa ja sen ohjaajaa, kyseess\u00e4 on kuolemansuudelma.<\/p>\n\n\n\n<p>Ensimm\u00e4isen\u00e4 n\u00e4in tekiv\u00e4t sivuroolien esitt\u00e4j\u00e4t <a href=\"https:\/\/www.fastcompany.com\/40516153\/times-up-woody-allen\"><strong>David Krumholtz<\/strong> ja <strong>Griffin Newman<\/strong><\/a>.<\/p>\n\n\n\n<p>Eilen p\u00e4iv\u00e4ll\u00e4 my\u00f6s <strong>Rebecca Hall<\/strong> ilmoitti <a href=\"https:\/\/www.vanityfair.com\/hollywood\/2018\/01\/rebecca-hall-woody-allen-times-up\">luovuttavansa elokuvasta saamansa palkkion<\/a> hyv\u00e4ntekev\u00e4isyyteen.<\/p>\n\n\n\n<p>Eilen illalla Yhdysvaltojen aikaa <strong>Timoth\u00e9e Chalamet<\/strong> liittyi joukkoon. Tiedotteessaan Chalamet kertoi, ettei voi sopimuksensa vuoksi kertoa yksityiskohtia siit\u00e4, mit\u00e4 mielt\u00e4 on Allenista, mutta ett\u00e4 h\u00e4n ei halua hy\u00f6ty\u00e4 roolista, jonka teki uuteen elokuvaan.<\/p>\n\n\n\n<p><blockquote class=\"twitter-tweet\" data-width=\"550\"><p lang=\"en\" dir=\"ltr\">A statement from <a href=\"https:\/\/twitter.com\/RealChalamet?ref_src=twsrc%5Etfw\">@RealChalamet<\/a>, acting on his conscience. <a href=\"https:\/\/t.co\/aq4tBjGErx\">pic.twitter.com\/aq4tBjGErx<\/a><\/p>&mdash; Mark Harris (@MarkHarrisNYC) <a href=\"https:\/\/twitter.com\/MarkHarrisNYC\/status\/953128318219546624?ref_src=twsrc%5Etfw\">January 16, 2018<\/a><\/blockquote><script async src=\"https:\/\/platform.twitter.com\/widgets.js\" charset=\"utf-8\"><\/script><\/p>\n\n\n\n<p>Chalamet ja Gerwig ovat eritt\u00e4in todenn\u00e4k\u00f6isi\u00e4 t\u00e4m\u00e4n kauden Oscar-ehdokkaita. Heid\u00e4n sanomisillaan on painoarvoa, ja he tulevat puhumaan aiheesta varmaankin viel\u00e4 paljon.<\/p>\n\n\n\n<p>Kaikki voi liitty\u00e4 A Rainy Day in New Yorkiin elokuvana. T\u00e4t\u00e4 on v\u00e4h\u00e4n vaikea uskoakin Allenin taustan huomioiden, mutta elokuvassa <strong>Jude Law\u2019n<\/strong>, 45, n\u00e4yttelem\u00e4 keski-ik\u00e4inen mies ihastuu 15-vuotiaaseen tytt\u00f6\u00f6n, jota esitt\u00e4\u00e4 19-vuotias <strong>Elle Fanning<\/strong>. Toisessa keskeisess\u00e4 teiniroolissa on <strong>Selena Gomez<\/strong>.<\/p>\n\n\n\n<p>Elokuvaa kuvattiin syksyll\u00e4, kun #metoo-liike alkoi Weinstein-skandaalista. Juuri nyt tasa-arvoliike Time\u2019s Up ravistelee Hollywoodia.<\/p>\n\n\n\n<p>Allen antaa haastatteluja vain uusien elokuviensa valmistuessa. Edellinen, <em>Wonder Wheel<\/em>, tuli kuitenkin teattereihin vasta loppuvuodesta. Silti Allenin ainoa kommentti Weinstein-asiaan on ollut <a href=\"https:\/\/www.nytimes.com\/2017\/10\/15\/movies\/woody-allen-harvey-weinstein-witch-hunt.html\">mutina \u201dnoitavainoista\u201d<\/a>. Sanoja ei olisi voinut valita surkeammin.<\/p>\n\n\n\n<p>Mit\u00e4 tapahtuu nyt?<\/p>\n\n\n\n<p>Allenin elokuvien varsinaista markkina-aluetta on Eurooppa, etenkin h\u00e4nt\u00e4 rakastava Ranska, mutta eurooppalaisrahoittajien varat eiv\u00e4t ole riitt\u00e4neet koko budjetteihin. Viime vuosina Allenia on rahoittanut Amazon, ja kuinka ollakaan, Amazonin elokuvapomo <strong>Roy Price<\/strong> on yksi niist\u00e4 miehist\u00e4, jotka ovat menett\u00e4neet ty\u00f6paikkansa seksuaalisesta h\u00e4irinn\u00e4st\u00e4 syytettyin\u00e4.<\/p>\n\n\n\n<p>Allenin Amazon-diili on melkeinp\u00e4 varmasti ohi.<\/p>\n\n\n\n<p>N\u00e4yttelij\u00f6iden parissa levi\u00e4v\u00e4 alleninvastainen tunnelma on poikkeuksellinen. T\u00e4st\u00e4 l\u00e4hin Allenin elokuviin suostuvat n\u00e4yttelij\u00e4t joutuisivat varmasti vastaamaan kysymyksiin valinnastaan ja ohjaajan luonteesta, samoin niiss\u00e4 aiemmin n\u00e4ytelleet.<\/p>\n\n\n\n<p>Voi vain kuvitella, miten kiivaasti Elle Fanningin, Selena Gomezin ja Jude Law\u2019n leireiss\u00e4 juuri nyt mietit\u00e4\u00e4n vastauksia kysymyksiin, jotka liittyv\u00e4t A Rainy Day in New Yorkiin. Olisin yll\u00e4ttynyt, mik\u00e4li elokuvaa kyet\u00e4\u00e4n edes markkinoimaan alan tavallisten k\u00e4yt\u00e4nt\u00f6jen, kuten lehdist\u00f6p\u00e4ivien avulla.<\/p>\n\n\n\n<p>Kaikki t\u00e4m\u00e4 her\u00e4tt\u00e4\u00e4 tietysti kysymyksen taiteesta suhteessa tekij\u00e4\u00e4ns\u00e4.<\/p>\n\n\n\n<p>Allenin parhaat elokuvat ovat loistavia. Voikohan niit\u00e4 en\u00e4\u00e4 katsoa samoin silmin kuin ennen?<\/p>\n\n\n","protected":false},"excerpt":{"rendered":"<p>Woody Allenin seuraava elokuva A Rainy Day in New York saanee ensi-iltansa kev\u00e4\u00e4ll\u00e4 tai kes\u00e4ll\u00e4. Ehk\u00e4 se n\u00e4hd\u00e4\u00e4n Cannesin elokuvajuhlilla. Nyt alkaa n\u00e4ytt\u00e4\u00e4 v\u00e4\u00e4j\u00e4\u00e4m\u00e4tt\u00f6m\u00e4sti silt\u00e4, ett\u00e4 A Rainy Day in New York j\u00e4\u00e4 Allenin viimeiseksi elokuvaksi.<br \/>\nOven sulkeutuminen ei &hellip;<\/p>\n","protected":false},"author":144,"featured_media":0,"comment_status":"open","ping_status":"closed","sticky":false,"template":"","format":"standard","meta":{"_acf_changed":false,"asauth_required_access_level":3,"asauth_cansharepaid":"true","om_header_attributes":[],"footnotes":"","om_featured_image_focal_point":[],"om_primary_tag":0,"om_contributors":[],"om_co_authors":[],"beyondwords_generate_audio":"","beyondwords_project_id":"","beyondwords_content_id":"","beyondwords_preview_token":"","beyondwords_player_content":"","beyondwords_player_style":"","beyondwords_language_code":"","beyondwords_language_id":"","beyondwords_title_voice_id":"","beyondwords_body_voice_id":"","beyondwords_summary_voice_id":"","beyondwords_error_message":"","beyondwords_disabled":"","beyondwords_delete_content":"","beyondwords_podcast_id":"","beyondwords_hash":"","publish_post_to_speechkit":"","speechkit_hash":"","speechkit_generate_audio":"","speechkit_project_id":"","speechkit_podcast_id":"","speechkit_error_message":"","speechkit_disabled":"","speechkit_access_key":"","speechkit_error":"","speechkit_info":"","speechkit_response":"","speechkit_retries":"","speechkit_status":"","speechkit_updated_at":"","_speechkit_link":"","_speechkit_text":""},"categories":[1],"tags":[2520,2521,35],"class_list":["post-4337","post","type-post","status-publish","format-standard","hentry","category-kuvien-takaa","tag-metoo","tag-timesup","tag-woody-allen"],"om_views":null,"acf":{"tuuma_off":false,"tuuma_kysymys":"","tuuma_vastaus":""},"asauth":{"required_access_level":1,"share_token":"","is_paid":false},"yoast_head":"<!-- This site is optimized with the Yoast SEO plugin v26.4 - https:\/\/yoast.com\/wordpress\/plugins\/seo\/ -->\n<title>Time\u2019s Up, Woody Allen - hieno urasi taitaa olla ohi - Kuvien takaa<\/title>\n<meta name=\"robots\" content=\"index, follow, max-snippet:-1, max-image-preview:large, max-video-preview:-1\" \/>\n<link rel=\"canonical\" href=\"https:\/\/suomenkuvalehti.fi\/kuvien-takaa\/times-woody-allen-hieno-urasi-taitaa-olla-ohi\/\" \/>\n<meta property=\"og:locale\" content=\"fi_FI\" \/>\n<meta property=\"og:type\" content=\"article\" \/>\n<meta property=\"og:title\" content=\"Time\u2019s Up, Woody Allen - hieno urasi taitaa olla ohi - Kuvien takaa\" \/>\n<meta property=\"og:description\" content=\"Woody Allenin seuraava elokuva A Rainy Day in New York saanee ensi-iltansa kev\u00e4\u00e4ll\u00e4 tai kes\u00e4ll\u00e4. Ehk\u00e4 se n\u00e4hd\u00e4\u00e4n Cannesin elokuvajuhlilla. Nyt alkaa n\u00e4ytt\u00e4\u00e4 v\u00e4\u00e4j\u00e4\u00e4m\u00e4tt\u00f6m\u00e4sti silt\u00e4, ett\u00e4 A Rainy Day in New York j\u00e4\u00e4 Allenin viimeiseksi elokuvaksi. Oven sulkeutuminen ei &hellip;\" \/>\n<meta property=\"og:url\" content=\"https:\/\/suomenkuvalehti.fi\/kuvien-takaa\/times-woody-allen-hieno-urasi-taitaa-olla-ohi\/\" \/>\n<meta property=\"og:site_name\" content=\"Kuvien takaa\" \/>\n<meta property=\"article:author\" content=\"https:\/\/www.facebook.com\/pages\/Kalle-Kinnunen-Kuvien-takaa\/190326157715410?fref=ts\" \/>\n<meta property=\"article:published_time\" content=\"2018-01-16T06:24:08+00:00\" \/>\n<meta property=\"article:modified_time\" content=\"2018-01-16T06:30:18+00:00\" \/>\n<meta property=\"og:image\" content=\"https:\/\/suomenkuvalehti.fi\/kuvien-takaa\/wp-content\/uploads\/sites\/11\/2022\/04\/kalle_kinnunen_blogi-1-scaled.jpg\" \/>\n\t<meta property=\"og:image:width\" content=\"2560\" \/>\n\t<meta property=\"og:image:height\" content=\"1707\" \/>\n\t<meta property=\"og:image:type\" content=\"image\/jpeg\" \/>\n<meta name=\"author\" content=\"Kalle Kinnunen\" \/>\n<meta name=\"twitter:card\" content=\"summary_large_image\" \/>\n<meta name=\"twitter:creator\" content=\"@https:\/\/twitter.com\/kallekinnunen\" \/>\n<meta name=\"twitter:label1\" content=\"Written by\" \/>\n\t<meta name=\"twitter:data1\" content=\"Kalle Kinnunen\" \/>\n\t<meta name=\"twitter:label2\" content=\"Est. reading time\" \/>\n\t<meta name=\"twitter:data2\" content=\"3 minuuttia\" \/>\n<script type=\"application\/ld+json\" class=\"yoast-schema-graph\">{\"@context\":\"https:\/\/schema.org\",\"@graph\":[{\"@type\":\"WebPage\",\"@id\":\"https:\/\/suomenkuvalehti.fi\/kuvien-takaa\/times-woody-allen-hieno-urasi-taitaa-olla-ohi\/\",\"url\":\"https:\/\/suomenkuvalehti.fi\/kuvien-takaa\/times-woody-allen-hieno-urasi-taitaa-olla-ohi\/\",\"name\":\"Time\u2019s Up, Woody Allen - hieno urasi taitaa olla ohi - Kuvien takaa\",\"isPartOf\":{\"@id\":\"https:\/\/suomenkuvalehti.fi\/kuvien-takaa\/#website\"},\"datePublished\":\"2018-01-16T06:24:08+00:00\",\"dateModified\":\"2018-01-16T06:30:18+00:00\",\"author\":{\"@id\":\"https:\/\/suomenkuvalehti.fi\/kuvien-takaa\/#\/schema\/person\/f3f657e4ad409e008f12af27bec60a23\"},\"breadcrumb\":{\"@id\":\"https:\/\/suomenkuvalehti.fi\/kuvien-takaa\/times-woody-allen-hieno-urasi-taitaa-olla-ohi\/#breadcrumb\"},\"inLanguage\":\"fi\",\"potentialAction\":[{\"@type\":\"ReadAction\",\"target\":[\"https:\/\/suomenkuvalehti.fi\/kuvien-takaa\/times-woody-allen-hieno-urasi-taitaa-olla-ohi\/\"]}]},{\"@type\":\"BreadcrumbList\",\"@id\":\"https:\/\/suomenkuvalehti.fi\/kuvien-takaa\/times-woody-allen-hieno-urasi-taitaa-olla-ohi\/#breadcrumb\",\"itemListElement\":[{\"@type\":\"ListItem\",\"position\":1,\"name\":\"Home\",\"item\":\"https:\/\/suomenkuvalehti.fi\/kuvien-takaa\/\"},{\"@type\":\"ListItem\",\"position\":2,\"name\":\"Time\u2019s Up, Woody Allen &#8211; hieno urasi taitaa olla ohi\"}]},{\"@type\":\"WebSite\",\"@id\":\"https:\/\/suomenkuvalehti.fi\/kuvien-takaa\/#website\",\"url\":\"https:\/\/suomenkuvalehti.fi\/kuvien-takaa\/\",\"name\":\"Kuvien takaa\",\"description\":\"Elokuvakriitikko Kalle Kinnusen elokuvablogi.\",\"potentialAction\":[{\"@type\":\"SearchAction\",\"target\":{\"@type\":\"EntryPoint\",\"urlTemplate\":\"https:\/\/suomenkuvalehti.fi\/haku\/?q={search_term_string}\"},\"query-input\":{\"@type\":\"PropertyValueSpecification\",\"valueRequired\":true,\"valueName\":\"search_term_string\"}}],\"inLanguage\":\"fi\"},{\"@type\":\"Person\",\"@id\":\"https:\/\/suomenkuvalehti.fi\/kuvien-takaa\/#\/schema\/person\/f3f657e4ad409e008f12af27bec60a23\",\"name\":\"Kalle Kinnunen\",\"image\":{\"@type\":\"ImageObject\",\"inLanguage\":\"fi\",\"@id\":\"https:\/\/suomenkuvalehti.fi\/kuvien-takaa\/#\/schema\/person\/image\/\",\"url\":\"https:\/\/suomenkuvalehti.fi\/kuvien-takaa\/wp-content\/uploads\/sites\/11\/2022\/04\/kalle_kinnunen_blogi-1-150x150.jpg\",\"contentUrl\":\"https:\/\/suomenkuvalehti.fi\/kuvien-takaa\/wp-content\/uploads\/sites\/11\/2022\/04\/kalle_kinnunen_blogi-1-150x150.jpg\",\"caption\":\"Kalle Kinnunen\"},\"description\":\"Kalle Kinnunen on vapaa toimittaja ja Suomen Kuvalehden avustaja.\",\"sameAs\":[\"https:\/\/www.facebook.com\/pages\/Kalle-Kinnunen-Kuvien-takaa\/190326157715410?fref=ts\",\"https:\/\/x.com\/https:\/\/twitter.com\/kallekinnunen\"]}]}<\/script>\n<!-- \/ Yoast SEO plugin. -->","yoast_head_json":{"title":"Time\u2019s Up, Woody Allen - hieno urasi taitaa olla ohi - Kuvien takaa","robots":{"index":"index","follow":"follow","max-snippet":"max-snippet:-1","max-image-preview":"max-image-preview:large","max-video-preview":"max-video-preview:-1"},"canonical":"https:\/\/suomenkuvalehti.fi\/kuvien-takaa\/times-woody-allen-hieno-urasi-taitaa-olla-ohi\/","og_locale":"fi_FI","og_type":"article","og_title":"Time\u2019s Up, Woody Allen - hieno urasi taitaa olla ohi - Kuvien takaa","og_description":"Woody Allenin seuraava elokuva A Rainy Day in New York saanee ensi-iltansa kev\u00e4\u00e4ll\u00e4 tai kes\u00e4ll\u00e4. Ehk\u00e4 se n\u00e4hd\u00e4\u00e4n Cannesin elokuvajuhlilla. Nyt alkaa n\u00e4ytt\u00e4\u00e4 v\u00e4\u00e4j\u00e4\u00e4m\u00e4tt\u00f6m\u00e4sti silt\u00e4, ett\u00e4 A Rainy Day in New York j\u00e4\u00e4 Allenin viimeiseksi elokuvaksi. Oven sulkeutuminen ei &hellip;","og_url":"https:\/\/suomenkuvalehti.fi\/kuvien-takaa\/times-woody-allen-hieno-urasi-taitaa-olla-ohi\/","og_site_name":"Kuvien takaa","article_author":"https:\/\/www.facebook.com\/pages\/Kalle-Kinnunen-Kuvien-takaa\/190326157715410?fref=ts","article_published_time":"2018-01-16T06:24:08+00:00","article_modified_time":"2018-01-16T06:30:18+00:00","og_image":[{"width":2560,"height":1707,"url":"https:\/\/suomenkuvalehti.fi\/kuvien-takaa\/wp-content\/uploads\/sites\/11\/2022\/04\/kalle_kinnunen_blogi-1-scaled.jpg","type":"image\/jpeg"}],"author":"Kalle Kinnunen","twitter_card":"summary_large_image","twitter_creator":"@https:\/\/twitter.com\/kallekinnunen","twitter_misc":{"Written by":"Kalle Kinnunen","Est. reading time":"3 minuuttia"},"schema":{"@context":"https:\/\/schema.org","@graph":[{"@type":"WebPage","@id":"https:\/\/suomenkuvalehti.fi\/kuvien-takaa\/times-woody-allen-hieno-urasi-taitaa-olla-ohi\/","url":"https:\/\/suomenkuvalehti.fi\/kuvien-takaa\/times-woody-allen-hieno-urasi-taitaa-olla-ohi\/","name":"Time\u2019s Up, Woody Allen - hieno urasi taitaa olla ohi - Kuvien takaa","isPartOf":{"@id":"https:\/\/suomenkuvalehti.fi\/kuvien-takaa\/#website"},"datePublished":"2018-01-16T06:24:08+00:00","dateModified":"2018-01-16T06:30:18+00:00","author":{"@id":"https:\/\/suomenkuvalehti.fi\/kuvien-takaa\/#\/schema\/person\/f3f657e4ad409e008f12af27bec60a23"},"breadcrumb":{"@id":"https:\/\/suomenkuvalehti.fi\/kuvien-takaa\/times-woody-allen-hieno-urasi-taitaa-olla-ohi\/#breadcrumb"},"inLanguage":"fi","potentialAction":[{"@type":"ReadAction","target":["https:\/\/suomenkuvalehti.fi\/kuvien-takaa\/times-woody-allen-hieno-urasi-taitaa-olla-ohi\/"]}]},{"@type":"BreadcrumbList","@id":"https:\/\/suomenkuvalehti.fi\/kuvien-takaa\/times-woody-allen-hieno-urasi-taitaa-olla-ohi\/#breadcrumb","itemListElement":[{"@type":"ListItem","position":1,"name":"Home","item":"https:\/\/suomenkuvalehti.fi\/kuvien-takaa\/"},{"@type":"ListItem","position":2,"name":"Time\u2019s Up, Woody Allen &#8211; hieno urasi taitaa olla ohi"}]},{"@type":"WebSite","@id":"https:\/\/suomenkuvalehti.fi\/kuvien-takaa\/#website","url":"https:\/\/suomenkuvalehti.fi\/kuvien-takaa\/","name":"Kuvien takaa","description":"Elokuvakriitikko Kalle Kinnusen elokuvablogi.","potentialAction":[{"@type":"SearchAction","target":{"@type":"EntryPoint","urlTemplate":"https:\/\/suomenkuvalehti.fi\/haku\/?q={search_term_string}"},"query-input":{"@type":"PropertyValueSpecification","valueRequired":true,"valueName":"search_term_string"}}],"inLanguage":"fi"},{"@type":"Person","@id":"https:\/\/suomenkuvalehti.fi\/kuvien-takaa\/#\/schema\/person\/f3f657e4ad409e008f12af27bec60a23","name":"Kalle Kinnunen","image":{"@type":"ImageObject","inLanguage":"fi","@id":"https:\/\/suomenkuvalehti.fi\/kuvien-takaa\/#\/schema\/person\/image\/","url":"https:\/\/suomenkuvalehti.fi\/kuvien-takaa\/wp-content\/uploads\/sites\/11\/2022\/04\/kalle_kinnunen_blogi-1-150x150.jpg","contentUrl":"https:\/\/suomenkuvalehti.fi\/kuvien-takaa\/wp-content\/uploads\/sites\/11\/2022\/04\/kalle_kinnunen_blogi-1-150x150.jpg","caption":"Kalle Kinnunen"},"description":"Kalle Kinnunen on vapaa toimittaja ja Suomen Kuvalehden avustaja.","sameAs":["https:\/\/www.facebook.com\/pages\/Kalle-Kinnunen-Kuvien-takaa\/190326157715410?fref=ts","https:\/\/x.com\/https:\/\/twitter.com\/kallekinnunen"]}]}},"_links":{"self":[{"href":"https:\/\/suomenkuvalehti.fi\/kuvien-takaa\/wp-json\/wp\/v2\/posts\/4337","targetHints":{"allow":["GET"]}}],"collection":[{"href":"https:\/\/suomenkuvalehti.fi\/kuvien-takaa\/wp-json\/wp\/v2\/posts"}],"about":[{"href":"https:\/\/suomenkuvalehti.fi\/kuvien-takaa\/wp-json\/wp\/v2\/types\/post"}],"author":[{"embeddable":true,"href":"https:\/\/suomenkuvalehti.fi\/kuvien-takaa\/wp-json\/wp\/v2\/users\/144"}],"replies":[{"embeddable":true,"href":"https:\/\/suomenkuvalehti.fi\/kuvien-takaa\/wp-json\/wp\/v2\/comments?post=4337"}],"version-history":[{"count":3,"href":"https:\/\/suomenkuvalehti.fi\/kuvien-takaa\/wp-json\/wp\/v2\/posts\/4337\/revisions"}],"predecessor-version":[{"id":4340,"href":"https:\/\/suomenkuvalehti.fi\/kuvien-takaa\/wp-json\/wp\/v2\/posts\/4337\/revisions\/4340"}],"wp:attachment":[{"href":"https:\/\/suomenkuvalehti.fi\/kuvien-takaa\/wp-json\/wp\/v2\/media?parent=4337"}],"wp:term":[{"taxonomy":"category","embeddable":true,"href":"https:\/\/suomenkuvalehti.fi\/kuvien-takaa\/wp-json\/wp\/v2\/categories?post=4337"},{"taxonomy":"post_tag","embeddable":true,"href":"https:\/\/suomenkuvalehti.fi\/kuvien-takaa\/wp-json\/wp\/v2\/tags?post=4337"}],"curies":[{"name":"wp","href":"https:\/\/api.w.org\/{rel}","templated":true}]}}