{"id":4190,"date":"2017-09-07T12:34:33","date_gmt":"2017-09-07T09:34:33","guid":{"rendered":"https:\/\/suomenkuvalehti.fi\/kuvien-takaa\/?p=4190"},"modified":"2017-09-07T12:40:18","modified_gmt":"2017-09-07T09:40:18","slug":"poimintoja-rakkautta-anarkiaa-2017-festivaalin-ohjelmistosta","status":"publish","type":"post","link":"https:\/\/suomenkuvalehti.fi\/kuvien-takaa\/poimintoja-rakkautta-anarkiaa-2017-festivaalin-ohjelmistosta\/","title":{"rendered":"Poimintoja Rakkautta &#038; Anarkiaa 2017 -festivaalin ohjelmistosta"},"content":{"rendered":"\n<p>Rakkautta &amp; Anarkiaa -elokuvafestivaalin liput tulivat t\u00e4n\u00e4\u00e4n myyntiin. Valitsin jo n\u00e4kemieni elokuvien joukosta kymmenen suositusta.<\/p>\n\n\n\n<p>Kuten n\u00e4iss\u00e4 listoissani on ollut tapana, en poimi elokuvia, jotka varmuudella tulevat Suomessa kaupalliseen levitykseen. Niiden joukossa on kuitenkin jopa poikkeuksellisen monta helme\u00e4. <em>Call Me By Your Name, Ikitie, The Square<\/em> ja <em>Un beau soleil int\u00e9rieur<\/em> ovat loistavia elokuvia, <em>God\u2019s Own Country, BPM (Beats per Minute)<\/em> ja <em>Three Billboards outside Ebbing, Missouri<\/em> enemm\u00e4n kuin hyvi\u00e4 \u2013 vain osan mainitakseni.<\/p>\n\n\n\n<p><em>Aquarius<\/em><br><strong>Sonia Braga<\/strong> tekee tyrm\u00e4\u00e4v\u00e4n hienon roolin recifel\u00e4isen\u00e4 kulttuurirouvana, joka joutuu napit vastakkain grynderien kanssa. <strong>Kleber Mendon\u00e7a Filhon<\/strong> elokuva on alati yll\u00e4tt\u00e4v\u00e4 ja \u00e4\u00e4rimm\u00e4isen elegantisti kerrottu. Ajankohtaiset ja ilmeisen avoimet poliittiset painotukset ovat eurooppalaiskatsojan silmin pinnan alla, mutta Brasiliassa homma l\u00e4hti t\u00e4ysin k\u00e4p\u00e4list\u00e4, kun elokuvasta tuli kansallinen kiistakapula, jonka tekij\u00f6iden kimppuun maan hallinto usutti k\u00e4tyrej\u00e4\u00e4n. Sen korkealaatuisuus on j\u00e4\u00e4nyt kansainv\u00e4lisestikin v\u00e4h\u00e4n boikottiuutisoinnin alle.<\/p>\n\n\n<p><iframe loading=\"lazy\" width=\"630\" height=\"354\" src=\"https:\/\/www.youtube.com\/embed\/0Zln78CcFkA?feature=oembed\" frameborder=\"0\" allowfullscreen><\/iframe><\/p>\n\n\n<p><em>Clash<\/em><br>Mist\u00e4 on kyse Egyptin sis\u00e4isess\u00e4 kiehunnassa? <strong>Mohamed Diabin<\/strong> elokuvassa joukko eri syist\u00e4 kiinniotettuja ihmisi\u00e4 keskustelee, kinastelee ja tappelee vankienkuljetusautossa, joka on Egypti pienoiskoossa. Tiukassa konseptissa on heikkoutensa ja saarnaavuudelta ei aivan v\u00e4ltyt\u00e4, mutta elokuva taustoittaa (koko arabikev\u00e4\u00e4n) uutisia kokemuksellisuudella.<\/p>\n\n\n\n<p><em>Personal Shopper<\/em><br>Abstraktiusvaroitus heti alkuun: vaikka tarinaa voi v\u00e4itt\u00e4\u00e4 kummitusjutuksi ja p\u00e4\u00e4osassa on Hollywood-t\u00e4hten\u00e4 tunnettu <strong>Kristen Stewart<\/strong>, <strong>Olivier Assayasin<\/strong> elokuva on perinteisell\u00e4 tavalla l\u00e4hes juoneton. Stewart esitt\u00e4\u00e4 muotigurun\/supermallin henkil\u00f6kohtaista avustajaa, joka on my\u00f6s meedio. Haluan n\u00e4hd\u00e4 tyylitellyn elokuvan toisenkin kerran.<\/p>\n\n\n<p><iframe loading=\"lazy\" width=\"630\" height=\"354\" src=\"https:\/\/www.youtube.com\/embed\/5kQ6de58g0A?feature=oembed\" frameborder=\"0\" allowfullscreen><\/iframe><\/p>\n\n\n<p><em>Double Lover \/ L\u2019amant double<\/em><br><strong>Francois Ozonin<\/strong> useimmat viime vuosien elokuvat on ostettu Suomeen levitykseen &#8211; t\u00e4t\u00e4 seksin- ja&nbsp; unent\u00e4yteist\u00e4 trilleri\u00e4 ei. Kun Cannesissa er\u00e4\u00e4n\u00e4 iltana olin jo menossa y\u00f6puulle, mutta ensimm\u00e4iset p\u00f6yristyneet twiitit saapuivat langoille, jouduin juoksemaan keskustan halki my\u00f6h\u00e4isillan lehdist\u00f6n\u00e4yt\u00f6kseen: pakko n\u00e4hd\u00e4! Ozon kanavoi <strong>Brian de Palmaa, Almodovaria<\/strong> sek\u00e4 <strong>Hitchcockia<\/strong> ja k\u00e4sikirjoitus perustuu <strong>Joyce Carol Oatesin<\/strong> tekstiin \u2013 mik\u00e4li elokuva olisi osiensa summa, se olisi jumalaista t\u00f6rky\u00e4. Ei se aivan ole, mutta pid\u00e4n siit\u00e4.<\/p>\n\n\n\n<p><em>Hostages<\/em><br>Ep\u00e4rationaalinen haave paremmasta el\u00e4m\u00e4st\u00e4 muuttuu silm\u00e4nr\u00e4p\u00e4yksess\u00e4 ep\u00e4toivoksi tosipohjaisessa elokuvassa lentokonekaappauksesta Neuvostoliitossa 1983. T\u00e4sm\u00e4llinen, vaikuttava ja surullinen.<\/p>\n\n\n\n<p><em>David Lynch: The Art Life<\/em><br>Haastattelumonologin p\u00e4\u00e4lle rakennettu dokumentti <strong>David Lynchin<\/strong> varhaisurasta on toteutettu hyvin v\u00e4hin resurssein, eik\u00e4 se kerro paljoa uutta ohjaajan uraan ja henkil\u00f6historiaan perehtyneille \u2013 mutta Lynchi\u00e4 kuuntelisi vaikka lukemassa puhelinluetteloa.<\/p>\n\n\n\n<p><em>The Workshop<\/em><br>Kultainen palmu -voittaja <strong>Laurent Cantetin<\/strong> esseem\u00e4isess\u00e4 draamassa joukko teinej\u00e4 k\u00e4y kauniissa rantakaupungissa kurssia tarinankerronnasta, opettajanaan puolikuuluisa kirjailija. Metaa on tarinakin: petollisen vaativa elokuva kertoo fiktion keinoista ja toisaalta yhteiskunnallisesta polarisaatiosta, terrorismista ja \u00e4\u00e4rioikeistosta, vaikka se on toki my\u00f6s trilleriaineksia sis\u00e4lt\u00e4v\u00e4 kuvaus nuorten kes\u00e4st\u00e4 kauniissa Ranskassa.. josta ty\u00f6paikat ovat kadonneet. The Workshop vaatii keskittymist\u00e4, mutta antaa paljon.<\/p>\n\n\n\n<p><em>The Venerable W.<\/em><br>Kolmas osa <strong>Barbet Schroederin<\/strong> \u201dpahuuden trilogiaan\u201d, jonka aiemmissa osissa kohdattiin <strong>Idi Amin<\/strong> ja <strong>Jacques Verg\u00e9s<\/strong>. Uudessa dokumentissa puheenvuoron saa kansanmurhaa hautova burmalainen buddhistimunkki <strong>Ashin Wirathu<\/strong>. Elokuva on muuttunut karmealla tavalla ajankohtaisemmaksi sen Cannesin ensi-illan j\u00e4lkeen, kun v\u00e4kivalta on taas roihahtanut Burmassa \u2013 mist\u00e4 pitk\u00e4lti voidaan syytt\u00e4\u00e4 nimenomaan Wirathua, joka oli vuonna Time-lehden kannessa \u201dbuddhalaisterrorin kasvoina\u201d.<\/p>\n\n\n<p><iframe loading=\"lazy\" width=\"630\" height=\"354\" src=\"https:\/\/www.youtube.com\/embed\/cX1KYju5SiA?feature=oembed\" frameborder=\"0\" allowfullscreen><\/iframe><\/p>\n\n<p><em>The Party<\/em><br><strong>Sally Potterin<\/strong> mustavalkoisessa kamarikomediassa <strong>Kristin Scott Thomas, Emily Mortimer, Timothy Spall, Cillian Murphy, Patricia Clarkson, Bruno Ganz<\/strong> ja kumppanit ottavat yhteen \u201dhillityiss\u00e4\u201d illallisjuhlissa. Reilun tunnin mittainen elokuva tunnistaa oman kokonsa ja keveytens\u00e4, vaikka se groteskiksi k\u00e4\u00e4ntyykin.<\/p>\n\n\n\n<p><em>Raw<\/em><br><strong>Julia Ducournaun<\/strong> esikoisohjaus on ollut paljon esill\u00e4, eik\u00e4 syytt\u00e4: se on komeasti kuvattu ja onnistuneesti eroottinen teinikannibaalitarina, jossa ruoditaan seksuaalisuuden normeja ja veri roiskuu. Rakastan ranskalaista elokuvaa.<\/p>\n\n\n<p><iframe loading=\"lazy\" width=\"630\" height=\"354\" src=\"https:\/\/www.youtube.com\/embed\/tYZaNnnK2_E?feature=oembed\" frameborder=\"0\" allowfullscreen><\/iframe><\/p>\n\n\n<p>Huomio: kuulun l\u00f6yh\u00e4sti <a href=\"http:\/\/hiff.fi\/\">festivaalin<\/a> ohjelmasuunnitteluryhm\u00e4\u00e4n, joten saatan olla j\u00e4\u00e4vi suosittelemaan mit\u00e4\u00e4n.<\/p>\n\n\n","protected":false},"excerpt":{"rendered":"<p>Rakkautta &amp; Anarkiaa -elokuvafestivaalin liput tulivat t\u00e4n\u00e4\u00e4n myyntiin. Valitsin jo n\u00e4kemieni elokuvien joukosta kymmenen suositusta. Kuten n\u00e4iss\u00e4 listoissani on ollut tapana, en poimi elokuvia, jotka varmuudella tulevat Suomessa kaupalliseen<br \/>\nlevit&hellip;<\/p>\n","protected":false},"author":144,"featured_media":0,"comment_status":"open","ping_status":"closed","sticky":false,"template":"","format":"standard","meta":{"_acf_changed":false,"asauth_required_access_level":3,"asauth_cansharepaid":"true","om_header_attributes":[],"footnotes":"","om_featured_image_focal_point":[],"om_primary_tag":0,"om_contributors":[],"om_co_authors":[],"beyondwords_generate_audio":"","beyondwords_project_id":"","beyondwords_content_id":"","beyondwords_preview_token":"","beyondwords_player_content":"","beyondwords_player_style":"","beyondwords_language_code":"","beyondwords_language_id":"","beyondwords_title_voice_id":"","beyondwords_body_voice_id":"","beyondwords_summary_voice_id":"","beyondwords_error_message":"","beyondwords_disabled":"","beyondwords_delete_content":"","beyondwords_podcast_id":"","beyondwords_hash":"","publish_post_to_speechkit":"","speechkit_hash":"","speechkit_generate_audio":"","speechkit_project_id":"","speechkit_podcast_id":"","speechkit_error_message":"","speechkit_disabled":"","speechkit_access_key":"","speechkit_error":"","speechkit_info":"","speechkit_response":"","speechkit_retries":"","speechkit_status":"","speechkit_updated_at":"","_speechkit_link":"","_speechkit_text":""},"categories":[1],"tags":[2497,882,2318,2496],"class_list":["post-4190","post","type-post","status-publish","format-standard","hentry","category-kuvien-takaa","tag-aquarius","tag-david-lynch","tag-personal-shopper","tag-rakkautta-anarkiaa"],"om_views":null,"acf":{"tuuma_off":false,"tuuma_kysymys":"","tuuma_vastaus":""},"asauth":{"required_access_level":1,"share_token":"","is_paid":false},"yoast_head":"<!-- This site is optimized with the Yoast SEO plugin v26.4 - https:\/\/yoast.com\/wordpress\/plugins\/seo\/ -->\n<title>Poimintoja Rakkautta &amp; Anarkiaa 2017 -festivaalin ohjelmistosta - Kuvien takaa<\/title>\n<meta name=\"robots\" content=\"index, follow, max-snippet:-1, max-image-preview:large, max-video-preview:-1\" \/>\n<link rel=\"canonical\" href=\"https:\/\/suomenkuvalehti.fi\/kuvien-takaa\/poimintoja-rakkautta-anarkiaa-2017-festivaalin-ohjelmistosta\/\" \/>\n<meta property=\"og:locale\" content=\"fi_FI\" \/>\n<meta property=\"og:type\" content=\"article\" \/>\n<meta property=\"og:title\" content=\"Poimintoja Rakkautta &amp; Anarkiaa 2017 -festivaalin ohjelmistosta - Kuvien takaa\" \/>\n<meta property=\"og:description\" content=\"Rakkautta &amp; Anarkiaa -elokuvafestivaalin liput tulivat t\u00e4n\u00e4\u00e4n myyntiin. Valitsin jo n\u00e4kemieni elokuvien joukosta kymmenen suositusta. Kuten n\u00e4iss\u00e4 listoissani on ollut tapana, en poimi elokuvia, jotka varmuudella tulevat Suomessa kaupalliseen levit&hellip;\" \/>\n<meta property=\"og:url\" content=\"https:\/\/suomenkuvalehti.fi\/kuvien-takaa\/poimintoja-rakkautta-anarkiaa-2017-festivaalin-ohjelmistosta\/\" \/>\n<meta property=\"og:site_name\" content=\"Kuvien takaa\" \/>\n<meta property=\"article:author\" content=\"https:\/\/www.facebook.com\/pages\/Kalle-Kinnunen-Kuvien-takaa\/190326157715410?fref=ts\" \/>\n<meta property=\"article:published_time\" content=\"2017-09-07T09:34:33+00:00\" \/>\n<meta property=\"article:modified_time\" content=\"2017-09-07T09:40:18+00:00\" \/>\n<meta property=\"og:image\" content=\"https:\/\/suomenkuvalehti.fi\/kuvien-takaa\/wp-content\/uploads\/sites\/11\/2022\/04\/kalle_kinnunen_blogi-1-scaled.jpg\" \/>\n\t<meta property=\"og:image:width\" content=\"2560\" \/>\n\t<meta property=\"og:image:height\" content=\"1707\" \/>\n\t<meta property=\"og:image:type\" content=\"image\/jpeg\" \/>\n<meta name=\"author\" content=\"Kalle Kinnunen\" \/>\n<meta name=\"twitter:card\" content=\"summary_large_image\" \/>\n<meta name=\"twitter:creator\" content=\"@https:\/\/twitter.com\/kallekinnunen\" \/>\n<meta name=\"twitter:label1\" content=\"Written by\" \/>\n\t<meta name=\"twitter:data1\" content=\"Kalle Kinnunen\" \/>\n\t<meta name=\"twitter:label2\" content=\"Est. reading time\" \/>\n\t<meta name=\"twitter:data2\" content=\"3 minuuttia\" \/>\n<script type=\"application\/ld+json\" class=\"yoast-schema-graph\">{\"@context\":\"https:\/\/schema.org\",\"@graph\":[{\"@type\":\"WebPage\",\"@id\":\"https:\/\/suomenkuvalehti.fi\/kuvien-takaa\/poimintoja-rakkautta-anarkiaa-2017-festivaalin-ohjelmistosta\/\",\"url\":\"https:\/\/suomenkuvalehti.fi\/kuvien-takaa\/poimintoja-rakkautta-anarkiaa-2017-festivaalin-ohjelmistosta\/\",\"name\":\"Poimintoja Rakkautta & Anarkiaa 2017 -festivaalin ohjelmistosta - Kuvien takaa\",\"isPartOf\":{\"@id\":\"https:\/\/suomenkuvalehti.fi\/kuvien-takaa\/#website\"},\"datePublished\":\"2017-09-07T09:34:33+00:00\",\"dateModified\":\"2017-09-07T09:40:18+00:00\",\"author\":{\"@id\":\"https:\/\/suomenkuvalehti.fi\/kuvien-takaa\/#\/schema\/person\/f3f657e4ad409e008f12af27bec60a23\"},\"breadcrumb\":{\"@id\":\"https:\/\/suomenkuvalehti.fi\/kuvien-takaa\/poimintoja-rakkautta-anarkiaa-2017-festivaalin-ohjelmistosta\/#breadcrumb\"},\"inLanguage\":\"fi\",\"potentialAction\":[{\"@type\":\"ReadAction\",\"target\":[\"https:\/\/suomenkuvalehti.fi\/kuvien-takaa\/poimintoja-rakkautta-anarkiaa-2017-festivaalin-ohjelmistosta\/\"]}]},{\"@type\":\"BreadcrumbList\",\"@id\":\"https:\/\/suomenkuvalehti.fi\/kuvien-takaa\/poimintoja-rakkautta-anarkiaa-2017-festivaalin-ohjelmistosta\/#breadcrumb\",\"itemListElement\":[{\"@type\":\"ListItem\",\"position\":1,\"name\":\"Home\",\"item\":\"https:\/\/suomenkuvalehti.fi\/kuvien-takaa\/\"},{\"@type\":\"ListItem\",\"position\":2,\"name\":\"Poimintoja Rakkautta &#038; Anarkiaa 2017 -festivaalin ohjelmistosta\"}]},{\"@type\":\"WebSite\",\"@id\":\"https:\/\/suomenkuvalehti.fi\/kuvien-takaa\/#website\",\"url\":\"https:\/\/suomenkuvalehti.fi\/kuvien-takaa\/\",\"name\":\"Kuvien takaa\",\"description\":\"Elokuvakriitikko Kalle Kinnusen elokuvablogi.\",\"potentialAction\":[{\"@type\":\"SearchAction\",\"target\":{\"@type\":\"EntryPoint\",\"urlTemplate\":\"https:\/\/suomenkuvalehti.fi\/haku\/?q={search_term_string}\"},\"query-input\":{\"@type\":\"PropertyValueSpecification\",\"valueRequired\":true,\"valueName\":\"search_term_string\"}}],\"inLanguage\":\"fi\"},{\"@type\":\"Person\",\"@id\":\"https:\/\/suomenkuvalehti.fi\/kuvien-takaa\/#\/schema\/person\/f3f657e4ad409e008f12af27bec60a23\",\"name\":\"Kalle Kinnunen\",\"image\":{\"@type\":\"ImageObject\",\"inLanguage\":\"fi\",\"@id\":\"https:\/\/suomenkuvalehti.fi\/kuvien-takaa\/#\/schema\/person\/image\/\",\"url\":\"https:\/\/suomenkuvalehti.fi\/kuvien-takaa\/wp-content\/uploads\/sites\/11\/2022\/04\/kalle_kinnunen_blogi-1-150x150.jpg\",\"contentUrl\":\"https:\/\/suomenkuvalehti.fi\/kuvien-takaa\/wp-content\/uploads\/sites\/11\/2022\/04\/kalle_kinnunen_blogi-1-150x150.jpg\",\"caption\":\"Kalle Kinnunen\"},\"description\":\"Kalle Kinnunen on vapaa toimittaja ja Suomen Kuvalehden avustaja.\",\"sameAs\":[\"https:\/\/www.facebook.com\/pages\/Kalle-Kinnunen-Kuvien-takaa\/190326157715410?fref=ts\",\"https:\/\/x.com\/https:\/\/twitter.com\/kallekinnunen\"]}]}<\/script>\n<!-- \/ Yoast SEO plugin. -->","yoast_head_json":{"title":"Poimintoja Rakkautta & Anarkiaa 2017 -festivaalin ohjelmistosta - Kuvien takaa","robots":{"index":"index","follow":"follow","max-snippet":"max-snippet:-1","max-image-preview":"max-image-preview:large","max-video-preview":"max-video-preview:-1"},"canonical":"https:\/\/suomenkuvalehti.fi\/kuvien-takaa\/poimintoja-rakkautta-anarkiaa-2017-festivaalin-ohjelmistosta\/","og_locale":"fi_FI","og_type":"article","og_title":"Poimintoja Rakkautta & Anarkiaa 2017 -festivaalin ohjelmistosta - Kuvien takaa","og_description":"Rakkautta &amp; Anarkiaa -elokuvafestivaalin liput tulivat t\u00e4n\u00e4\u00e4n myyntiin. Valitsin jo n\u00e4kemieni elokuvien joukosta kymmenen suositusta. Kuten n\u00e4iss\u00e4 listoissani on ollut tapana, en poimi elokuvia, jotka varmuudella tulevat Suomessa kaupalliseen levit&hellip;","og_url":"https:\/\/suomenkuvalehti.fi\/kuvien-takaa\/poimintoja-rakkautta-anarkiaa-2017-festivaalin-ohjelmistosta\/","og_site_name":"Kuvien takaa","article_author":"https:\/\/www.facebook.com\/pages\/Kalle-Kinnunen-Kuvien-takaa\/190326157715410?fref=ts","article_published_time":"2017-09-07T09:34:33+00:00","article_modified_time":"2017-09-07T09:40:18+00:00","og_image":[{"width":2560,"height":1707,"url":"https:\/\/suomenkuvalehti.fi\/kuvien-takaa\/wp-content\/uploads\/sites\/11\/2022\/04\/kalle_kinnunen_blogi-1-scaled.jpg","type":"image\/jpeg"}],"author":"Kalle Kinnunen","twitter_card":"summary_large_image","twitter_creator":"@https:\/\/twitter.com\/kallekinnunen","twitter_misc":{"Written by":"Kalle Kinnunen","Est. reading time":"3 minuuttia"},"schema":{"@context":"https:\/\/schema.org","@graph":[{"@type":"WebPage","@id":"https:\/\/suomenkuvalehti.fi\/kuvien-takaa\/poimintoja-rakkautta-anarkiaa-2017-festivaalin-ohjelmistosta\/","url":"https:\/\/suomenkuvalehti.fi\/kuvien-takaa\/poimintoja-rakkautta-anarkiaa-2017-festivaalin-ohjelmistosta\/","name":"Poimintoja Rakkautta & Anarkiaa 2017 -festivaalin ohjelmistosta - Kuvien takaa","isPartOf":{"@id":"https:\/\/suomenkuvalehti.fi\/kuvien-takaa\/#website"},"datePublished":"2017-09-07T09:34:33+00:00","dateModified":"2017-09-07T09:40:18+00:00","author":{"@id":"https:\/\/suomenkuvalehti.fi\/kuvien-takaa\/#\/schema\/person\/f3f657e4ad409e008f12af27bec60a23"},"breadcrumb":{"@id":"https:\/\/suomenkuvalehti.fi\/kuvien-takaa\/poimintoja-rakkautta-anarkiaa-2017-festivaalin-ohjelmistosta\/#breadcrumb"},"inLanguage":"fi","potentialAction":[{"@type":"ReadAction","target":["https:\/\/suomenkuvalehti.fi\/kuvien-takaa\/poimintoja-rakkautta-anarkiaa-2017-festivaalin-ohjelmistosta\/"]}]},{"@type":"BreadcrumbList","@id":"https:\/\/suomenkuvalehti.fi\/kuvien-takaa\/poimintoja-rakkautta-anarkiaa-2017-festivaalin-ohjelmistosta\/#breadcrumb","itemListElement":[{"@type":"ListItem","position":1,"name":"Home","item":"https:\/\/suomenkuvalehti.fi\/kuvien-takaa\/"},{"@type":"ListItem","position":2,"name":"Poimintoja Rakkautta &#038; Anarkiaa 2017 -festivaalin ohjelmistosta"}]},{"@type":"WebSite","@id":"https:\/\/suomenkuvalehti.fi\/kuvien-takaa\/#website","url":"https:\/\/suomenkuvalehti.fi\/kuvien-takaa\/","name":"Kuvien takaa","description":"Elokuvakriitikko Kalle Kinnusen elokuvablogi.","potentialAction":[{"@type":"SearchAction","target":{"@type":"EntryPoint","urlTemplate":"https:\/\/suomenkuvalehti.fi\/haku\/?q={search_term_string}"},"query-input":{"@type":"PropertyValueSpecification","valueRequired":true,"valueName":"search_term_string"}}],"inLanguage":"fi"},{"@type":"Person","@id":"https:\/\/suomenkuvalehti.fi\/kuvien-takaa\/#\/schema\/person\/f3f657e4ad409e008f12af27bec60a23","name":"Kalle Kinnunen","image":{"@type":"ImageObject","inLanguage":"fi","@id":"https:\/\/suomenkuvalehti.fi\/kuvien-takaa\/#\/schema\/person\/image\/","url":"https:\/\/suomenkuvalehti.fi\/kuvien-takaa\/wp-content\/uploads\/sites\/11\/2022\/04\/kalle_kinnunen_blogi-1-150x150.jpg","contentUrl":"https:\/\/suomenkuvalehti.fi\/kuvien-takaa\/wp-content\/uploads\/sites\/11\/2022\/04\/kalle_kinnunen_blogi-1-150x150.jpg","caption":"Kalle Kinnunen"},"description":"Kalle Kinnunen on vapaa toimittaja ja Suomen Kuvalehden avustaja.","sameAs":["https:\/\/www.facebook.com\/pages\/Kalle-Kinnunen-Kuvien-takaa\/190326157715410?fref=ts","https:\/\/x.com\/https:\/\/twitter.com\/kallekinnunen"]}]}},"_links":{"self":[{"href":"https:\/\/suomenkuvalehti.fi\/kuvien-takaa\/wp-json\/wp\/v2\/posts\/4190","targetHints":{"allow":["GET"]}}],"collection":[{"href":"https:\/\/suomenkuvalehti.fi\/kuvien-takaa\/wp-json\/wp\/v2\/posts"}],"about":[{"href":"https:\/\/suomenkuvalehti.fi\/kuvien-takaa\/wp-json\/wp\/v2\/types\/post"}],"author":[{"embeddable":true,"href":"https:\/\/suomenkuvalehti.fi\/kuvien-takaa\/wp-json\/wp\/v2\/users\/144"}],"replies":[{"embeddable":true,"href":"https:\/\/suomenkuvalehti.fi\/kuvien-takaa\/wp-json\/wp\/v2\/comments?post=4190"}],"version-history":[{"count":4,"href":"https:\/\/suomenkuvalehti.fi\/kuvien-takaa\/wp-json\/wp\/v2\/posts\/4190\/revisions"}],"predecessor-version":[{"id":4194,"href":"https:\/\/suomenkuvalehti.fi\/kuvien-takaa\/wp-json\/wp\/v2\/posts\/4190\/revisions\/4194"}],"wp:attachment":[{"href":"https:\/\/suomenkuvalehti.fi\/kuvien-takaa\/wp-json\/wp\/v2\/media?parent=4190"}],"wp:term":[{"taxonomy":"category","embeddable":true,"href":"https:\/\/suomenkuvalehti.fi\/kuvien-takaa\/wp-json\/wp\/v2\/categories?post=4190"},{"taxonomy":"post_tag","embeddable":true,"href":"https:\/\/suomenkuvalehti.fi\/kuvien-takaa\/wp-json\/wp\/v2\/tags?post=4190"}],"curies":[{"name":"wp","href":"https:\/\/api.w.org\/{rel}","templated":true}]}}