{"id":419,"date":"2012-07-12T04:00:00","date_gmt":"2012-07-12T01:00:00","guid":{"rendered":"https:\/\/suomenkuvalehti.fi\/kuvientakaa\/2012\/07\/12\/500-miljoonan-verostaan-huolimatta-yle-sulkee-ovia-dokumenteilta\/"},"modified":"2013-11-30T16:24:24","modified_gmt":"2013-11-30T14:24:24","slug":"500-miljoonan-verostaan-huolimatta-yle-sulkee-ovia-dokumenteilta","status":"publish","type":"post","link":"https:\/\/suomenkuvalehti.fi\/kuvien-takaa\/500-miljoonan-verostaan-huolimatta-yle-sulkee-ovia-dokumenteilta\/","title":{"rendered":"500 miljoonan verostaan huolimatta Yle sulkee ovia dokumenteilta"},"content":{"rendered":"\n<p>500 miljoonan euron vuosibudjetista huolimatta Ylen johto ajaa alas dokumenttielokuvien kansainv\u00e4list\u00e4 yhteistuotantoa ja Suomen mainetta laadukkaiden dokumenttielokuvien maana. TV-maailma-lehden Yle-artikkelissa on lyhyesti asiasta, ja t\u00e4ss\u00e4 blogimerkinn\u00e4ss\u00e4 lis\u00e4\u00e4.<\/p>\n\n\n\n\n<p>Vuosien ajan olen elokuvafestivaaleilla dokumenttien tekij\u00f6iden kanssa keskustellessani voinut johdatella puheen asiaan, jota pid\u00e4n kansallisena ylpeydenaiheena. Sen lis\u00e4ksi, ett\u00e4 Suomessa tehd\u00e4\u00e4n erinomaisia dokumentteja, on Yle osatuottanut eritt\u00e4in hyvin valittuja kansainv\u00e4lisi\u00e4 tuotantoja ja n\u00e4in saanut niin paitsi varhaisen esitysoikeuden, my\u00f6s osaltaan mahdollistanut kyseisen dokumentin tekemisen.<\/p>\n\n\n\n\n<p>Nyt Ykk\u00f6sdokumentti- ja Dokumenttiprojekti-ohjelmapaikat on yhdistetty. Ei tarvitse olla matikkanero ymm\u00e4rt\u00e4\u00e4kseen, ett\u00e4 n\u00e4in esitett\u00e4vien dokumenttiohjelmien kokonaism\u00e4\u00e4r\u00e4 v\u00e4henee.<\/p>\n\n\n\n<p>Ylen televisiop\u00e4\u00e4llikk\u00f6 <strong>Riitta Pihlajam\u00e4ki<\/strong> kertoi TV-maailmalle tekem\u00e4ss\u00e4 haastattelussani, ett\u00e4 se, mist\u00e4 eniten karsitaan on kansainv\u00e4liset yhteistuotannot.<\/p>\n\n\n\n<p>Lyhyk\u00e4inen juttu l\u00f6ytyy linkin takaa: <a href=\"http:\/\/plaza.fi\/tv-maailma\/juuri-nyt\/dokumenttien-laiha-kohtalo\"><em>Dokumenttien laiha kohtalo<\/em><\/a>. Se on osa suurempaa juttua <a href=\"http:\/\/plaza.fi\/tv-maailma\/juuri-nyt\/ylen-vaikeat-haasteet\">Ylen haasteista<\/a>.<\/p>\n\n\n\n<p>Jo t\u00e4ll\u00e4 hetkell\u00e4 Ylen <a href=\"http:\/\/ohjelmat.yle.fi\/dokumenttiprojekti\/tulevia_elokuvia\">Dokumenttiprojekti -nettisivuilla<\/a> linkki &#8221;tuleviin kansainv\u00e4lisiin hankintoihin&#8221; vie kuvaavasti (tosin ilmeisesti vahingossa) tyhj\u00e4lle sivulle.<\/p>\n\n\n\n<p>Sit\u00e4 ennen sivulla lukee:<\/p>\n\n\n\n<p><em>&#8221;Olennainen osa kansainv\u00e4list\u00e4 hankintaa ovat ennakko-ostot, jolloin Dokumenttiprojekti l\u00e4htee mukaan elokuvan toteutukseen jo varhaisessa vaiheessa turvaten n\u00e4in elokuvan kitkattoman hankinnan esitett\u00e4v\u00e4ksi Ylell\u00e4 sek\u00e4 osallistuen elokuvan toteuttamisprosessiin mm. esitt\u00e4m\u00e4ll\u00e4 n\u00e4kemyksens\u00e4 elokuvan raakaleikatuista versioista.&#8221;<\/em><\/p>\n\n\n\n<p>N\u00e4it\u00e4 ovat olleet esimerkiksi <strong>Alex Gibneyn<\/strong> Oscar-palkittu <em>Taksi pimeyteen<\/em> (Taxi to the Dark Side), <strong>Hubert Sauperin<\/strong> tyrm\u00e4\u00e4v\u00e4 <em>Darwinin painajainen<\/em> (Darwin&#8217;s Nightmare) sek\u00e4 amerikkalaista sotateollisuutta (my\u00f6s itse sodan teollisuutena sis\u00e4lt\u00e4v\u00e4 military industrial complex -k\u00e4site) upeasti avaava <em>Miksi me sodimme<\/em> (Why We Fight), jonka ohjasi <strong>Eugene Jarecki<\/strong>.<\/p>\n\n\n\n<p>Pihlajam\u00e4ki antoi ymm\u00e4rt\u00e4\u00e4, ett\u00e4 se aika on nyt ohi ja puhui &#8221;lillukanvarsien karsimisesta&#8221;.<\/p>\n\n\n\n<p>Joku voisi ajatella, ett\u00e4 parhaiden dokkarien ostaminen j\u00e4lkik\u00e4teen on fiksumpaa kuin yhteistuottaminen. Asia ei ole yksinkertainen. Oscar-nosteessa jo oleva ja maailmalla elokuvateattereissakin menestynyt eli poikkeuksellisen vet\u00e4v\u00e4 dokumentti on siin\u00e4 vaiheessa yleens\u00e4 liian kallis Ylen hankittavaksi. Sijoittamalla lupaavaan hankkeeseen varhaisessa vaiheessa sen paitsi saa halvemmalla, takaa my\u00f6s sen tekemisen &#8211; on selv\u00e4\u00e4, ett\u00e4 eurooppalaisten yleisradioiden ennakko-ostot ovat jatkuvasti ratkaisevassa asemassa, kun huippudokkaria l\u00e4hdet\u00e4\u00e4n kehitt\u00e4m\u00e4\u00e4n ajatusta pidemm\u00e4lle.<\/p>\n\n\n\n<p>Joka tapauksessa my\u00f6s valmiiden huippudokumenttien ostaminen on v\u00e4hentynyt siit\u00e4 asti, kun Dokumenttiprojektin ja Ykk\u00f6sdokumentin paikkojen yhdist\u00e4minen oli tiedossa.<\/p>\n\n\n\n<p><em>&#8221;Emme ole edes yritt\u00e4neet ostaa esimerkiksi <strong>Errol Morrisin<\/strong><\/em><em> uusinta Tabloidia, <strong>Werner Herzogin<\/strong><\/em><em> Cave-elokuvaa tai <strong>Charles Fergusonin<\/strong><\/em><em> Oscar-palkittua Inside Jobia, koska varastossa on niin paljon kamaa, ett\u00e4 niille ei ole tiedossa ohjelma-aikaa&#8221;<\/em>, Dokumenttiprojektia pitk\u00e4\u00e4n luotsannut Iikka Vehkalahti kertoi Helsingin Sanomille vuosi sitten. (Inside Job eli Sis\u00e4piirin homma sent\u00e4\u00e4n n\u00e4htiin viime marraskuussa.)<\/p>\n\n\n\n<p>Haastattelussa Pihlajam\u00e4ki sanoi my\u00f6s, ett\u00e4 eiv\u00e4th\u00e4n kaupalliset kanavatkaan ole kiinnostuneista muista dokkareista kuin <strong>Michael Mooresta<\/strong>.<\/p>\n\n\n\n<p>Juu ei, mutta ei kai kyse olekaan siit\u00e4, ett\u00e4 Ylelle riitt\u00e4\u00e4 mik\u00e4 tahansa, mik\u00e4 on edes hitusen kaupallisten kilpailijoiden vastaavaa antia parempaa?<\/p>\n\n\n\n<p>Tosiasia, ett\u00e4 kaupalliset kanavat eiv\u00e4t dokkareita juuri n\u00e4yt\u00e4, ei ole perustelu sille, ett\u00e4 Yle voi alentaa dokkaribudjettejaan. On tietysti hyv\u00e4, ett\u00e4 kotimainen dokumenttituotanto on etusijalla, mutta sit\u00e4kin on karsittu rahoituskriisin aikana.<\/p>\n\n\n\n<p>Ylen sis\u00e4ll\u00e4 on kansainv\u00e4listen dokkarien tuotannon ja ostamisen huippuosaajia. On karmeaa, jos k\u00e4y kuten Pihlajam\u00e4ki sanoi, ett\u00e4 kansainv\u00e4lisen dokumenttihankinnan painotus on t\u00e4st\u00e4 l\u00e4hin tiede-, luonto- ja historiadokumenteissa. Ne ovat tietenkin t\u00e4rke\u00e4 osa tarjontaa, mutta l\u00e4hes aina formaattikamaa, tunnin ohjelmapaikkaan r\u00e4\u00e4t\u00e4l\u00f6ityj\u00e4 tunnin tietoiskuja jostain asiasta. Sellainen ei ole <em>dokumenttielokuvaa<\/em>.<\/p>\n\n\n\n<p>Raskaan sarjan <em>dokumenttielokuvat<\/em> &#8211; esimerkiksi nuo mainitut Dokumenttiprojektin osatuotannot &#8211; ovat el\u00e4myksellisi\u00e4, parhaimmillaan unohtumattomia tarinoita todellisuudesta.<\/p>\n\n\n\n<p>Ne avaavat ja selitt\u00e4v\u00e4t maailmaa ajankohtaisesti ja vahvalla n\u00e4k\u00f6kulmalla.<\/p>\n\n\n\n<p>Toisin sanoen ne ovat parasta, mihin voin kuvitella julkisen palvelun rahaa ja ohjelmapaikkoja k\u00e4ytett\u00e4v\u00e4n.<\/p>\n\n\n","protected":false},"excerpt":{"rendered":"<p>500 miljoonan euron vuosibudjetista huolimatta Ylen johto ajaa alas dokumenttielokuvien kansainv\u00e4list\u00e4 yhteistuotantoa ja Suomen mainetta laadukkaiden dokumenttielokuvien maana. TV-maailma-lehden Yle-artikkelissa on lyhyesti asiasta, ja t\u00e4ss\u00e4 blogimerkinn\u00e4ss\u00e4<br \/>\nlis\u00e4\u00e4&hellip;<\/p>\n","protected":false},"author":144,"featured_media":0,"comment_status":"open","ping_status":"open","sticky":false,"template":"","format":"standard","meta":{"_acf_changed":false,"asauth_required_access_level":0,"asauth_cansharepaid":"","om_header_attributes":[],"footnotes":"","om_featured_image_focal_point":[],"om_primary_tag":0,"om_contributors":[],"om_co_authors":[],"beyondwords_generate_audio":"","beyondwords_project_id":"","beyondwords_content_id":"","beyondwords_preview_token":"","beyondwords_player_content":"","beyondwords_player_style":"","beyondwords_language_code":"","beyondwords_language_id":"","beyondwords_title_voice_id":"","beyondwords_body_voice_id":"","beyondwords_summary_voice_id":"","beyondwords_error_message":"","beyondwords_disabled":"","beyondwords_delete_content":"","beyondwords_podcast_id":"","beyondwords_hash":"","publish_post_to_speechkit":"","speechkit_hash":"","speechkit_generate_audio":"","speechkit_project_id":"","speechkit_podcast_id":"","speechkit_error_message":"","speechkit_disabled":"","speechkit_access_key":"","speechkit_error":"","speechkit_info":"","speechkit_response":"","speechkit_retries":"","speechkit_status":"","speechkit_updated_at":"","_speechkit_link":"","_speechkit_text":""},"categories":[1],"tags":[41,640,10,641,249,251],"class_list":["post-419","post","type-post","status-publish","format-standard","hentry","category-kuvien-takaa","tag-dokumenttielokuvat","tag-dokumenttiprojekti","tag-suomalainen-elokuva","tag-ykkosdokumentti","tag-yle","tag-yle-vero"],"om_views":null,"acf":{"tuuma_off":false,"tuuma_kysymys":"","tuuma_vastaus":""},"asauth":{"required_access_level":1,"share_token":"","is_paid":false},"yoast_head":"<!-- This site is optimized with the Yoast SEO plugin v26.4 - https:\/\/yoast.com\/wordpress\/plugins\/seo\/ -->\n<title>500 miljoonan verostaan huolimatta Yle sulkee ovia dokumenteilta - Kuvien takaa<\/title>\n<meta name=\"robots\" content=\"index, follow, max-snippet:-1, max-image-preview:large, max-video-preview:-1\" \/>\n<link rel=\"canonical\" href=\"https:\/\/suomenkuvalehti.fi\/kuvien-takaa\/500-miljoonan-verostaan-huolimatta-yle-sulkee-ovia-dokumenteilta\/\" \/>\n<meta property=\"og:locale\" content=\"fi_FI\" \/>\n<meta property=\"og:type\" content=\"article\" \/>\n<meta property=\"og:title\" content=\"500 miljoonan verostaan huolimatta Yle sulkee ovia dokumenteilta - Kuvien takaa\" \/>\n<meta property=\"og:description\" content=\"500 miljoonan euron vuosibudjetista huolimatta Ylen johto ajaa alas dokumenttielokuvien kansainv\u00e4list\u00e4 yhteistuotantoa ja Suomen mainetta laadukkaiden dokumenttielokuvien maana. TV-maailma-lehden Yle-artikkelissa on lyhyesti asiasta, ja t\u00e4ss\u00e4 blogimerkinn\u00e4ss\u00e4 lis\u00e4\u00e4&hellip;\" \/>\n<meta property=\"og:url\" content=\"https:\/\/suomenkuvalehti.fi\/kuvien-takaa\/500-miljoonan-verostaan-huolimatta-yle-sulkee-ovia-dokumenteilta\/\" \/>\n<meta property=\"og:site_name\" content=\"Kuvien takaa\" \/>\n<meta property=\"article:author\" content=\"https:\/\/www.facebook.com\/pages\/Kalle-Kinnunen-Kuvien-takaa\/190326157715410?fref=ts\" \/>\n<meta property=\"article:published_time\" content=\"2012-07-12T01:00:00+00:00\" \/>\n<meta property=\"article:modified_time\" content=\"2013-11-30T14:24:24+00:00\" \/>\n<meta property=\"og:image\" content=\"https:\/\/suomenkuvalehti.fi\/kuvien-takaa\/wp-content\/uploads\/sites\/11\/2022\/04\/kalle_kinnunen_blogi-1-scaled.jpg\" \/>\n\t<meta property=\"og:image:width\" content=\"2560\" \/>\n\t<meta property=\"og:image:height\" content=\"1707\" \/>\n\t<meta property=\"og:image:type\" content=\"image\/jpeg\" \/>\n<meta name=\"author\" content=\"Kalle Kinnunen\" \/>\n<meta name=\"twitter:card\" content=\"summary_large_image\" \/>\n<meta name=\"twitter:creator\" content=\"@https:\/\/twitter.com\/kallekinnunen\" \/>\n<meta name=\"twitter:label1\" content=\"Written by\" \/>\n\t<meta name=\"twitter:data1\" content=\"Kalle Kinnunen\" \/>\n\t<meta name=\"twitter:label2\" content=\"Est. reading time\" \/>\n\t<meta name=\"twitter:data2\" content=\"3 minuuttia\" \/>\n<script type=\"application\/ld+json\" class=\"yoast-schema-graph\">{\"@context\":\"https:\/\/schema.org\",\"@graph\":[{\"@type\":\"WebPage\",\"@id\":\"https:\/\/suomenkuvalehti.fi\/kuvien-takaa\/500-miljoonan-verostaan-huolimatta-yle-sulkee-ovia-dokumenteilta\/\",\"url\":\"https:\/\/suomenkuvalehti.fi\/kuvien-takaa\/500-miljoonan-verostaan-huolimatta-yle-sulkee-ovia-dokumenteilta\/\",\"name\":\"500 miljoonan verostaan huolimatta Yle sulkee ovia dokumenteilta - Kuvien takaa\",\"isPartOf\":{\"@id\":\"https:\/\/suomenkuvalehti.fi\/kuvien-takaa\/#website\"},\"datePublished\":\"2012-07-12T01:00:00+00:00\",\"dateModified\":\"2013-11-30T14:24:24+00:00\",\"author\":{\"@id\":\"https:\/\/suomenkuvalehti.fi\/kuvien-takaa\/#\/schema\/person\/f3f657e4ad409e008f12af27bec60a23\"},\"breadcrumb\":{\"@id\":\"https:\/\/suomenkuvalehti.fi\/kuvien-takaa\/500-miljoonan-verostaan-huolimatta-yle-sulkee-ovia-dokumenteilta\/#breadcrumb\"},\"inLanguage\":\"fi\",\"potentialAction\":[{\"@type\":\"ReadAction\",\"target\":[\"https:\/\/suomenkuvalehti.fi\/kuvien-takaa\/500-miljoonan-verostaan-huolimatta-yle-sulkee-ovia-dokumenteilta\/\"]}]},{\"@type\":\"BreadcrumbList\",\"@id\":\"https:\/\/suomenkuvalehti.fi\/kuvien-takaa\/500-miljoonan-verostaan-huolimatta-yle-sulkee-ovia-dokumenteilta\/#breadcrumb\",\"itemListElement\":[{\"@type\":\"ListItem\",\"position\":1,\"name\":\"Home\",\"item\":\"https:\/\/suomenkuvalehti.fi\/kuvien-takaa\/\"},{\"@type\":\"ListItem\",\"position\":2,\"name\":\"500 miljoonan verostaan huolimatta Yle sulkee ovia dokumenteilta\"}]},{\"@type\":\"WebSite\",\"@id\":\"https:\/\/suomenkuvalehti.fi\/kuvien-takaa\/#website\",\"url\":\"https:\/\/suomenkuvalehti.fi\/kuvien-takaa\/\",\"name\":\"Kuvien takaa\",\"description\":\"Elokuvakriitikko Kalle Kinnusen elokuvablogi.\",\"potentialAction\":[{\"@type\":\"SearchAction\",\"target\":{\"@type\":\"EntryPoint\",\"urlTemplate\":\"https:\/\/suomenkuvalehti.fi\/haku\/?q={search_term_string}\"},\"query-input\":{\"@type\":\"PropertyValueSpecification\",\"valueRequired\":true,\"valueName\":\"search_term_string\"}}],\"inLanguage\":\"fi\"},{\"@type\":\"Person\",\"@id\":\"https:\/\/suomenkuvalehti.fi\/kuvien-takaa\/#\/schema\/person\/f3f657e4ad409e008f12af27bec60a23\",\"name\":\"Kalle Kinnunen\",\"image\":{\"@type\":\"ImageObject\",\"inLanguage\":\"fi\",\"@id\":\"https:\/\/suomenkuvalehti.fi\/kuvien-takaa\/#\/schema\/person\/image\/\",\"url\":\"https:\/\/suomenkuvalehti.fi\/kuvien-takaa\/wp-content\/uploads\/sites\/11\/2022\/04\/kalle_kinnunen_blogi-1-150x150.jpg\",\"contentUrl\":\"https:\/\/suomenkuvalehti.fi\/kuvien-takaa\/wp-content\/uploads\/sites\/11\/2022\/04\/kalle_kinnunen_blogi-1-150x150.jpg\",\"caption\":\"Kalle Kinnunen\"},\"description\":\"Kalle Kinnunen on vapaa toimittaja ja Suomen Kuvalehden avustaja.\",\"sameAs\":[\"https:\/\/www.facebook.com\/pages\/Kalle-Kinnunen-Kuvien-takaa\/190326157715410?fref=ts\",\"https:\/\/x.com\/https:\/\/twitter.com\/kallekinnunen\"]}]}<\/script>\n<!-- \/ Yoast SEO plugin. -->","yoast_head_json":{"title":"500 miljoonan verostaan huolimatta Yle sulkee ovia dokumenteilta - Kuvien takaa","robots":{"index":"index","follow":"follow","max-snippet":"max-snippet:-1","max-image-preview":"max-image-preview:large","max-video-preview":"max-video-preview:-1"},"canonical":"https:\/\/suomenkuvalehti.fi\/kuvien-takaa\/500-miljoonan-verostaan-huolimatta-yle-sulkee-ovia-dokumenteilta\/","og_locale":"fi_FI","og_type":"article","og_title":"500 miljoonan verostaan huolimatta Yle sulkee ovia dokumenteilta - Kuvien takaa","og_description":"500 miljoonan euron vuosibudjetista huolimatta Ylen johto ajaa alas dokumenttielokuvien kansainv\u00e4list\u00e4 yhteistuotantoa ja Suomen mainetta laadukkaiden dokumenttielokuvien maana. TV-maailma-lehden Yle-artikkelissa on lyhyesti asiasta, ja t\u00e4ss\u00e4 blogimerkinn\u00e4ss\u00e4 lis\u00e4\u00e4&hellip;","og_url":"https:\/\/suomenkuvalehti.fi\/kuvien-takaa\/500-miljoonan-verostaan-huolimatta-yle-sulkee-ovia-dokumenteilta\/","og_site_name":"Kuvien takaa","article_author":"https:\/\/www.facebook.com\/pages\/Kalle-Kinnunen-Kuvien-takaa\/190326157715410?fref=ts","article_published_time":"2012-07-12T01:00:00+00:00","article_modified_time":"2013-11-30T14:24:24+00:00","og_image":[{"width":2560,"height":1707,"url":"https:\/\/suomenkuvalehti.fi\/kuvien-takaa\/wp-content\/uploads\/sites\/11\/2022\/04\/kalle_kinnunen_blogi-1-scaled.jpg","type":"image\/jpeg"}],"author":"Kalle Kinnunen","twitter_card":"summary_large_image","twitter_creator":"@https:\/\/twitter.com\/kallekinnunen","twitter_misc":{"Written by":"Kalle Kinnunen","Est. reading time":"3 minuuttia"},"schema":{"@context":"https:\/\/schema.org","@graph":[{"@type":"WebPage","@id":"https:\/\/suomenkuvalehti.fi\/kuvien-takaa\/500-miljoonan-verostaan-huolimatta-yle-sulkee-ovia-dokumenteilta\/","url":"https:\/\/suomenkuvalehti.fi\/kuvien-takaa\/500-miljoonan-verostaan-huolimatta-yle-sulkee-ovia-dokumenteilta\/","name":"500 miljoonan verostaan huolimatta Yle sulkee ovia dokumenteilta - Kuvien takaa","isPartOf":{"@id":"https:\/\/suomenkuvalehti.fi\/kuvien-takaa\/#website"},"datePublished":"2012-07-12T01:00:00+00:00","dateModified":"2013-11-30T14:24:24+00:00","author":{"@id":"https:\/\/suomenkuvalehti.fi\/kuvien-takaa\/#\/schema\/person\/f3f657e4ad409e008f12af27bec60a23"},"breadcrumb":{"@id":"https:\/\/suomenkuvalehti.fi\/kuvien-takaa\/500-miljoonan-verostaan-huolimatta-yle-sulkee-ovia-dokumenteilta\/#breadcrumb"},"inLanguage":"fi","potentialAction":[{"@type":"ReadAction","target":["https:\/\/suomenkuvalehti.fi\/kuvien-takaa\/500-miljoonan-verostaan-huolimatta-yle-sulkee-ovia-dokumenteilta\/"]}]},{"@type":"BreadcrumbList","@id":"https:\/\/suomenkuvalehti.fi\/kuvien-takaa\/500-miljoonan-verostaan-huolimatta-yle-sulkee-ovia-dokumenteilta\/#breadcrumb","itemListElement":[{"@type":"ListItem","position":1,"name":"Home","item":"https:\/\/suomenkuvalehti.fi\/kuvien-takaa\/"},{"@type":"ListItem","position":2,"name":"500 miljoonan verostaan huolimatta Yle sulkee ovia dokumenteilta"}]},{"@type":"WebSite","@id":"https:\/\/suomenkuvalehti.fi\/kuvien-takaa\/#website","url":"https:\/\/suomenkuvalehti.fi\/kuvien-takaa\/","name":"Kuvien takaa","description":"Elokuvakriitikko Kalle Kinnusen elokuvablogi.","potentialAction":[{"@type":"SearchAction","target":{"@type":"EntryPoint","urlTemplate":"https:\/\/suomenkuvalehti.fi\/haku\/?q={search_term_string}"},"query-input":{"@type":"PropertyValueSpecification","valueRequired":true,"valueName":"search_term_string"}}],"inLanguage":"fi"},{"@type":"Person","@id":"https:\/\/suomenkuvalehti.fi\/kuvien-takaa\/#\/schema\/person\/f3f657e4ad409e008f12af27bec60a23","name":"Kalle Kinnunen","image":{"@type":"ImageObject","inLanguage":"fi","@id":"https:\/\/suomenkuvalehti.fi\/kuvien-takaa\/#\/schema\/person\/image\/","url":"https:\/\/suomenkuvalehti.fi\/kuvien-takaa\/wp-content\/uploads\/sites\/11\/2022\/04\/kalle_kinnunen_blogi-1-150x150.jpg","contentUrl":"https:\/\/suomenkuvalehti.fi\/kuvien-takaa\/wp-content\/uploads\/sites\/11\/2022\/04\/kalle_kinnunen_blogi-1-150x150.jpg","caption":"Kalle Kinnunen"},"description":"Kalle Kinnunen on vapaa toimittaja ja Suomen Kuvalehden avustaja.","sameAs":["https:\/\/www.facebook.com\/pages\/Kalle-Kinnunen-Kuvien-takaa\/190326157715410?fref=ts","https:\/\/x.com\/https:\/\/twitter.com\/kallekinnunen"]}]}},"_links":{"self":[{"href":"https:\/\/suomenkuvalehti.fi\/kuvien-takaa\/wp-json\/wp\/v2\/posts\/419","targetHints":{"allow":["GET"]}}],"collection":[{"href":"https:\/\/suomenkuvalehti.fi\/kuvien-takaa\/wp-json\/wp\/v2\/posts"}],"about":[{"href":"https:\/\/suomenkuvalehti.fi\/kuvien-takaa\/wp-json\/wp\/v2\/types\/post"}],"author":[{"embeddable":true,"href":"https:\/\/suomenkuvalehti.fi\/kuvien-takaa\/wp-json\/wp\/v2\/users\/144"}],"replies":[{"embeddable":true,"href":"https:\/\/suomenkuvalehti.fi\/kuvien-takaa\/wp-json\/wp\/v2\/comments?post=419"}],"version-history":[{"count":1,"href":"https:\/\/suomenkuvalehti.fi\/kuvien-takaa\/wp-json\/wp\/v2\/posts\/419\/revisions"}],"predecessor-version":[{"id":1655,"href":"https:\/\/suomenkuvalehti.fi\/kuvien-takaa\/wp-json\/wp\/v2\/posts\/419\/revisions\/1655"}],"wp:attachment":[{"href":"https:\/\/suomenkuvalehti.fi\/kuvien-takaa\/wp-json\/wp\/v2\/media?parent=419"}],"wp:term":[{"taxonomy":"category","embeddable":true,"href":"https:\/\/suomenkuvalehti.fi\/kuvien-takaa\/wp-json\/wp\/v2\/categories?post=419"},{"taxonomy":"post_tag","embeddable":true,"href":"https:\/\/suomenkuvalehti.fi\/kuvien-takaa\/wp-json\/wp\/v2\/tags?post=419"}],"curies":[{"name":"wp","href":"https:\/\/api.w.org\/{rel}","templated":true}]}}