{"id":410,"date":"2012-07-18T06:31:00","date_gmt":"2012-07-18T03:31:00","guid":{"rendered":"https:\/\/suomenkuvalehti.fi\/kuvientakaa\/2012\/07\/18\/yon-ritarin-paluu-eliitin-supersankari-batman-nayttaa-miten-demokratiaa-vedetaan-turpaan\/"},"modified":"2013-11-30T16:24:24","modified_gmt":"2013-11-30T14:24:24","slug":"yon-ritarin-paluu-eliitin-supersankari-batman-nayttaa-miten-demokratiaa-vedetaan-turpaan","status":"publish","type":"post","link":"https:\/\/suomenkuvalehti.fi\/kuvien-takaa\/yon-ritarin-paluu-eliitin-supersankari-batman-nayttaa-miten-demokratiaa-vedetaan-turpaan\/","title":{"rendered":"Y\u00f6n ritarin paluu: eliitin supersankari Batman n\u00e4ytt\u00e4\u00e4, miten demokratiaa vedet\u00e4\u00e4n turpaan"},"content":{"rendered":"\n<p><strong>Christopher Nolanin<\/strong> Batman-trilogian synkk\u00e4 ja taitavasti tehty viimeinen osa suosittelee yhteiskuntaan rautakoura-hallintoa, koska ihmisiin ei kerta kaikkiaan voi luottaa.<\/p>\n\n\n\n\n<p>&#8221;Amerikka n\u00e4kee itsens\u00e4 Ter\u00e4smiehen\u00e4, mutta muun maailman silmin se on Lepakkomies&#8221;, <strong>Michael Caine<\/strong> sanoi edellisen Bat-elokuvan <em>Y\u00f6n ritarin<\/em> aikoihin.<\/p>\n\n\n\n<p>Cainen osuva oivallus &#8211; Ter\u00e4smiesh\u00e4n on supersankareista puhtoisin ja yli-inhimillisin, h\u00e4m\u00e4r\u00e4ss\u00e4 hiipiv\u00e4 Lepakkomies neuroottinen ja erakoitunut kostajaluonne &#8211; tuli nopeasti mieleen <em>Y\u00f6n ritarin paluuta<\/em> katsellessa. Kaikki on poliittista, supersankarielokuvatkin &#8211; ja etenkin n\u00e4m\u00e4 Nolanin spektaakkelit.<\/p>\n\n\n\n<p>Uuden lepakkoelokuvan maailmankuva paljastuu viel\u00e4 edelt\u00e4j\u00e4\u00e4 synkemm\u00e4ksi. Sen esitt\u00e4m\u00e4t ongelmat ja ratkaisukeinot vihjaavat l\u00e4hes fasistisesta asenteesta k\u00e4sikirjoituksen taustalla.<\/p>\n\n\n\n<p>Y\u00f6n ritarin paluussa Bruce Wayne (<strong>Christian Bale<\/strong>) palaa Batmaniksi, kun Bane-niminen terroristi uhkaa Gotham Citya. Kaupunki on entist\u00e4 selvemmin New York, vaikka nimi on eri.<\/p>\n\n\n\n<p>Ennen kuin kaupunki pelastuu, se romahtaa t\u00e4ysin. Banen perimm\u00e4inen tavoite on tappaa aivan kaikki, mutta sit\u00e4 ennen saada ihmiset tuntemaan tilanteensa toivottomaksi ja sys\u00e4ist\u00e4 yhteiskunta kaikki kaikkia vastaan -tason hulluuteen.<\/p>\n\n\n\n<p>En paljasta yksityiskohtia juonesta, mutta Bane onnistuu suuressa osassa tavoitteitaan.<\/p>\n\n\n\n<p>Y\u00f6n ritarin paluun p\u00e4\u00e4ajatukset ovat t\u00e4llaisia:<\/p>\n\n\n\n<p>Massat ovat vaarallisia. Roskav\u00e4ki saattaa ottaa vallan milloin tahansa.<\/p>\n\n\n\n<p>Pahuus pysyy kurissa, jos kansalle valehdellaan sopivasti. Siihen tarvitaan myyttej\u00e4, marttyyrien palvontaa ja vahva johtaja.<\/p>\n\n\n\n<p>Ilman vahvaa johtajaa sorrutaan anarkiaan. Vahvat johtajat saavat tehd\u00e4 likaisia temppuja, jotta ep\u00e4luotettava kansa ei tartu agitaattorien koukkuihin.<\/p>\n\n\n\n<p>Y\u00f6n ritari oli moraliteetti, jossa oli allegoriaa WTC-iskuihin ja terrorismin vastaiseen sotaan. Psykopaatti Jokeri (<strong>Heath Ledger<\/strong>) my\u00f6s kyseenalaisti demokratian pakottamalla tavallisia ihmisi\u00e4 \u00e4\u00e4nest\u00e4m\u00e4\u00e4n omasta henkiinj\u00e4\u00e4misest\u00e4\u00e4n toisten kustannuksella. Erityisen hyv\u00e4n yksil\u00f6n moraalinen ratkaisu pelasti ne tilanteet: joukkoihin ei voinut luottaa, p\u00e4invastoin.<\/p>\n\n\n\n<p>Y\u00f6n ritarin paluu menee pidemm\u00e4lle, vallankumoukseen asti, ja toisaalta siin\u00e4 on yh\u00e4 enemm\u00e4n viittauksia t\u00e4h\u00e4n aikaan ja Yhdysvaltojen todellisuuteen. Occupy -kansalaisliike rinnastuu Banen aikaansaaman rappio-Gothamin surrealistiseen &#8221;oikeuslaitokseen&#8221;, joka jakaa automaattisia kuolemantuomioita esimerkiksi poliiseille ja rikkaille. Toden kertominen puolestaan pilaa Bruce Waynen ja Cainen n\u00e4yttelem\u00e4n Alfred-hovimestarin elinik\u00e4isen yst\u00e4vyyssuhteen.<\/p>\n\n\n\n<p>Banen ja er\u00e4iden muiden roistohahmojen pahuus perustellaan sill\u00e4, ett\u00e4 he ovat olosuhteiden uhreja. Se, ettei pahuus ole my\u00f6t\u00e4syntyist\u00e4 ei kuitenkaan tee elokuvaa ainakaan yht\u00e4\u00e4n arvoliberaalimmaksi. Pahat ovat absoluuttisen pahoja, mielisairaita pyrkimyksen\u00e4\u00e4n aiheuttaa mahdollisimman paljon k\u00e4rsimyst\u00e4 niin monille kuin mahdollista. (T\u00e4m\u00e4n lis\u00e4ksi on my\u00f6s korruptoituneita typeryksi\u00e4, jotka aina paljastuvat ennen kaikkea pelkureiksi.)<\/p>\n\n\n\n<p>Banen k\u00e4tyrit ovat itsemurhaan suostuvia fanaatikkoja. T\u00e4t\u00e4 seikkaa ei edes avata. Viittaus islamilaiseen terroriin on kuitenkin selv\u00e4.<\/p>\n\n\n\n<p><a href=\"https:\/\/suomenkuvalehti.fi\/kuvientakaa\/2008\/07\/14\/uusi-batman-on-vakava-ja-vakivaltainen-rikoseepos\/\">Pidin Y\u00f6n ritarista<\/a>. Jotkut pitiv\u00e4t siit\u00e4 <a href=\"http:\/\/blogs.suntimes.com\/scanners\/2008\/12\/critics_better_love_the_dark_k.html\">fanaattisesti<\/a>. L\u00e4hes kolmituntinen Y\u00f6n ritarin paluu ei ole elokuvana samaa tasoa, vaan r\u00f6nsyilee liikaa ilman, ett\u00e4 mik\u00e4\u00e4n osa-alue puhkeaisi kukkaan. Insin\u00f6\u00f6rihenkisesti &#8211; teknisesti moitteettomasti ja spontaaniudelle mahdollisimman v\u00e4h\u00e4n marginaalia j\u00e4tt\u00e4v\u00e4sti &#8211; ohjaava Nolan on my\u00f6s viel\u00e4 tosikkomaisempi kuin viimeksi.<\/p>\n\n\n\n<p>Iso ongelma on pahuuden luonteessa. <strong>Heath Ledgerin<\/strong> unohtumaton Jokeri oli monis\u00e4ikeinen ongelmakimppu, fantastisen hullu nero. <strong>Tom Hardyn<\/strong> sin\u00e4ns\u00e4 eritt\u00e4in hienosti n\u00e4yttelem\u00e4, hengityslaitteen taa naamioitunut Bane ei vain ole yht\u00e4 j\u00e4nnitt\u00e4v\u00e4 hahmo &#8211; tai oikeastaan h\u00e4nest\u00e4 ei oteta kaikkea irti.<\/p>\n\n\n\n<p>Siksi Y\u00f6n ritari ei ole koskaan j\u00e4nnitt\u00e4v\u00e4, korkeintaan tyydytt\u00e4v\u00e4sti viihdytt\u00e4v\u00e4. J\u00e4\u00e4 aikaa ihmetell\u00e4 sen ilottomuutta ja ajatusmaailmaa. Elokuvassa on enemm\u00e4n vakavia ideoita kun puolessatusinassa keskiverrossa Hollywood-leffassa, mutta sis\u00e4lt\u00f6 on masentavaa.<\/p>\n\n\n\n<p>Y\u00f6n ritari oli pessimismiss\u00e4\u00e4n <a href=\"http:\/\/movies.nytimes.com\/2008\/07\/18\/movies\/18knig.html?pagewanted=all\">&#8221;post-sankarillinen&#8221;<\/a>, kirjoitti New York Timesin <strong>Manohla Dargis<\/strong>. Elokuva k\u00e4sitteli usellakin tavalla tekopyhyytt\u00e4. Yht\u00e4 pessimistisen Y\u00f6n ritarin paluun maailmassa tekopyhyyden yleisyys suoraan perustelee voimank\u00e4ytt\u00f6\u00e4 ja harvainvaltaa.<\/p>\n\n\n\n<p>En kerro mit\u00e4 lopussa tapahtuu, mutta mik\u00e4li kyseess\u00e4 ei olisi tuottoisa, varmasti jonkun muun kuin Nolanin ohjaksissa jatkuva elokuvasarja, reaktion\u00e4\u00e4risen tarinan looginen loppuratkaisu olisi julistaa sankari presidentiksi ja tehd\u00e4 maasta kansalaisten t\u00e4ytt\u00e4 kuuliaisuutta edellytt\u00e4v\u00e4 poliisivaltio. Se on olotila, jossa Y\u00f6n ritarin paluun esitt\u00e4milt\u00e4 kauhukuvilta v\u00e4ltytt\u00e4isiin.<\/p>\n\n\n\n<p>P\u00e4iv\u00e4n sulattelun j\u00e4lkeinen vaikutelma: melko inhottava elokuva.<\/p>\n\n\n","protected":false},"excerpt":{"rendered":"<p>Christopher Nolanin Batman-trilogian synkk\u00e4 ja taitavasti tehty viimeinen osa suosittelee yhteiskuntaan rautakoura-hallintoa, koska ihmisiin ei kerta kaikkiaan voi luottaa. &#8221;Amerikka n\u00e4kee itsens\u00e4 Ter\u00e4smiehen\u00e4, mutta muun<br \/>\nmaai&hellip;<\/p>\n","protected":false},"author":144,"featured_media":0,"comment_status":"open","ping_status":"open","sticky":false,"template":"","format":"standard","meta":{"_acf_changed":false,"asauth_required_access_level":0,"asauth_cansharepaid":"","om_header_attributes":[],"footnotes":"","om_featured_image_focal_point":[],"om_primary_tag":0,"om_contributors":[],"om_co_authors":[],"beyondwords_generate_audio":"","beyondwords_project_id":"","beyondwords_content_id":"","beyondwords_preview_token":"","beyondwords_player_content":"","beyondwords_player_style":"","beyondwords_language_code":"","beyondwords_language_id":"","beyondwords_title_voice_id":"","beyondwords_body_voice_id":"","beyondwords_summary_voice_id":"","beyondwords_error_message":"","beyondwords_disabled":"","beyondwords_delete_content":"","beyondwords_podcast_id":"","beyondwords_hash":"","publish_post_to_speechkit":"","speechkit_hash":"","speechkit_generate_audio":"","speechkit_project_id":"","speechkit_podcast_id":"","speechkit_error_message":"","speechkit_disabled":"","speechkit_access_key":"","speechkit_error":"","speechkit_info":"","speechkit_response":"","speechkit_retries":"","speechkit_status":"","speechkit_updated_at":"","_speechkit_link":"","_speechkit_text":""},"categories":[1],"tags":[101,615,175,616,617,614,595],"class_list":["post-410","post","type-post","status-publish","format-standard","hentry","category-kuvien-takaa","tag-batman","tag-christopher-nolan","tag-hollywood","tag-poliittinen-taide","tag-terrorismin-vastainen-sota","tag-yon-ritari","tag-yon-ritarin-paluu"],"om_views":null,"acf":{"tuuma_off":false,"tuuma_kysymys":"","tuuma_vastaus":""},"asauth":{"required_access_level":1,"share_token":"","is_paid":false},"yoast_head":"<!-- This site is optimized with the Yoast SEO plugin v26.4 - https:\/\/yoast.com\/wordpress\/plugins\/seo\/ -->\n<title>Y\u00f6n ritarin paluu: eliitin supersankari Batman n\u00e4ytt\u00e4\u00e4, miten demokratiaa vedet\u00e4\u00e4n turpaan - Kuvien takaa<\/title>\n<meta name=\"robots\" content=\"index, follow, max-snippet:-1, max-image-preview:large, max-video-preview:-1\" \/>\n<link rel=\"canonical\" href=\"https:\/\/suomenkuvalehti.fi\/kuvien-takaa\/yon-ritarin-paluu-eliitin-supersankari-batman-nayttaa-miten-demokratiaa-vedetaan-turpaan\/\" \/>\n<meta property=\"og:locale\" content=\"fi_FI\" \/>\n<meta property=\"og:type\" content=\"article\" \/>\n<meta property=\"og:title\" content=\"Y\u00f6n ritarin paluu: eliitin supersankari Batman n\u00e4ytt\u00e4\u00e4, miten demokratiaa vedet\u00e4\u00e4n turpaan - Kuvien takaa\" \/>\n<meta property=\"og:description\" content=\"Christopher Nolanin Batman-trilogian synkk\u00e4 ja taitavasti tehty viimeinen osa suosittelee yhteiskuntaan rautakoura-hallintoa, koska ihmisiin ei kerta kaikkiaan voi luottaa. &#8221;Amerikka n\u00e4kee itsens\u00e4 Ter\u00e4smiehen\u00e4, mutta muun maai&hellip;\" \/>\n<meta property=\"og:url\" content=\"https:\/\/suomenkuvalehti.fi\/kuvien-takaa\/yon-ritarin-paluu-eliitin-supersankari-batman-nayttaa-miten-demokratiaa-vedetaan-turpaan\/\" \/>\n<meta property=\"og:site_name\" content=\"Kuvien takaa\" \/>\n<meta property=\"article:author\" content=\"https:\/\/www.facebook.com\/pages\/Kalle-Kinnunen-Kuvien-takaa\/190326157715410?fref=ts\" \/>\n<meta property=\"article:published_time\" content=\"2012-07-18T03:31:00+00:00\" \/>\n<meta property=\"article:modified_time\" content=\"2013-11-30T14:24:24+00:00\" \/>\n<meta property=\"og:image\" content=\"https:\/\/suomenkuvalehti.fi\/kuvien-takaa\/wp-content\/uploads\/sites\/11\/2022\/04\/kalle_kinnunen_blogi-1-scaled.jpg\" \/>\n\t<meta property=\"og:image:width\" content=\"2560\" \/>\n\t<meta property=\"og:image:height\" content=\"1707\" \/>\n\t<meta property=\"og:image:type\" content=\"image\/jpeg\" \/>\n<meta name=\"author\" content=\"Kalle Kinnunen\" \/>\n<meta name=\"twitter:card\" content=\"summary_large_image\" \/>\n<meta name=\"twitter:creator\" content=\"@https:\/\/twitter.com\/kallekinnunen\" \/>\n<meta name=\"twitter:label1\" content=\"Written by\" \/>\n\t<meta name=\"twitter:data1\" content=\"Kalle Kinnunen\" \/>\n\t<meta name=\"twitter:label2\" content=\"Est. reading time\" \/>\n\t<meta name=\"twitter:data2\" content=\"3 minuuttia\" \/>\n<script type=\"application\/ld+json\" class=\"yoast-schema-graph\">{\"@context\":\"https:\/\/schema.org\",\"@graph\":[{\"@type\":\"WebPage\",\"@id\":\"https:\/\/suomenkuvalehti.fi\/kuvien-takaa\/yon-ritarin-paluu-eliitin-supersankari-batman-nayttaa-miten-demokratiaa-vedetaan-turpaan\/\",\"url\":\"https:\/\/suomenkuvalehti.fi\/kuvien-takaa\/yon-ritarin-paluu-eliitin-supersankari-batman-nayttaa-miten-demokratiaa-vedetaan-turpaan\/\",\"name\":\"Y\u00f6n ritarin paluu: eliitin supersankari Batman n\u00e4ytt\u00e4\u00e4, miten demokratiaa vedet\u00e4\u00e4n turpaan - Kuvien takaa\",\"isPartOf\":{\"@id\":\"https:\/\/suomenkuvalehti.fi\/kuvien-takaa\/#website\"},\"datePublished\":\"2012-07-18T03:31:00+00:00\",\"dateModified\":\"2013-11-30T14:24:24+00:00\",\"author\":{\"@id\":\"https:\/\/suomenkuvalehti.fi\/kuvien-takaa\/#\/schema\/person\/f3f657e4ad409e008f12af27bec60a23\"},\"breadcrumb\":{\"@id\":\"https:\/\/suomenkuvalehti.fi\/kuvien-takaa\/yon-ritarin-paluu-eliitin-supersankari-batman-nayttaa-miten-demokratiaa-vedetaan-turpaan\/#breadcrumb\"},\"inLanguage\":\"fi\",\"potentialAction\":[{\"@type\":\"ReadAction\",\"target\":[\"https:\/\/suomenkuvalehti.fi\/kuvien-takaa\/yon-ritarin-paluu-eliitin-supersankari-batman-nayttaa-miten-demokratiaa-vedetaan-turpaan\/\"]}]},{\"@type\":\"BreadcrumbList\",\"@id\":\"https:\/\/suomenkuvalehti.fi\/kuvien-takaa\/yon-ritarin-paluu-eliitin-supersankari-batman-nayttaa-miten-demokratiaa-vedetaan-turpaan\/#breadcrumb\",\"itemListElement\":[{\"@type\":\"ListItem\",\"position\":1,\"name\":\"Home\",\"item\":\"https:\/\/suomenkuvalehti.fi\/kuvien-takaa\/\"},{\"@type\":\"ListItem\",\"position\":2,\"name\":\"Y\u00f6n ritarin paluu: eliitin supersankari Batman n\u00e4ytt\u00e4\u00e4, miten demokratiaa vedet\u00e4\u00e4n turpaan\"}]},{\"@type\":\"WebSite\",\"@id\":\"https:\/\/suomenkuvalehti.fi\/kuvien-takaa\/#website\",\"url\":\"https:\/\/suomenkuvalehti.fi\/kuvien-takaa\/\",\"name\":\"Kuvien takaa\",\"description\":\"Elokuvakriitikko Kalle Kinnusen elokuvablogi.\",\"potentialAction\":[{\"@type\":\"SearchAction\",\"target\":{\"@type\":\"EntryPoint\",\"urlTemplate\":\"https:\/\/suomenkuvalehti.fi\/haku\/?q={search_term_string}\"},\"query-input\":{\"@type\":\"PropertyValueSpecification\",\"valueRequired\":true,\"valueName\":\"search_term_string\"}}],\"inLanguage\":\"fi\"},{\"@type\":\"Person\",\"@id\":\"https:\/\/suomenkuvalehti.fi\/kuvien-takaa\/#\/schema\/person\/f3f657e4ad409e008f12af27bec60a23\",\"name\":\"Kalle Kinnunen\",\"image\":{\"@type\":\"ImageObject\",\"inLanguage\":\"fi\",\"@id\":\"https:\/\/suomenkuvalehti.fi\/kuvien-takaa\/#\/schema\/person\/image\/\",\"url\":\"https:\/\/suomenkuvalehti.fi\/kuvien-takaa\/wp-content\/uploads\/sites\/11\/2022\/04\/kalle_kinnunen_blogi-1-150x150.jpg\",\"contentUrl\":\"https:\/\/suomenkuvalehti.fi\/kuvien-takaa\/wp-content\/uploads\/sites\/11\/2022\/04\/kalle_kinnunen_blogi-1-150x150.jpg\",\"caption\":\"Kalle Kinnunen\"},\"description\":\"Kalle Kinnunen on vapaa toimittaja ja Suomen Kuvalehden avustaja.\",\"sameAs\":[\"https:\/\/www.facebook.com\/pages\/Kalle-Kinnunen-Kuvien-takaa\/190326157715410?fref=ts\",\"https:\/\/x.com\/https:\/\/twitter.com\/kallekinnunen\"]}]}<\/script>\n<!-- \/ Yoast SEO plugin. -->","yoast_head_json":{"title":"Y\u00f6n ritarin paluu: eliitin supersankari Batman n\u00e4ytt\u00e4\u00e4, miten demokratiaa vedet\u00e4\u00e4n turpaan - Kuvien takaa","robots":{"index":"index","follow":"follow","max-snippet":"max-snippet:-1","max-image-preview":"max-image-preview:large","max-video-preview":"max-video-preview:-1"},"canonical":"https:\/\/suomenkuvalehti.fi\/kuvien-takaa\/yon-ritarin-paluu-eliitin-supersankari-batman-nayttaa-miten-demokratiaa-vedetaan-turpaan\/","og_locale":"fi_FI","og_type":"article","og_title":"Y\u00f6n ritarin paluu: eliitin supersankari Batman n\u00e4ytt\u00e4\u00e4, miten demokratiaa vedet\u00e4\u00e4n turpaan - Kuvien takaa","og_description":"Christopher Nolanin Batman-trilogian synkk\u00e4 ja taitavasti tehty viimeinen osa suosittelee yhteiskuntaan rautakoura-hallintoa, koska ihmisiin ei kerta kaikkiaan voi luottaa. &#8221;Amerikka n\u00e4kee itsens\u00e4 Ter\u00e4smiehen\u00e4, mutta muun maai&hellip;","og_url":"https:\/\/suomenkuvalehti.fi\/kuvien-takaa\/yon-ritarin-paluu-eliitin-supersankari-batman-nayttaa-miten-demokratiaa-vedetaan-turpaan\/","og_site_name":"Kuvien takaa","article_author":"https:\/\/www.facebook.com\/pages\/Kalle-Kinnunen-Kuvien-takaa\/190326157715410?fref=ts","article_published_time":"2012-07-18T03:31:00+00:00","article_modified_time":"2013-11-30T14:24:24+00:00","og_image":[{"width":2560,"height":1707,"url":"https:\/\/suomenkuvalehti.fi\/kuvien-takaa\/wp-content\/uploads\/sites\/11\/2022\/04\/kalle_kinnunen_blogi-1-scaled.jpg","type":"image\/jpeg"}],"author":"Kalle Kinnunen","twitter_card":"summary_large_image","twitter_creator":"@https:\/\/twitter.com\/kallekinnunen","twitter_misc":{"Written by":"Kalle Kinnunen","Est. reading time":"3 minuuttia"},"schema":{"@context":"https:\/\/schema.org","@graph":[{"@type":"WebPage","@id":"https:\/\/suomenkuvalehti.fi\/kuvien-takaa\/yon-ritarin-paluu-eliitin-supersankari-batman-nayttaa-miten-demokratiaa-vedetaan-turpaan\/","url":"https:\/\/suomenkuvalehti.fi\/kuvien-takaa\/yon-ritarin-paluu-eliitin-supersankari-batman-nayttaa-miten-demokratiaa-vedetaan-turpaan\/","name":"Y\u00f6n ritarin paluu: eliitin supersankari Batman n\u00e4ytt\u00e4\u00e4, miten demokratiaa vedet\u00e4\u00e4n turpaan - Kuvien takaa","isPartOf":{"@id":"https:\/\/suomenkuvalehti.fi\/kuvien-takaa\/#website"},"datePublished":"2012-07-18T03:31:00+00:00","dateModified":"2013-11-30T14:24:24+00:00","author":{"@id":"https:\/\/suomenkuvalehti.fi\/kuvien-takaa\/#\/schema\/person\/f3f657e4ad409e008f12af27bec60a23"},"breadcrumb":{"@id":"https:\/\/suomenkuvalehti.fi\/kuvien-takaa\/yon-ritarin-paluu-eliitin-supersankari-batman-nayttaa-miten-demokratiaa-vedetaan-turpaan\/#breadcrumb"},"inLanguage":"fi","potentialAction":[{"@type":"ReadAction","target":["https:\/\/suomenkuvalehti.fi\/kuvien-takaa\/yon-ritarin-paluu-eliitin-supersankari-batman-nayttaa-miten-demokratiaa-vedetaan-turpaan\/"]}]},{"@type":"BreadcrumbList","@id":"https:\/\/suomenkuvalehti.fi\/kuvien-takaa\/yon-ritarin-paluu-eliitin-supersankari-batman-nayttaa-miten-demokratiaa-vedetaan-turpaan\/#breadcrumb","itemListElement":[{"@type":"ListItem","position":1,"name":"Home","item":"https:\/\/suomenkuvalehti.fi\/kuvien-takaa\/"},{"@type":"ListItem","position":2,"name":"Y\u00f6n ritarin paluu: eliitin supersankari Batman n\u00e4ytt\u00e4\u00e4, miten demokratiaa vedet\u00e4\u00e4n turpaan"}]},{"@type":"WebSite","@id":"https:\/\/suomenkuvalehti.fi\/kuvien-takaa\/#website","url":"https:\/\/suomenkuvalehti.fi\/kuvien-takaa\/","name":"Kuvien takaa","description":"Elokuvakriitikko Kalle Kinnusen elokuvablogi.","potentialAction":[{"@type":"SearchAction","target":{"@type":"EntryPoint","urlTemplate":"https:\/\/suomenkuvalehti.fi\/haku\/?q={search_term_string}"},"query-input":{"@type":"PropertyValueSpecification","valueRequired":true,"valueName":"search_term_string"}}],"inLanguage":"fi"},{"@type":"Person","@id":"https:\/\/suomenkuvalehti.fi\/kuvien-takaa\/#\/schema\/person\/f3f657e4ad409e008f12af27bec60a23","name":"Kalle Kinnunen","image":{"@type":"ImageObject","inLanguage":"fi","@id":"https:\/\/suomenkuvalehti.fi\/kuvien-takaa\/#\/schema\/person\/image\/","url":"https:\/\/suomenkuvalehti.fi\/kuvien-takaa\/wp-content\/uploads\/sites\/11\/2022\/04\/kalle_kinnunen_blogi-1-150x150.jpg","contentUrl":"https:\/\/suomenkuvalehti.fi\/kuvien-takaa\/wp-content\/uploads\/sites\/11\/2022\/04\/kalle_kinnunen_blogi-1-150x150.jpg","caption":"Kalle Kinnunen"},"description":"Kalle Kinnunen on vapaa toimittaja ja Suomen Kuvalehden avustaja.","sameAs":["https:\/\/www.facebook.com\/pages\/Kalle-Kinnunen-Kuvien-takaa\/190326157715410?fref=ts","https:\/\/x.com\/https:\/\/twitter.com\/kallekinnunen"]}]}},"_links":{"self":[{"href":"https:\/\/suomenkuvalehti.fi\/kuvien-takaa\/wp-json\/wp\/v2\/posts\/410","targetHints":{"allow":["GET"]}}],"collection":[{"href":"https:\/\/suomenkuvalehti.fi\/kuvien-takaa\/wp-json\/wp\/v2\/posts"}],"about":[{"href":"https:\/\/suomenkuvalehti.fi\/kuvien-takaa\/wp-json\/wp\/v2\/types\/post"}],"author":[{"embeddable":true,"href":"https:\/\/suomenkuvalehti.fi\/kuvien-takaa\/wp-json\/wp\/v2\/users\/144"}],"replies":[{"embeddable":true,"href":"https:\/\/suomenkuvalehti.fi\/kuvien-takaa\/wp-json\/wp\/v2\/comments?post=410"}],"version-history":[{"count":1,"href":"https:\/\/suomenkuvalehti.fi\/kuvien-takaa\/wp-json\/wp\/v2\/posts\/410\/revisions"}],"predecessor-version":[{"id":1248,"href":"https:\/\/suomenkuvalehti.fi\/kuvien-takaa\/wp-json\/wp\/v2\/posts\/410\/revisions\/1248"}],"wp:attachment":[{"href":"https:\/\/suomenkuvalehti.fi\/kuvien-takaa\/wp-json\/wp\/v2\/media?parent=410"}],"wp:term":[{"taxonomy":"category","embeddable":true,"href":"https:\/\/suomenkuvalehti.fi\/kuvien-takaa\/wp-json\/wp\/v2\/categories?post=410"},{"taxonomy":"post_tag","embeddable":true,"href":"https:\/\/suomenkuvalehti.fi\/kuvien-takaa\/wp-json\/wp\/v2\/tags?post=410"}],"curies":[{"name":"wp","href":"https:\/\/api.w.org\/{rel}","templated":true}]}}