{"id":409,"date":"2012-07-22T10:01:01","date_gmt":"2012-07-22T07:01:01","guid":{"rendered":"https:\/\/suomenkuvalehti.fi\/kuvientakaa\/2012\/07\/22\/yon-ritarin-paluu-sopiiko-vakivaltainen-elokuva-9-vuotiaille\/"},"modified":"2013-11-30T16:24:24","modified_gmt":"2013-11-30T14:24:24","slug":"yon-ritarin-paluu-sopiiko-vakivaltainen-elokuva-9-vuotiaille","status":"publish","type":"post","link":"https:\/\/suomenkuvalehti.fi\/kuvien-takaa\/yon-ritarin-paluu-sopiiko-vakivaltainen-elokuva-9-vuotiaille\/","title":{"rendered":"Y\u00f6n ritarin paluu: sopiiko v\u00e4kivaltainen elokuva 9-vuotiaille"},"content":{"rendered":"\n<p>Suomessa tuli viime vuodenvaihteessa voimaan uusi laki kuvaohjelmien ik\u00e4rajoista. Nyt elokuvan ik\u00e4raja on K-7, K-12, K-16 tai K-18. Lukuunottamatta korkeinta K-18-ik\u00e4rajaa on joka luokassa kolmen vuoden jousto, mik\u00e4li katsominen tapahtuu huoltajan seurassa. Ik\u00e4rajan p\u00e4\u00e4tt\u00e4\u00e4 koulutuksen saanut luokittelija, joka voi olla levitysyhti\u00f6n ty\u00f6ntekij\u00e4. Uuden Batman-seikkailun <em>Y\u00f6n ritarin paluu<\/em> ik\u00e4raja on K-12, eli yhdeks\u00e4nvuotiaat voivat vanhempien kanssa katsoa elokuvan, jossa kymmeni\u00e4 ihmisi\u00e4 ammutaan hengilt\u00e4, satoja kuolee terrori-iskuissa ja poliisien ruumiita ripustetaan naruihin roikkumaan.<\/p>\n\n\n\n\n<p>Kun on kyse sarjakuvaan perustuvasta elokuvasta, moni potentiaalinen katsoja on tietenkin melko nuori. Siksi levitysyhti\u00f6ll\u00e4 on &#8211; loogisesti &#8211; toive saada elokuvalle mahdollisimman alhainen ik\u00e4raja.<\/p>\n\n\n\n<p>Y\u00f6n ritarin paluussa ei ole yksitt\u00e4ist\u00e4 yht\u00e4 rajua kohtausta kuin <em>Y\u00f6n ritarissa<\/em>, jossa <strong>Heath Ledgerin<\/strong> n\u00e4yttelem\u00e4 Jokeri surmaa gangsterin ly\u00f6m\u00e4ll\u00e4 kyn\u00e4n silm\u00e4kuoppaan.<\/p>\n\n\n\n<p>Silti uusi Bat-elokuva on synkk\u00e4 ja v\u00e4kivaltainen, my\u00f6s graafisesti. Ihmisi\u00e4 muun muassa marssitetaan varmaan hukkumiskuolemaan ja tyylitelty\u00e4 p\u00e4\u00e4h\u00e4n potkimista n\u00e4hd\u00e4\u00e4n useassa kohtauksessa. V\u00e4kivallan osalta <a href=\"http:\/\/fi.wikipedia.org\/wiki\/Kuvaohjelmien_ik%C3%A4rajat_Suomessa\">Mekun ohjeet<\/a> ovat selke\u00e4t, mutta ahdistavuus on hankalammin m\u00e4\u00e4ritelt\u00e4viss\u00e4.<\/p>\n\n\n\n<p>Uuden lain piti siirt\u00e4\u00e4 <a href=\"https:\/\/suomenkuvalehti.fi\/jutut\/kotimaa\/ikuisuuskysymys-kenen-pitaisi-valvoa-lasten-katselutottumuksia\">vastuu media-alalle itselleen<\/a>.<\/p>\n\n\n\n<p>Suurin vastuu on lopulta vanhemmilla. Pit\u00e4isin ilmiselv\u00e4n\u00e4, ett\u00e4 vain harva 9-vuotias on valmis katsomaan tehokkaan ja kolkon leffan kaikki pelottavat kohtaukset, vaikka elokuvateatterissa olisi seurana aikuinen.<\/p>\n\n\n\n<p>Ongelma on <a href=\"https:\/\/suomenkuvalehti.fi\/kuvientakaa\/2011\/04\/04\/elokuvatarkastamo-jaa-historiaan-uudet-ikarajat-tietavat-ongelmia\/\">ongelmalliseksi etuk\u00e4teen arvattu laki<\/a>.<\/p>\n\n\n\n<p>K-12- ja K-16-ik\u00e4rajojen v\u00e4liin j\u00e4\u00e4v\u00e4 nelj\u00e4n vuoden rako on liian leve\u00e4.<\/p>\n\n\n\n<p>Y\u00f6n ritari tuli levitykseen edellisen lain aikana, kes\u00e4ll\u00e4 2008. Sen ik\u00e4raja oli K-13. Tuolloin jousto vanhempien kanssa katsottaessa oli kaksi vuotta, eli elokuvaa p\u00e4\u00e4siv\u00e4t katsomaan 11-vuotiaat ja sit\u00e4 vanhemmat.<\/p>\n\n\n\n<p>Se oli j\u00e4ttihitti. (Katsojia kertyi 300 000. Supersankarisarjakuviin perustuvista uuden polven elokuvista ainoastaan 10 vuoden takainen <em>Spider-Man<\/em> on p\u00e4\u00e4ssyt samoihin lukemiin..)<\/p>\n\n\n\n<p>Jos Y\u00f6n ritarin paluu olisi saanut K-16-ik\u00e4rajan, sit\u00e4 olisivat p\u00e4\u00e4sseet katsomaan 13-vuotiaat ja sit\u00e4 vanhemmat. Se taas olisi hieman turhan korkea raja.<\/p>\n\n\n\n<p>Mutta ei t\u00e4m\u00e4 elokuva sovi useimmille 9-vuotiaille.<\/p>\n\n\n\n<p><em>Lis\u00e4\u00e4 Y\u00f6n ritarin paluusta: <a href=\"https:\/\/suomenkuvalehti.fi\/kuvientakaa\/2012\/07\/18\/yon-ritarin-paluu-eliitin-supersankari-batman-nayttaa-miten-demokratiaa-vedetaan-turpaan\/\">Eliitin supersankari Batman n\u00e4ytt\u00e4\u00e4, miten demokratiaa vedet\u00e4\u00e4n turpaan<\/a><\/em><\/p>\n\n\n","protected":false},"excerpt":{"rendered":"<p>Suomessa tuli viime vuodenvaihteessa voimaan uusi laki kuvaohjelmien ik\u00e4rajoista. Nyt elokuvan ik\u00e4raja on K-7, K-12, K-16 tai K-18. Lukuunottamatta korkeinta K-18-ik\u00e4rajaa on joka luokassa kolmen vuoden jousto, mik\u00e4li katsominen tapahtuu huoltajan seurassa.<br \/>\nIk\u00e4&hellip;<\/p>\n","protected":false},"author":144,"featured_media":0,"comment_status":"open","ping_status":"open","sticky":false,"template":"","format":"standard","meta":{"_acf_changed":false,"asauth_required_access_level":0,"asauth_cansharepaid":"","om_header_attributes":[],"footnotes":"","om_featured_image_focal_point":[],"om_primary_tag":0,"om_contributors":[],"om_co_authors":[],"beyondwords_generate_audio":"","beyondwords_project_id":"","beyondwords_content_id":"","beyondwords_preview_token":"","beyondwords_player_content":"","beyondwords_player_style":"","beyondwords_language_code":"","beyondwords_language_id":"","beyondwords_title_voice_id":"","beyondwords_body_voice_id":"","beyondwords_summary_voice_id":"","beyondwords_error_message":"","beyondwords_disabled":"","beyondwords_delete_content":"","beyondwords_podcast_id":"","beyondwords_hash":"","publish_post_to_speechkit":"","speechkit_hash":"","speechkit_generate_audio":"","speechkit_project_id":"","speechkit_podcast_id":"","speechkit_error_message":"","speechkit_disabled":"","speechkit_access_key":"","speechkit_error":"","speechkit_info":"","speechkit_response":"","speechkit_retries":"","speechkit_status":"","speechkit_updated_at":"","_speechkit_link":"","_speechkit_text":""},"categories":[1],"tags":[597,14,595],"class_list":["post-409","post","type-post","status-publish","format-standard","hentry","category-kuvien-takaa","tag-elokuvavakivalta","tag-ikarajat","tag-yon-ritarin-paluu"],"om_views":null,"acf":{"tuuma_off":false,"tuuma_kysymys":"","tuuma_vastaus":""},"asauth":{"required_access_level":1,"share_token":"","is_paid":false},"yoast_head":"<!-- This site is optimized with the Yoast SEO plugin v26.4 - https:\/\/yoast.com\/wordpress\/plugins\/seo\/ -->\n<title>Y\u00f6n ritarin paluu: sopiiko v\u00e4kivaltainen elokuva 9-vuotiaille - Kuvien takaa<\/title>\n<meta name=\"robots\" content=\"index, follow, max-snippet:-1, max-image-preview:large, max-video-preview:-1\" \/>\n<link rel=\"canonical\" href=\"https:\/\/suomenkuvalehti.fi\/kuvien-takaa\/yon-ritarin-paluu-sopiiko-vakivaltainen-elokuva-9-vuotiaille\/\" \/>\n<meta property=\"og:locale\" content=\"fi_FI\" \/>\n<meta property=\"og:type\" content=\"article\" \/>\n<meta property=\"og:title\" content=\"Y\u00f6n ritarin paluu: sopiiko v\u00e4kivaltainen elokuva 9-vuotiaille - Kuvien takaa\" \/>\n<meta property=\"og:description\" content=\"Suomessa tuli viime vuodenvaihteessa voimaan uusi laki kuvaohjelmien ik\u00e4rajoista. Nyt elokuvan ik\u00e4raja on K-7, K-12, K-16 tai K-18. Lukuunottamatta korkeinta K-18-ik\u00e4rajaa on joka luokassa kolmen vuoden jousto, mik\u00e4li katsominen tapahtuu huoltajan seurassa. Ik\u00e4&hellip;\" \/>\n<meta property=\"og:url\" content=\"https:\/\/suomenkuvalehti.fi\/kuvien-takaa\/yon-ritarin-paluu-sopiiko-vakivaltainen-elokuva-9-vuotiaille\/\" \/>\n<meta property=\"og:site_name\" content=\"Kuvien takaa\" \/>\n<meta property=\"article:author\" content=\"https:\/\/www.facebook.com\/pages\/Kalle-Kinnunen-Kuvien-takaa\/190326157715410?fref=ts\" \/>\n<meta property=\"article:published_time\" content=\"2012-07-22T07:01:01+00:00\" \/>\n<meta property=\"article:modified_time\" content=\"2013-11-30T14:24:24+00:00\" \/>\n<meta property=\"og:image\" content=\"https:\/\/suomenkuvalehti.fi\/kuvien-takaa\/wp-content\/uploads\/sites\/11\/2022\/04\/kalle_kinnunen_blogi-1-scaled.jpg\" \/>\n\t<meta property=\"og:image:width\" content=\"2560\" \/>\n\t<meta property=\"og:image:height\" content=\"1707\" \/>\n\t<meta property=\"og:image:type\" content=\"image\/jpeg\" \/>\n<meta name=\"author\" content=\"Kalle Kinnunen\" \/>\n<meta name=\"twitter:card\" content=\"summary_large_image\" \/>\n<meta name=\"twitter:creator\" content=\"@https:\/\/twitter.com\/kallekinnunen\" \/>\n<meta name=\"twitter:label1\" content=\"Written by\" \/>\n\t<meta name=\"twitter:data1\" content=\"Kalle Kinnunen\" \/>\n\t<meta name=\"twitter:label2\" content=\"Est. reading time\" \/>\n\t<meta name=\"twitter:data2\" content=\"2 minuuttia\" \/>\n<script type=\"application\/ld+json\" class=\"yoast-schema-graph\">{\"@context\":\"https:\/\/schema.org\",\"@graph\":[{\"@type\":\"WebPage\",\"@id\":\"https:\/\/suomenkuvalehti.fi\/kuvien-takaa\/yon-ritarin-paluu-sopiiko-vakivaltainen-elokuva-9-vuotiaille\/\",\"url\":\"https:\/\/suomenkuvalehti.fi\/kuvien-takaa\/yon-ritarin-paluu-sopiiko-vakivaltainen-elokuva-9-vuotiaille\/\",\"name\":\"Y\u00f6n ritarin paluu: sopiiko v\u00e4kivaltainen elokuva 9-vuotiaille - Kuvien takaa\",\"isPartOf\":{\"@id\":\"https:\/\/suomenkuvalehti.fi\/kuvien-takaa\/#website\"},\"datePublished\":\"2012-07-22T07:01:01+00:00\",\"dateModified\":\"2013-11-30T14:24:24+00:00\",\"author\":{\"@id\":\"https:\/\/suomenkuvalehti.fi\/kuvien-takaa\/#\/schema\/person\/f3f657e4ad409e008f12af27bec60a23\"},\"breadcrumb\":{\"@id\":\"https:\/\/suomenkuvalehti.fi\/kuvien-takaa\/yon-ritarin-paluu-sopiiko-vakivaltainen-elokuva-9-vuotiaille\/#breadcrumb\"},\"inLanguage\":\"fi\",\"potentialAction\":[{\"@type\":\"ReadAction\",\"target\":[\"https:\/\/suomenkuvalehti.fi\/kuvien-takaa\/yon-ritarin-paluu-sopiiko-vakivaltainen-elokuva-9-vuotiaille\/\"]}]},{\"@type\":\"BreadcrumbList\",\"@id\":\"https:\/\/suomenkuvalehti.fi\/kuvien-takaa\/yon-ritarin-paluu-sopiiko-vakivaltainen-elokuva-9-vuotiaille\/#breadcrumb\",\"itemListElement\":[{\"@type\":\"ListItem\",\"position\":1,\"name\":\"Home\",\"item\":\"https:\/\/suomenkuvalehti.fi\/kuvien-takaa\/\"},{\"@type\":\"ListItem\",\"position\":2,\"name\":\"Y\u00f6n ritarin paluu: sopiiko v\u00e4kivaltainen elokuva 9-vuotiaille\"}]},{\"@type\":\"WebSite\",\"@id\":\"https:\/\/suomenkuvalehti.fi\/kuvien-takaa\/#website\",\"url\":\"https:\/\/suomenkuvalehti.fi\/kuvien-takaa\/\",\"name\":\"Kuvien takaa\",\"description\":\"Elokuvakriitikko Kalle Kinnusen elokuvablogi.\",\"potentialAction\":[{\"@type\":\"SearchAction\",\"target\":{\"@type\":\"EntryPoint\",\"urlTemplate\":\"https:\/\/suomenkuvalehti.fi\/haku\/?q={search_term_string}\"},\"query-input\":{\"@type\":\"PropertyValueSpecification\",\"valueRequired\":true,\"valueName\":\"search_term_string\"}}],\"inLanguage\":\"fi\"},{\"@type\":\"Person\",\"@id\":\"https:\/\/suomenkuvalehti.fi\/kuvien-takaa\/#\/schema\/person\/f3f657e4ad409e008f12af27bec60a23\",\"name\":\"Kalle Kinnunen\",\"image\":{\"@type\":\"ImageObject\",\"inLanguage\":\"fi\",\"@id\":\"https:\/\/suomenkuvalehti.fi\/kuvien-takaa\/#\/schema\/person\/image\/\",\"url\":\"https:\/\/suomenkuvalehti.fi\/kuvien-takaa\/wp-content\/uploads\/sites\/11\/2022\/04\/kalle_kinnunen_blogi-1-150x150.jpg\",\"contentUrl\":\"https:\/\/suomenkuvalehti.fi\/kuvien-takaa\/wp-content\/uploads\/sites\/11\/2022\/04\/kalle_kinnunen_blogi-1-150x150.jpg\",\"caption\":\"Kalle Kinnunen\"},\"description\":\"Kalle Kinnunen on vapaa toimittaja ja Suomen Kuvalehden avustaja.\",\"sameAs\":[\"https:\/\/www.facebook.com\/pages\/Kalle-Kinnunen-Kuvien-takaa\/190326157715410?fref=ts\",\"https:\/\/x.com\/https:\/\/twitter.com\/kallekinnunen\"]}]}<\/script>\n<!-- \/ Yoast SEO plugin. -->","yoast_head_json":{"title":"Y\u00f6n ritarin paluu: sopiiko v\u00e4kivaltainen elokuva 9-vuotiaille - Kuvien takaa","robots":{"index":"index","follow":"follow","max-snippet":"max-snippet:-1","max-image-preview":"max-image-preview:large","max-video-preview":"max-video-preview:-1"},"canonical":"https:\/\/suomenkuvalehti.fi\/kuvien-takaa\/yon-ritarin-paluu-sopiiko-vakivaltainen-elokuva-9-vuotiaille\/","og_locale":"fi_FI","og_type":"article","og_title":"Y\u00f6n ritarin paluu: sopiiko v\u00e4kivaltainen elokuva 9-vuotiaille - Kuvien takaa","og_description":"Suomessa tuli viime vuodenvaihteessa voimaan uusi laki kuvaohjelmien ik\u00e4rajoista. Nyt elokuvan ik\u00e4raja on K-7, K-12, K-16 tai K-18. Lukuunottamatta korkeinta K-18-ik\u00e4rajaa on joka luokassa kolmen vuoden jousto, mik\u00e4li katsominen tapahtuu huoltajan seurassa. Ik\u00e4&hellip;","og_url":"https:\/\/suomenkuvalehti.fi\/kuvien-takaa\/yon-ritarin-paluu-sopiiko-vakivaltainen-elokuva-9-vuotiaille\/","og_site_name":"Kuvien takaa","article_author":"https:\/\/www.facebook.com\/pages\/Kalle-Kinnunen-Kuvien-takaa\/190326157715410?fref=ts","article_published_time":"2012-07-22T07:01:01+00:00","article_modified_time":"2013-11-30T14:24:24+00:00","og_image":[{"width":2560,"height":1707,"url":"https:\/\/suomenkuvalehti.fi\/kuvien-takaa\/wp-content\/uploads\/sites\/11\/2022\/04\/kalle_kinnunen_blogi-1-scaled.jpg","type":"image\/jpeg"}],"author":"Kalle Kinnunen","twitter_card":"summary_large_image","twitter_creator":"@https:\/\/twitter.com\/kallekinnunen","twitter_misc":{"Written by":"Kalle Kinnunen","Est. reading time":"2 minuuttia"},"schema":{"@context":"https:\/\/schema.org","@graph":[{"@type":"WebPage","@id":"https:\/\/suomenkuvalehti.fi\/kuvien-takaa\/yon-ritarin-paluu-sopiiko-vakivaltainen-elokuva-9-vuotiaille\/","url":"https:\/\/suomenkuvalehti.fi\/kuvien-takaa\/yon-ritarin-paluu-sopiiko-vakivaltainen-elokuva-9-vuotiaille\/","name":"Y\u00f6n ritarin paluu: sopiiko v\u00e4kivaltainen elokuva 9-vuotiaille - Kuvien takaa","isPartOf":{"@id":"https:\/\/suomenkuvalehti.fi\/kuvien-takaa\/#website"},"datePublished":"2012-07-22T07:01:01+00:00","dateModified":"2013-11-30T14:24:24+00:00","author":{"@id":"https:\/\/suomenkuvalehti.fi\/kuvien-takaa\/#\/schema\/person\/f3f657e4ad409e008f12af27bec60a23"},"breadcrumb":{"@id":"https:\/\/suomenkuvalehti.fi\/kuvien-takaa\/yon-ritarin-paluu-sopiiko-vakivaltainen-elokuva-9-vuotiaille\/#breadcrumb"},"inLanguage":"fi","potentialAction":[{"@type":"ReadAction","target":["https:\/\/suomenkuvalehti.fi\/kuvien-takaa\/yon-ritarin-paluu-sopiiko-vakivaltainen-elokuva-9-vuotiaille\/"]}]},{"@type":"BreadcrumbList","@id":"https:\/\/suomenkuvalehti.fi\/kuvien-takaa\/yon-ritarin-paluu-sopiiko-vakivaltainen-elokuva-9-vuotiaille\/#breadcrumb","itemListElement":[{"@type":"ListItem","position":1,"name":"Home","item":"https:\/\/suomenkuvalehti.fi\/kuvien-takaa\/"},{"@type":"ListItem","position":2,"name":"Y\u00f6n ritarin paluu: sopiiko v\u00e4kivaltainen elokuva 9-vuotiaille"}]},{"@type":"WebSite","@id":"https:\/\/suomenkuvalehti.fi\/kuvien-takaa\/#website","url":"https:\/\/suomenkuvalehti.fi\/kuvien-takaa\/","name":"Kuvien takaa","description":"Elokuvakriitikko Kalle Kinnusen elokuvablogi.","potentialAction":[{"@type":"SearchAction","target":{"@type":"EntryPoint","urlTemplate":"https:\/\/suomenkuvalehti.fi\/haku\/?q={search_term_string}"},"query-input":{"@type":"PropertyValueSpecification","valueRequired":true,"valueName":"search_term_string"}}],"inLanguage":"fi"},{"@type":"Person","@id":"https:\/\/suomenkuvalehti.fi\/kuvien-takaa\/#\/schema\/person\/f3f657e4ad409e008f12af27bec60a23","name":"Kalle Kinnunen","image":{"@type":"ImageObject","inLanguage":"fi","@id":"https:\/\/suomenkuvalehti.fi\/kuvien-takaa\/#\/schema\/person\/image\/","url":"https:\/\/suomenkuvalehti.fi\/kuvien-takaa\/wp-content\/uploads\/sites\/11\/2022\/04\/kalle_kinnunen_blogi-1-150x150.jpg","contentUrl":"https:\/\/suomenkuvalehti.fi\/kuvien-takaa\/wp-content\/uploads\/sites\/11\/2022\/04\/kalle_kinnunen_blogi-1-150x150.jpg","caption":"Kalle Kinnunen"},"description":"Kalle Kinnunen on vapaa toimittaja ja Suomen Kuvalehden avustaja.","sameAs":["https:\/\/www.facebook.com\/pages\/Kalle-Kinnunen-Kuvien-takaa\/190326157715410?fref=ts","https:\/\/x.com\/https:\/\/twitter.com\/kallekinnunen"]}]}},"_links":{"self":[{"href":"https:\/\/suomenkuvalehti.fi\/kuvien-takaa\/wp-json\/wp\/v2\/posts\/409","targetHints":{"allow":["GET"]}}],"collection":[{"href":"https:\/\/suomenkuvalehti.fi\/kuvien-takaa\/wp-json\/wp\/v2\/posts"}],"about":[{"href":"https:\/\/suomenkuvalehti.fi\/kuvien-takaa\/wp-json\/wp\/v2\/types\/post"}],"author":[{"embeddable":true,"href":"https:\/\/suomenkuvalehti.fi\/kuvien-takaa\/wp-json\/wp\/v2\/users\/144"}],"replies":[{"embeddable":true,"href":"https:\/\/suomenkuvalehti.fi\/kuvien-takaa\/wp-json\/wp\/v2\/comments?post=409"}],"version-history":[{"count":1,"href":"https:\/\/suomenkuvalehti.fi\/kuvien-takaa\/wp-json\/wp\/v2\/posts\/409\/revisions"}],"predecessor-version":[{"id":1247,"href":"https:\/\/suomenkuvalehti.fi\/kuvien-takaa\/wp-json\/wp\/v2\/posts\/409\/revisions\/1247"}],"wp:attachment":[{"href":"https:\/\/suomenkuvalehti.fi\/kuvien-takaa\/wp-json\/wp\/v2\/media?parent=409"}],"wp:term":[{"taxonomy":"category","embeddable":true,"href":"https:\/\/suomenkuvalehti.fi\/kuvien-takaa\/wp-json\/wp\/v2\/categories?post=409"},{"taxonomy":"post_tag","embeddable":true,"href":"https:\/\/suomenkuvalehti.fi\/kuvien-takaa\/wp-json\/wp\/v2\/tags?post=409"}],"curies":[{"name":"wp","href":"https:\/\/api.w.org\/{rel}","templated":true}]}}