{"id":405,"date":"2012-08-01T08:22:00","date_gmt":"2012-08-01T05:22:00","guid":{"rendered":"https:\/\/suomenkuvalehti.fi\/kuvientakaa\/2012\/08\/01\/maailman-parhaat-elokuvat-ja-miten-ne-valitaan-osa-2\/"},"modified":"2013-11-30T16:24:24","modified_gmt":"2013-11-30T14:24:24","slug":"maailman-parhaat-elokuvat-ja-miten-ne-valitaan-osa-2","status":"publish","type":"post","link":"https:\/\/suomenkuvalehti.fi\/kuvien-takaa\/maailman-parhaat-elokuvat-ja-miten-ne-valitaan-osa-2\/","title":{"rendered":"Maailman parhaat elokuvat ja miten ne valitaan, osa 2"},"content":{"rendered":"\n<p>Listasin viime viikolla suosikkielokuvani. T\u00e4n\u00e4\u00e4n Sight &amp; Sound -lehti julkaisee &#8221;maailman parhaiden&#8221; elokuvien listan, joka perustuu lehden kymmenen vuoden v\u00e4lein j\u00e4rjest\u00e4m\u00e4\u00e4n kriitikoiden, alan ammattilaisten ja tutkijoiden \u00e4\u00e4nestykseen. Mutta mik\u00e4 on ero &#8221;maailman parhaan elokuvan&#8221; ja yhden henkil\u00f6n suosikkielokuvan v\u00e4lill\u00e4?<\/p>\n\n\n\n\n<p>Kolme l\u00e4hestymistapaa parhauteen, olipa kulttuurinala mik\u00e4 tahansa.<\/p>\n\n\n\n<p>1. Omat suosikkielokuvat. Kun kokosin viime viikolla julkaisemani <a href=\"https:\/\/suomenkuvalehti.fi\/kuvientakaa\/2012\/07\/26\/maailman-parhaat-elokuvat-ja-omat-suosikkini-osa-1\/\">omien suosikkieni listan<\/a>, valitsin itselleni t\u00e4rkeimpi\u00e4 ja voimakkaimpia tunteita <em>toistuvasti<\/em> her\u00e4tt\u00e4neit\u00e4 elokuvia. Listalla olisi voinut olla muutakin: <strong>Martin Scorsese<\/strong> on ehk\u00e4 tehnyt lukum\u00e4\u00e4r\u00e4llisesti enemm\u00e4n itselleni suuria elokuvia kuin kukaan muu, mutta mik\u00e4\u00e4n yksi niist\u00e4 ei t\u00e4ll\u00e4 kertaa noussut ylitse muiden.<\/p>\n\n\n\n<p>2. Historiallisesti tai taiteellisesti t\u00e4rkeimm\u00e4t elokuvat. <em>Citizen Kane<\/em> on jatkuvasti maailman parhaat -listojen k\u00e4rjess\u00e4 varmasti osaltaan siksi, ett\u00e4 se oli niin monessa asiassa edell\u00e4k\u00e4vij\u00e4. Sight and Sound -lehden &#8221;kaikkien aikojen parhaat&#8221; -listan sis\u00e4lt\u00f6 on ennen kaikkea t\u00e4t\u00e4, koska persoonalliset mieltymykset hioutuvat pois, kun omat top 10-listansa esitt\u00e4vi\u00e4 vastaajia on satoja. Jos minulta kysyt\u00e4\u00e4n, mik\u00e4 on kerronnallisesti, muodoltaan t\u00e4ydellisin elokuva, mieless\u00e4 k\u00e4y <strong>F.W. Murnaun<\/strong> mykk\u00e4 <em>Auringonnousu<\/em> ja toisaalta <strong>Alfred Hitchcockilta<\/strong> esimerkiksi <em>Vertigo<\/em> ja <em>Psyko<\/em> (vaikka oma Hitch-suosikkini taitaa olla <em>Notorious<\/em>).<\/p>\n\n\n\n<p>3. Objektiivisesti onnistuneimmat elokuvat. Olisiko mahdollista unohtaa oma tulokulma ja l\u00f6yt\u00e4\u00e4 jonkin taiteenalan teoksille tosiasioihin perustuva paremmuusj\u00e4rjestys?<\/p>\n\n\n\n<p>Jokainen yksil\u00f6n kokoama lista on lopulta osastoa 1. Oma listani on sataprosenttisen subjektiivinen: kyse on <em>suosikeista<\/em>.<\/p>\n\n\n\n<p>Laajoilla kyselyill\u00e4 l\u00f6ydet\u00e4\u00e4n vastauksia kohtaan 2. Odotan Sight &amp; Soundin listaa valtavalla mielenkiinnolla. Se n\u00e4ytt\u00e4\u00e4, kuinka k\u00e4sityksemme elokuvataiteesta ja elokuvan historiasta sek\u00e4 yleinen estetiikan arvottaminen ja arvostaminen on l\u00e4nsimaissa muuttunut sitten vuoden 2002 listan (tai edellisvuosikymmenten listat).<\/p>\n\n\n\n<p>Kohdan 3 listaa rakentavat ihmiset ovat toivottomia tapauksia: estetiikka, etiikka ja el\u00e4m\u00e4nkokemus ovat jokaisella ja joka sukupolvella erilaisia. Hyvin yksinkertaiset asiatkin vaikuttavat: <em>Seitsem\u00e4n samuraita<\/em> nousi S&amp;S-listalla per\u00e4ti sijalle kolme vuonna 1982, koska se oli juuri julkaistu Euroopassa uudelleen eli kaikkien huulilla. Sitten se on taas pudonnut rajusti.<\/p>\n\n\n\n<p>Lista ilmestyy <a href=\"http:\/\/www.bfi.org.uk\/news-opinion\/sight-sound-magazine\">Sight &amp; Soundin nettisivuille<\/a>.<\/p>\n\n\n\n<p><em>Muualla netiss\u00e4: kriitikko <a href=\"http:\/\/www.bfi.org.uk\/news-opinion\/sight-sound-magazine\/features\/listomania\"><strong>Michael Atkinsonin<\/strong> analyysi parhaiden elokuvien listauksista<\/a>.<\/em><\/p>\n\n\n","protected":false},"excerpt":{"rendered":"<p>Listasin viime viikolla suosikkielokuvani. T\u00e4n\u00e4\u00e4n Sight &amp; Sound -lehti julkaisee &#8221;maailman parhaiden&#8221; elokuvien listan, joka perustuu lehden kymmenen vuoden v\u00e4lein j\u00e4rjest\u00e4m\u00e4\u00e4n kriitikoiden, alan ammattilaisten ja tutkijoiden \u00e4\u00e4nestykseen. Mutta mik\u00e4<br \/>\non ero &#038;#8&hellip;<\/p>\n","protected":false},"author":144,"featured_media":0,"comment_status":"open","ping_status":"open","sticky":false,"template":"","format":"standard","meta":{"_acf_changed":false,"asauth_required_access_level":0,"asauth_cansharepaid":"","om_header_attributes":[],"footnotes":"","om_featured_image_focal_point":[],"om_primary_tag":0,"om_contributors":[],"om_co_authors":[],"beyondwords_generate_audio":"","beyondwords_project_id":"","beyondwords_content_id":"","beyondwords_preview_token":"","beyondwords_player_content":"","beyondwords_player_style":"","beyondwords_language_code":"","beyondwords_language_id":"","beyondwords_title_voice_id":"","beyondwords_body_voice_id":"","beyondwords_summary_voice_id":"","beyondwords_error_message":"","beyondwords_disabled":"","beyondwords_delete_content":"","beyondwords_podcast_id":"","beyondwords_hash":"","publish_post_to_speechkit":"","speechkit_hash":"","speechkit_generate_audio":"","speechkit_project_id":"","speechkit_podcast_id":"","speechkit_error_message":"","speechkit_disabled":"","speechkit_access_key":"","speechkit_error":"","speechkit_info":"","speechkit_response":"","speechkit_retries":"","speechkit_status":"","speechkit_updated_at":"","_speechkit_link":"","_speechkit_text":""},"categories":[1],"tags":[582,403,585],"class_list":["post-405","post","type-post","status-publish","format-standard","hentry","category-kuvien-takaa","tag-citizen-kane","tag-elokuvalistaukset","tag-maailman-parhaat-elokuvat"],"om_views":null,"acf":{"tuuma_off":false,"tuuma_kysymys":"","tuuma_vastaus":""},"asauth":{"required_access_level":1,"share_token":"","is_paid":false},"yoast_head":"<!-- This site is optimized with the Yoast SEO plugin v26.4 - https:\/\/yoast.com\/wordpress\/plugins\/seo\/ -->\n<title>Maailman parhaat elokuvat ja miten ne valitaan, osa 2 - Kuvien takaa<\/title>\n<meta name=\"robots\" content=\"index, follow, max-snippet:-1, max-image-preview:large, max-video-preview:-1\" \/>\n<link rel=\"canonical\" href=\"https:\/\/suomenkuvalehti.fi\/kuvien-takaa\/maailman-parhaat-elokuvat-ja-miten-ne-valitaan-osa-2\/\" \/>\n<meta property=\"og:locale\" content=\"fi_FI\" \/>\n<meta property=\"og:type\" content=\"article\" \/>\n<meta property=\"og:title\" content=\"Maailman parhaat elokuvat ja miten ne valitaan, osa 2 - Kuvien takaa\" \/>\n<meta property=\"og:description\" content=\"Listasin viime viikolla suosikkielokuvani. T\u00e4n\u00e4\u00e4n Sight &amp; Sound -lehti julkaisee &#8221;maailman parhaiden&#8221; elokuvien listan, joka perustuu lehden kymmenen vuoden v\u00e4lein j\u00e4rjest\u00e4m\u00e4\u00e4n kriitikoiden, alan ammattilaisten ja tutkijoiden \u00e4\u00e4nestykseen. Mutta mik\u00e4 on ero &amp;#8&hellip;\" \/>\n<meta property=\"og:url\" content=\"https:\/\/suomenkuvalehti.fi\/kuvien-takaa\/maailman-parhaat-elokuvat-ja-miten-ne-valitaan-osa-2\/\" \/>\n<meta property=\"og:site_name\" content=\"Kuvien takaa\" \/>\n<meta property=\"article:author\" content=\"https:\/\/www.facebook.com\/pages\/Kalle-Kinnunen-Kuvien-takaa\/190326157715410?fref=ts\" \/>\n<meta property=\"article:published_time\" content=\"2012-08-01T05:22:00+00:00\" \/>\n<meta property=\"article:modified_time\" content=\"2013-11-30T14:24:24+00:00\" \/>\n<meta property=\"og:image\" content=\"https:\/\/suomenkuvalehti.fi\/kuvien-takaa\/wp-content\/uploads\/sites\/11\/2022\/04\/kalle_kinnunen_blogi-1-scaled.jpg\" \/>\n\t<meta property=\"og:image:width\" content=\"2560\" \/>\n\t<meta property=\"og:image:height\" content=\"1707\" \/>\n\t<meta property=\"og:image:type\" content=\"image\/jpeg\" \/>\n<meta name=\"author\" content=\"Kalle Kinnunen\" \/>\n<meta name=\"twitter:card\" content=\"summary_large_image\" \/>\n<meta name=\"twitter:creator\" content=\"@https:\/\/twitter.com\/kallekinnunen\" \/>\n<meta name=\"twitter:label1\" content=\"Written by\" \/>\n\t<meta name=\"twitter:data1\" content=\"Kalle Kinnunen\" \/>\n\t<meta name=\"twitter:label2\" content=\"Est. reading time\" \/>\n\t<meta name=\"twitter:data2\" content=\"2 minuuttia\" \/>\n<script type=\"application\/ld+json\" class=\"yoast-schema-graph\">{\"@context\":\"https:\/\/schema.org\",\"@graph\":[{\"@type\":\"WebPage\",\"@id\":\"https:\/\/suomenkuvalehti.fi\/kuvien-takaa\/maailman-parhaat-elokuvat-ja-miten-ne-valitaan-osa-2\/\",\"url\":\"https:\/\/suomenkuvalehti.fi\/kuvien-takaa\/maailman-parhaat-elokuvat-ja-miten-ne-valitaan-osa-2\/\",\"name\":\"Maailman parhaat elokuvat ja miten ne valitaan, osa 2 - Kuvien takaa\",\"isPartOf\":{\"@id\":\"https:\/\/suomenkuvalehti.fi\/kuvien-takaa\/#website\"},\"datePublished\":\"2012-08-01T05:22:00+00:00\",\"dateModified\":\"2013-11-30T14:24:24+00:00\",\"author\":{\"@id\":\"https:\/\/suomenkuvalehti.fi\/kuvien-takaa\/#\/schema\/person\/f3f657e4ad409e008f12af27bec60a23\"},\"breadcrumb\":{\"@id\":\"https:\/\/suomenkuvalehti.fi\/kuvien-takaa\/maailman-parhaat-elokuvat-ja-miten-ne-valitaan-osa-2\/#breadcrumb\"},\"inLanguage\":\"fi\",\"potentialAction\":[{\"@type\":\"ReadAction\",\"target\":[\"https:\/\/suomenkuvalehti.fi\/kuvien-takaa\/maailman-parhaat-elokuvat-ja-miten-ne-valitaan-osa-2\/\"]}]},{\"@type\":\"BreadcrumbList\",\"@id\":\"https:\/\/suomenkuvalehti.fi\/kuvien-takaa\/maailman-parhaat-elokuvat-ja-miten-ne-valitaan-osa-2\/#breadcrumb\",\"itemListElement\":[{\"@type\":\"ListItem\",\"position\":1,\"name\":\"Home\",\"item\":\"https:\/\/suomenkuvalehti.fi\/kuvien-takaa\/\"},{\"@type\":\"ListItem\",\"position\":2,\"name\":\"Maailman parhaat elokuvat ja miten ne valitaan, osa 2\"}]},{\"@type\":\"WebSite\",\"@id\":\"https:\/\/suomenkuvalehti.fi\/kuvien-takaa\/#website\",\"url\":\"https:\/\/suomenkuvalehti.fi\/kuvien-takaa\/\",\"name\":\"Kuvien takaa\",\"description\":\"Elokuvakriitikko Kalle Kinnusen elokuvablogi.\",\"potentialAction\":[{\"@type\":\"SearchAction\",\"target\":{\"@type\":\"EntryPoint\",\"urlTemplate\":\"https:\/\/suomenkuvalehti.fi\/haku\/?q={search_term_string}\"},\"query-input\":{\"@type\":\"PropertyValueSpecification\",\"valueRequired\":true,\"valueName\":\"search_term_string\"}}],\"inLanguage\":\"fi\"},{\"@type\":\"Person\",\"@id\":\"https:\/\/suomenkuvalehti.fi\/kuvien-takaa\/#\/schema\/person\/f3f657e4ad409e008f12af27bec60a23\",\"name\":\"Kalle Kinnunen\",\"image\":{\"@type\":\"ImageObject\",\"inLanguage\":\"fi\",\"@id\":\"https:\/\/suomenkuvalehti.fi\/kuvien-takaa\/#\/schema\/person\/image\/\",\"url\":\"https:\/\/suomenkuvalehti.fi\/kuvien-takaa\/wp-content\/uploads\/sites\/11\/2022\/04\/kalle_kinnunen_blogi-1-150x150.jpg\",\"contentUrl\":\"https:\/\/suomenkuvalehti.fi\/kuvien-takaa\/wp-content\/uploads\/sites\/11\/2022\/04\/kalle_kinnunen_blogi-1-150x150.jpg\",\"caption\":\"Kalle Kinnunen\"},\"description\":\"Kalle Kinnunen on vapaa toimittaja ja Suomen Kuvalehden avustaja.\",\"sameAs\":[\"https:\/\/www.facebook.com\/pages\/Kalle-Kinnunen-Kuvien-takaa\/190326157715410?fref=ts\",\"https:\/\/x.com\/https:\/\/twitter.com\/kallekinnunen\"]}]}<\/script>\n<!-- \/ Yoast SEO plugin. -->","yoast_head_json":{"title":"Maailman parhaat elokuvat ja miten ne valitaan, osa 2 - Kuvien takaa","robots":{"index":"index","follow":"follow","max-snippet":"max-snippet:-1","max-image-preview":"max-image-preview:large","max-video-preview":"max-video-preview:-1"},"canonical":"https:\/\/suomenkuvalehti.fi\/kuvien-takaa\/maailman-parhaat-elokuvat-ja-miten-ne-valitaan-osa-2\/","og_locale":"fi_FI","og_type":"article","og_title":"Maailman parhaat elokuvat ja miten ne valitaan, osa 2 - Kuvien takaa","og_description":"Listasin viime viikolla suosikkielokuvani. T\u00e4n\u00e4\u00e4n Sight &amp; Sound -lehti julkaisee &#8221;maailman parhaiden&#8221; elokuvien listan, joka perustuu lehden kymmenen vuoden v\u00e4lein j\u00e4rjest\u00e4m\u00e4\u00e4n kriitikoiden, alan ammattilaisten ja tutkijoiden \u00e4\u00e4nestykseen. Mutta mik\u00e4 on ero &#8&hellip;","og_url":"https:\/\/suomenkuvalehti.fi\/kuvien-takaa\/maailman-parhaat-elokuvat-ja-miten-ne-valitaan-osa-2\/","og_site_name":"Kuvien takaa","article_author":"https:\/\/www.facebook.com\/pages\/Kalle-Kinnunen-Kuvien-takaa\/190326157715410?fref=ts","article_published_time":"2012-08-01T05:22:00+00:00","article_modified_time":"2013-11-30T14:24:24+00:00","og_image":[{"width":2560,"height":1707,"url":"https:\/\/suomenkuvalehti.fi\/kuvien-takaa\/wp-content\/uploads\/sites\/11\/2022\/04\/kalle_kinnunen_blogi-1-scaled.jpg","type":"image\/jpeg"}],"author":"Kalle Kinnunen","twitter_card":"summary_large_image","twitter_creator":"@https:\/\/twitter.com\/kallekinnunen","twitter_misc":{"Written by":"Kalle Kinnunen","Est. reading time":"2 minuuttia"},"schema":{"@context":"https:\/\/schema.org","@graph":[{"@type":"WebPage","@id":"https:\/\/suomenkuvalehti.fi\/kuvien-takaa\/maailman-parhaat-elokuvat-ja-miten-ne-valitaan-osa-2\/","url":"https:\/\/suomenkuvalehti.fi\/kuvien-takaa\/maailman-parhaat-elokuvat-ja-miten-ne-valitaan-osa-2\/","name":"Maailman parhaat elokuvat ja miten ne valitaan, osa 2 - Kuvien takaa","isPartOf":{"@id":"https:\/\/suomenkuvalehti.fi\/kuvien-takaa\/#website"},"datePublished":"2012-08-01T05:22:00+00:00","dateModified":"2013-11-30T14:24:24+00:00","author":{"@id":"https:\/\/suomenkuvalehti.fi\/kuvien-takaa\/#\/schema\/person\/f3f657e4ad409e008f12af27bec60a23"},"breadcrumb":{"@id":"https:\/\/suomenkuvalehti.fi\/kuvien-takaa\/maailman-parhaat-elokuvat-ja-miten-ne-valitaan-osa-2\/#breadcrumb"},"inLanguage":"fi","potentialAction":[{"@type":"ReadAction","target":["https:\/\/suomenkuvalehti.fi\/kuvien-takaa\/maailman-parhaat-elokuvat-ja-miten-ne-valitaan-osa-2\/"]}]},{"@type":"BreadcrumbList","@id":"https:\/\/suomenkuvalehti.fi\/kuvien-takaa\/maailman-parhaat-elokuvat-ja-miten-ne-valitaan-osa-2\/#breadcrumb","itemListElement":[{"@type":"ListItem","position":1,"name":"Home","item":"https:\/\/suomenkuvalehti.fi\/kuvien-takaa\/"},{"@type":"ListItem","position":2,"name":"Maailman parhaat elokuvat ja miten ne valitaan, osa 2"}]},{"@type":"WebSite","@id":"https:\/\/suomenkuvalehti.fi\/kuvien-takaa\/#website","url":"https:\/\/suomenkuvalehti.fi\/kuvien-takaa\/","name":"Kuvien takaa","description":"Elokuvakriitikko Kalle Kinnusen elokuvablogi.","potentialAction":[{"@type":"SearchAction","target":{"@type":"EntryPoint","urlTemplate":"https:\/\/suomenkuvalehti.fi\/haku\/?q={search_term_string}"},"query-input":{"@type":"PropertyValueSpecification","valueRequired":true,"valueName":"search_term_string"}}],"inLanguage":"fi"},{"@type":"Person","@id":"https:\/\/suomenkuvalehti.fi\/kuvien-takaa\/#\/schema\/person\/f3f657e4ad409e008f12af27bec60a23","name":"Kalle Kinnunen","image":{"@type":"ImageObject","inLanguage":"fi","@id":"https:\/\/suomenkuvalehti.fi\/kuvien-takaa\/#\/schema\/person\/image\/","url":"https:\/\/suomenkuvalehti.fi\/kuvien-takaa\/wp-content\/uploads\/sites\/11\/2022\/04\/kalle_kinnunen_blogi-1-150x150.jpg","contentUrl":"https:\/\/suomenkuvalehti.fi\/kuvien-takaa\/wp-content\/uploads\/sites\/11\/2022\/04\/kalle_kinnunen_blogi-1-150x150.jpg","caption":"Kalle Kinnunen"},"description":"Kalle Kinnunen on vapaa toimittaja ja Suomen Kuvalehden avustaja.","sameAs":["https:\/\/www.facebook.com\/pages\/Kalle-Kinnunen-Kuvien-takaa\/190326157715410?fref=ts","https:\/\/x.com\/https:\/\/twitter.com\/kallekinnunen"]}]}},"_links":{"self":[{"href":"https:\/\/suomenkuvalehti.fi\/kuvien-takaa\/wp-json\/wp\/v2\/posts\/405","targetHints":{"allow":["GET"]}}],"collection":[{"href":"https:\/\/suomenkuvalehti.fi\/kuvien-takaa\/wp-json\/wp\/v2\/posts"}],"about":[{"href":"https:\/\/suomenkuvalehti.fi\/kuvien-takaa\/wp-json\/wp\/v2\/types\/post"}],"author":[{"embeddable":true,"href":"https:\/\/suomenkuvalehti.fi\/kuvien-takaa\/wp-json\/wp\/v2\/users\/144"}],"replies":[{"embeddable":true,"href":"https:\/\/suomenkuvalehti.fi\/kuvien-takaa\/wp-json\/wp\/v2\/comments?post=405"}],"version-history":[{"count":1,"href":"https:\/\/suomenkuvalehti.fi\/kuvien-takaa\/wp-json\/wp\/v2\/posts\/405\/revisions"}],"predecessor-version":[{"id":1245,"href":"https:\/\/suomenkuvalehti.fi\/kuvien-takaa\/wp-json\/wp\/v2\/posts\/405\/revisions\/1245"}],"wp:attachment":[{"href":"https:\/\/suomenkuvalehti.fi\/kuvien-takaa\/wp-json\/wp\/v2\/media?parent=405"}],"wp:term":[{"taxonomy":"category","embeddable":true,"href":"https:\/\/suomenkuvalehti.fi\/kuvien-takaa\/wp-json\/wp\/v2\/categories?post=405"},{"taxonomy":"post_tag","embeddable":true,"href":"https:\/\/suomenkuvalehti.fi\/kuvien-takaa\/wp-json\/wp\/v2\/tags?post=405"}],"curies":[{"name":"wp","href":"https:\/\/api.w.org\/{rel}","templated":true}]}}