{"id":404,"date":"2012-07-20T11:12:53","date_gmt":"2012-07-20T08:12:53","guid":{"rendered":"https:\/\/suomenkuvalehti.fi\/kuvientakaa\/2012\/07\/20\/yon-ritarin-paluu-veriloyly-elokuvat-ja-tosielaman-vakivalta\/"},"modified":"2013-11-30T16:24:24","modified_gmt":"2013-11-30T14:24:24","slug":"yon-ritarin-paluu-veriloyly-elokuvat-ja-tosielaman-vakivalta","status":"publish","type":"post","link":"https:\/\/suomenkuvalehti.fi\/kuvien-takaa\/yon-ritarin-paluu-veriloyly-elokuvat-ja-tosielaman-vakivalta\/","title":{"rendered":"Y\u00f6n ritarin paluu -veril\u00f6yly: elokuvat ja tosiel\u00e4m\u00e4n v\u00e4kivalta"},"content":{"rendered":"\n<p>Surulliset uutiset joukkomurhasta denveril\u00e4isess\u00e4 elokuvateatterissa <em>Y\u00f6n ritarin paluun<\/em> n\u00e4yt\u00f6ksess\u00e4 tuovat mieleen keskustelun elokuvien suhteesta tosiel\u00e4m\u00e4n v\u00e4kivaltaan.<\/p>\n\n\n\n\n<p>1990-luvulla useammassakin pohjoisamerikkalaisessa <a href=\"http:\/\/en.wikipedia.org\/wiki\/List_of_alleged_Natural_Born_Killers_copycat_crimes\">murhatapauksessa<\/a> puolustus yritti k\u00e4ytt\u00e4\u00e4 hy\u00f6dykseen <strong>Oliver Stonen <\/strong>mediakriittist\u00e4 elokuvaa <em>Syntyneet tappajiksi<\/em>. Sen sanottiin inspiroineen, siis sekoittaneen surmaajan\/surmaajien p\u00e4\u00e4t, eli syy verit\u00f6ihin olisi muka Stonen.<\/p>\n\n\n\n<p>Briteiss\u00e4 <a href=\"http:\/\/fi.wikipedia.org\/wiki\/James_Bulger\"><strong>James Bulgerin<\/strong><\/a> lapsimurhaajien v\u00e4itettiin saaneen vaikutteita <em>Child&#8217;s Play 3<\/em> -kauhuelokuvasta, jossa on tappava nukke. Koskaan ei tosin todistettu, ett\u00e4 murhaajat olisivat edes n\u00e4hneet elokuvaa &#8211; roskalehdist\u00f6 ainoastaan sai vihi\u00e4, ett\u00e4 toisen heist\u00e4 is\u00e4 oli vuokrannut sen.<\/p>\n\n\n\n<p><em>Kellopeli appelsiiniin<\/em> yhdistettiin brittilehdist\u00f6ss\u00e4 tosiel\u00e4m\u00e4n pahoinpitelyj\u00e4 niin hanakasti, ett\u00e4 ohjaaja <a href=\"http:\/\/www.guardian.co.uk\/uk\/1999\/sep\/11\/alantravis\"><strong>Stanley Kubrick<\/strong> kielsi <\/a>elokuvan esitt\u00e4misen Iso-Britanniassa vuosikymmeniksi.<\/p>\n\n\n\n<p>Presidentti <strong>Reaganin<\/strong> salamurhaa yritt\u00e4nyt <strong>John Hinckley<\/strong> sanoi saaneensa ajatuksen tekoonsa <em>Taksikuski<\/em> -elokuvasta.<\/p>\n\n\n\n<p>Elokuvaa on helppo syytt\u00e4\u00e4. Elokuva on todellisuuden n\u00e4k\u00f6ist\u00e4.<\/p>\n\n\n\n<p>Mutta se <em>ei ole totta<\/em>.<\/p>\n\n\n\n<p>Nuorisoa pidet\u00e4\u00e4n tietysti alttiina kaikenlaiseen. Median keskell\u00e4 kasvaneille nuorille asia on kuitenkin selvempi kuin esimerkiksi iso\u00e4idilleni, joka kerran <em>Die Hardin <\/em>ammuskelukohtauksen televisiosta n\u00e4hdess\u00e4\u00e4n toisteli \u00e4\u00e4neen mantraa: t\u00e4m\u00e4 ei ole totta, t\u00e4m\u00e4 on vain elokuvaa.<\/p>\n\n\n\n<p>Kuinka sairas t\u00e4ytyy ihmisen olla, jotta h\u00e4n ryhtyy uhreja satunnaisesti valitsevaksi joukkomurhaajaksi? Siihen kehitykseen ei yhden, sadan tai kymmenen tuhannen elokuvan katsominen riit\u00e4. Jotain muuta on aivan perustavanlaatuisesti vialla.<\/p>\n\n\n\n<p>Medialla on tietysti vaikutuksensa tosiel\u00e4m\u00e4\u00e4n. <strong>Anders Breivik<\/strong> on tehnyt selv\u00e4ksi, ettei h\u00e4nen teossaan ollut kyse vain yksitt\u00e4isten ihmisten hengen riist\u00e4misest\u00e4, vaan julkisuudesta. Toisaalta Denverin tapauksella m\u00e4ss\u00e4ill\u00e4\u00e4n paraikaa useissa medioissa. Hirmuteko myy, piste.<\/p>\n\n\n\n<p>Veril\u00f6yly elokuvateatterissa on n\u00e4hty ainakin <a href=\"http:\/\/www.imdb.com\/title\/tt0089013\/\"><em>Demonsissa<\/em><\/a> ja <a href=\"http:\/\/www.imdb.com\/title\/tt0361748\/\"><em>Kunniattomissa paskiaisissa<\/em><\/a> &#8211; molemmat mit\u00e4 voimakkaimmin fantasiatarinoita.<\/p>\n\n\n\n<p>Nyt se on nyt totta. T\u00e4t\u00e4 kirjoittaessani kuolleita kerrotaan olevan 14 ja haavoittuneita ainakin 50 (<a href=\"http:\/\/www.bbc.co.uk\/news\/world-us-canada-18921492\">BBC<\/a>).<\/p>\n\n\n\n<p>Joku syy sille on, ett\u00e4 Denverin mielisairas valitsi juuri Y\u00f6n ritarin paluun n\u00e4yt\u00f6ksen, enk\u00e4 l\u00e4hde arvailemaan, mik\u00e4.<\/p>\n\n\n\n<p>Kukaan ei voi kuitenkaan v\u00e4itt\u00e4\u00e4, ett\u00e4 kyseisen elokuvan <em>n\u00e4keminen<\/em> olisi saanut h\u00e4nt\u00e4 ryhtym\u00e4\u00e4n tekoonsa. Murhaaja avasi tulen keskiy\u00f6n n\u00e4yt\u00f6ksess\u00e4, eli perjantain juuri alettua: siis ensi-iltap\u00e4iv\u00e4n ensimm\u00e4isess\u00e4 n\u00e4yt\u00f6ksess\u00e4, eik\u00e4 t\u00e4st\u00e4 uudesta Batmanista ollut ennakkoja.<\/p>\n\n\n\n<p>Elokuva Y\u00f6n ritarin paluu ei voinut h\u00e4nen tekoonsa vaikuttaa, koska h\u00e4n <em>ei ollut voinut<\/em> n\u00e4hd\u00e4 sit\u00e4.<\/p>\n\n\n","protected":false},"excerpt":{"rendered":"<p>Surulliset uutiset joukkomurhasta denveril\u00e4isess\u00e4 elokuvateatterissa Y\u00f6n ritarin paluun n\u00e4yt\u00f6ksess\u00e4 tuovat mieleen keskustelun elokuvien suhteesta tosiel\u00e4m\u00e4n v\u00e4kivaltaan. 1990-luvulla useammassakin pohjoisamerikkalaisessa murhatapauksessa puolustus yritti<br \/>\nk\u00e4ytt\u00e4\u00e4 &hellip;<\/p>\n","protected":false},"author":144,"featured_media":0,"comment_status":"open","ping_status":"open","sticky":false,"template":"","format":"standard","meta":{"_acf_changed":false,"asauth_required_access_level":0,"asauth_cansharepaid":"","om_header_attributes":[],"footnotes":"","om_featured_image_focal_point":[],"om_primary_tag":0,"om_contributors":[],"om_co_authors":[],"beyondwords_generate_audio":"","beyondwords_project_id":"","beyondwords_content_id":"","beyondwords_preview_token":"","beyondwords_player_content":"","beyondwords_player_style":"","beyondwords_language_code":"","beyondwords_language_id":"","beyondwords_title_voice_id":"","beyondwords_body_voice_id":"","beyondwords_summary_voice_id":"","beyondwords_error_message":"","beyondwords_disabled":"","beyondwords_delete_content":"","beyondwords_podcast_id":"","beyondwords_hash":"","publish_post_to_speechkit":"","speechkit_hash":"","speechkit_generate_audio":"","speechkit_project_id":"","speechkit_podcast_id":"","speechkit_error_message":"","speechkit_disabled":"","speechkit_access_key":"","speechkit_error":"","speechkit_info":"","speechkit_response":"","speechkit_retries":"","speechkit_status":"","speechkit_updated_at":"","_speechkit_link":"","_speechkit_text":""},"categories":[1],"tags":[597,598,599,596,595],"class_list":["post-404","post","type-post","status-publish","format-standard","hentry","category-kuvien-takaa","tag-elokuvavakivalta","tag-fiktio","tag-jaljittelyrikos","tag-joukkomurha","tag-yon-ritarin-paluu"],"om_views":null,"acf":{"tuuma_off":false,"tuuma_kysymys":"","tuuma_vastaus":""},"asauth":{"required_access_level":1,"share_token":"","is_paid":false},"yoast_head":"<!-- This site is optimized with the Yoast SEO plugin v26.4 - https:\/\/yoast.com\/wordpress\/plugins\/seo\/ -->\n<title>Y\u00f6n ritarin paluu -veril\u00f6yly: elokuvat ja tosiel\u00e4m\u00e4n v\u00e4kivalta - Kuvien takaa<\/title>\n<meta name=\"robots\" content=\"index, follow, max-snippet:-1, max-image-preview:large, max-video-preview:-1\" \/>\n<link rel=\"canonical\" href=\"https:\/\/suomenkuvalehti.fi\/kuvien-takaa\/yon-ritarin-paluu-veriloyly-elokuvat-ja-tosielaman-vakivalta\/\" \/>\n<meta property=\"og:locale\" content=\"fi_FI\" \/>\n<meta property=\"og:type\" content=\"article\" \/>\n<meta property=\"og:title\" content=\"Y\u00f6n ritarin paluu -veril\u00f6yly: elokuvat ja tosiel\u00e4m\u00e4n v\u00e4kivalta - Kuvien takaa\" \/>\n<meta property=\"og:description\" content=\"Surulliset uutiset joukkomurhasta denveril\u00e4isess\u00e4 elokuvateatterissa Y\u00f6n ritarin paluun n\u00e4yt\u00f6ksess\u00e4 tuovat mieleen keskustelun elokuvien suhteesta tosiel\u00e4m\u00e4n v\u00e4kivaltaan. 1990-luvulla useammassakin pohjoisamerikkalaisessa murhatapauksessa puolustus yritti k\u00e4ytt\u00e4\u00e4 &hellip;\" \/>\n<meta property=\"og:url\" content=\"https:\/\/suomenkuvalehti.fi\/kuvien-takaa\/yon-ritarin-paluu-veriloyly-elokuvat-ja-tosielaman-vakivalta\/\" \/>\n<meta property=\"og:site_name\" content=\"Kuvien takaa\" \/>\n<meta property=\"article:author\" content=\"https:\/\/www.facebook.com\/pages\/Kalle-Kinnunen-Kuvien-takaa\/190326157715410?fref=ts\" \/>\n<meta property=\"article:published_time\" content=\"2012-07-20T08:12:53+00:00\" \/>\n<meta property=\"article:modified_time\" content=\"2013-11-30T14:24:24+00:00\" \/>\n<meta property=\"og:image\" content=\"https:\/\/suomenkuvalehti.fi\/kuvien-takaa\/wp-content\/uploads\/sites\/11\/2022\/04\/kalle_kinnunen_blogi-1-scaled.jpg\" \/>\n\t<meta property=\"og:image:width\" content=\"2560\" \/>\n\t<meta property=\"og:image:height\" content=\"1707\" \/>\n\t<meta property=\"og:image:type\" content=\"image\/jpeg\" \/>\n<meta name=\"author\" content=\"Kalle Kinnunen\" \/>\n<meta name=\"twitter:card\" content=\"summary_large_image\" \/>\n<meta name=\"twitter:creator\" content=\"@https:\/\/twitter.com\/kallekinnunen\" \/>\n<meta name=\"twitter:label1\" content=\"Written by\" \/>\n\t<meta name=\"twitter:data1\" content=\"Kalle Kinnunen\" \/>\n\t<meta name=\"twitter:label2\" content=\"Est. reading time\" \/>\n\t<meta name=\"twitter:data2\" content=\"2 minuuttia\" \/>\n<script type=\"application\/ld+json\" class=\"yoast-schema-graph\">{\"@context\":\"https:\/\/schema.org\",\"@graph\":[{\"@type\":\"WebPage\",\"@id\":\"https:\/\/suomenkuvalehti.fi\/kuvien-takaa\/yon-ritarin-paluu-veriloyly-elokuvat-ja-tosielaman-vakivalta\/\",\"url\":\"https:\/\/suomenkuvalehti.fi\/kuvien-takaa\/yon-ritarin-paluu-veriloyly-elokuvat-ja-tosielaman-vakivalta\/\",\"name\":\"Y\u00f6n ritarin paluu -veril\u00f6yly: elokuvat ja tosiel\u00e4m\u00e4n v\u00e4kivalta - Kuvien takaa\",\"isPartOf\":{\"@id\":\"https:\/\/suomenkuvalehti.fi\/kuvien-takaa\/#website\"},\"datePublished\":\"2012-07-20T08:12:53+00:00\",\"dateModified\":\"2013-11-30T14:24:24+00:00\",\"author\":{\"@id\":\"https:\/\/suomenkuvalehti.fi\/kuvien-takaa\/#\/schema\/person\/f3f657e4ad409e008f12af27bec60a23\"},\"breadcrumb\":{\"@id\":\"https:\/\/suomenkuvalehti.fi\/kuvien-takaa\/yon-ritarin-paluu-veriloyly-elokuvat-ja-tosielaman-vakivalta\/#breadcrumb\"},\"inLanguage\":\"fi\",\"potentialAction\":[{\"@type\":\"ReadAction\",\"target\":[\"https:\/\/suomenkuvalehti.fi\/kuvien-takaa\/yon-ritarin-paluu-veriloyly-elokuvat-ja-tosielaman-vakivalta\/\"]}]},{\"@type\":\"BreadcrumbList\",\"@id\":\"https:\/\/suomenkuvalehti.fi\/kuvien-takaa\/yon-ritarin-paluu-veriloyly-elokuvat-ja-tosielaman-vakivalta\/#breadcrumb\",\"itemListElement\":[{\"@type\":\"ListItem\",\"position\":1,\"name\":\"Home\",\"item\":\"https:\/\/suomenkuvalehti.fi\/kuvien-takaa\/\"},{\"@type\":\"ListItem\",\"position\":2,\"name\":\"Y\u00f6n ritarin paluu -veril\u00f6yly: elokuvat ja tosiel\u00e4m\u00e4n v\u00e4kivalta\"}]},{\"@type\":\"WebSite\",\"@id\":\"https:\/\/suomenkuvalehti.fi\/kuvien-takaa\/#website\",\"url\":\"https:\/\/suomenkuvalehti.fi\/kuvien-takaa\/\",\"name\":\"Kuvien takaa\",\"description\":\"Elokuvakriitikko Kalle Kinnusen elokuvablogi.\",\"potentialAction\":[{\"@type\":\"SearchAction\",\"target\":{\"@type\":\"EntryPoint\",\"urlTemplate\":\"https:\/\/suomenkuvalehti.fi\/haku\/?q={search_term_string}\"},\"query-input\":{\"@type\":\"PropertyValueSpecification\",\"valueRequired\":true,\"valueName\":\"search_term_string\"}}],\"inLanguage\":\"fi\"},{\"@type\":\"Person\",\"@id\":\"https:\/\/suomenkuvalehti.fi\/kuvien-takaa\/#\/schema\/person\/f3f657e4ad409e008f12af27bec60a23\",\"name\":\"Kalle Kinnunen\",\"image\":{\"@type\":\"ImageObject\",\"inLanguage\":\"fi\",\"@id\":\"https:\/\/suomenkuvalehti.fi\/kuvien-takaa\/#\/schema\/person\/image\/\",\"url\":\"https:\/\/suomenkuvalehti.fi\/kuvien-takaa\/wp-content\/uploads\/sites\/11\/2022\/04\/kalle_kinnunen_blogi-1-150x150.jpg\",\"contentUrl\":\"https:\/\/suomenkuvalehti.fi\/kuvien-takaa\/wp-content\/uploads\/sites\/11\/2022\/04\/kalle_kinnunen_blogi-1-150x150.jpg\",\"caption\":\"Kalle Kinnunen\"},\"description\":\"Kalle Kinnunen on vapaa toimittaja ja Suomen Kuvalehden avustaja.\",\"sameAs\":[\"https:\/\/www.facebook.com\/pages\/Kalle-Kinnunen-Kuvien-takaa\/190326157715410?fref=ts\",\"https:\/\/x.com\/https:\/\/twitter.com\/kallekinnunen\"]}]}<\/script>\n<!-- \/ Yoast SEO plugin. -->","yoast_head_json":{"title":"Y\u00f6n ritarin paluu -veril\u00f6yly: elokuvat ja tosiel\u00e4m\u00e4n v\u00e4kivalta - Kuvien takaa","robots":{"index":"index","follow":"follow","max-snippet":"max-snippet:-1","max-image-preview":"max-image-preview:large","max-video-preview":"max-video-preview:-1"},"canonical":"https:\/\/suomenkuvalehti.fi\/kuvien-takaa\/yon-ritarin-paluu-veriloyly-elokuvat-ja-tosielaman-vakivalta\/","og_locale":"fi_FI","og_type":"article","og_title":"Y\u00f6n ritarin paluu -veril\u00f6yly: elokuvat ja tosiel\u00e4m\u00e4n v\u00e4kivalta - Kuvien takaa","og_description":"Surulliset uutiset joukkomurhasta denveril\u00e4isess\u00e4 elokuvateatterissa Y\u00f6n ritarin paluun n\u00e4yt\u00f6ksess\u00e4 tuovat mieleen keskustelun elokuvien suhteesta tosiel\u00e4m\u00e4n v\u00e4kivaltaan. 1990-luvulla useammassakin pohjoisamerikkalaisessa murhatapauksessa puolustus yritti k\u00e4ytt\u00e4\u00e4 &hellip;","og_url":"https:\/\/suomenkuvalehti.fi\/kuvien-takaa\/yon-ritarin-paluu-veriloyly-elokuvat-ja-tosielaman-vakivalta\/","og_site_name":"Kuvien takaa","article_author":"https:\/\/www.facebook.com\/pages\/Kalle-Kinnunen-Kuvien-takaa\/190326157715410?fref=ts","article_published_time":"2012-07-20T08:12:53+00:00","article_modified_time":"2013-11-30T14:24:24+00:00","og_image":[{"width":2560,"height":1707,"url":"https:\/\/suomenkuvalehti.fi\/kuvien-takaa\/wp-content\/uploads\/sites\/11\/2022\/04\/kalle_kinnunen_blogi-1-scaled.jpg","type":"image\/jpeg"}],"author":"Kalle Kinnunen","twitter_card":"summary_large_image","twitter_creator":"@https:\/\/twitter.com\/kallekinnunen","twitter_misc":{"Written by":"Kalle Kinnunen","Est. reading time":"2 minuuttia"},"schema":{"@context":"https:\/\/schema.org","@graph":[{"@type":"WebPage","@id":"https:\/\/suomenkuvalehti.fi\/kuvien-takaa\/yon-ritarin-paluu-veriloyly-elokuvat-ja-tosielaman-vakivalta\/","url":"https:\/\/suomenkuvalehti.fi\/kuvien-takaa\/yon-ritarin-paluu-veriloyly-elokuvat-ja-tosielaman-vakivalta\/","name":"Y\u00f6n ritarin paluu -veril\u00f6yly: elokuvat ja tosiel\u00e4m\u00e4n v\u00e4kivalta - Kuvien takaa","isPartOf":{"@id":"https:\/\/suomenkuvalehti.fi\/kuvien-takaa\/#website"},"datePublished":"2012-07-20T08:12:53+00:00","dateModified":"2013-11-30T14:24:24+00:00","author":{"@id":"https:\/\/suomenkuvalehti.fi\/kuvien-takaa\/#\/schema\/person\/f3f657e4ad409e008f12af27bec60a23"},"breadcrumb":{"@id":"https:\/\/suomenkuvalehti.fi\/kuvien-takaa\/yon-ritarin-paluu-veriloyly-elokuvat-ja-tosielaman-vakivalta\/#breadcrumb"},"inLanguage":"fi","potentialAction":[{"@type":"ReadAction","target":["https:\/\/suomenkuvalehti.fi\/kuvien-takaa\/yon-ritarin-paluu-veriloyly-elokuvat-ja-tosielaman-vakivalta\/"]}]},{"@type":"BreadcrumbList","@id":"https:\/\/suomenkuvalehti.fi\/kuvien-takaa\/yon-ritarin-paluu-veriloyly-elokuvat-ja-tosielaman-vakivalta\/#breadcrumb","itemListElement":[{"@type":"ListItem","position":1,"name":"Home","item":"https:\/\/suomenkuvalehti.fi\/kuvien-takaa\/"},{"@type":"ListItem","position":2,"name":"Y\u00f6n ritarin paluu -veril\u00f6yly: elokuvat ja tosiel\u00e4m\u00e4n v\u00e4kivalta"}]},{"@type":"WebSite","@id":"https:\/\/suomenkuvalehti.fi\/kuvien-takaa\/#website","url":"https:\/\/suomenkuvalehti.fi\/kuvien-takaa\/","name":"Kuvien takaa","description":"Elokuvakriitikko Kalle Kinnusen elokuvablogi.","potentialAction":[{"@type":"SearchAction","target":{"@type":"EntryPoint","urlTemplate":"https:\/\/suomenkuvalehti.fi\/haku\/?q={search_term_string}"},"query-input":{"@type":"PropertyValueSpecification","valueRequired":true,"valueName":"search_term_string"}}],"inLanguage":"fi"},{"@type":"Person","@id":"https:\/\/suomenkuvalehti.fi\/kuvien-takaa\/#\/schema\/person\/f3f657e4ad409e008f12af27bec60a23","name":"Kalle Kinnunen","image":{"@type":"ImageObject","inLanguage":"fi","@id":"https:\/\/suomenkuvalehti.fi\/kuvien-takaa\/#\/schema\/person\/image\/","url":"https:\/\/suomenkuvalehti.fi\/kuvien-takaa\/wp-content\/uploads\/sites\/11\/2022\/04\/kalle_kinnunen_blogi-1-150x150.jpg","contentUrl":"https:\/\/suomenkuvalehti.fi\/kuvien-takaa\/wp-content\/uploads\/sites\/11\/2022\/04\/kalle_kinnunen_blogi-1-150x150.jpg","caption":"Kalle Kinnunen"},"description":"Kalle Kinnunen on vapaa toimittaja ja Suomen Kuvalehden avustaja.","sameAs":["https:\/\/www.facebook.com\/pages\/Kalle-Kinnunen-Kuvien-takaa\/190326157715410?fref=ts","https:\/\/x.com\/https:\/\/twitter.com\/kallekinnunen"]}]}},"_links":{"self":[{"href":"https:\/\/suomenkuvalehti.fi\/kuvien-takaa\/wp-json\/wp\/v2\/posts\/404","targetHints":{"allow":["GET"]}}],"collection":[{"href":"https:\/\/suomenkuvalehti.fi\/kuvien-takaa\/wp-json\/wp\/v2\/posts"}],"about":[{"href":"https:\/\/suomenkuvalehti.fi\/kuvien-takaa\/wp-json\/wp\/v2\/types\/post"}],"author":[{"embeddable":true,"href":"https:\/\/suomenkuvalehti.fi\/kuvien-takaa\/wp-json\/wp\/v2\/users\/144"}],"replies":[{"embeddable":true,"href":"https:\/\/suomenkuvalehti.fi\/kuvien-takaa\/wp-json\/wp\/v2\/comments?post=404"}],"version-history":[{"count":1,"href":"https:\/\/suomenkuvalehti.fi\/kuvien-takaa\/wp-json\/wp\/v2\/posts\/404\/revisions"}],"predecessor-version":[{"id":1653,"href":"https:\/\/suomenkuvalehti.fi\/kuvien-takaa\/wp-json\/wp\/v2\/posts\/404\/revisions\/1653"}],"wp:attachment":[{"href":"https:\/\/suomenkuvalehti.fi\/kuvien-takaa\/wp-json\/wp\/v2\/media?parent=404"}],"wp:term":[{"taxonomy":"category","embeddable":true,"href":"https:\/\/suomenkuvalehti.fi\/kuvien-takaa\/wp-json\/wp\/v2\/categories?post=404"},{"taxonomy":"post_tag","embeddable":true,"href":"https:\/\/suomenkuvalehti.fi\/kuvien-takaa\/wp-json\/wp\/v2\/tags?post=404"}],"curies":[{"name":"wp","href":"https:\/\/api.w.org\/{rel}","templated":true}]}}