{"id":4038,"date":"2017-05-08T13:05:46","date_gmt":"2017-05-08T10:05:46","guid":{"rendered":"https:\/\/suomenkuvalehti.fi\/kuvien-takaa\/?p=4038"},"modified":"2017-05-08T15:04:42","modified_gmt":"2017-05-08T12:04:42","slug":"luuletko-ymmartavasi-uudesta-twin-peaksista-yhtaan-mitaan","status":"publish","type":"post","link":"https:\/\/suomenkuvalehti.fi\/kuvien-takaa\/luuletko-ymmartavasi-uudesta-twin-peaksista-yhtaan-mitaan\/","title":{"rendered":"Luuletko ymm\u00e4rt\u00e4v\u00e4si uudesta Twin Peaksista yht\u00e4\u00e4n mit\u00e4\u00e4n"},"content":{"rendered":"\n<p>Oletko valmistautunut uuteen <em>Twin Peaksiin<\/em>?<\/p>\n\n\n\n<p>Twin Peaksin kolmas kausi alkaa HBO Nordicilla parin viikon kuluttua. Odotukset ovat kovat. Puikoissa on <strong>David Lynch<\/strong> itse. Neuvottelut kolmannesta kaudesta, joka siis jatkaa vuosina 1990-1991 tehty\u00e4 sarjaa, kestiv\u00e4t pitk\u00e4\u00e4n. Koska Lynch lopulta suostui, h\u00e4n sai oletettavasti tahtonsa l\u00e4pi ja merkitt\u00e4v\u00e4n p\u00e4\u00e4t\u00f6svallan sis\u00e4ll\u00f6st\u00e4.<\/p>\n\n\n\n<p>Mukana ovat vanhat tutut: <strong>Kyle McLachlan, M\u00e4dchen Amick, Sherilyn Fenn, David Duchovny, Sheryl Lee, Ray Wise, Harry Dean Stanton<\/strong> ja niin edelleen.<\/p>\n\n\n\n<p>Se, mit\u00e4 on sis\u00e4ll\u00f6llisesti luvassa, onkin sitten hyv\u00e4 kysymys.<\/p>\n\n\n\n<p>Sarjan alkaessa vuonna 1990 Lynch oli ykk\u00f6sluokan art house -elokuvantekij\u00e4. <em>Blue Velvet<\/em> (1986) oli ollut rajuudestaan huolimatta ilmi\u00f6. Samana vuonna 1990 Cannesissa sai maaimanensi-iltansa <em>Villi syd\u00e4n<\/em>, yht\u00e4 v\u00e4kivaltainen, satumainen ja l\u00e4hes yht\u00e4 ihailtu vaelluselokuva (joka on taitaa my\u00f6s olla oma Lynch-suosikkini).<\/p>\n\n\n\n<p>Twin Peaks oli huikea menestys, aivan omanlaisensa &#8221;dekkarisarja&#8221;, joka teki ehdasta surrealismista hetkeksi suosittua. Se oli pakkokatsottavaa televisiota ajalla, jolloin sellaista viel\u00e4 oli. Jatkoksi Lynch teki elokuvan <em>Twin Peaks: Fire Walk With Me<\/em>, jonka vastaanotto oli ristiriitainen.<\/p>\n\n\n\n<p>Seuraavaa Lynch-elokuvaa saatiin odottaa viisi vuotta. <em>Lost Highway<\/em> (1997) oli edelt\u00e4neit\u00e4 elokuvia abstraktimpi \u2013 ja muutos oli tyylillisesti vasta alkua. Ihailijoita Lost Highwaylla riitt\u00e4\u00e4, mutta siit\u00e4 alkaen Lynchill\u00e4 on ollut hankaluuksia l\u00f6yt\u00e4\u00e4 surrealistisille elokuvilleen tuottajia, ainakin sellaisia, jotka veisiv\u00e4t hankkeet maaliin.<\/p>\n\n\n\n<p>Taiteellisesti Lynch oli yh\u00e4 nousussa. Mulholland Drive kuvattiin televisiosarjaksi, mutta rahoittaja Buena Vista (eli Disney) piti sit\u00e4 mahdottomana. Ranskalaistahot mahdollistivat elokuvan viimeistelyn jo kuvatuista materiaaleista. Syntyi <em>Mulholland Dr.<\/em> (2001), joka on noussut Sight &amp; Sound -elokuvalehden maailman parhaiden elokuvien listalle. Se on siis Lynchin elokuvista arvostetuin.<\/p>\n\n\n\n<p>Ilmaisun suunta oli yh\u00e4 monimutkaisempaan. Lynchin viimeinen pitk\u00e4 elokuva on <em>Inland Empire<\/em> (2006), eik\u00e4 kai kukaan voi v\u00e4itt\u00e4\u00e4, ettei se olisi hyvin haastavaa katsottavaa. Toisin sanoen: osaisin suositella sit\u00e4 varsin harvoille. Kolmas tapa sanoa asia: Inland Empire oli pettymys.<\/p>\n\n\n\n<p>Sen j\u00e4lkeen Lynch ei ole elokuvantekoon ryhtynyt tai p\u00e4\u00e4ssyt.<\/p>\n\n\n\n<p>V\u00e4liss\u00e4 valmistunutta <em>The Straight Storya<\/em> (1999) lukuunottamatta Lynchin Twin Peaksin j\u00e4lkeinen ura on siis ollut matkaa yh\u00e4 vaikeampaan kerrontaan. <a href=\"http:\/\/www.indiewire.com\/2017\/05\/david-lynch-twin-peaks-film-retirement-inland-empire-1201813175\/\">Ohjaaja totesi juuri haastattelussa itsekin<\/a>, ett\u00e4 sille, miksi h\u00e4n ei tee eik\u00e4 tule en\u00e4\u00e4 tekem\u00e4\u00e4n teatterielokuvia on se yksinkertainen syy, ett\u00e4 ne ovat liian outoja houkutellakseen katsojia senk\u00e4\u00e4n vertaa, ett\u00e4 rahoittajat saisivat omansa takaisin.<\/p>\n\n\n\n<p>Lynch on siis \u2013 ja hyv\u00e4 niin \u2013 itsep\u00e4inen taiteensa suhteen, eik\u00e4 anna periksi. H\u00e4n tekee tasan mit\u00e4 haluaa, ja vain sen. Uutta <a href=\"https:\/\/www.nytimes.com\/2017\/04\/12\/t-magazine\/entertainment\/david-lynch-twin-peaks.html?_r=2\">Twin Peaksia h\u00e4n kutsuu 18-osaiseksi elokuvaksi<\/a>, ei sarjaksi. Voinemme p\u00e4\u00e4tell\u00e4, ett\u00e4 se noudattaa Lynchin lakeja eik\u00e4 sarjakerronnan normeja.<\/p>\n\n\n\n<p>Jos t\u00e4st\u00e4 tinkim\u00e4tt\u00f6myydest\u00e4 ja viimeisen 25 vuoden urakaaresta voi mit\u00e4\u00e4n p\u00e4\u00e4tell\u00e4, uusi Twin Peaks voi hyvinkin olla Lynchin surrealistisin mestariteos. Tai ainakin surrealistisin teos, sill\u00e4 se saattaa olla my\u00f6s niin outo, hajanainen, abstrakti, sekava ja hermeettinen, ettei sit\u00e4 katso erkkik\u00e4\u00e4n.<\/p>\n\n\n\n<p>Yhdysvalloissa uusi Twin Peaks esitet\u00e4\u00e4\u00e4n Showtime-kanavalla, joka on tilauspalvelu. Sarjan paluu on saanut niin paljon ja innostunutta huomiota, ett\u00e4 Showtime on voittaja jo ennen kuin sarja on edes alkanut.<\/p>\n\n\n\n<p>Elokuva-alan moniportainen ja -vaiheinen levitysbisnes ja yhden kauden odotettu sarja eroavat ansaintamalleiltaan juuri sopivasti tavalla, joka antaisi Lynchille mahdollisuuden tehd\u00e4 t\u00e4ysin dadaistinen sarja, jota kukaan ei ymm\u00e4rr\u00e4 eik\u00e4 voisikaan ymm\u00e4rt\u00e4\u00e4.&nbsp;Showtime ei siin\u00e4 h\u00e4vi\u00e4isi, sill\u00e4 huomio on saavutettu, uusia tilaajia ker\u00e4tty, ja koko ajan on korostettu, ett\u00e4 kyseess\u00e4 on vain yhden kauden mittainen paluu. <em>Win-win<\/em> -tilanne siis &#8211; paitsi suurelle yleis\u00f6lle, jos se ei tajua n\u00e4kem\u00e4st\u00e4\u00e4n h\u00f6lk\u00e4sen p\u00f6l\u00e4yst\u00e4.<\/p>\n\n\n\n<p>Toki uusi Twin Peaks voi my\u00f6s olla viihteellinen ja mukava suuren yleis\u00f6n juttu. Katsotaan!<\/p>\n\n\n","protected":false},"excerpt":{"rendered":"<p>Mukana ovat vanhat tutut.<\/p>\n","protected":false},"author":144,"featured_media":0,"comment_status":"open","ping_status":"closed","sticky":false,"template":"","format":"standard","meta":{"_acf_changed":false,"asauth_required_access_level":3,"asauth_cansharepaid":"true","om_header_attributes":[],"footnotes":"","om_featured_image_focal_point":[],"om_primary_tag":0,"om_contributors":[],"om_co_authors":[],"beyondwords_generate_audio":"","beyondwords_project_id":"","beyondwords_content_id":"","beyondwords_preview_token":"","beyondwords_player_content":"","beyondwords_player_style":"","beyondwords_language_code":"","beyondwords_language_id":"","beyondwords_title_voice_id":"","beyondwords_body_voice_id":"","beyondwords_summary_voice_id":"","beyondwords_error_message":"","beyondwords_disabled":"","beyondwords_delete_content":"","beyondwords_podcast_id":"","beyondwords_hash":"","publish_post_to_speechkit":"","speechkit_hash":"","speechkit_generate_audio":"","speechkit_project_id":"","speechkit_podcast_id":"","speechkit_error_message":"","speechkit_disabled":"","speechkit_access_key":"","speechkit_error":"","speechkit_info":"","speechkit_response":"","speechkit_retries":"","speechkit_status":"","speechkit_updated_at":"","_speechkit_link":"","_speechkit_text":""},"categories":[1],"tags":[882,1977],"class_list":["post-4038","post","type-post","status-publish","format-standard","hentry","category-kuvien-takaa","tag-david-lynch","tag-twin-peaks"],"om_views":null,"acf":{"tuuma_off":false,"tuuma_kysymys":"","tuuma_vastaus":""},"asauth":{"required_access_level":1,"share_token":"","is_paid":false},"yoast_head":"<!-- This site is optimized with the Yoast SEO plugin v26.4 - https:\/\/yoast.com\/wordpress\/plugins\/seo\/ -->\n<title>Luuletko ymm\u00e4rt\u00e4v\u00e4si uudesta Twin Peaksista yht\u00e4\u00e4n mit\u00e4\u00e4n - Kuvien takaa<\/title>\n<meta name=\"robots\" content=\"index, follow, max-snippet:-1, max-image-preview:large, max-video-preview:-1\" \/>\n<link rel=\"canonical\" href=\"https:\/\/suomenkuvalehti.fi\/kuvien-takaa\/luuletko-ymmartavasi-uudesta-twin-peaksista-yhtaan-mitaan\/\" \/>\n<meta property=\"og:locale\" content=\"fi_FI\" \/>\n<meta property=\"og:type\" content=\"article\" \/>\n<meta property=\"og:title\" content=\"Luuletko ymm\u00e4rt\u00e4v\u00e4si uudesta Twin Peaksista yht\u00e4\u00e4n mit\u00e4\u00e4n - Kuvien takaa\" \/>\n<meta property=\"og:description\" content=\"Mukana ovat vanhat tutut.\" \/>\n<meta property=\"og:url\" content=\"https:\/\/suomenkuvalehti.fi\/kuvien-takaa\/luuletko-ymmartavasi-uudesta-twin-peaksista-yhtaan-mitaan\/\" \/>\n<meta property=\"og:site_name\" content=\"Kuvien takaa\" \/>\n<meta property=\"article:author\" content=\"https:\/\/www.facebook.com\/pages\/Kalle-Kinnunen-Kuvien-takaa\/190326157715410?fref=ts\" \/>\n<meta property=\"article:published_time\" content=\"2017-05-08T10:05:46+00:00\" \/>\n<meta property=\"article:modified_time\" content=\"2017-05-08T12:04:42+00:00\" \/>\n<meta property=\"og:image\" content=\"https:\/\/suomenkuvalehti.fi\/kuvien-takaa\/wp-content\/uploads\/sites\/11\/2022\/04\/kalle_kinnunen_blogi-1-scaled.jpg\" \/>\n\t<meta property=\"og:image:width\" content=\"2560\" \/>\n\t<meta property=\"og:image:height\" content=\"1707\" \/>\n\t<meta property=\"og:image:type\" content=\"image\/jpeg\" \/>\n<meta name=\"author\" content=\"Kalle Kinnunen\" \/>\n<meta name=\"twitter:card\" content=\"summary_large_image\" \/>\n<meta name=\"twitter:creator\" content=\"@https:\/\/twitter.com\/kallekinnunen\" \/>\n<meta name=\"twitter:label1\" content=\"Written by\" \/>\n\t<meta name=\"twitter:data1\" content=\"Kalle Kinnunen\" \/>\n\t<meta name=\"twitter:label2\" content=\"Est. reading time\" \/>\n\t<meta name=\"twitter:data2\" content=\"3 minuuttia\" \/>\n<script type=\"application\/ld+json\" class=\"yoast-schema-graph\">{\"@context\":\"https:\/\/schema.org\",\"@graph\":[{\"@type\":\"WebPage\",\"@id\":\"https:\/\/suomenkuvalehti.fi\/kuvien-takaa\/luuletko-ymmartavasi-uudesta-twin-peaksista-yhtaan-mitaan\/\",\"url\":\"https:\/\/suomenkuvalehti.fi\/kuvien-takaa\/luuletko-ymmartavasi-uudesta-twin-peaksista-yhtaan-mitaan\/\",\"name\":\"Luuletko ymm\u00e4rt\u00e4v\u00e4si uudesta Twin Peaksista yht\u00e4\u00e4n mit\u00e4\u00e4n - Kuvien takaa\",\"isPartOf\":{\"@id\":\"https:\/\/suomenkuvalehti.fi\/kuvien-takaa\/#website\"},\"datePublished\":\"2017-05-08T10:05:46+00:00\",\"dateModified\":\"2017-05-08T12:04:42+00:00\",\"author\":{\"@id\":\"https:\/\/suomenkuvalehti.fi\/kuvien-takaa\/#\/schema\/person\/f3f657e4ad409e008f12af27bec60a23\"},\"breadcrumb\":{\"@id\":\"https:\/\/suomenkuvalehti.fi\/kuvien-takaa\/luuletko-ymmartavasi-uudesta-twin-peaksista-yhtaan-mitaan\/#breadcrumb\"},\"inLanguage\":\"fi\",\"potentialAction\":[{\"@type\":\"ReadAction\",\"target\":[\"https:\/\/suomenkuvalehti.fi\/kuvien-takaa\/luuletko-ymmartavasi-uudesta-twin-peaksista-yhtaan-mitaan\/\"]}]},{\"@type\":\"BreadcrumbList\",\"@id\":\"https:\/\/suomenkuvalehti.fi\/kuvien-takaa\/luuletko-ymmartavasi-uudesta-twin-peaksista-yhtaan-mitaan\/#breadcrumb\",\"itemListElement\":[{\"@type\":\"ListItem\",\"position\":1,\"name\":\"Home\",\"item\":\"https:\/\/suomenkuvalehti.fi\/kuvien-takaa\/\"},{\"@type\":\"ListItem\",\"position\":2,\"name\":\"Luuletko ymm\u00e4rt\u00e4v\u00e4si uudesta Twin Peaksista yht\u00e4\u00e4n mit\u00e4\u00e4n\"}]},{\"@type\":\"WebSite\",\"@id\":\"https:\/\/suomenkuvalehti.fi\/kuvien-takaa\/#website\",\"url\":\"https:\/\/suomenkuvalehti.fi\/kuvien-takaa\/\",\"name\":\"Kuvien takaa\",\"description\":\"Elokuvakriitikko Kalle Kinnusen elokuvablogi.\",\"potentialAction\":[{\"@type\":\"SearchAction\",\"target\":{\"@type\":\"EntryPoint\",\"urlTemplate\":\"https:\/\/suomenkuvalehti.fi\/haku\/?q={search_term_string}\"},\"query-input\":{\"@type\":\"PropertyValueSpecification\",\"valueRequired\":true,\"valueName\":\"search_term_string\"}}],\"inLanguage\":\"fi\"},{\"@type\":\"Person\",\"@id\":\"https:\/\/suomenkuvalehti.fi\/kuvien-takaa\/#\/schema\/person\/f3f657e4ad409e008f12af27bec60a23\",\"name\":\"Kalle Kinnunen\",\"image\":{\"@type\":\"ImageObject\",\"inLanguage\":\"fi\",\"@id\":\"https:\/\/suomenkuvalehti.fi\/kuvien-takaa\/#\/schema\/person\/image\/\",\"url\":\"https:\/\/suomenkuvalehti.fi\/kuvien-takaa\/wp-content\/uploads\/sites\/11\/2022\/04\/kalle_kinnunen_blogi-1-150x150.jpg\",\"contentUrl\":\"https:\/\/suomenkuvalehti.fi\/kuvien-takaa\/wp-content\/uploads\/sites\/11\/2022\/04\/kalle_kinnunen_blogi-1-150x150.jpg\",\"caption\":\"Kalle Kinnunen\"},\"description\":\"Kalle Kinnunen on vapaa toimittaja ja Suomen Kuvalehden avustaja.\",\"sameAs\":[\"https:\/\/www.facebook.com\/pages\/Kalle-Kinnunen-Kuvien-takaa\/190326157715410?fref=ts\",\"https:\/\/x.com\/https:\/\/twitter.com\/kallekinnunen\"]}]}<\/script>\n<!-- \/ Yoast SEO plugin. -->","yoast_head_json":{"title":"Luuletko ymm\u00e4rt\u00e4v\u00e4si uudesta Twin Peaksista yht\u00e4\u00e4n mit\u00e4\u00e4n - Kuvien takaa","robots":{"index":"index","follow":"follow","max-snippet":"max-snippet:-1","max-image-preview":"max-image-preview:large","max-video-preview":"max-video-preview:-1"},"canonical":"https:\/\/suomenkuvalehti.fi\/kuvien-takaa\/luuletko-ymmartavasi-uudesta-twin-peaksista-yhtaan-mitaan\/","og_locale":"fi_FI","og_type":"article","og_title":"Luuletko ymm\u00e4rt\u00e4v\u00e4si uudesta Twin Peaksista yht\u00e4\u00e4n mit\u00e4\u00e4n - Kuvien takaa","og_description":"Mukana ovat vanhat tutut.","og_url":"https:\/\/suomenkuvalehti.fi\/kuvien-takaa\/luuletko-ymmartavasi-uudesta-twin-peaksista-yhtaan-mitaan\/","og_site_name":"Kuvien takaa","article_author":"https:\/\/www.facebook.com\/pages\/Kalle-Kinnunen-Kuvien-takaa\/190326157715410?fref=ts","article_published_time":"2017-05-08T10:05:46+00:00","article_modified_time":"2017-05-08T12:04:42+00:00","og_image":[{"width":2560,"height":1707,"url":"https:\/\/suomenkuvalehti.fi\/kuvien-takaa\/wp-content\/uploads\/sites\/11\/2022\/04\/kalle_kinnunen_blogi-1-scaled.jpg","type":"image\/jpeg"}],"author":"Kalle Kinnunen","twitter_card":"summary_large_image","twitter_creator":"@https:\/\/twitter.com\/kallekinnunen","twitter_misc":{"Written by":"Kalle Kinnunen","Est. reading time":"3 minuuttia"},"schema":{"@context":"https:\/\/schema.org","@graph":[{"@type":"WebPage","@id":"https:\/\/suomenkuvalehti.fi\/kuvien-takaa\/luuletko-ymmartavasi-uudesta-twin-peaksista-yhtaan-mitaan\/","url":"https:\/\/suomenkuvalehti.fi\/kuvien-takaa\/luuletko-ymmartavasi-uudesta-twin-peaksista-yhtaan-mitaan\/","name":"Luuletko ymm\u00e4rt\u00e4v\u00e4si uudesta Twin Peaksista yht\u00e4\u00e4n mit\u00e4\u00e4n - Kuvien takaa","isPartOf":{"@id":"https:\/\/suomenkuvalehti.fi\/kuvien-takaa\/#website"},"datePublished":"2017-05-08T10:05:46+00:00","dateModified":"2017-05-08T12:04:42+00:00","author":{"@id":"https:\/\/suomenkuvalehti.fi\/kuvien-takaa\/#\/schema\/person\/f3f657e4ad409e008f12af27bec60a23"},"breadcrumb":{"@id":"https:\/\/suomenkuvalehti.fi\/kuvien-takaa\/luuletko-ymmartavasi-uudesta-twin-peaksista-yhtaan-mitaan\/#breadcrumb"},"inLanguage":"fi","potentialAction":[{"@type":"ReadAction","target":["https:\/\/suomenkuvalehti.fi\/kuvien-takaa\/luuletko-ymmartavasi-uudesta-twin-peaksista-yhtaan-mitaan\/"]}]},{"@type":"BreadcrumbList","@id":"https:\/\/suomenkuvalehti.fi\/kuvien-takaa\/luuletko-ymmartavasi-uudesta-twin-peaksista-yhtaan-mitaan\/#breadcrumb","itemListElement":[{"@type":"ListItem","position":1,"name":"Home","item":"https:\/\/suomenkuvalehti.fi\/kuvien-takaa\/"},{"@type":"ListItem","position":2,"name":"Luuletko ymm\u00e4rt\u00e4v\u00e4si uudesta Twin Peaksista yht\u00e4\u00e4n mit\u00e4\u00e4n"}]},{"@type":"WebSite","@id":"https:\/\/suomenkuvalehti.fi\/kuvien-takaa\/#website","url":"https:\/\/suomenkuvalehti.fi\/kuvien-takaa\/","name":"Kuvien takaa","description":"Elokuvakriitikko Kalle Kinnusen elokuvablogi.","potentialAction":[{"@type":"SearchAction","target":{"@type":"EntryPoint","urlTemplate":"https:\/\/suomenkuvalehti.fi\/haku\/?q={search_term_string}"},"query-input":{"@type":"PropertyValueSpecification","valueRequired":true,"valueName":"search_term_string"}}],"inLanguage":"fi"},{"@type":"Person","@id":"https:\/\/suomenkuvalehti.fi\/kuvien-takaa\/#\/schema\/person\/f3f657e4ad409e008f12af27bec60a23","name":"Kalle Kinnunen","image":{"@type":"ImageObject","inLanguage":"fi","@id":"https:\/\/suomenkuvalehti.fi\/kuvien-takaa\/#\/schema\/person\/image\/","url":"https:\/\/suomenkuvalehti.fi\/kuvien-takaa\/wp-content\/uploads\/sites\/11\/2022\/04\/kalle_kinnunen_blogi-1-150x150.jpg","contentUrl":"https:\/\/suomenkuvalehti.fi\/kuvien-takaa\/wp-content\/uploads\/sites\/11\/2022\/04\/kalle_kinnunen_blogi-1-150x150.jpg","caption":"Kalle Kinnunen"},"description":"Kalle Kinnunen on vapaa toimittaja ja Suomen Kuvalehden avustaja.","sameAs":["https:\/\/www.facebook.com\/pages\/Kalle-Kinnunen-Kuvien-takaa\/190326157715410?fref=ts","https:\/\/x.com\/https:\/\/twitter.com\/kallekinnunen"]}]}},"_links":{"self":[{"href":"https:\/\/suomenkuvalehti.fi\/kuvien-takaa\/wp-json\/wp\/v2\/posts\/4038","targetHints":{"allow":["GET"]}}],"collection":[{"href":"https:\/\/suomenkuvalehti.fi\/kuvien-takaa\/wp-json\/wp\/v2\/posts"}],"about":[{"href":"https:\/\/suomenkuvalehti.fi\/kuvien-takaa\/wp-json\/wp\/v2\/types\/post"}],"author":[{"embeddable":true,"href":"https:\/\/suomenkuvalehti.fi\/kuvien-takaa\/wp-json\/wp\/v2\/users\/144"}],"replies":[{"embeddable":true,"href":"https:\/\/suomenkuvalehti.fi\/kuvien-takaa\/wp-json\/wp\/v2\/comments?post=4038"}],"version-history":[{"count":5,"href":"https:\/\/suomenkuvalehti.fi\/kuvien-takaa\/wp-json\/wp\/v2\/posts\/4038\/revisions"}],"predecessor-version":[{"id":4043,"href":"https:\/\/suomenkuvalehti.fi\/kuvien-takaa\/wp-json\/wp\/v2\/posts\/4038\/revisions\/4043"}],"wp:attachment":[{"href":"https:\/\/suomenkuvalehti.fi\/kuvien-takaa\/wp-json\/wp\/v2\/media?parent=4038"}],"wp:term":[{"taxonomy":"category","embeddable":true,"href":"https:\/\/suomenkuvalehti.fi\/kuvien-takaa\/wp-json\/wp\/v2\/categories?post=4038"},{"taxonomy":"post_tag","embeddable":true,"href":"https:\/\/suomenkuvalehti.fi\/kuvien-takaa\/wp-json\/wp\/v2\/tags?post=4038"}],"curies":[{"name":"wp","href":"https:\/\/api.w.org\/{rel}","templated":true}]}}