{"id":388,"date":"2012-09-04T12:45:51","date_gmt":"2012-09-04T09:45:51","guid":{"rendered":"https:\/\/suomenkuvalehti.fi\/kuvientakaa\/2012\/09\/04\/venetsian-elokuvajuhlat-2012-ruotsin-parhaat-nuoret-ohjaajat-ovat-maahanmuuttajia-fakta\/"},"modified":"2013-11-30T16:24:23","modified_gmt":"2013-11-30T14:24:23","slug":"venetsian-elokuvajuhlat-2012-ruotsin-parhaat-nuoret-ohjaajat-ovat-maahanmuuttajia-fakta","status":"publish","type":"post","link":"https:\/\/suomenkuvalehti.fi\/kuvien-takaa\/venetsian-elokuvajuhlat-2012-ruotsin-parhaat-nuoret-ohjaajat-ovat-maahanmuuttajia-fakta\/","title":{"rendered":"Venetsian elokuvajuhlat 2012: Ruotsin parhaat nuoret ohjaajat ovat maahanmuuttajia &#8211; fakta"},"content":{"rendered":"\n<p>Mik\u00e4 yhdist\u00e4\u00e4 alle nelikymppisten ruotsalaisohjaajien k\u00e4rke\u00e4, <strong>Josef Faresia<\/strong>, <strong>Babak Najafia<\/strong>, <strong>Daniel Espinosaa<\/strong> ja nyt <strong>Levan Akinia<\/strong> sek\u00e4 <strong>Gabriela Pilcheri\u00e4<\/strong>? He kaikki ovat ensimm\u00e4isen tai toisen polven maahanmuuttajia. Pilcher liittyi joukkoon Venetsiassa erinomaisella, maailmalle varmasti hyvin levi\u00e4v\u00e4ll\u00e4 draamalla <em>Eat Sleep Die<\/em>.<\/p>\n\n\n\n\n<p>Libanonissa syntynyt, 10-vuotiaana \u00f6rebrolaistunut Josef Fares on Ruotsin menestyneimpi\u00e4 ohjaajia. Tarina on harvinaisen komea: ensimm\u00e4inen ohjaus <em>Jalla! Jalla!<\/em> ensi-iltaan kun Fares oli 22, ja katsojia tuli kotimaassa 750 000. Faresin viimeisin, <em>Faija<\/em>, sai Ruotsissa 450 000 katsojaa.<\/p>\n\n\n\n<p>Chilel\u00e4isvanhempien poika Espinosa ohjasi <em>Rahalla saa<\/em> -filmatisoinnin (<strong>Jens Lapidusin<\/strong> romaanista) ik\u00e4\u00e4n kuin k\u00e4yntikortikseen ja napattiin samantien Hollywoodiin, jossa h\u00e4n on jo ohjannut <em>Turvatalon<\/em> &#8211; p\u00e4\u00e4osassa <strong>Denzel Washington<\/strong>, yksi parhaiten palkatuista t\u00e4hdist\u00e4 &#8211; ja neuvottelee paraikaa seuraavista t\u00f6ist\u00e4. Seuraava on kai <em>Child 44<\/em>, projekti johon oli aiemmin kiinnitetty <strong>Ridley Scott<\/strong>.<\/p>\n\n\n\n<p>Teheranissa syntynyt ja 11-vuotiaana Ruotsiin muuttanut Najafi, jonka <em>Sebbe<\/em> voitti ansaitusti parhaan elokuvan Guldbaggen (vrt. Jussin), on juuri ohjannut <em>Rahalla saa 2:n<\/em>. Se ei kalpene edelt\u00e4j\u00e4\u00e4ns\u00e4 verrattuna.<\/p>\n\n\n\n<p>N\u00e4in t\u00e4\u00e4ll\u00e4 Venetsiassa puoliksi bosnialaisen, puoliksi it\u00e4valtalaisen ja Sk\u00e5nessa varttuneen Gabriela Pilcherin erinomaisen <em>Eat Sleep Dien<\/em>, joka seuraa parikymppisen bosnialaissukuisen naisen el\u00e4m\u00e4\u00e4 ja ty\u00f6nhakua Ruotsissa. Vahvasti todentuntuista ja samalla hyvin puoleensavet\u00e4v\u00e4\u00e4 elokuvaa voi verrat <strong>Ken Loachin<\/strong> ohjauksiin ja jopa niist\u00e4 parhaisiin. Olen tosissani.<\/p>\n\n\n\n<p>Levan Akinin s\u00e4vyk\u00e4s kamaridraama <em>Certain People<\/em> on loistava elokuva, ja siit\u00e4 pian lis\u00e4\u00e4. Certain People esitet\u00e4\u00e4n Rakkautta &amp; Anarkiaa -festivaaleilla. Akinin vanhemmat ovat 1970-luvulla Ruotsiin muuttaneita georgianarmenialaisia.<\/p>\n\n\n\n<p>Uusista ruotsalaista k\u00e4rkiosaajista vain <em>Apinatytt\u00f6jen<\/em> ohjaaja <strong>Lisa Aschen<\/strong> on &#8221;ruotsalainen&#8221;. <strong>Henrik Hellstr\u00f6m<\/strong> ja <strong>Jesper Ganslandt<\/strong> ovat lupaavia, mutta taiteellisia t\u00e4ysosumia tai hittej\u00e4 vasta odotellaan. (Ja Ganslandt on muuten saksalaisjuurinen, sukua Thomas Mannille.) <strong>Lukas Moodysson<\/strong> ja <strong>Tomas Alfredson<\/strong> ovat jo yli nelj\u00e4kymppisi\u00e4.<\/p>\n\n\n\n<p>Ett\u00e4 n\u00e4in Ruotsissa. Ei t\u00e4st\u00e4 mit\u00e4\u00e4n voi p\u00e4\u00e4tell\u00e4, n\u00e4in vain sattuu olemaan.<\/p>\n\n\n\n<p><em>Just sayin\u00b4.<\/em><\/p>\n\n\n","protected":false},"excerpt":{"rendered":"<p>Mik\u00e4 yhdist\u00e4\u00e4 alle nelikymppisten ruotsalaisohjaajien k\u00e4rke\u00e4, Josef Faresia, Babak Najafia, Daniel Espinosaa ja nyt Levan Akinia sek\u00e4 Gabriela Pilcheri\u00e4? He kaikki ovat ensimm\u00e4isen tai toisen polven maahanmuuttajia. Pilcher<br \/>\nliittyi&hellip;<\/p>\n","protected":false},"author":144,"featured_media":0,"comment_status":"open","ping_status":"open","sticky":false,"template":"","format":"standard","meta":{"_acf_changed":false,"asauth_required_access_level":0,"asauth_cansharepaid":"","om_header_attributes":[],"footnotes":"","om_featured_image_focal_point":[],"om_primary_tag":0,"om_contributors":[],"om_co_authors":[],"beyondwords_generate_audio":"","beyondwords_project_id":"","beyondwords_content_id":"","beyondwords_preview_token":"","beyondwords_player_content":"","beyondwords_player_style":"","beyondwords_language_code":"","beyondwords_language_id":"","beyondwords_title_voice_id":"","beyondwords_body_voice_id":"","beyondwords_summary_voice_id":"","beyondwords_error_message":"","beyondwords_disabled":"","beyondwords_delete_content":"","beyondwords_podcast_id":"","beyondwords_hash":"","publish_post_to_speechkit":"","speechkit_hash":"","speechkit_generate_audio":"","speechkit_project_id":"","speechkit_podcast_id":"","speechkit_error_message":"","speechkit_disabled":"","speechkit_access_key":"","speechkit_error":"","speechkit_info":"","speechkit_response":"","speechkit_retries":"","speechkit_status":"","speechkit_updated_at":"","_speechkit_link":"","_speechkit_text":""},"categories":[1],"tags":[557,558,560,556,559,561,71,80],"class_list":["post-388","post","type-post","status-publish","format-standard","hentry","category-kuvien-takaa","tag-babak-najafi","tag-daniel-espinosa","tag-gabriela-pilcher","tag-josef-fares","tag-levan-akin","tag-maahanmuuttajat","tag-ruotsalainen-elokuva","tag-venetsian-elokuvajuhlat"],"om_views":null,"acf":{"tuuma_off":false,"tuuma_kysymys":"","tuuma_vastaus":""},"asauth":{"required_access_level":1,"share_token":"","is_paid":false},"yoast_head":"<!-- This site is optimized with the Yoast SEO plugin v26.4 - https:\/\/yoast.com\/wordpress\/plugins\/seo\/ -->\n<title>Venetsian elokuvajuhlat 2012: Ruotsin parhaat nuoret ohjaajat ovat maahanmuuttajia - fakta - Kuvien takaa<\/title>\n<meta name=\"robots\" content=\"index, follow, max-snippet:-1, max-image-preview:large, max-video-preview:-1\" \/>\n<link rel=\"canonical\" href=\"https:\/\/suomenkuvalehti.fi\/kuvien-takaa\/venetsian-elokuvajuhlat-2012-ruotsin-parhaat-nuoret-ohjaajat-ovat-maahanmuuttajia-fakta\/\" \/>\n<meta property=\"og:locale\" content=\"fi_FI\" \/>\n<meta property=\"og:type\" content=\"article\" \/>\n<meta property=\"og:title\" content=\"Venetsian elokuvajuhlat 2012: Ruotsin parhaat nuoret ohjaajat ovat maahanmuuttajia - fakta - Kuvien takaa\" \/>\n<meta property=\"og:description\" content=\"Mik\u00e4 yhdist\u00e4\u00e4 alle nelikymppisten ruotsalaisohjaajien k\u00e4rke\u00e4, Josef Faresia, Babak Najafia, Daniel Espinosaa ja nyt Levan Akinia sek\u00e4 Gabriela Pilcheri\u00e4? He kaikki ovat ensimm\u00e4isen tai toisen polven maahanmuuttajia. Pilcher liittyi&hellip;\" \/>\n<meta property=\"og:url\" content=\"https:\/\/suomenkuvalehti.fi\/kuvien-takaa\/venetsian-elokuvajuhlat-2012-ruotsin-parhaat-nuoret-ohjaajat-ovat-maahanmuuttajia-fakta\/\" \/>\n<meta property=\"og:site_name\" content=\"Kuvien takaa\" \/>\n<meta property=\"article:author\" content=\"https:\/\/www.facebook.com\/pages\/Kalle-Kinnunen-Kuvien-takaa\/190326157715410?fref=ts\" \/>\n<meta property=\"article:published_time\" content=\"2012-09-04T09:45:51+00:00\" \/>\n<meta property=\"article:modified_time\" content=\"2013-11-30T14:24:23+00:00\" \/>\n<meta property=\"og:image\" content=\"https:\/\/suomenkuvalehti.fi\/kuvien-takaa\/wp-content\/uploads\/sites\/11\/2022\/04\/kalle_kinnunen_blogi-1-scaled.jpg\" \/>\n\t<meta property=\"og:image:width\" content=\"2560\" \/>\n\t<meta property=\"og:image:height\" content=\"1707\" \/>\n\t<meta property=\"og:image:type\" content=\"image\/jpeg\" \/>\n<meta name=\"author\" content=\"Kalle Kinnunen\" \/>\n<meta name=\"twitter:card\" content=\"summary_large_image\" \/>\n<meta name=\"twitter:creator\" content=\"@https:\/\/twitter.com\/kallekinnunen\" \/>\n<meta name=\"twitter:label1\" content=\"Written by\" \/>\n\t<meta name=\"twitter:data1\" content=\"Kalle Kinnunen\" \/>\n\t<meta name=\"twitter:label2\" content=\"Est. reading time\" \/>\n\t<meta name=\"twitter:data2\" content=\"2 minuuttia\" \/>\n<script type=\"application\/ld+json\" class=\"yoast-schema-graph\">{\"@context\":\"https:\/\/schema.org\",\"@graph\":[{\"@type\":\"WebPage\",\"@id\":\"https:\/\/suomenkuvalehti.fi\/kuvien-takaa\/venetsian-elokuvajuhlat-2012-ruotsin-parhaat-nuoret-ohjaajat-ovat-maahanmuuttajia-fakta\/\",\"url\":\"https:\/\/suomenkuvalehti.fi\/kuvien-takaa\/venetsian-elokuvajuhlat-2012-ruotsin-parhaat-nuoret-ohjaajat-ovat-maahanmuuttajia-fakta\/\",\"name\":\"Venetsian elokuvajuhlat 2012: Ruotsin parhaat nuoret ohjaajat ovat maahanmuuttajia - fakta - Kuvien takaa\",\"isPartOf\":{\"@id\":\"https:\/\/suomenkuvalehti.fi\/kuvien-takaa\/#website\"},\"datePublished\":\"2012-09-04T09:45:51+00:00\",\"dateModified\":\"2013-11-30T14:24:23+00:00\",\"author\":{\"@id\":\"https:\/\/suomenkuvalehti.fi\/kuvien-takaa\/#\/schema\/person\/f3f657e4ad409e008f12af27bec60a23\"},\"breadcrumb\":{\"@id\":\"https:\/\/suomenkuvalehti.fi\/kuvien-takaa\/venetsian-elokuvajuhlat-2012-ruotsin-parhaat-nuoret-ohjaajat-ovat-maahanmuuttajia-fakta\/#breadcrumb\"},\"inLanguage\":\"fi\",\"potentialAction\":[{\"@type\":\"ReadAction\",\"target\":[\"https:\/\/suomenkuvalehti.fi\/kuvien-takaa\/venetsian-elokuvajuhlat-2012-ruotsin-parhaat-nuoret-ohjaajat-ovat-maahanmuuttajia-fakta\/\"]}]},{\"@type\":\"BreadcrumbList\",\"@id\":\"https:\/\/suomenkuvalehti.fi\/kuvien-takaa\/venetsian-elokuvajuhlat-2012-ruotsin-parhaat-nuoret-ohjaajat-ovat-maahanmuuttajia-fakta\/#breadcrumb\",\"itemListElement\":[{\"@type\":\"ListItem\",\"position\":1,\"name\":\"Home\",\"item\":\"https:\/\/suomenkuvalehti.fi\/kuvien-takaa\/\"},{\"@type\":\"ListItem\",\"position\":2,\"name\":\"Venetsian elokuvajuhlat 2012: Ruotsin parhaat nuoret ohjaajat ovat maahanmuuttajia &#8211; fakta\"}]},{\"@type\":\"WebSite\",\"@id\":\"https:\/\/suomenkuvalehti.fi\/kuvien-takaa\/#website\",\"url\":\"https:\/\/suomenkuvalehti.fi\/kuvien-takaa\/\",\"name\":\"Kuvien takaa\",\"description\":\"Elokuvakriitikko Kalle Kinnusen elokuvablogi.\",\"potentialAction\":[{\"@type\":\"SearchAction\",\"target\":{\"@type\":\"EntryPoint\",\"urlTemplate\":\"https:\/\/suomenkuvalehti.fi\/haku\/?q={search_term_string}\"},\"query-input\":{\"@type\":\"PropertyValueSpecification\",\"valueRequired\":true,\"valueName\":\"search_term_string\"}}],\"inLanguage\":\"fi\"},{\"@type\":\"Person\",\"@id\":\"https:\/\/suomenkuvalehti.fi\/kuvien-takaa\/#\/schema\/person\/f3f657e4ad409e008f12af27bec60a23\",\"name\":\"Kalle Kinnunen\",\"image\":{\"@type\":\"ImageObject\",\"inLanguage\":\"fi\",\"@id\":\"https:\/\/suomenkuvalehti.fi\/kuvien-takaa\/#\/schema\/person\/image\/\",\"url\":\"https:\/\/suomenkuvalehti.fi\/kuvien-takaa\/wp-content\/uploads\/sites\/11\/2022\/04\/kalle_kinnunen_blogi-1-150x150.jpg\",\"contentUrl\":\"https:\/\/suomenkuvalehti.fi\/kuvien-takaa\/wp-content\/uploads\/sites\/11\/2022\/04\/kalle_kinnunen_blogi-1-150x150.jpg\",\"caption\":\"Kalle Kinnunen\"},\"description\":\"Kalle Kinnunen on vapaa toimittaja ja Suomen Kuvalehden avustaja.\",\"sameAs\":[\"https:\/\/www.facebook.com\/pages\/Kalle-Kinnunen-Kuvien-takaa\/190326157715410?fref=ts\",\"https:\/\/x.com\/https:\/\/twitter.com\/kallekinnunen\"]}]}<\/script>\n<!-- \/ Yoast SEO plugin. -->","yoast_head_json":{"title":"Venetsian elokuvajuhlat 2012: Ruotsin parhaat nuoret ohjaajat ovat maahanmuuttajia - fakta - Kuvien takaa","robots":{"index":"index","follow":"follow","max-snippet":"max-snippet:-1","max-image-preview":"max-image-preview:large","max-video-preview":"max-video-preview:-1"},"canonical":"https:\/\/suomenkuvalehti.fi\/kuvien-takaa\/venetsian-elokuvajuhlat-2012-ruotsin-parhaat-nuoret-ohjaajat-ovat-maahanmuuttajia-fakta\/","og_locale":"fi_FI","og_type":"article","og_title":"Venetsian elokuvajuhlat 2012: Ruotsin parhaat nuoret ohjaajat ovat maahanmuuttajia - fakta - Kuvien takaa","og_description":"Mik\u00e4 yhdist\u00e4\u00e4 alle nelikymppisten ruotsalaisohjaajien k\u00e4rke\u00e4, Josef Faresia, Babak Najafia, Daniel Espinosaa ja nyt Levan Akinia sek\u00e4 Gabriela Pilcheri\u00e4? He kaikki ovat ensimm\u00e4isen tai toisen polven maahanmuuttajia. Pilcher liittyi&hellip;","og_url":"https:\/\/suomenkuvalehti.fi\/kuvien-takaa\/venetsian-elokuvajuhlat-2012-ruotsin-parhaat-nuoret-ohjaajat-ovat-maahanmuuttajia-fakta\/","og_site_name":"Kuvien takaa","article_author":"https:\/\/www.facebook.com\/pages\/Kalle-Kinnunen-Kuvien-takaa\/190326157715410?fref=ts","article_published_time":"2012-09-04T09:45:51+00:00","article_modified_time":"2013-11-30T14:24:23+00:00","og_image":[{"width":2560,"height":1707,"url":"https:\/\/suomenkuvalehti.fi\/kuvien-takaa\/wp-content\/uploads\/sites\/11\/2022\/04\/kalle_kinnunen_blogi-1-scaled.jpg","type":"image\/jpeg"}],"author":"Kalle Kinnunen","twitter_card":"summary_large_image","twitter_creator":"@https:\/\/twitter.com\/kallekinnunen","twitter_misc":{"Written by":"Kalle Kinnunen","Est. reading time":"2 minuuttia"},"schema":{"@context":"https:\/\/schema.org","@graph":[{"@type":"WebPage","@id":"https:\/\/suomenkuvalehti.fi\/kuvien-takaa\/venetsian-elokuvajuhlat-2012-ruotsin-parhaat-nuoret-ohjaajat-ovat-maahanmuuttajia-fakta\/","url":"https:\/\/suomenkuvalehti.fi\/kuvien-takaa\/venetsian-elokuvajuhlat-2012-ruotsin-parhaat-nuoret-ohjaajat-ovat-maahanmuuttajia-fakta\/","name":"Venetsian elokuvajuhlat 2012: Ruotsin parhaat nuoret ohjaajat ovat maahanmuuttajia - fakta - Kuvien takaa","isPartOf":{"@id":"https:\/\/suomenkuvalehti.fi\/kuvien-takaa\/#website"},"datePublished":"2012-09-04T09:45:51+00:00","dateModified":"2013-11-30T14:24:23+00:00","author":{"@id":"https:\/\/suomenkuvalehti.fi\/kuvien-takaa\/#\/schema\/person\/f3f657e4ad409e008f12af27bec60a23"},"breadcrumb":{"@id":"https:\/\/suomenkuvalehti.fi\/kuvien-takaa\/venetsian-elokuvajuhlat-2012-ruotsin-parhaat-nuoret-ohjaajat-ovat-maahanmuuttajia-fakta\/#breadcrumb"},"inLanguage":"fi","potentialAction":[{"@type":"ReadAction","target":["https:\/\/suomenkuvalehti.fi\/kuvien-takaa\/venetsian-elokuvajuhlat-2012-ruotsin-parhaat-nuoret-ohjaajat-ovat-maahanmuuttajia-fakta\/"]}]},{"@type":"BreadcrumbList","@id":"https:\/\/suomenkuvalehti.fi\/kuvien-takaa\/venetsian-elokuvajuhlat-2012-ruotsin-parhaat-nuoret-ohjaajat-ovat-maahanmuuttajia-fakta\/#breadcrumb","itemListElement":[{"@type":"ListItem","position":1,"name":"Home","item":"https:\/\/suomenkuvalehti.fi\/kuvien-takaa\/"},{"@type":"ListItem","position":2,"name":"Venetsian elokuvajuhlat 2012: Ruotsin parhaat nuoret ohjaajat ovat maahanmuuttajia &#8211; fakta"}]},{"@type":"WebSite","@id":"https:\/\/suomenkuvalehti.fi\/kuvien-takaa\/#website","url":"https:\/\/suomenkuvalehti.fi\/kuvien-takaa\/","name":"Kuvien takaa","description":"Elokuvakriitikko Kalle Kinnusen elokuvablogi.","potentialAction":[{"@type":"SearchAction","target":{"@type":"EntryPoint","urlTemplate":"https:\/\/suomenkuvalehti.fi\/haku\/?q={search_term_string}"},"query-input":{"@type":"PropertyValueSpecification","valueRequired":true,"valueName":"search_term_string"}}],"inLanguage":"fi"},{"@type":"Person","@id":"https:\/\/suomenkuvalehti.fi\/kuvien-takaa\/#\/schema\/person\/f3f657e4ad409e008f12af27bec60a23","name":"Kalle Kinnunen","image":{"@type":"ImageObject","inLanguage":"fi","@id":"https:\/\/suomenkuvalehti.fi\/kuvien-takaa\/#\/schema\/person\/image\/","url":"https:\/\/suomenkuvalehti.fi\/kuvien-takaa\/wp-content\/uploads\/sites\/11\/2022\/04\/kalle_kinnunen_blogi-1-150x150.jpg","contentUrl":"https:\/\/suomenkuvalehti.fi\/kuvien-takaa\/wp-content\/uploads\/sites\/11\/2022\/04\/kalle_kinnunen_blogi-1-150x150.jpg","caption":"Kalle Kinnunen"},"description":"Kalle Kinnunen on vapaa toimittaja ja Suomen Kuvalehden avustaja.","sameAs":["https:\/\/www.facebook.com\/pages\/Kalle-Kinnunen-Kuvien-takaa\/190326157715410?fref=ts","https:\/\/x.com\/https:\/\/twitter.com\/kallekinnunen"]}]}},"_links":{"self":[{"href":"https:\/\/suomenkuvalehti.fi\/kuvien-takaa\/wp-json\/wp\/v2\/posts\/388","targetHints":{"allow":["GET"]}}],"collection":[{"href":"https:\/\/suomenkuvalehti.fi\/kuvien-takaa\/wp-json\/wp\/v2\/posts"}],"about":[{"href":"https:\/\/suomenkuvalehti.fi\/kuvien-takaa\/wp-json\/wp\/v2\/types\/post"}],"author":[{"embeddable":true,"href":"https:\/\/suomenkuvalehti.fi\/kuvien-takaa\/wp-json\/wp\/v2\/users\/144"}],"replies":[{"embeddable":true,"href":"https:\/\/suomenkuvalehti.fi\/kuvien-takaa\/wp-json\/wp\/v2\/comments?post=388"}],"version-history":[{"count":1,"href":"https:\/\/suomenkuvalehti.fi\/kuvien-takaa\/wp-json\/wp\/v2\/posts\/388\/revisions"}],"predecessor-version":[{"id":1643,"href":"https:\/\/suomenkuvalehti.fi\/kuvien-takaa\/wp-json\/wp\/v2\/posts\/388\/revisions\/1643"}],"wp:attachment":[{"href":"https:\/\/suomenkuvalehti.fi\/kuvien-takaa\/wp-json\/wp\/v2\/media?parent=388"}],"wp:term":[{"taxonomy":"category","embeddable":true,"href":"https:\/\/suomenkuvalehti.fi\/kuvien-takaa\/wp-json\/wp\/v2\/categories?post=388"},{"taxonomy":"post_tag","embeddable":true,"href":"https:\/\/suomenkuvalehti.fi\/kuvien-takaa\/wp-json\/wp\/v2\/tags?post=388"}],"curies":[{"name":"wp","href":"https:\/\/api.w.org\/{rel}","templated":true}]}}