{"id":383,"date":"2012-09-11T13:01:01","date_gmt":"2012-09-11T10:01:01","guid":{"rendered":"https:\/\/suomenkuvalehti.fi\/kuvientakaa\/2012\/09\/11\/poimintoja-rakkautta-anarkiaa-2012-festivaalin-ohjelmistosta-osa-2\/"},"modified":"2013-11-30T16:24:23","modified_gmt":"2013-11-30T14:24:23","slug":"poimintoja-rakkautta-anarkiaa-2012-festivaalin-ohjelmistosta-osa-2","status":"publish","type":"post","link":"https:\/\/suomenkuvalehti.fi\/kuvien-takaa\/poimintoja-rakkautta-anarkiaa-2012-festivaalin-ohjelmistosta-osa-2\/","title":{"rendered":"Poimintoja Rakkautta &amp; Anarkiaa 2012 -festivaalin ohjelmistosta, osa 2"},"content":{"rendered":"\n<p>Helsingiss\u00e4 vietet\u00e4\u00e4n 20.-30.9. Suomen suurinta elokuvajuhlaa. T\u00e4ss\u00e4 viisi suurinta suosikkiani R&amp;A-festarin elokuvista &#8211; sek\u00e4 koko joukko mainintoja.<\/p>\n\n\n\n\n<p>Listasin kymmenen <a href=\"https:\/\/suomenkuvalehti.fi\/kuvientakaa\/2012\/09\/10\/poimintoja-rakkautta-anarkiaa-2012-festivaalin-ohjelmistosta-osa-1\/\">R&amp;A-elokuvaa<\/a> jo eilen.<\/p>\n\n\n\n<p>T\u00e4ss\u00e4 siis ne kovat, jotka itsekin k\u00e4yn katsastamassa kankaalta uudelleen.<\/p>\n\n\n\n<p><em>The Ambassador<\/em><br>Todella hauska, todella kuumottava, sangen ep\u00e4korrekti elokuva &#8211; ja mik\u00e4 pahinta, totta. Tanskalainen <strong>Mads Brugge<\/strong> ostaa pimeilt\u00e4 markkinoilta afrikkalaisvaltion diplomaatin paperit ja yritt\u00e4\u00e4 p\u00e4\u00e4st\u00e4 veritimanttibisnekseen Keski-Afrikan tasavallassa. N\u00e4hty\u00e4ni elokuvan Karlovy Varyn festareilla twiittasin jotain sentyylist\u00e4, ett\u00e4 &#8221;<strong>Werner Herzog<\/strong> kohtaa <strong>Barbet Schoroederin<\/strong> Idi Amin Dadan ja <strong>Sacha Baron Cohenin<\/strong>&#8221;. Kuiva huumori siis Herzogia, Afrikka-painajainen kuin nerokkaasta <strong>Idi Amin<\/strong>-dokkarista ja Bruggen h\u00e4vytt\u00f6myys ja pokka kuin Baron Cohenia. \u00c4llistytt\u00e4v\u00e4 teos j\u00e4\u00e4 dokumenttielokuvan historiaan.<\/p>\n\n\n\n<p><em>Certain People<\/em><strong><br>Levan Akinin<\/strong> draamassa (ruots. <em>Katinka&#8217;s kalas<\/em>) luovan luokan nuoret tukholmalaiset (joihin Akin tiet\u00e4\u00e4 itsekin lukeutuvansa) viett\u00e4v\u00e4t m\u00f6kkiviikonloppua ihanien esineiden keskell\u00e4. Ter\u00e4v\u00e4 sukupolvielokuva tallentaa aikaa ja kulttuuria, joka on taatusti tuttu suurelle osalle alle nelikymppisi\u00e4 R&amp;A-katsojiakin. #hipsterilasit #elitismi&nbsp; #tekopyhyys #graafikot #kashmir #ironia #sofiacoppola #luovaluokka #aidat #edell\u00e4k\u00e4vijyys #norsunluutorni #nirppanokat #jokuroti<\/p>\n\n\n\n<p><em>Margaret<\/em><br><strong>Kenneth Lonerganin<\/strong> draamasta tuli ilmi\u00f6 tavallaan ulkoelokuvallisista syist\u00e4 (bloggasin <a href=\"https:\/\/suomenkuvalehti.fi\/kuvientakaa\/2012\/03\/20\/tapaus-margaret-ja-elokuvakritiikki-aktivismina\/\">Team Margaretista<\/a> kev\u00e4\u00e4ll\u00e4). En koe liioittelevani, jos sanon, ett\u00e4 Lonergan on tehnyt tarkkan\u00e4k\u00f6isimm\u00e4n realistisen amerikkalaisdraaman vuosiin. Viiden t\u00e4hden elokuva kertoo nuoren p\u00e4\u00e4henkil\u00f6n (<strong>Anna Paquin<\/strong>) kautta ep\u00e4varmuuksista ja ristiriidoista, joista ihmisyys oman kokemukseni mukaan aika pitk\u00e4lti koostuu. S\u00e4\u00e4li, ettei elokuvaa tuotu Suomessakaan valkokangaslevitykseen, jonka se todella ansaitsisi.<\/p>\n\n\n\n<p><em>Tabloid<\/em><br><strong>Errol Morrisin<\/strong> viimeisin pitk\u00e4 dokumentti saadaan vihdoin Suomessa n\u00e4ytille. Kirjoitin siit\u00e4 kaksi vuotta sitten Lontoon elokuvajuhlilta: <a href=\"suomenkuvalehti.fi\/blogit\/kuvien-takaa\/lontoon-elokuvafestivaalit-2010-errol-morrisin-uusi-dokumentti-tabloid-on-merkillinen-tragikomedia\"><em>Errol Morrisin uusi dokumentti Tabloid on merkillinen tragikomedia<\/em><\/a>. Hillit\u00f6n, taattuun Morris-tapaan paljon n\u00e4enn\u00e4ist\u00e4 aihettaan laajemmaksi kasvava tarina ei ole yht\u00e4\u00e4n v\u00e4hemm\u00e4n &#8221;t\u00e4rke\u00e4&#8221; kuin vaikkapa <em>Standard Operating Procedure<\/em>.<\/p>\n\n\n\n<p><em>Wrinkles<\/em><br>Vanhainkotiin sijoittuva espanjalainen draama kertoo laitosel\u00e4m\u00e4st\u00e4, jossa riemastuttavan absurdi kohtaa kuolemanvakavan.&nbsp; Elokuva on hyvin perustellusti animaatio: n\u00e4yteltyn\u00e4 ment\u00e4isiin yli kipukynnyksen.<\/p>\n\n\n\n<p>Listojen ulkopuolelle j\u00e4i vaikka kuinka paljon hyvi\u00e4 ja suositeltavia elokuvia. <strong>LCD Soundsystemin<\/strong> musiikin yst\u00e4v\u00e4t haluavat tietenkin n\u00e4hd\u00e4 hyv\u00e4n dokumentin\/keikkatallenteen <em>Shut Up and Play the Hits<\/em>. Vahva musiikkiyhteys on my\u00f6s sielukkaasti gangsterisielunmaisemia sivuavassa ruotsalaisdraamassa <em>Avalon<\/em>: talous- ym. rikollinen kuusikymppinen pintaliitoveteraani nime\u00e4\u00e4 uuden saaristoklubinsa <strong>Roxy Musicin<\/strong> huippubiisin mukaan, mutta n\u00e4hd\u00e4\u00e4nk\u00f6 edes avajaisia? Kovempaa rikosmenoa esittelee tosipohjainen islantilainen diilerisaaga <em>Black&#8217;s Game<\/em>. Toisenlaisiin alakulttuureihin, mutta yh\u00e4 liev\u00e4sti pohjoismaisella kulmalla kurkistaa <strong>Ira Sachsin<\/strong> (homo)draama <em>Keep the Lights On<\/em>, jossa newyorkilaistuvaa tanskalaista n\u00e4yttelee <strong>Thure Lindhart<\/strong> ja h\u00e4nen \u00e4iti\u00e4\u00e4n <strong>Paprika Steen<\/strong>: s\u00e4vy on melankolinen, muttei synkk\u00e4.<\/p>\n\n\n\n<p>Rakkaus raatelee levottoman romanttisin s\u00e4vyin my\u00f6s <em>Persepolis<\/em>-sarjakuvan ja -elokuvan tekij\u00e4n <strong>Marjane Satrapin<\/strong> uudessa <em>Chicken with Plumsissa<\/em>, joka perustuu h\u00e4nen sarjakuvaromaaniinsa Luumukanaa. 1950-luvun lopun Iraniin sijoittuvan aikuisten sadun p\u00e4\u00e4osassa on taas kerran huikea <strong>Mathieu Amalric<\/strong>. Karmivinta slaavifatalismia edustaa eilen mainitsemani Balabanovin rinnalla <strong>Sergei Loznitsan<\/strong> vahva <em>In the Fog<\/em>, vain vahvakanttisille sopiva moraalitarina saksalaisten miehitt\u00e4m\u00e4st\u00e4 Ukrainasta vuonna 1942. N\u00e4kym\u00e4t\u00f6nt\u00e4 vihollista, joka <em>varmasti<\/em> on jossain siell\u00e4 kukkuloilla vaanimassa, etsit\u00e4\u00e4n my\u00f6s ajankohtaisesti poliittisesti vertauskuvallisessa turkkilaisessa kostokuvauksessa <em>Beyond the Hill<\/em>. Kevyimm\u00e4st\u00e4, mutta silti fiksusta ohjelmiston laidasta l\u00f6ytyy <strong>Whit Stilmanin<\/strong> (mm. <em>Last Days of Disco<\/em>) tyypillisen puhelias <em>Damsels in Distress<\/em>, jossa n\u00e4hd\u00e4\u00e4n esimerkiksi US-indieskenen ansioitunut uusi lemmikki, ihastuttava <strong>Greta Gerwig<\/strong>. Stillmanin tyyli on kuin lempe\u00e4mp\u00e4\u00e4 <strong>Woody Alleni<\/strong>a. <a href=\"https:\/\/suomenkuvalehti.fi\/kuvientakaa\/2012\/07\/06\/karlovy-vary-2012-pienen-budjetin-suuret-saavutukset-eli-elokuvaa-intohimosta\/\"><em>Either Way<\/em><\/a> on lakoninen islantilainen komedia, josta <strong>David Gordon Green<\/strong> ohjasi jo jenkki-remaken. <strong>Ursula Meierin<\/strong> Alpeilla ohjaama <em>Sister<\/em> on <strong>Dardenne<\/strong>-vivahteinen vahva draama v\u00e4h\u00e4n erilaisista laskettelupummeista.&nbsp;<em>Paradise: Love<\/em> on <strong>Ulrich Seidlille<\/strong> tyypillisesti julmankoominen draama: ylipainoinen ja naiivi it\u00e4valtalainen rouva etsii maksettua rakkautta Keniassa. <strong>Nadav Lapidin<\/strong> israelilainen <em>Policeman<\/em> on hirrmuisen kovaksi hiottu kuvaus machopoliiseista ja \u00e4\u00e4li\u00f6m\u00e4isist\u00e4 (juutalaisista) terroristeista. Ja on vaikka mit\u00e4.<\/p>\n\n\n\n<p>Yksi festarihenkinen t\u00e4rppi on Cannesissa ihasteltu, <strong>Leos Caraxin<\/strong> ohjaama &#8221;onpa erikoista&#8221;-genren hassuttelu <em>Holy Motors<\/em>, joka tarjoaa korostetun intellektuellia kommentointia elokuvan nykytilasta ja jonka parissa etenkin nykyelokuvia paskana pit\u00e4v\u00e4 cinefiili voi t\u00e4ysill\u00e4 fiilistell\u00e4 omaa erinomaisuuttaan. P\u00e4\u00e4osan <strong>Denis Lavantia<\/strong> on toki hauska katsoa. Sain enemm\u00e4n irti <strong>Amir Nadirin<\/strong> Japanissa ohjaamasta <em>Cutista<\/em>, jossa \u00e4rsytt\u00e4v\u00e4 elokuvafanaatikko joutuu maksamaan veljens\u00e4 yakuza-velkaa ottamalla rikollisilta turpiin satoja kertoja. Tarkoituksellisen toisteisen kehittelyn kest\u00e4neet katsojat palkitaan Cutin lopussa nostattavalla loppuhuipennuksella, jota kovakouraisempaa elokuvan ylistyst\u00e4 en ole n\u00e4hnyt:  viimeisess\u00e4 rutistuksessa mies hakataan liiskaksi, mink\u00e4 h\u00e4n kest\u00e4\u00e4 listaamalla mieless\u00e4\u00e4n maailman sata parasta elokuvaa.<\/p>\n\n\n\n<p>Luonnollisesti my\u00f6s yleis\u00f6 alkaa siin\u00e4 veren roiskuessa pohtia tuiki t\u00e4rke\u00e4\u00e4 kysymyst\u00e4 elokuvahistorian virstanpylv\u00e4ist\u00e4.<\/p>\n\n\n","protected":false},"excerpt":{"rendered":"<p>Helsingiss\u00e4 vietet\u00e4\u00e4n 20.-30.9. Suomen suurinta elokuvajuhlaa. T\u00e4ss\u00e4 viisi suurinta suosikkiani R&amp;A-festarin elokuvista &#8211; sek\u00e4 koko joukko mainintoja. Listasin kymmenen R&amp;A-elokuvaa jo eilen. T\u00e4ss\u00e4 siis ne kovat, jotka itsekin k\u00e4yn<br \/>\nkatsasta&hellip;<\/p>\n","protected":false},"author":144,"featured_media":0,"comment_status":"open","ping_status":"open","sticky":false,"template":"","format":"standard","meta":{"_acf_changed":false,"asauth_required_access_level":0,"asauth_cansharepaid":"","om_header_attributes":[],"footnotes":"","om_featured_image_focal_point":[],"om_primary_tag":0,"om_contributors":[],"om_co_authors":[],"beyondwords_generate_audio":"","beyondwords_project_id":"","beyondwords_content_id":"","beyondwords_preview_token":"","beyondwords_player_content":"","beyondwords_player_style":"","beyondwords_language_code":"","beyondwords_language_id":"","beyondwords_title_voice_id":"","beyondwords_body_voice_id":"","beyondwords_summary_voice_id":"","beyondwords_error_message":"","beyondwords_disabled":"","beyondwords_delete_content":"","beyondwords_podcast_id":"","beyondwords_hash":"","publish_post_to_speechkit":"","speechkit_hash":"","speechkit_generate_audio":"","speechkit_project_id":"","speechkit_podcast_id":"","speechkit_error_message":"","speechkit_disabled":"","speechkit_access_key":"","speechkit_error":"","speechkit_info":"","speechkit_response":"","speechkit_retries":"","speechkit_status":"","speechkit_updated_at":"","_speechkit_link":"","_speechkit_text":""},"categories":[1],"tags":[536,266,537,55,538,535,539],"class_list":["post-383","post","type-post","status-publish","format-standard","hentry","category-kuvien-takaa","tag-certain-people","tag-holy-motors","tag-margaret","tag-rakkauttaanarkiaa","tag-tabloid","tag-the-ambassador","tag-wrinkles"],"om_views":null,"acf":{"tuuma_off":false,"tuuma_kysymys":"","tuuma_vastaus":""},"asauth":{"required_access_level":1,"share_token":"","is_paid":false},"yoast_head":"<!-- This site is optimized with the Yoast SEO plugin v26.4 - https:\/\/yoast.com\/wordpress\/plugins\/seo\/ -->\n<title>Poimintoja Rakkautta &amp; Anarkiaa 2012 -festivaalin ohjelmistosta, osa 2 - Kuvien takaa<\/title>\n<meta name=\"robots\" content=\"index, follow, max-snippet:-1, max-image-preview:large, max-video-preview:-1\" \/>\n<link rel=\"canonical\" href=\"https:\/\/suomenkuvalehti.fi\/kuvien-takaa\/poimintoja-rakkautta-anarkiaa-2012-festivaalin-ohjelmistosta-osa-2\/\" \/>\n<meta property=\"og:locale\" content=\"fi_FI\" \/>\n<meta property=\"og:type\" content=\"article\" \/>\n<meta property=\"og:title\" content=\"Poimintoja Rakkautta &amp; Anarkiaa 2012 -festivaalin ohjelmistosta, osa 2 - Kuvien takaa\" \/>\n<meta property=\"og:description\" content=\"Helsingiss\u00e4 vietet\u00e4\u00e4n 20.-30.9. Suomen suurinta elokuvajuhlaa. T\u00e4ss\u00e4 viisi suurinta suosikkiani R&amp;A-festarin elokuvista &#8211; sek\u00e4 koko joukko mainintoja. Listasin kymmenen R&amp;A-elokuvaa jo eilen. T\u00e4ss\u00e4 siis ne kovat, jotka itsekin k\u00e4yn katsasta&hellip;\" \/>\n<meta property=\"og:url\" content=\"https:\/\/suomenkuvalehti.fi\/kuvien-takaa\/poimintoja-rakkautta-anarkiaa-2012-festivaalin-ohjelmistosta-osa-2\/\" \/>\n<meta property=\"og:site_name\" content=\"Kuvien takaa\" \/>\n<meta property=\"article:author\" content=\"https:\/\/www.facebook.com\/pages\/Kalle-Kinnunen-Kuvien-takaa\/190326157715410?fref=ts\" \/>\n<meta property=\"article:published_time\" content=\"2012-09-11T10:01:01+00:00\" \/>\n<meta property=\"article:modified_time\" content=\"2013-11-30T14:24:23+00:00\" \/>\n<meta property=\"og:image\" content=\"https:\/\/suomenkuvalehti.fi\/kuvien-takaa\/wp-content\/uploads\/sites\/11\/2022\/04\/kalle_kinnunen_blogi-1-scaled.jpg\" \/>\n\t<meta property=\"og:image:width\" content=\"2560\" \/>\n\t<meta property=\"og:image:height\" content=\"1707\" \/>\n\t<meta property=\"og:image:type\" content=\"image\/jpeg\" \/>\n<meta name=\"author\" content=\"Kalle Kinnunen\" \/>\n<meta name=\"twitter:card\" content=\"summary_large_image\" \/>\n<meta name=\"twitter:creator\" content=\"@https:\/\/twitter.com\/kallekinnunen\" \/>\n<meta name=\"twitter:label1\" content=\"Written by\" \/>\n\t<meta name=\"twitter:data1\" content=\"Kalle Kinnunen\" \/>\n\t<meta name=\"twitter:label2\" content=\"Est. reading time\" \/>\n\t<meta name=\"twitter:data2\" content=\"4 minuuttia\" \/>\n<script type=\"application\/ld+json\" class=\"yoast-schema-graph\">{\"@context\":\"https:\/\/schema.org\",\"@graph\":[{\"@type\":\"WebPage\",\"@id\":\"https:\/\/suomenkuvalehti.fi\/kuvien-takaa\/poimintoja-rakkautta-anarkiaa-2012-festivaalin-ohjelmistosta-osa-2\/\",\"url\":\"https:\/\/suomenkuvalehti.fi\/kuvien-takaa\/poimintoja-rakkautta-anarkiaa-2012-festivaalin-ohjelmistosta-osa-2\/\",\"name\":\"Poimintoja Rakkautta &amp; Anarkiaa 2012 -festivaalin ohjelmistosta, osa 2 - Kuvien takaa\",\"isPartOf\":{\"@id\":\"https:\/\/suomenkuvalehti.fi\/kuvien-takaa\/#website\"},\"datePublished\":\"2012-09-11T10:01:01+00:00\",\"dateModified\":\"2013-11-30T14:24:23+00:00\",\"author\":{\"@id\":\"https:\/\/suomenkuvalehti.fi\/kuvien-takaa\/#\/schema\/person\/f3f657e4ad409e008f12af27bec60a23\"},\"breadcrumb\":{\"@id\":\"https:\/\/suomenkuvalehti.fi\/kuvien-takaa\/poimintoja-rakkautta-anarkiaa-2012-festivaalin-ohjelmistosta-osa-2\/#breadcrumb\"},\"inLanguage\":\"fi\",\"potentialAction\":[{\"@type\":\"ReadAction\",\"target\":[\"https:\/\/suomenkuvalehti.fi\/kuvien-takaa\/poimintoja-rakkautta-anarkiaa-2012-festivaalin-ohjelmistosta-osa-2\/\"]}]},{\"@type\":\"BreadcrumbList\",\"@id\":\"https:\/\/suomenkuvalehti.fi\/kuvien-takaa\/poimintoja-rakkautta-anarkiaa-2012-festivaalin-ohjelmistosta-osa-2\/#breadcrumb\",\"itemListElement\":[{\"@type\":\"ListItem\",\"position\":1,\"name\":\"Home\",\"item\":\"https:\/\/suomenkuvalehti.fi\/kuvien-takaa\/\"},{\"@type\":\"ListItem\",\"position\":2,\"name\":\"Poimintoja Rakkautta &amp; Anarkiaa 2012 -festivaalin ohjelmistosta, osa 2\"}]},{\"@type\":\"WebSite\",\"@id\":\"https:\/\/suomenkuvalehti.fi\/kuvien-takaa\/#website\",\"url\":\"https:\/\/suomenkuvalehti.fi\/kuvien-takaa\/\",\"name\":\"Kuvien takaa\",\"description\":\"Elokuvakriitikko Kalle Kinnusen elokuvablogi.\",\"potentialAction\":[{\"@type\":\"SearchAction\",\"target\":{\"@type\":\"EntryPoint\",\"urlTemplate\":\"https:\/\/suomenkuvalehti.fi\/haku\/?q={search_term_string}\"},\"query-input\":{\"@type\":\"PropertyValueSpecification\",\"valueRequired\":true,\"valueName\":\"search_term_string\"}}],\"inLanguage\":\"fi\"},{\"@type\":\"Person\",\"@id\":\"https:\/\/suomenkuvalehti.fi\/kuvien-takaa\/#\/schema\/person\/f3f657e4ad409e008f12af27bec60a23\",\"name\":\"Kalle Kinnunen\",\"image\":{\"@type\":\"ImageObject\",\"inLanguage\":\"fi\",\"@id\":\"https:\/\/suomenkuvalehti.fi\/kuvien-takaa\/#\/schema\/person\/image\/\",\"url\":\"https:\/\/suomenkuvalehti.fi\/kuvien-takaa\/wp-content\/uploads\/sites\/11\/2022\/04\/kalle_kinnunen_blogi-1-150x150.jpg\",\"contentUrl\":\"https:\/\/suomenkuvalehti.fi\/kuvien-takaa\/wp-content\/uploads\/sites\/11\/2022\/04\/kalle_kinnunen_blogi-1-150x150.jpg\",\"caption\":\"Kalle Kinnunen\"},\"description\":\"Kalle Kinnunen on vapaa toimittaja ja Suomen Kuvalehden avustaja.\",\"sameAs\":[\"https:\/\/www.facebook.com\/pages\/Kalle-Kinnunen-Kuvien-takaa\/190326157715410?fref=ts\",\"https:\/\/x.com\/https:\/\/twitter.com\/kallekinnunen\"]}]}<\/script>\n<!-- \/ Yoast SEO plugin. -->","yoast_head_json":{"title":"Poimintoja Rakkautta &amp; Anarkiaa 2012 -festivaalin ohjelmistosta, osa 2 - Kuvien takaa","robots":{"index":"index","follow":"follow","max-snippet":"max-snippet:-1","max-image-preview":"max-image-preview:large","max-video-preview":"max-video-preview:-1"},"canonical":"https:\/\/suomenkuvalehti.fi\/kuvien-takaa\/poimintoja-rakkautta-anarkiaa-2012-festivaalin-ohjelmistosta-osa-2\/","og_locale":"fi_FI","og_type":"article","og_title":"Poimintoja Rakkautta &amp; Anarkiaa 2012 -festivaalin ohjelmistosta, osa 2 - Kuvien takaa","og_description":"Helsingiss\u00e4 vietet\u00e4\u00e4n 20.-30.9. Suomen suurinta elokuvajuhlaa. T\u00e4ss\u00e4 viisi suurinta suosikkiani R&amp;A-festarin elokuvista &#8211; sek\u00e4 koko joukko mainintoja. Listasin kymmenen R&amp;A-elokuvaa jo eilen. T\u00e4ss\u00e4 siis ne kovat, jotka itsekin k\u00e4yn katsasta&hellip;","og_url":"https:\/\/suomenkuvalehti.fi\/kuvien-takaa\/poimintoja-rakkautta-anarkiaa-2012-festivaalin-ohjelmistosta-osa-2\/","og_site_name":"Kuvien takaa","article_author":"https:\/\/www.facebook.com\/pages\/Kalle-Kinnunen-Kuvien-takaa\/190326157715410?fref=ts","article_published_time":"2012-09-11T10:01:01+00:00","article_modified_time":"2013-11-30T14:24:23+00:00","og_image":[{"width":2560,"height":1707,"url":"https:\/\/suomenkuvalehti.fi\/kuvien-takaa\/wp-content\/uploads\/sites\/11\/2022\/04\/kalle_kinnunen_blogi-1-scaled.jpg","type":"image\/jpeg"}],"author":"Kalle Kinnunen","twitter_card":"summary_large_image","twitter_creator":"@https:\/\/twitter.com\/kallekinnunen","twitter_misc":{"Written by":"Kalle Kinnunen","Est. reading time":"4 minuuttia"},"schema":{"@context":"https:\/\/schema.org","@graph":[{"@type":"WebPage","@id":"https:\/\/suomenkuvalehti.fi\/kuvien-takaa\/poimintoja-rakkautta-anarkiaa-2012-festivaalin-ohjelmistosta-osa-2\/","url":"https:\/\/suomenkuvalehti.fi\/kuvien-takaa\/poimintoja-rakkautta-anarkiaa-2012-festivaalin-ohjelmistosta-osa-2\/","name":"Poimintoja Rakkautta &amp; Anarkiaa 2012 -festivaalin ohjelmistosta, osa 2 - Kuvien takaa","isPartOf":{"@id":"https:\/\/suomenkuvalehti.fi\/kuvien-takaa\/#website"},"datePublished":"2012-09-11T10:01:01+00:00","dateModified":"2013-11-30T14:24:23+00:00","author":{"@id":"https:\/\/suomenkuvalehti.fi\/kuvien-takaa\/#\/schema\/person\/f3f657e4ad409e008f12af27bec60a23"},"breadcrumb":{"@id":"https:\/\/suomenkuvalehti.fi\/kuvien-takaa\/poimintoja-rakkautta-anarkiaa-2012-festivaalin-ohjelmistosta-osa-2\/#breadcrumb"},"inLanguage":"fi","potentialAction":[{"@type":"ReadAction","target":["https:\/\/suomenkuvalehti.fi\/kuvien-takaa\/poimintoja-rakkautta-anarkiaa-2012-festivaalin-ohjelmistosta-osa-2\/"]}]},{"@type":"BreadcrumbList","@id":"https:\/\/suomenkuvalehti.fi\/kuvien-takaa\/poimintoja-rakkautta-anarkiaa-2012-festivaalin-ohjelmistosta-osa-2\/#breadcrumb","itemListElement":[{"@type":"ListItem","position":1,"name":"Home","item":"https:\/\/suomenkuvalehti.fi\/kuvien-takaa\/"},{"@type":"ListItem","position":2,"name":"Poimintoja Rakkautta &amp; Anarkiaa 2012 -festivaalin ohjelmistosta, osa 2"}]},{"@type":"WebSite","@id":"https:\/\/suomenkuvalehti.fi\/kuvien-takaa\/#website","url":"https:\/\/suomenkuvalehti.fi\/kuvien-takaa\/","name":"Kuvien takaa","description":"Elokuvakriitikko Kalle Kinnusen elokuvablogi.","potentialAction":[{"@type":"SearchAction","target":{"@type":"EntryPoint","urlTemplate":"https:\/\/suomenkuvalehti.fi\/haku\/?q={search_term_string}"},"query-input":{"@type":"PropertyValueSpecification","valueRequired":true,"valueName":"search_term_string"}}],"inLanguage":"fi"},{"@type":"Person","@id":"https:\/\/suomenkuvalehti.fi\/kuvien-takaa\/#\/schema\/person\/f3f657e4ad409e008f12af27bec60a23","name":"Kalle Kinnunen","image":{"@type":"ImageObject","inLanguage":"fi","@id":"https:\/\/suomenkuvalehti.fi\/kuvien-takaa\/#\/schema\/person\/image\/","url":"https:\/\/suomenkuvalehti.fi\/kuvien-takaa\/wp-content\/uploads\/sites\/11\/2022\/04\/kalle_kinnunen_blogi-1-150x150.jpg","contentUrl":"https:\/\/suomenkuvalehti.fi\/kuvien-takaa\/wp-content\/uploads\/sites\/11\/2022\/04\/kalle_kinnunen_blogi-1-150x150.jpg","caption":"Kalle Kinnunen"},"description":"Kalle Kinnunen on vapaa toimittaja ja Suomen Kuvalehden avustaja.","sameAs":["https:\/\/www.facebook.com\/pages\/Kalle-Kinnunen-Kuvien-takaa\/190326157715410?fref=ts","https:\/\/x.com\/https:\/\/twitter.com\/kallekinnunen"]}]}},"_links":{"self":[{"href":"https:\/\/suomenkuvalehti.fi\/kuvien-takaa\/wp-json\/wp\/v2\/posts\/383","targetHints":{"allow":["GET"]}}],"collection":[{"href":"https:\/\/suomenkuvalehti.fi\/kuvien-takaa\/wp-json\/wp\/v2\/posts"}],"about":[{"href":"https:\/\/suomenkuvalehti.fi\/kuvien-takaa\/wp-json\/wp\/v2\/types\/post"}],"author":[{"embeddable":true,"href":"https:\/\/suomenkuvalehti.fi\/kuvien-takaa\/wp-json\/wp\/v2\/users\/144"}],"replies":[{"embeddable":true,"href":"https:\/\/suomenkuvalehti.fi\/kuvien-takaa\/wp-json\/wp\/v2\/comments?post=383"}],"version-history":[{"count":1,"href":"https:\/\/suomenkuvalehti.fi\/kuvien-takaa\/wp-json\/wp\/v2\/posts\/383\/revisions"}],"predecessor-version":[{"id":1235,"href":"https:\/\/suomenkuvalehti.fi\/kuvien-takaa\/wp-json\/wp\/v2\/posts\/383\/revisions\/1235"}],"wp:attachment":[{"href":"https:\/\/suomenkuvalehti.fi\/kuvien-takaa\/wp-json\/wp\/v2\/media?parent=383"}],"wp:term":[{"taxonomy":"category","embeddable":true,"href":"https:\/\/suomenkuvalehti.fi\/kuvien-takaa\/wp-json\/wp\/v2\/categories?post=383"},{"taxonomy":"post_tag","embeddable":true,"href":"https:\/\/suomenkuvalehti.fi\/kuvien-takaa\/wp-json\/wp\/v2\/tags?post=383"}],"curies":[{"name":"wp","href":"https:\/\/api.w.org\/{rel}","templated":true}]}}